{"id":6819,"date":"2015-08-06T14:29:28","date_gmt":"2015-08-06T12:29:28","guid":{"rendered":"http:\/\/blog.zeit.de\/teilchen\/?p=6819"},"modified":"2015-08-06T16:03:20","modified_gmt":"2015-08-06T14:03:20","slug":"mh370-lareunion-wrackteil-animation","status":"publish","type":"post","link":"https:\/\/blog.zeit.de\/teilchen\/2015\/08\/06\/mh370-lareunion-wrackteil-animation\/","title":{"rendered":"Wie das MH370-Wrackteil nach La R\u00e9union gelangt sein k\u00f6nnte"},"content":{"rendered":"<p class=\"wp-caption-text\"><a href=\"http:\/\/www.nytimes.com\/interactive\/2014\/03\/17\/world\/asia\/search-for-flight-370.html?_r=1\" target=\"_blank\"><img loading=\"lazy\" decoding=\"async\" class=\"aligncenter wp-image-6820 size-medium\" src=\"https:\/\/blog.zeit.de\/teilchen\/files\/2015\/08\/mh370nytimes-580x320.jpg\" alt=\"Wie das MH370-Wrackteil nach La R\u00e9union gelangt sein k\u00f6nnte\" width=\"580\" height=\"320\" srcset=\"https:\/\/blog.zeit.de\/teilchen\/files\/2015\/08\/mh370nytimes-580x320.jpg 580w, https:\/\/blog.zeit.de\/teilchen\/files\/2015\/08\/mh370nytimes-1024x565.jpg 1024w, https:\/\/blog.zeit.de\/teilchen\/files\/2015\/08\/mh370nytimes.jpg 1287w\" sizes=\"auto, (max-width: 580px) 100vw, 580px\" \/><\/a><br \/>\nDer m\u00f6gliche Weg des Wrackteils von MH370 zur Insel La R\u00e9union. \u00a9 New York Times<\/p>\n<p>Als der malaysische Premierminister Najib Razak mitteilte, <a href=\"http:\/\/www.zeit.de\/gesellschaft\/zeitgeschehen\/2015-08\/malaysias-regierungschef-wrackteil-stammt-von-flug-mh370\" target=\"_blank\">dass das auf Le R\u00e9union angeschwemmte Wrackteil tats\u00e4chlich vom vermissten Flug MH370 stammt, waren viele Menschen erleichtert<\/a>. Ist es nun m\u00f6glich, die Absturzstelle der Boeing 777 zu identifizieren? Kann das R\u00e4tsel nach fast 17 Monaten endlich gel\u00f6st werden?<!--more--><\/p>\n<p>Dass es nicht ganz so einfach ist, <a href=\"http:\/\/www.nytimes.com\/interactive\/2014\/03\/17\/world\/asia\/search-for-flight-370.html?_r=0\" target=\"_blank\">zeigt eine animierte Grafik der <\/a><em><a href=\"http:\/\/www.nytimes.com\/interactive\/2014\/03\/17\/world\/asia\/search-for-flight-370.html?_r=0\" target=\"_blank\">New York Times<\/a>.<\/em> Sie verdeutlicht, wie das Wrackteil nach La R\u00e9union gekommen sein k\u00f6nnte. Ausgehend vom vermuteten Absturzgebiet im Indischen Ozean zeigt die Grafik den m\u00f6glichen Weg der angeschwemmten Fl\u00fcgelklappe. Dabei wird deutlich, wie weit verstreut im Meer sich die Einzelteile des Jets inzwischen befinden k\u00f6nnten.<\/p>\n<p>Die Suche nach weiteren \u00dcberresten der vor anderthalb Jahren verschollenen Boeing 777 bleibt also sehr schwierig. Die genauen Umst\u00e4nde eines nun wahrscheinlichen Absturzes sind l\u00e4ngst nicht gekl\u00e4rt. Auch der genaue Ort eines Ungl\u00fccks ist unbekannt. Der letzte offizielle Funkspruch von MH370 wurde am 8. M\u00e4rz 2014 um 1.19 Uhr Ortszeit empfangen, \u00fcber dem Meer zwischen Malaysia und Vietnam. An Bord waren 227 Passagiere aus 14 L\u00e4ndern und zw\u00f6lf Besatzungsmitglieder.<\/p>\n<ul>\n<li>Was wir aktuell \u00fcber den verschwundenen Flug MH370 wissen, <a href=\"http:\/\/www.zeit.de\/wissen\/2014-03\/mh370-malaysia-airlines-zwischenstand\" target=\"_blank\">haben ZEIT-ONLINE-Autoren hier zusammengefasst<\/a><\/li>\n<\/ul>\n<p><em>Weitere <a href=\"https:\/\/blog.zeit.de\/teilchen\/\" target=\"_blank\">Teilchen finden Sie hier<\/a>.<\/em><\/p>\n","protected":false},"excerpt":{"rendered":"<p>Der m\u00f6gliche Weg des Wrackteils von MH370 zur Insel La R\u00e9union. \u00a9 New York Times Als der malaysische Premierminister Najib Razak mitteilte, dass das [\u2026]<\/p>\n","protected":false},"author":556,"featured_media":0,"comment_status":"open","ping_status":"closed","sticky":false,"template":"","format":"standard","meta":{"_jetpack_memberships_contains_paid_content":false,"footnotes":""},"categories":[13657],"tags":[],"class_list":["post-6819","post","type-post","status-publish","format-standard","hentry","category-interaktiv"],"yoast_head":"<!-- This site is optimized with the Yoast SEO plugin v21.0 - https:\/\/yoast.com\/wordpress\/plugins\/seo\/ -->\n<title>Wie das MH370-Wrackteil nach La R\u00e9union gelangt sein k\u00f6nnte<\/title>\n<meta name=\"description\" content=\"Eine Animation der New York Times zeigt, wie Meeresstr\u00f6mungen \u00dcberreste von Flug MH370 im Indischen Ozean verteilt haben k\u00f6nnten.\" \/>\n<meta name=\"robots\" content=\"index, follow, max-snippet:-1, max-image-preview:large, max-video-preview:-1\" \/>\n<link rel=\"canonical\" href=\"https:\/\/blog.zeit.de\/teilchen\/2015\/08\/06\/mh370-lareunion-wrackteil-animation\/\" \/>\n<meta property=\"og:locale\" content=\"de_DE\" \/>\n<meta property=\"og:type\" content=\"article\" \/>\n<meta property=\"og:title\" content=\"Wie das MH370-Wrackteil nach La R\u00e9union gelangt sein k\u00f6nnte\" \/>\n<meta property=\"og:description\" content=\"Eine Animation der New York Times zeigt, wie Meeresstr\u00f6mungen \u00dcberreste von Flug MH370 im Indischen Ozean verteilt haben k\u00f6nnten.\" \/>\n<meta property=\"og:url\" content=\"https:\/\/blog.zeit.de\/teilchen\/2015\/08\/06\/mh370-lareunion-wrackteil-animation\/\" \/>\n<meta property=\"og:site_name\" content=\"Teilchen\" \/>\n<meta property=\"article:published_time\" content=\"2015-08-06T12:29:28+00:00\" \/>\n<meta property=\"article:modified_time\" content=\"2015-08-06T14:03:20+00:00\" \/>\n<meta property=\"og:image\" content=\"https:\/\/blog.zeit.de\/teilchen\/files\/2015\/08\/mh370nytimes-580x320.jpg\" \/>\n<meta name=\"author\" content=\"Tobias Dorfer\" \/>\n<meta name=\"twitter:card\" content=\"summary_large_image\" \/>\n<meta name=\"twitter:creator\" content=\"@tobiasdorfer\" \/>\n<meta name=\"twitter:site\" content=\"@zeitonline\" \/>\n<meta name=\"twitter:label1\" content=\"Geschrieben von\" \/>\n\t<meta name=\"twitter:data1\" content=\"Tobias Dorfer\" \/>\n\t<meta name=\"twitter:label2\" content=\"Gesch\u00e4tzte Lesezeit\" \/>\n\t<meta name=\"twitter:data2\" content=\"1\u00a0Minute\" \/>\n<script type=\"application\/ld+json\" class=\"yoast-schema-graph\">{\"@context\":\"https:\/\/schema.org\",\"@graph\":[{\"@type\":\"WebPage\",\"@id\":\"https:\/\/blog.zeit.de\/teilchen\/2015\/08\/06\/mh370-lareunion-wrackteil-animation\/\",\"url\":\"https:\/\/blog.zeit.de\/teilchen\/2015\/08\/06\/mh370-lareunion-wrackteil-animation\/\",\"name\":\"Wie das MH370-Wrackteil nach La R\u00e9union gelangt sein k\u00f6nnte\",\"isPartOf\":{\"@id\":\"https:\/\/blog.zeit.de\/teilchen\/#website\"},\"datePublished\":\"2015-08-06T12:29:28+00:00\",\"dateModified\":\"2015-08-06T14:03:20+00:00\",\"author\":{\"@id\":\"https:\/\/blog.zeit.de\/teilchen\/#\/schema\/person\/e90ba849254185115fd919d4fad07dc0\"},\"description\":\"Eine Animation der New York Times zeigt, wie Meeresstr\u00f6mungen \u00dcberreste von Flug MH370 im Indischen Ozean verteilt haben k\u00f6nnten.\",\"breadcrumb\":{\"@id\":\"https:\/\/blog.zeit.de\/teilchen\/2015\/08\/06\/mh370-lareunion-wrackteil-animation\/#breadcrumb\"},\"inLanguage\":\"de\",\"potentialAction\":[{\"@type\":\"ReadAction\",\"target\":[\"https:\/\/blog.zeit.de\/teilchen\/2015\/08\/06\/mh370-lareunion-wrackteil-animation\/\"]}]},{\"@type\":\"BreadcrumbList\",\"@id\":\"https:\/\/blog.zeit.de\/teilchen\/2015\/08\/06\/mh370-lareunion-wrackteil-animation\/#breadcrumb\",\"itemListElement\":[{\"@type\":\"ListItem\",\"position\":1,\"name\":\"Startseite\",\"item\":\"https:\/\/blog.zeit.de\/teilchen\/\"},{\"@type\":\"ListItem\",\"position\":2,\"name\":\"Wie das MH370-Wrackteil nach La R\u00e9union gelangt sein k\u00f6nnte\"}]},{\"@type\":\"WebSite\",\"@id\":\"https:\/\/blog.zeit.de\/teilchen\/#website\",\"url\":\"https:\/\/blog.zeit.de\/teilchen\/\",\"name\":\"Teilchen\",\"description\":\"Im Netz verstecken sich kleine Sch\u00e4tze - ZEIT ONLINE findet sie.\",\"potentialAction\":[{\"@type\":\"SearchAction\",\"target\":{\"@type\":\"EntryPoint\",\"urlTemplate\":\"https:\/\/blog.zeit.de\/teilchen\/?s={search_term_string}\"},\"query-input\":\"required name=search_term_string\"}],\"inLanguage\":\"de\"},{\"@type\":\"Person\",\"@id\":\"https:\/\/blog.zeit.de\/teilchen\/#\/schema\/person\/e90ba849254185115fd919d4fad07dc0\",\"name\":\"Tobias Dorfer\",\"image\":{\"@type\":\"ImageObject\",\"inLanguage\":\"de\",\"@id\":\"https:\/\/blog.zeit.de\/teilchen\/#\/schema\/person\/image\/\",\"url\":\"https:\/\/secure.gravatar.com\/avatar\/0021e1a3fe9f799912804bcca6f1bcbbe58ee3bf29c8f714a0f453695a888d0a?s=96&d=mm&r=g\",\"contentUrl\":\"https:\/\/secure.gravatar.com\/avatar\/0021e1a3fe9f799912804bcca6f1bcbbe58ee3bf29c8f714a0f453695a888d0a?s=96&d=mm&r=g\",\"caption\":\"Tobias Dorfer\"},\"description\":\"Teamleiter Social Media bei ZEIT ONLINE. Zuvor sieben Jahre bei S\u00fcddeutsche.de, als Redakteur im Wirtschafts- und Regional-Ressort sowie Editorial SEO. Ausbildung an der Deutschen Journalistenschule in M\u00fcnchen mit Hospitanzen bei S\u00fcddeutsche Zeitung, SPIEGEL und SPIEGEL Online.\",\"sameAs\":[\"https:\/\/twitter.com\/tobiasdorfer\"],\"url\":\"https:\/\/blog.zeit.de\/teilchen\/author\/tdorfer\/\"}]}<\/script>\n<!-- \/ Yoast SEO plugin. -->","yoast_head_json":{"title":"Wie das MH370-Wrackteil nach La R\u00e9union gelangt sein k\u00f6nnte","description":"Eine Animation der New York Times zeigt, wie Meeresstr\u00f6mungen \u00dcberreste von Flug MH370 im Indischen Ozean verteilt haben k\u00f6nnten.","robots":{"index":"index","follow":"follow","max-snippet":"max-snippet:-1","max-image-preview":"max-image-preview:large","max-video-preview":"max-video-preview:-1"},"canonical":"https:\/\/blog.zeit.de\/teilchen\/2015\/08\/06\/mh370-lareunion-wrackteil-animation\/","og_locale":"de_DE","og_type":"article","og_title":"Wie das MH370-Wrackteil nach La R\u00e9union gelangt sein k\u00f6nnte","og_description":"Eine Animation der New York Times zeigt, wie Meeresstr\u00f6mungen \u00dcberreste von Flug MH370 im Indischen Ozean verteilt haben k\u00f6nnten.","og_url":"https:\/\/blog.zeit.de\/teilchen\/2015\/08\/06\/mh370-lareunion-wrackteil-animation\/","og_site_name":"Teilchen","article_published_time":"2015-08-06T12:29:28+00:00","article_modified_time":"2015-08-06T14:03:20+00:00","og_image":[{"url":"https:\/\/blog.zeit.de\/teilchen\/files\/2015\/08\/mh370nytimes-580x320.jpg"}],"author":"Tobias Dorfer","twitter_card":"summary_large_image","twitter_creator":"@tobiasdorfer","twitter_site":"@zeitonline","twitter_misc":{"Geschrieben von":"Tobias Dorfer","Gesch\u00e4tzte Lesezeit":"1\u00a0Minute"},"schema":{"@context":"https:\/\/schema.org","@graph":[{"@type":"WebPage","@id":"https:\/\/blog.zeit.de\/teilchen\/2015\/08\/06\/mh370-lareunion-wrackteil-animation\/","url":"https:\/\/blog.zeit.de\/teilchen\/2015\/08\/06\/mh370-lareunion-wrackteil-animation\/","name":"Wie das MH370-Wrackteil nach La R\u00e9union gelangt sein k\u00f6nnte","isPartOf":{"@id":"https:\/\/blog.zeit.de\/teilchen\/#website"},"datePublished":"2015-08-06T12:29:28+00:00","dateModified":"2015-08-06T14:03:20+00:00","author":{"@id":"https:\/\/blog.zeit.de\/teilchen\/#\/schema\/person\/e90ba849254185115fd919d4fad07dc0"},"description":"Eine Animation der New York Times zeigt, wie Meeresstr\u00f6mungen \u00dcberreste von Flug MH370 im Indischen Ozean verteilt haben k\u00f6nnten.","breadcrumb":{"@id":"https:\/\/blog.zeit.de\/teilchen\/2015\/08\/06\/mh370-lareunion-wrackteil-animation\/#breadcrumb"},"inLanguage":"de","potentialAction":[{"@type":"ReadAction","target":["https:\/\/blog.zeit.de\/teilchen\/2015\/08\/06\/mh370-lareunion-wrackteil-animation\/"]}]},{"@type":"BreadcrumbList","@id":"https:\/\/blog.zeit.de\/teilchen\/2015\/08\/06\/mh370-lareunion-wrackteil-animation\/#breadcrumb","itemListElement":[{"@type":"ListItem","position":1,"name":"Startseite","item":"https:\/\/blog.zeit.de\/teilchen\/"},{"@type":"ListItem","position":2,"name":"Wie das MH370-Wrackteil nach La R\u00e9union gelangt sein k\u00f6nnte"}]},{"@type":"WebSite","@id":"https:\/\/blog.zeit.de\/teilchen\/#website","url":"https:\/\/blog.zeit.de\/teilchen\/","name":"Teilchen","description":"Im Netz verstecken sich kleine Sch\u00e4tze - ZEIT ONLINE findet sie.","potentialAction":[{"@type":"SearchAction","target":{"@type":"EntryPoint","urlTemplate":"https:\/\/blog.zeit.de\/teilchen\/?s={search_term_string}"},"query-input":"required name=search_term_string"}],"inLanguage":"de"},{"@type":"Person","@id":"https:\/\/blog.zeit.de\/teilchen\/#\/schema\/person\/e90ba849254185115fd919d4fad07dc0","name":"Tobias Dorfer","image":{"@type":"ImageObject","inLanguage":"de","@id":"https:\/\/blog.zeit.de\/teilchen\/#\/schema\/person\/image\/","url":"https:\/\/secure.gravatar.com\/avatar\/0021e1a3fe9f799912804bcca6f1bcbbe58ee3bf29c8f714a0f453695a888d0a?s=96&d=mm&r=g","contentUrl":"https:\/\/secure.gravatar.com\/avatar\/0021e1a3fe9f799912804bcca6f1bcbbe58ee3bf29c8f714a0f453695a888d0a?s=96&d=mm&r=g","caption":"Tobias Dorfer"},"description":"Teamleiter Social Media bei ZEIT ONLINE. Zuvor sieben Jahre bei S\u00fcddeutsche.de, als Redakteur im Wirtschafts- und Regional-Ressort sowie Editorial SEO. Ausbildung an der Deutschen Journalistenschule in M\u00fcnchen mit Hospitanzen bei S\u00fcddeutsche Zeitung, SPIEGEL und SPIEGEL Online.","sameAs":["https:\/\/twitter.com\/tobiasdorfer"],"url":"https:\/\/blog.zeit.de\/teilchen\/author\/tdorfer\/"}]}},"jetpack_featured_media_url":"","jetpack_sharing_enabled":true,"_links":{"self":[{"href":"https:\/\/blog.zeit.de\/teilchen\/wp-json\/wp\/v2\/posts\/6819","targetHints":{"allow":["GET"]}}],"collection":[{"href":"https:\/\/blog.zeit.de\/teilchen\/wp-json\/wp\/v2\/posts"}],"about":[{"href":"https:\/\/blog.zeit.de\/teilchen\/wp-json\/wp\/v2\/types\/post"}],"author":[{"embeddable":true,"href":"https:\/\/blog.zeit.de\/teilchen\/wp-json\/wp\/v2\/users\/556"}],"replies":[{"embeddable":true,"href":"https:\/\/blog.zeit.de\/teilchen\/wp-json\/wp\/v2\/comments?post=6819"}],"version-history":[{"count":11,"href":"https:\/\/blog.zeit.de\/teilchen\/wp-json\/wp\/v2\/posts\/6819\/revisions"}],"predecessor-version":[{"id":6850,"href":"https:\/\/blog.zeit.de\/teilchen\/wp-json\/wp\/v2\/posts\/6819\/revisions\/6850"}],"wp:attachment":[{"href":"https:\/\/blog.zeit.de\/teilchen\/wp-json\/wp\/v2\/media?parent=6819"}],"wp:term":[{"taxonomy":"category","embeddable":true,"href":"https:\/\/blog.zeit.de\/teilchen\/wp-json\/wp\/v2\/categories?post=6819"},{"taxonomy":"post_tag","embeddable":true,"href":"https:\/\/blog.zeit.de\/teilchen\/wp-json\/wp\/v2\/tags?post=6819"}],"curies":[{"name":"wp","href":"https:\/\/api.w.org\/{rel}","templated":true}]}}