{"id":6824,"date":"2015-08-07T09:48:32","date_gmt":"2015-08-07T07:48:32","guid":{"rendered":"http:\/\/blog.zeit.de\/teilchen\/?p=6824"},"modified":"2015-09-12T16:38:50","modified_gmt":"2015-09-12T14:38:50","slug":"suedafrika-loewen-jagd","status":"publish","type":"post","link":"https:\/\/blog.zeit.de\/teilchen\/2015\/08\/07\/suedafrika-loewen-jagd\/","title":{"rendered":"L\u00f6wen \u2013 aufgezogen, um abgeknallt zu werden"},"content":{"rendered":"<style>.embed-container { position: relative; padding-bottom: 56.25%; height: 0; overflow: hidden; max-width: 100%; } .embed-container iframe, .embed-container object, .embed-container embed { position: absolute; top: 0; left: 0; width: 100%; height: 100%; }<\/style>\n<div class='embed-container'>\n\n<div class=\"embed-wrapper embed-wrapper--blocked js-embed-consent\" data-method=\"iframe\">\n<script class=\"raw__source\" type=\"text\/template\"><iframe src='https:\/\/www.youtube.com\/embed\/-T86GCjCpus' frameborder='0' allowfullscreen><\/iframe><\/script>\n<div class=\"embed-wrapper__inner\">\n<div class=\"embed-wrapper__text\">\n<h3>Empfohlener redaktioneller Inhalt<\/h3>\n<p data-replace=\"no\">An dieser Stelle finden Sie externen Inhalt, der den Artikel erg\u00e4nzt. Sie k\u00f6nnen sich externe Inhalte mit einem Klick anzeigen lassen und wieder ausblenden.<noscript>Bitte aktivieren Sie JavaScript damit Sie diesen Inhalt anzeigen k\u00f6nnen.<\/noscript><\/p>\n<\/div>\n<div class=\"embed-consent\">\n<label class=\"embed-consent__toggle\">\n<input class=\"js-embed-consent__toggle\" type=\"checkbox\" autocomplete=\"off\">\n<span><\/span>\nExterner Inhalt\n<\/label>\n<a href=\"https:\/\/www.zeit.de\/hilfe\/datenschutz\" target=\"_blank\" class=\"embed-consent__datalink-when-active\">Datenschutzerkl\u00e4rung<\/a>\n<\/div>\n<div class=\"embed-wrapper__footer\">\n<p data-replace=\"no\">\nIch bin damit einverstanden, dass mir externe Inhalte angezeigt werden. Damit k\u00f6nnen personenbezogene Daten an Drittplattformen \u00fcbermittelt werden. <a href=\"https:\/\/www.zeit.de\/hilfe\/datenschutz\" target=\"_blank\">Mehr dazu in unserer Datenschutzerkl\u00e4rung.<\/a>\n<\/p>\n<\/div>\n<\/div>\n<\/div>\n<\/div>\n<p>&nbsp;<br \/>\nAls ein US-Amerikaner den L\u00f6wen Cecil aus dem Hwange-Nationalpark t\u00f6tete, entlud sich eine weltweite Welle der Emp\u00f6rung. Der L\u00f6we war wild und die Lizenz, die zwei Einheimische dem J\u00e4ger verkauft hatten, falsch. Der Vorfall zeigt: Die Nachfrage der J\u00e4ger nach wilden, afrikanischen L\u00f6wen, \u00fcbersteigt das Angebot. In S\u00fcdafrika hat sich seit L\u00e4ngerem eine Branche etabliert: Farmer sind spezialisiert auf die L\u00f6wenzucht, um p\u00fcnktlich zum Abschuss, Wildkatzen zu liefern. <!--more--><\/p>\n<p>Der Fotojournalist und Tiersch\u00fctzer <a href=\"http:\/\/www.bloodlions.org\/the-team\/\" target=\"_blank\">Ian Michler<\/a> hat zusammen mit einer Naturschutzorganisation den Dokumentarfilm <em>Blood Lions<\/em> gedreht. Die Aufnahmen sind teilweise mit versteckter Kamera entstanden und zeigen, wie die Tiere in Gefangenschaft leben. Ein Farmer sagt: &#8222;Die Zucht von L\u00f6wen ist keine S\u00fcnde.&#8220; Eine Frau gesteht: &#8222;Ich liebe Tiere, deswegen bin ich J\u00e4gerin.&#8220;<\/p>\n<p>In S\u00fcdafrika sollen dem Film zufolge bis zu 8.000 L\u00f6wen f\u00fcr den Abschuss aufgezogen werden. In ganz Afrika leben nach Angaben des WWF noch rund <a href=\"http:\/\/www.wwf.de\/themen-projekte\/bedrohte-tier-und-pflanzenarten\/loewen\/\" target=\"_blank\">23.000 L\u00f6wen<\/a> in freier Wildbahn. Der Konflikt zwischen Tiersch\u00fctzern und Interessensvertretern aus dem Jagdgewerbe dreht sich um die Frage, wer bringt das Geld? Eine Alternative k\u00f6nnte Luxus-\u00d6kotourismus sein, wie ihn der ehemalige Wildh\u00fcter <a href=\"http:\/\/www.zeit.de\/2010\/02\/Interview-Bell\" target=\"_blank\">Colin Bell<\/a> mit der Umweltschutzorganisation Great Plains betreibt.<\/p>\n<p>&nbsp;<\/p>\n","protected":false},"excerpt":{"rendered":"<p>Empfohlener redaktioneller Inhalt An dieser Stelle finden Sie externen Inhalt, der den Artikel erg\u00e4nzt. Sie k\u00f6nnen sich externe Inhalte mit einem Klick anzeigen lassen [\u2026]<\/p>\n","protected":false},"author":512,"featured_media":6847,"comment_status":"open","ping_status":"closed","sticky":false,"template":"","format":"standard","meta":{"_jetpack_memberships_contains_paid_content":false,"footnotes":""},"categories":[28],"tags":[],"class_list":["post-6824","post","type-post","status-publish","format-standard","has-post-thumbnail","hentry","category-video"],"yoast_head":"<!-- This site is optimized with the Yoast SEO plugin v21.0 - https:\/\/yoast.com\/wordpress\/plugins\/seo\/ -->\n<title>L\u00f6wen - aufgezogen um abgeknallt zu werden<\/title>\n<meta name=\"description\" content=\"In S\u00fcdafrika wird die Jagd auf L\u00f6wen immer beliebter. Nun sollen sie eigens zu diesem Zweck gez\u00fcchtet werden.\" \/>\n<meta name=\"robots\" content=\"index, follow, max-snippet:-1, max-image-preview:large, max-video-preview:-1\" \/>\n<link rel=\"canonical\" href=\"https:\/\/blog.zeit.de\/teilchen\/2015\/08\/07\/suedafrika-loewen-jagd\/\" \/>\n<meta property=\"og:locale\" content=\"de_DE\" \/>\n<meta property=\"og:type\" content=\"article\" \/>\n<meta property=\"og:title\" content=\"L\u00f6wen - aufgezogen um abgeknallt zu werden\" \/>\n<meta property=\"og:description\" content=\"In S\u00fcdafrika wird die Jagd auf L\u00f6wen immer beliebter. Nun sollen sie eigens zu diesem Zweck gez\u00fcchtet werden.\" \/>\n<meta property=\"og:url\" content=\"https:\/\/blog.zeit.de\/teilchen\/2015\/08\/07\/suedafrika-loewen-jagd\/\" \/>\n<meta property=\"og:site_name\" content=\"Teilchen\" \/>\n<meta property=\"article:published_time\" content=\"2015-08-07T07:48:32+00:00\" \/>\n<meta property=\"article:modified_time\" content=\"2015-09-12T14:38:50+00:00\" \/>\n<meta property=\"og:image\" content=\"https:\/\/blog.zeit.de\/teilchen\/files\/2015\/08\/bloodlion.jpg\" \/>\n\t<meta property=\"og:image:width\" content=\"640\" \/>\n\t<meta property=\"og:image:height\" content=\"359\" \/>\n\t<meta property=\"og:image:type\" content=\"image\/jpeg\" \/>\n<meta name=\"author\" content=\"Ute Brandenburger\" \/>\n<meta name=\"twitter:card\" content=\"summary_large_image\" \/>\n<meta name=\"twitter:creator\" content=\"@zeitonline\" \/>\n<meta name=\"twitter:site\" content=\"@zeitonline\" \/>\n<meta name=\"twitter:label1\" content=\"Geschrieben von\" \/>\n\t<meta name=\"twitter:data1\" content=\"Ute Brandenburger\" \/>\n\t<meta name=\"twitter:label2\" content=\"Gesch\u00e4tzte Lesezeit\" \/>\n\t<meta name=\"twitter:data2\" content=\"1\u00a0Minute\" \/>\n<script type=\"application\/ld+json\" class=\"yoast-schema-graph\">{\"@context\":\"https:\/\/schema.org\",\"@graph\":[{\"@type\":\"WebPage\",\"@id\":\"https:\/\/blog.zeit.de\/teilchen\/2015\/08\/07\/suedafrika-loewen-jagd\/\",\"url\":\"https:\/\/blog.zeit.de\/teilchen\/2015\/08\/07\/suedafrika-loewen-jagd\/\",\"name\":\"L\u00f6wen - aufgezogen um abgeknallt zu werden\",\"isPartOf\":{\"@id\":\"https:\/\/blog.zeit.de\/teilchen\/#website\"},\"datePublished\":\"2015-08-07T07:48:32+00:00\",\"dateModified\":\"2015-09-12T14:38:50+00:00\",\"author\":{\"@id\":\"https:\/\/blog.zeit.de\/teilchen\/#\/schema\/person\/3599364aa80e33724066a76409d02a81\"},\"description\":\"In S\u00fcdafrika wird die Jagd auf L\u00f6wen immer beliebter. Nun sollen sie eigens zu diesem Zweck gez\u00fcchtet werden.\",\"breadcrumb\":{\"@id\":\"https:\/\/blog.zeit.de\/teilchen\/2015\/08\/07\/suedafrika-loewen-jagd\/#breadcrumb\"},\"inLanguage\":\"de\",\"potentialAction\":[{\"@type\":\"ReadAction\",\"target\":[\"https:\/\/blog.zeit.de\/teilchen\/2015\/08\/07\/suedafrika-loewen-jagd\/\"]}]},{\"@type\":\"BreadcrumbList\",\"@id\":\"https:\/\/blog.zeit.de\/teilchen\/2015\/08\/07\/suedafrika-loewen-jagd\/#breadcrumb\",\"itemListElement\":[{\"@type\":\"ListItem\",\"position\":1,\"name\":\"Startseite\",\"item\":\"https:\/\/blog.zeit.de\/teilchen\/\"},{\"@type\":\"ListItem\",\"position\":2,\"name\":\"L\u00f6wen \u2013 aufgezogen, um abgeknallt zu werden\"}]},{\"@type\":\"WebSite\",\"@id\":\"https:\/\/blog.zeit.de\/teilchen\/#website\",\"url\":\"https:\/\/blog.zeit.de\/teilchen\/\",\"name\":\"Teilchen\",\"description\":\"Im Netz verstecken sich kleine Sch\u00e4tze - ZEIT ONLINE findet sie.\",\"potentialAction\":[{\"@type\":\"SearchAction\",\"target\":{\"@type\":\"EntryPoint\",\"urlTemplate\":\"https:\/\/blog.zeit.de\/teilchen\/?s={search_term_string}\"},\"query-input\":\"required name=search_term_string\"}],\"inLanguage\":\"de\"},{\"@type\":\"Person\",\"@id\":\"https:\/\/blog.zeit.de\/teilchen\/#\/schema\/person\/3599364aa80e33724066a76409d02a81\",\"name\":\"Ute Brandenburger\",\"image\":{\"@type\":\"ImageObject\",\"inLanguage\":\"de\",\"@id\":\"https:\/\/blog.zeit.de\/teilchen\/#\/schema\/person\/image\/\",\"url\":\"https:\/\/secure.gravatar.com\/avatar\/3ae1b71ab9eac8344bcb58029669bed2b7885f48c244759bdd77bab578bee5dc?s=96&d=mm&r=g\",\"contentUrl\":\"https:\/\/secure.gravatar.com\/avatar\/3ae1b71ab9eac8344bcb58029669bed2b7885f48c244759bdd77bab578bee5dc?s=96&d=mm&r=g\",\"caption\":\"Ute Brandenburger\"},\"description\":\"ist Redakteurin bei ZEIT ONLINE.\",\"url\":\"https:\/\/blog.zeit.de\/teilchen\/author\/ubrandenburger\/\"}]}<\/script>\n<!-- \/ Yoast SEO plugin. -->","yoast_head_json":{"title":"L\u00f6wen - aufgezogen um abgeknallt zu werden","description":"In S\u00fcdafrika wird die Jagd auf L\u00f6wen immer beliebter. Nun sollen sie eigens zu diesem Zweck gez\u00fcchtet werden.","robots":{"index":"index","follow":"follow","max-snippet":"max-snippet:-1","max-image-preview":"max-image-preview:large","max-video-preview":"max-video-preview:-1"},"canonical":"https:\/\/blog.zeit.de\/teilchen\/2015\/08\/07\/suedafrika-loewen-jagd\/","og_locale":"de_DE","og_type":"article","og_title":"L\u00f6wen - aufgezogen um abgeknallt zu werden","og_description":"In S\u00fcdafrika wird die Jagd auf L\u00f6wen immer beliebter. Nun sollen sie eigens zu diesem Zweck gez\u00fcchtet werden.","og_url":"https:\/\/blog.zeit.de\/teilchen\/2015\/08\/07\/suedafrika-loewen-jagd\/","og_site_name":"Teilchen","article_published_time":"2015-08-07T07:48:32+00:00","article_modified_time":"2015-09-12T14:38:50+00:00","og_image":[{"width":640,"height":359,"url":"https:\/\/blog.zeit.de\/teilchen\/files\/2015\/08\/bloodlion.jpg","type":"image\/jpeg"}],"author":"Ute Brandenburger","twitter_card":"summary_large_image","twitter_creator":"@zeitonline","twitter_site":"@zeitonline","twitter_misc":{"Geschrieben von":"Ute Brandenburger","Gesch\u00e4tzte Lesezeit":"1\u00a0Minute"},"schema":{"@context":"https:\/\/schema.org","@graph":[{"@type":"WebPage","@id":"https:\/\/blog.zeit.de\/teilchen\/2015\/08\/07\/suedafrika-loewen-jagd\/","url":"https:\/\/blog.zeit.de\/teilchen\/2015\/08\/07\/suedafrika-loewen-jagd\/","name":"L\u00f6wen - aufgezogen um abgeknallt zu werden","isPartOf":{"@id":"https:\/\/blog.zeit.de\/teilchen\/#website"},"datePublished":"2015-08-07T07:48:32+00:00","dateModified":"2015-09-12T14:38:50+00:00","author":{"@id":"https:\/\/blog.zeit.de\/teilchen\/#\/schema\/person\/3599364aa80e33724066a76409d02a81"},"description":"In S\u00fcdafrika wird die Jagd auf L\u00f6wen immer beliebter. Nun sollen sie eigens zu diesem Zweck gez\u00fcchtet werden.","breadcrumb":{"@id":"https:\/\/blog.zeit.de\/teilchen\/2015\/08\/07\/suedafrika-loewen-jagd\/#breadcrumb"},"inLanguage":"de","potentialAction":[{"@type":"ReadAction","target":["https:\/\/blog.zeit.de\/teilchen\/2015\/08\/07\/suedafrika-loewen-jagd\/"]}]},{"@type":"BreadcrumbList","@id":"https:\/\/blog.zeit.de\/teilchen\/2015\/08\/07\/suedafrika-loewen-jagd\/#breadcrumb","itemListElement":[{"@type":"ListItem","position":1,"name":"Startseite","item":"https:\/\/blog.zeit.de\/teilchen\/"},{"@type":"ListItem","position":2,"name":"L\u00f6wen \u2013 aufgezogen, um abgeknallt zu werden"}]},{"@type":"WebSite","@id":"https:\/\/blog.zeit.de\/teilchen\/#website","url":"https:\/\/blog.zeit.de\/teilchen\/","name":"Teilchen","description":"Im Netz verstecken sich kleine Sch\u00e4tze - ZEIT ONLINE findet sie.","potentialAction":[{"@type":"SearchAction","target":{"@type":"EntryPoint","urlTemplate":"https:\/\/blog.zeit.de\/teilchen\/?s={search_term_string}"},"query-input":"required name=search_term_string"}],"inLanguage":"de"},{"@type":"Person","@id":"https:\/\/blog.zeit.de\/teilchen\/#\/schema\/person\/3599364aa80e33724066a76409d02a81","name":"Ute Brandenburger","image":{"@type":"ImageObject","inLanguage":"de","@id":"https:\/\/blog.zeit.de\/teilchen\/#\/schema\/person\/image\/","url":"https:\/\/secure.gravatar.com\/avatar\/3ae1b71ab9eac8344bcb58029669bed2b7885f48c244759bdd77bab578bee5dc?s=96&d=mm&r=g","contentUrl":"https:\/\/secure.gravatar.com\/avatar\/3ae1b71ab9eac8344bcb58029669bed2b7885f48c244759bdd77bab578bee5dc?s=96&d=mm&r=g","caption":"Ute Brandenburger"},"description":"ist Redakteurin bei ZEIT ONLINE.","url":"https:\/\/blog.zeit.de\/teilchen\/author\/ubrandenburger\/"}]}},"jetpack_featured_media_url":"https:\/\/blog.zeit.de\/teilchen\/files\/2015\/08\/bloodlion.jpg","jetpack_sharing_enabled":true,"_links":{"self":[{"href":"https:\/\/blog.zeit.de\/teilchen\/wp-json\/wp\/v2\/posts\/6824","targetHints":{"allow":["GET"]}}],"collection":[{"href":"https:\/\/blog.zeit.de\/teilchen\/wp-json\/wp\/v2\/posts"}],"about":[{"href":"https:\/\/blog.zeit.de\/teilchen\/wp-json\/wp\/v2\/types\/post"}],"author":[{"embeddable":true,"href":"https:\/\/blog.zeit.de\/teilchen\/wp-json\/wp\/v2\/users\/512"}],"replies":[{"embeddable":true,"href":"https:\/\/blog.zeit.de\/teilchen\/wp-json\/wp\/v2\/comments?post=6824"}],"version-history":[{"count":11,"href":"https:\/\/blog.zeit.de\/teilchen\/wp-json\/wp\/v2\/posts\/6824\/revisions"}],"predecessor-version":[{"id":7974,"href":"https:\/\/blog.zeit.de\/teilchen\/wp-json\/wp\/v2\/posts\/6824\/revisions\/7974"}],"wp:featuredmedia":[{"embeddable":true,"href":"https:\/\/blog.zeit.de\/teilchen\/wp-json\/wp\/v2\/media\/6847"}],"wp:attachment":[{"href":"https:\/\/blog.zeit.de\/teilchen\/wp-json\/wp\/v2\/media?parent=6824"}],"wp:term":[{"taxonomy":"category","embeddable":true,"href":"https:\/\/blog.zeit.de\/teilchen\/wp-json\/wp\/v2\/categories?post=6824"},{"taxonomy":"post_tag","embeddable":true,"href":"https:\/\/blog.zeit.de\/teilchen\/wp-json\/wp\/v2\/tags?post=6824"}],"curies":[{"name":"wp","href":"https:\/\/api.w.org\/{rel}","templated":true}]}}