{"id":7008,"date":"2015-08-13T13:19:36","date_gmt":"2015-08-13T11:19:36","guid":{"rendered":"http:\/\/blog.zeit.de\/teilchen\/?p=7008"},"modified":"2015-09-12T16:31:09","modified_gmt":"2015-09-12T14:31:09","slug":"claus-kleber-heute-show-fluechtlinge-busfahrer-erlangen","status":"publish","type":"post","link":"https:\/\/blog.zeit.de\/teilchen\/2015\/08\/13\/claus-kleber-heute-show-fluechtlinge-busfahrer-erlangen\/","title":{"rendered":"Claus Kleber hat eine wichtige Nachricht f\u00fcr uns"},"content":{"rendered":"<style>.embed-container { position: relative; padding-bottom: 56.25%; height: 0; overflow: hidden; max-width: 100%; } .embed-container iframe, .embed-container object, .embed-container embed { position: absolute; top: 0; left: 0; width: 100%; height: 100%; }<\/style>\n<div class='embed-container'>\n\n<div class=\"embed-wrapper embed-wrapper--blocked js-embed-consent\" data-method=\"iframe\">\n<script class=\"raw__source\" type=\"text\/template\"><iframe src='https:\/\/www.youtube.com\/embed\/5VRaFswFgk0' frameborder='0' allowfullscreen><\/iframe><\/script>\n<div class=\"embed-wrapper__inner\">\n<div class=\"embed-wrapper__text\">\n<h3>Empfohlener redaktioneller Inhalt<\/h3>\n<p data-replace=\"no\">An dieser Stelle finden Sie externen Inhalt, der den Artikel erg\u00e4nzt. Sie k\u00f6nnen sich externe Inhalte mit einem Klick anzeigen lassen und wieder ausblenden.<noscript>Bitte aktivieren Sie JavaScript damit Sie diesen Inhalt anzeigen k\u00f6nnen.<\/noscript><\/p>\n<\/div>\n<div class=\"embed-consent\">\n<label class=\"embed-consent__toggle\">\n<input class=\"js-embed-consent__toggle\" type=\"checkbox\" autocomplete=\"off\">\n<span><\/span>\nExterner Inhalt\n<\/label>\n<a href=\"https:\/\/www.zeit.de\/hilfe\/datenschutz\" target=\"_blank\" class=\"embed-consent__datalink-when-active\">Datenschutzerkl\u00e4rung<\/a>\n<\/div>\n<div class=\"embed-wrapper__footer\">\n<p data-replace=\"no\">\nIch bin damit einverstanden, dass mir externe Inhalte angezeigt werden. Damit k\u00f6nnen personenbezogene Daten an Drittplattformen \u00fcbermittelt werden. <a href=\"https:\/\/www.zeit.de\/hilfe\/datenschutz\" target=\"_blank\">Mehr dazu in unserer Datenschutzerkl\u00e4rung.<\/a>\n<\/p>\n<\/div>\n<\/div>\n<\/div>\n<\/div>\n<p>&nbsp;<\/p>\n<p>Es kommt nicht oft vor, dass M\u00e4nner in der \u00d6ffentlichkeit weinen, prominente M\u00e4nner vor allem. Aber wirklich geschadet hat es bislang keinem. Als dem damaligen <a href=\"http:\/\/www.zeit.de\/politik\/deutschland\/2013-06\/steinbrueck-traenen-frau-spd-konvent\" target=\"_blank\">SPD-Kanzlerkandidaten Peer Steinbr\u00fcck bei einem SPD-Parteikonvent<\/a> pl\u00f6tzlich die Stimme wegbrach, <a href=\"http:\/\/www.faz.net\/aktuell\/politik\/inland\/peer-steinbrueck-traenen-luegen-nicht-12240498.html\" target=\"_blank\">wurde er danach wieder st\u00e4rker als Mensch wahrgenommen<\/a>. Uli Hoene\u00df konnte sich <a href=\"http:\/\/www.zeit.de\/sport\/2013-11\/hoeness-traenen-fcbayern-jubel\" target=\"_blank\">nach seinen Tr\u00e4nen auf der Jahreshauptversammlung des FC Bayern<\/a>, trotz Steueraff\u00e4re, des Beistands seiner Anh\u00e4ngerschaft noch sicherer sein. Und nun wird wieder ein Medienprofi f\u00fcr eine emotionale Reaktion gefeiert: ZDF-Moderator Claus Kleber.<!--more--><\/p>\n<p>Nach einem sehr eindr\u00fccklichen Bericht \u00fcber eine Vorbereitungs-Schulklasse f\u00fcr Fl\u00fcchtlinge in Nordrhein-Westfalen wollte Kleber im <em>heute-journal<\/em> am Mittwochabend (<a href=\"http:\/\/www.zdf.de\/ZDFmediathek#\/beitrag\/video\/2467774\/ZDF-heute-journal-vom-12-August-2015\" target=\"_blank\">hier die gesamte Sendung in der ZDF-Mediathek<\/a>) mit einem <a href=\"https:\/\/krautreporter.de\/888--fremdenzimmer\" target=\"_blank\">Fundst\u00fcck der <em>Krautreporter<\/em>-Kollegen<\/a> an seine Kollegin Gundula Gause \u00fcberleiten. Er erz\u00e4hlte von einem Busfahrer im fr\u00e4nkischen Erlangen, in dessen Bus eine Gruppe Fl\u00fcchtlinge mit ihren Betreuern stieg. Der Fahrer hielt an, griff sich das Mikrofon und sagte auf englisch:<\/p>\n<blockquote><p>&#8222;Ich habe eine wichtige Nachricht f\u00fcr alle Menschen aus der ganzen Welt in diesem Bus. Willkommen. Willkommen in Deutschland. Willkommen in meinem Land. Haben Sie einen sch\u00f6nen Tag.&#8220;<\/p><\/blockquote>\n<p>Es f\u00e4llt Kleber nicht leicht, diese S\u00e4tze zu sagen, seine Stimme ist br\u00fcchig. &#8222;Es kann manchmal so einfach sein&#8220;, f\u00fcgt Kleber noch hinzu. Dann dreht er sich zu Gundula Gause.<\/p>\n<p>Auf Twitter bekommt der Moderator zum gro\u00dfen Teil positive Reaktionen auf den Gef\u00fchlsausbruch, den er auch selbst \u2013 via Twitter \u2013 am n\u00e4chsten Morgen kommentiert:<\/p>\n<blockquote class=\"twitter-tweet\" lang=\"de\">\n<p dir=\"ltr\" lang=\"de\">Ich reagiere manchmal auf positive Kleinigkeit emotionaler als auf gro\u00dfe Story. Nicht sehr professionell. Aber okay? N\u00e4chste Sendung wartet<\/p>\n<p>\u2014 Claus Kleber (@ClausKleber) <a href=\"https:\/\/twitter.com\/ClausKleber\/status\/631746111208837121\">13. August 2015<\/a><\/p><\/blockquote>\n<p>Die n\u00e4chste Sendung wartet. Schon heute. Es kann so einfach sein.<\/p>\n<ul>\n<li><em><a href=\"http:\/\/www.nordbayern.de\/region\/erlangen\/er-hiess-migranten-willkommen-das-ist-der-erlanger-busfahrer-1.4580754\" target=\"_blank\">Nordbayern.de hat die Geschichte des Busfahrers Sven Latteyer noch ausf\u00fchrlich aufgeschrieben<\/a>.<\/em><\/li>\n<li><em>Weitere <a href=\"https:\/\/blog.zeit.de\/teilchen\/\" target=\"_blank\">Teilchen finden Sie hier<\/a>.<\/em><\/li>\n<\/ul>\n<p><script src=\"\/\/platform.twitter.com\/widgets.js\" async=\"\" charset=\"utf-8\"><\/script><\/p>\n","protected":false},"excerpt":{"rendered":"<p>Empfohlener redaktioneller Inhalt An dieser Stelle finden Sie externen Inhalt, der den Artikel erg\u00e4nzt. Sie k\u00f6nnen sich externe Inhalte mit einem Klick anzeigen lassen [\u2026]<\/p>\n","protected":false},"author":556,"featured_media":7032,"comment_status":"open","ping_status":"closed","sticky":false,"template":"","format":"standard","meta":{"_jetpack_memberships_contains_paid_content":false,"footnotes":""},"categories":[28],"tags":[],"class_list":["post-7008","post","type-post","status-publish","format-standard","has-post-thumbnail","hentry","category-video"],"yoast_head":"<!-- This site is optimized with the Yoast SEO plugin v21.0 - https:\/\/yoast.com\/wordpress\/plugins\/seo\/ -->\n<title>Claus Kleber hat eine wichtige Nachricht f\u00fcr uns<\/title>\n<meta name=\"description\" content=\"Es kommt nicht oft vor, dass M\u00e4nner in der \u00d6ffentlichkeit weinen. Claus Kleber aber wird f\u00fcr seine emotionale Reaktion gefeiert.\" \/>\n<meta name=\"robots\" content=\"index, follow, max-snippet:-1, max-image-preview:large, max-video-preview:-1\" \/>\n<link rel=\"canonical\" href=\"https:\/\/blog.zeit.de\/teilchen\/2015\/08\/13\/claus-kleber-heute-show-fluechtlinge-busfahrer-erlangen\/\" \/>\n<meta property=\"og:locale\" content=\"de_DE\" \/>\n<meta property=\"og:type\" content=\"article\" \/>\n<meta property=\"og:title\" content=\"Claus Kleber hat eine wichtige Nachricht f\u00fcr uns\" \/>\n<meta property=\"og:description\" content=\"Es kommt nicht oft vor, dass M\u00e4nner in der \u00d6ffentlichkeit weinen. Claus Kleber aber wird f\u00fcr seine emotionale Reaktion gefeiert.\" \/>\n<meta property=\"og:url\" content=\"https:\/\/blog.zeit.de\/teilchen\/2015\/08\/13\/claus-kleber-heute-show-fluechtlinge-busfahrer-erlangen\/\" \/>\n<meta property=\"og:site_name\" content=\"Teilchen\" \/>\n<meta property=\"article:published_time\" content=\"2015-08-13T11:19:36+00:00\" \/>\n<meta property=\"article:modified_time\" content=\"2015-09-12T14:31:09+00:00\" \/>\n<meta property=\"og:image\" content=\"https:\/\/blog.zeit.de\/teilchen\/files\/2015\/08\/kleber.jpg\" \/>\n\t<meta property=\"og:image:width\" content=\"844\" \/>\n\t<meta property=\"og:image:height\" content=\"475\" \/>\n\t<meta property=\"og:image:type\" content=\"image\/jpeg\" \/>\n<meta name=\"author\" content=\"Tobias Dorfer\" \/>\n<meta name=\"twitter:card\" content=\"summary_large_image\" \/>\n<meta name=\"twitter:creator\" content=\"@tobiasdorfer\" \/>\n<meta name=\"twitter:site\" content=\"@zeitonline\" \/>\n<meta name=\"twitter:label1\" content=\"Geschrieben von\" \/>\n\t<meta name=\"twitter:data1\" content=\"Tobias Dorfer\" \/>\n\t<meta name=\"twitter:label2\" content=\"Gesch\u00e4tzte Lesezeit\" \/>\n\t<meta name=\"twitter:data2\" content=\"2\u00a0Minuten\" \/>\n<script type=\"application\/ld+json\" class=\"yoast-schema-graph\">{\"@context\":\"https:\/\/schema.org\",\"@graph\":[{\"@type\":\"WebPage\",\"@id\":\"https:\/\/blog.zeit.de\/teilchen\/2015\/08\/13\/claus-kleber-heute-show-fluechtlinge-busfahrer-erlangen\/\",\"url\":\"https:\/\/blog.zeit.de\/teilchen\/2015\/08\/13\/claus-kleber-heute-show-fluechtlinge-busfahrer-erlangen\/\",\"name\":\"Claus Kleber hat eine wichtige Nachricht f\u00fcr uns\",\"isPartOf\":{\"@id\":\"https:\/\/blog.zeit.de\/teilchen\/#website\"},\"datePublished\":\"2015-08-13T11:19:36+00:00\",\"dateModified\":\"2015-09-12T14:31:09+00:00\",\"author\":{\"@id\":\"https:\/\/blog.zeit.de\/teilchen\/#\/schema\/person\/e90ba849254185115fd919d4fad07dc0\"},\"description\":\"Es kommt nicht oft vor, dass M\u00e4nner in der \u00d6ffentlichkeit weinen. Claus Kleber aber wird f\u00fcr seine emotionale Reaktion gefeiert.\",\"breadcrumb\":{\"@id\":\"https:\/\/blog.zeit.de\/teilchen\/2015\/08\/13\/claus-kleber-heute-show-fluechtlinge-busfahrer-erlangen\/#breadcrumb\"},\"inLanguage\":\"de\",\"potentialAction\":[{\"@type\":\"ReadAction\",\"target\":[\"https:\/\/blog.zeit.de\/teilchen\/2015\/08\/13\/claus-kleber-heute-show-fluechtlinge-busfahrer-erlangen\/\"]}]},{\"@type\":\"BreadcrumbList\",\"@id\":\"https:\/\/blog.zeit.de\/teilchen\/2015\/08\/13\/claus-kleber-heute-show-fluechtlinge-busfahrer-erlangen\/#breadcrumb\",\"itemListElement\":[{\"@type\":\"ListItem\",\"position\":1,\"name\":\"Startseite\",\"item\":\"https:\/\/blog.zeit.de\/teilchen\/\"},{\"@type\":\"ListItem\",\"position\":2,\"name\":\"Claus Kleber hat eine wichtige Nachricht f\u00fcr uns\"}]},{\"@type\":\"WebSite\",\"@id\":\"https:\/\/blog.zeit.de\/teilchen\/#website\",\"url\":\"https:\/\/blog.zeit.de\/teilchen\/\",\"name\":\"Teilchen\",\"description\":\"Im Netz verstecken sich kleine Sch\u00e4tze - ZEIT ONLINE findet sie.\",\"potentialAction\":[{\"@type\":\"SearchAction\",\"target\":{\"@type\":\"EntryPoint\",\"urlTemplate\":\"https:\/\/blog.zeit.de\/teilchen\/?s={search_term_string}\"},\"query-input\":\"required name=search_term_string\"}],\"inLanguage\":\"de\"},{\"@type\":\"Person\",\"@id\":\"https:\/\/blog.zeit.de\/teilchen\/#\/schema\/person\/e90ba849254185115fd919d4fad07dc0\",\"name\":\"Tobias Dorfer\",\"image\":{\"@type\":\"ImageObject\",\"inLanguage\":\"de\",\"@id\":\"https:\/\/blog.zeit.de\/teilchen\/#\/schema\/person\/image\/\",\"url\":\"https:\/\/secure.gravatar.com\/avatar\/0021e1a3fe9f799912804bcca6f1bcbbe58ee3bf29c8f714a0f453695a888d0a?s=96&d=mm&r=g\",\"contentUrl\":\"https:\/\/secure.gravatar.com\/avatar\/0021e1a3fe9f799912804bcca6f1bcbbe58ee3bf29c8f714a0f453695a888d0a?s=96&d=mm&r=g\",\"caption\":\"Tobias Dorfer\"},\"description\":\"Teamleiter Social Media bei ZEIT ONLINE. Zuvor sieben Jahre bei S\u00fcddeutsche.de, als Redakteur im Wirtschafts- und Regional-Ressort sowie Editorial SEO. Ausbildung an der Deutschen Journalistenschule in M\u00fcnchen mit Hospitanzen bei S\u00fcddeutsche Zeitung, SPIEGEL und SPIEGEL Online.\",\"sameAs\":[\"https:\/\/twitter.com\/tobiasdorfer\"],\"url\":\"https:\/\/blog.zeit.de\/teilchen\/author\/tdorfer\/\"}]}<\/script>\n<!-- \/ Yoast SEO plugin. -->","yoast_head_json":{"title":"Claus Kleber hat eine wichtige Nachricht f\u00fcr uns","description":"Es kommt nicht oft vor, dass M\u00e4nner in der \u00d6ffentlichkeit weinen. Claus Kleber aber wird f\u00fcr seine emotionale Reaktion gefeiert.","robots":{"index":"index","follow":"follow","max-snippet":"max-snippet:-1","max-image-preview":"max-image-preview:large","max-video-preview":"max-video-preview:-1"},"canonical":"https:\/\/blog.zeit.de\/teilchen\/2015\/08\/13\/claus-kleber-heute-show-fluechtlinge-busfahrer-erlangen\/","og_locale":"de_DE","og_type":"article","og_title":"Claus Kleber hat eine wichtige Nachricht f\u00fcr uns","og_description":"Es kommt nicht oft vor, dass M\u00e4nner in der \u00d6ffentlichkeit weinen. Claus Kleber aber wird f\u00fcr seine emotionale Reaktion gefeiert.","og_url":"https:\/\/blog.zeit.de\/teilchen\/2015\/08\/13\/claus-kleber-heute-show-fluechtlinge-busfahrer-erlangen\/","og_site_name":"Teilchen","article_published_time":"2015-08-13T11:19:36+00:00","article_modified_time":"2015-09-12T14:31:09+00:00","og_image":[{"width":844,"height":475,"url":"https:\/\/blog.zeit.de\/teilchen\/files\/2015\/08\/kleber.jpg","type":"image\/jpeg"}],"author":"Tobias Dorfer","twitter_card":"summary_large_image","twitter_creator":"@tobiasdorfer","twitter_site":"@zeitonline","twitter_misc":{"Geschrieben von":"Tobias Dorfer","Gesch\u00e4tzte Lesezeit":"2\u00a0Minuten"},"schema":{"@context":"https:\/\/schema.org","@graph":[{"@type":"WebPage","@id":"https:\/\/blog.zeit.de\/teilchen\/2015\/08\/13\/claus-kleber-heute-show-fluechtlinge-busfahrer-erlangen\/","url":"https:\/\/blog.zeit.de\/teilchen\/2015\/08\/13\/claus-kleber-heute-show-fluechtlinge-busfahrer-erlangen\/","name":"Claus Kleber hat eine wichtige Nachricht f\u00fcr uns","isPartOf":{"@id":"https:\/\/blog.zeit.de\/teilchen\/#website"},"datePublished":"2015-08-13T11:19:36+00:00","dateModified":"2015-09-12T14:31:09+00:00","author":{"@id":"https:\/\/blog.zeit.de\/teilchen\/#\/schema\/person\/e90ba849254185115fd919d4fad07dc0"},"description":"Es kommt nicht oft vor, dass M\u00e4nner in der \u00d6ffentlichkeit weinen. Claus Kleber aber wird f\u00fcr seine emotionale Reaktion gefeiert.","breadcrumb":{"@id":"https:\/\/blog.zeit.de\/teilchen\/2015\/08\/13\/claus-kleber-heute-show-fluechtlinge-busfahrer-erlangen\/#breadcrumb"},"inLanguage":"de","potentialAction":[{"@type":"ReadAction","target":["https:\/\/blog.zeit.de\/teilchen\/2015\/08\/13\/claus-kleber-heute-show-fluechtlinge-busfahrer-erlangen\/"]}]},{"@type":"BreadcrumbList","@id":"https:\/\/blog.zeit.de\/teilchen\/2015\/08\/13\/claus-kleber-heute-show-fluechtlinge-busfahrer-erlangen\/#breadcrumb","itemListElement":[{"@type":"ListItem","position":1,"name":"Startseite","item":"https:\/\/blog.zeit.de\/teilchen\/"},{"@type":"ListItem","position":2,"name":"Claus Kleber hat eine wichtige Nachricht f\u00fcr uns"}]},{"@type":"WebSite","@id":"https:\/\/blog.zeit.de\/teilchen\/#website","url":"https:\/\/blog.zeit.de\/teilchen\/","name":"Teilchen","description":"Im Netz verstecken sich kleine Sch\u00e4tze - ZEIT ONLINE findet sie.","potentialAction":[{"@type":"SearchAction","target":{"@type":"EntryPoint","urlTemplate":"https:\/\/blog.zeit.de\/teilchen\/?s={search_term_string}"},"query-input":"required name=search_term_string"}],"inLanguage":"de"},{"@type":"Person","@id":"https:\/\/blog.zeit.de\/teilchen\/#\/schema\/person\/e90ba849254185115fd919d4fad07dc0","name":"Tobias Dorfer","image":{"@type":"ImageObject","inLanguage":"de","@id":"https:\/\/blog.zeit.de\/teilchen\/#\/schema\/person\/image\/","url":"https:\/\/secure.gravatar.com\/avatar\/0021e1a3fe9f799912804bcca6f1bcbbe58ee3bf29c8f714a0f453695a888d0a?s=96&d=mm&r=g","contentUrl":"https:\/\/secure.gravatar.com\/avatar\/0021e1a3fe9f799912804bcca6f1bcbbe58ee3bf29c8f714a0f453695a888d0a?s=96&d=mm&r=g","caption":"Tobias Dorfer"},"description":"Teamleiter Social Media bei ZEIT ONLINE. Zuvor sieben Jahre bei S\u00fcddeutsche.de, als Redakteur im Wirtschafts- und Regional-Ressort sowie Editorial SEO. Ausbildung an der Deutschen Journalistenschule in M\u00fcnchen mit Hospitanzen bei S\u00fcddeutsche Zeitung, SPIEGEL und SPIEGEL Online.","sameAs":["https:\/\/twitter.com\/tobiasdorfer"],"url":"https:\/\/blog.zeit.de\/teilchen\/author\/tdorfer\/"}]}},"jetpack_featured_media_url":"https:\/\/blog.zeit.de\/teilchen\/files\/2015\/08\/kleber.jpg","jetpack_sharing_enabled":true,"_links":{"self":[{"href":"https:\/\/blog.zeit.de\/teilchen\/wp-json\/wp\/v2\/posts\/7008","targetHints":{"allow":["GET"]}}],"collection":[{"href":"https:\/\/blog.zeit.de\/teilchen\/wp-json\/wp\/v2\/posts"}],"about":[{"href":"https:\/\/blog.zeit.de\/teilchen\/wp-json\/wp\/v2\/types\/post"}],"author":[{"embeddable":true,"href":"https:\/\/blog.zeit.de\/teilchen\/wp-json\/wp\/v2\/users\/556"}],"replies":[{"embeddable":true,"href":"https:\/\/blog.zeit.de\/teilchen\/wp-json\/wp\/v2\/comments?post=7008"}],"version-history":[{"count":10,"href":"https:\/\/blog.zeit.de\/teilchen\/wp-json\/wp\/v2\/posts\/7008\/revisions"}],"predecessor-version":[{"id":7968,"href":"https:\/\/blog.zeit.de\/teilchen\/wp-json\/wp\/v2\/posts\/7008\/revisions\/7968"}],"wp:featuredmedia":[{"embeddable":true,"href":"https:\/\/blog.zeit.de\/teilchen\/wp-json\/wp\/v2\/media\/7032"}],"wp:attachment":[{"href":"https:\/\/blog.zeit.de\/teilchen\/wp-json\/wp\/v2\/media?parent=7008"}],"wp:term":[{"taxonomy":"category","embeddable":true,"href":"https:\/\/blog.zeit.de\/teilchen\/wp-json\/wp\/v2\/categories?post=7008"},{"taxonomy":"post_tag","embeddable":true,"href":"https:\/\/blog.zeit.de\/teilchen\/wp-json\/wp\/v2\/tags?post=7008"}],"curies":[{"name":"wp","href":"https:\/\/api.w.org\/{rel}","templated":true}]}}