{"id":7160,"date":"2015-08-19T15:17:41","date_gmt":"2015-08-19T13:17:41","guid":{"rendered":"http:\/\/blog.zeit.de\/teilchen\/?p=7160"},"modified":"2015-09-12T16:09:04","modified_gmt":"2015-09-12T14:09:04","slug":"zug-ohne-anfang-ende","status":"publish","type":"post","link":"https:\/\/blog.zeit.de\/teilchen\/2015\/08\/19\/zug-ohne-anfang-ende\/","title":{"rendered":"Ein Zug nach Nirgendwo"},"content":{"rendered":"<style>.embed-container { position: relative; padding-bottom: 56.25%; height: 0; overflow: hidden; max-width: 100%; } .embed-container iframe, .embed-container object, .embed-container embed { position: absolute; top: 0; left: 0; width: 100%; height: 100%; }<\/style>\n<div class='embed-container'>\n\n<div class=\"embed-wrapper embed-wrapper--blocked js-embed-consent\" data-method=\"iframe\">\n<script class=\"raw__source\" type=\"text\/template\"><iframe src='https:\/\/www.youtube.com\/embed\/qUZVv0nr2rc' frameborder='0' allowfullscreen><\/iframe><\/script>\n<div class=\"embed-wrapper__inner\">\n<div class=\"embed-wrapper__text\">\n<h3>Empfohlener redaktioneller Inhalt<\/h3>\n<p data-replace=\"no\">An dieser Stelle finden Sie externen Inhalt, der den Artikel erg\u00e4nzt. Sie k\u00f6nnen sich externe Inhalte mit einem Klick anzeigen lassen und wieder ausblenden.<noscript>Bitte aktivieren Sie JavaScript damit Sie diesen Inhalt anzeigen k\u00f6nnen.<\/noscript><\/p>\n<\/div>\n<div class=\"embed-consent\">\n<label class=\"embed-consent__toggle\">\n<input class=\"js-embed-consent__toggle\" type=\"checkbox\" autocomplete=\"off\">\n<span><\/span>\nExterner Inhalt\n<\/label>\n<a href=\"https:\/\/www.zeit.de\/hilfe\/datenschutz\" target=\"_blank\" class=\"embed-consent__datalink-when-active\">Datenschutzerkl\u00e4rung<\/a>\n<\/div>\n<div class=\"embed-wrapper__footer\">\n<p data-replace=\"no\">\nIch bin damit einverstanden, dass mir externe Inhalte angezeigt werden. Damit k\u00f6nnen personenbezogene Daten an Drittplattformen \u00fcbermittelt werden. <a href=\"https:\/\/www.zeit.de\/hilfe\/datenschutz\" target=\"_blank\">Mehr dazu in unserer Datenschutzerkl\u00e4rung.<\/a>\n<\/p>\n<\/div>\n<\/div>\n<\/div>\n<\/div>\n<p>&nbsp;<\/p>\n<p>&#8222;Bis zur Unendlichkeit &#8230; und noch viel weiter!&#8220; \u2013 davon hat nicht nur Buzz Lightyear im Film <em>Toy Story<\/em> getr\u00e4umt.<br \/>\n<!--more--><br \/>\nDie Spielzeugfigur meinte damit nat\u00fcrlich die unendlichen Weiten des Weltalls, die f\u00fcr uns nur bedingt greifbar sind. Doch auch im Kleinen fasziniert uns die Unendlichkeit immer wieder, besonders in der Form von Spiralen. Architekten kreieren zum Beispiel <a href=\"http:\/\/www.karensperspective.com\/amazing-spiral-staircase\/\">unendliche spiralf\u00f6rmige Treppen<\/a>, auf YouTube kann man lernen wie man neben Spiraltieren auch <a href=\"https:\/\/www.youtube.com\/watch?v=ahXIMUkSXX0\">die perfekte Spirale zeichnen kann<\/a>.<\/p>\n<p>Nun gibt es Menschen, die nicht nur von Spiralen fasziniert sind, sondern auch von Modelleisenbahnen. Kombiniert man diese zwei Hobbys, dann entsteht ein Zug der von nirgendwo kommt und nirgendwo hinf\u00e4hrt \u2013 etwa so wie beim <a href=\"http:\/\/www.zeit.de\/freitext\/2015\/05\/21\/bahnstreik-hass-brandt\/\">Bahnstreik<\/a>. Man sieht, wie die Waggons den Kreisel entlang mit der gleichen Geschwindigkeit fahren, die inneren Waggons fahren jedoch schneller um den Kreis herum als die \u00e4u\u00dferen, weil sie eine k\u00fcrzere Strecke zur\u00fccklegen.<\/p>\n<p>Vielleicht sind es Versuche wie diese, die die Modelleisenbahn zur\u00fcck unter den Weihnachtsbaum bringen k\u00f6nnen. Von dort hat sie anscheinend n\u00e4mlich <a href=\"http:\/\/www.zeit.de\/zeit-magazin\/leben\/2014-10\/drohnen-kinder-spielzeug\">die Video-Drohne vertrieben.<\/a> Vielleicht fliegt diese eines Tages auch ins Weltall.<\/p>\n<p><em><a href=\"https:\/\/blog.zeit.de\/teilchen\/\">Hier geht es zu weiteren Teilchen<\/a>.<\/em><\/p>\n","protected":false},"excerpt":{"rendered":"<p>Empfohlener redaktioneller Inhalt An dieser Stelle finden Sie externen Inhalt, der den Artikel erg\u00e4nzt. Sie k\u00f6nnen sich externe Inhalte mit einem Klick anzeigen lassen [\u2026]<\/p>\n","protected":false},"author":566,"featured_media":7179,"comment_status":"open","ping_status":"closed","sticky":false,"template":"","format":"standard","meta":{"_jetpack_memberships_contains_paid_content":false,"footnotes":""},"categories":[28],"tags":[],"class_list":["post-7160","post","type-post","status-publish","format-standard","has-post-thumbnail","hentry","category-video"],"yoast_head":"<!-- This site is optimized with the Yoast SEO plugin v21.0 - https:\/\/yoast.com\/wordpress\/plugins\/seo\/ -->\n<title>Zug der Unendlichkeit<\/title>\n<meta name=\"description\" content=\"Dieser Zug scheint weder Anfang noch Ende zu haben. Wie ist das m\u00f6glich?\" \/>\n<meta name=\"robots\" content=\"index, follow, max-snippet:-1, max-image-preview:large, max-video-preview:-1\" \/>\n<link rel=\"canonical\" href=\"https:\/\/blog.zeit.de\/teilchen\/2015\/08\/19\/zug-ohne-anfang-ende\/\" \/>\n<meta property=\"og:locale\" content=\"de_DE\" \/>\n<meta property=\"og:type\" content=\"article\" \/>\n<meta property=\"og:title\" content=\"Zug der Unendlichkeit\" \/>\n<meta property=\"og:description\" content=\"Dieser Zug scheint weder Anfang noch Ende zu haben. Wie ist das m\u00f6glich?\" \/>\n<meta property=\"og:url\" content=\"https:\/\/blog.zeit.de\/teilchen\/2015\/08\/19\/zug-ohne-anfang-ende\/\" \/>\n<meta property=\"og:site_name\" content=\"Teilchen\" \/>\n<meta property=\"article:published_time\" content=\"2015-08-19T13:17:41+00:00\" \/>\n<meta property=\"article:modified_time\" content=\"2015-09-12T14:09:04+00:00\" \/>\n<meta property=\"og:image\" content=\"https:\/\/blog.zeit.de\/teilchen\/files\/2015\/08\/zug.jpg\" \/>\n\t<meta property=\"og:image:width\" content=\"640\" \/>\n\t<meta property=\"og:image:height\" content=\"359\" \/>\n\t<meta property=\"og:image:type\" content=\"image\/jpeg\" \/>\n<meta name=\"author\" content=\"Claudia Bracholdt\" \/>\n<meta name=\"twitter:card\" content=\"summary_large_image\" \/>\n<meta name=\"twitter:creator\" content=\"@zeitonline\" \/>\n<meta name=\"twitter:site\" content=\"@zeitonline\" \/>\n<meta name=\"twitter:label1\" content=\"Geschrieben von\" \/>\n\t<meta name=\"twitter:data1\" content=\"Claudia Bracholdt\" \/>\n\t<meta name=\"twitter:label2\" content=\"Gesch\u00e4tzte Lesezeit\" \/>\n\t<meta name=\"twitter:data2\" content=\"1\u00a0Minute\" \/>\n<script type=\"application\/ld+json\" class=\"yoast-schema-graph\">{\"@context\":\"https:\/\/schema.org\",\"@graph\":[{\"@type\":\"WebPage\",\"@id\":\"https:\/\/blog.zeit.de\/teilchen\/2015\/08\/19\/zug-ohne-anfang-ende\/\",\"url\":\"https:\/\/blog.zeit.de\/teilchen\/2015\/08\/19\/zug-ohne-anfang-ende\/\",\"name\":\"Zug der Unendlichkeit\",\"isPartOf\":{\"@id\":\"https:\/\/blog.zeit.de\/teilchen\/#website\"},\"datePublished\":\"2015-08-19T13:17:41+00:00\",\"dateModified\":\"2015-09-12T14:09:04+00:00\",\"author\":{\"@id\":\"https:\/\/blog.zeit.de\/teilchen\/#\/schema\/person\/bce373921376ffa412e10c362713ba54\"},\"description\":\"Dieser Zug scheint weder Anfang noch Ende zu haben. Wie ist das m\u00f6glich?\",\"breadcrumb\":{\"@id\":\"https:\/\/blog.zeit.de\/teilchen\/2015\/08\/19\/zug-ohne-anfang-ende\/#breadcrumb\"},\"inLanguage\":\"de\",\"potentialAction\":[{\"@type\":\"ReadAction\",\"target\":[\"https:\/\/blog.zeit.de\/teilchen\/2015\/08\/19\/zug-ohne-anfang-ende\/\"]}]},{\"@type\":\"BreadcrumbList\",\"@id\":\"https:\/\/blog.zeit.de\/teilchen\/2015\/08\/19\/zug-ohne-anfang-ende\/#breadcrumb\",\"itemListElement\":[{\"@type\":\"ListItem\",\"position\":1,\"name\":\"Startseite\",\"item\":\"https:\/\/blog.zeit.de\/teilchen\/\"},{\"@type\":\"ListItem\",\"position\":2,\"name\":\"Ein Zug nach Nirgendwo\"}]},{\"@type\":\"WebSite\",\"@id\":\"https:\/\/blog.zeit.de\/teilchen\/#website\",\"url\":\"https:\/\/blog.zeit.de\/teilchen\/\",\"name\":\"Teilchen\",\"description\":\"Im Netz verstecken sich kleine Sch\u00e4tze - ZEIT ONLINE findet sie.\",\"potentialAction\":[{\"@type\":\"SearchAction\",\"target\":{\"@type\":\"EntryPoint\",\"urlTemplate\":\"https:\/\/blog.zeit.de\/teilchen\/?s={search_term_string}\"},\"query-input\":\"required name=search_term_string\"}],\"inLanguage\":\"de\"},{\"@type\":\"Person\",\"@id\":\"https:\/\/blog.zeit.de\/teilchen\/#\/schema\/person\/bce373921376ffa412e10c362713ba54\",\"name\":\"Claudia Bracholdt\",\"image\":{\"@type\":\"ImageObject\",\"inLanguage\":\"de\",\"@id\":\"https:\/\/blog.zeit.de\/teilchen\/#\/schema\/person\/image\/\",\"url\":\"https:\/\/secure.gravatar.com\/avatar\/8b6b4e52e06d281c32d1369be2a975e2ba05ceb2d26df1c01f7ebde948d44b82?s=96&d=mm&r=g\",\"contentUrl\":\"https:\/\/secure.gravatar.com\/avatar\/8b6b4e52e06d281c32d1369be2a975e2ba05ceb2d26df1c01f7ebde948d44b82?s=96&d=mm&r=g\",\"caption\":\"Claudia Bracholdt\"},\"description\":\"ist Redakteurin bei ZEIT ONLINE.\",\"url\":\"https:\/\/blog.zeit.de\/teilchen\/author\/claudiabracholdt\/\"}]}<\/script>\n<!-- \/ Yoast SEO plugin. -->","yoast_head_json":{"title":"Zug der Unendlichkeit","description":"Dieser Zug scheint weder Anfang noch Ende zu haben. Wie ist das m\u00f6glich?","robots":{"index":"index","follow":"follow","max-snippet":"max-snippet:-1","max-image-preview":"max-image-preview:large","max-video-preview":"max-video-preview:-1"},"canonical":"https:\/\/blog.zeit.de\/teilchen\/2015\/08\/19\/zug-ohne-anfang-ende\/","og_locale":"de_DE","og_type":"article","og_title":"Zug der Unendlichkeit","og_description":"Dieser Zug scheint weder Anfang noch Ende zu haben. Wie ist das m\u00f6glich?","og_url":"https:\/\/blog.zeit.de\/teilchen\/2015\/08\/19\/zug-ohne-anfang-ende\/","og_site_name":"Teilchen","article_published_time":"2015-08-19T13:17:41+00:00","article_modified_time":"2015-09-12T14:09:04+00:00","og_image":[{"width":640,"height":359,"url":"https:\/\/blog.zeit.de\/teilchen\/files\/2015\/08\/zug.jpg","type":"image\/jpeg"}],"author":"Claudia Bracholdt","twitter_card":"summary_large_image","twitter_creator":"@zeitonline","twitter_site":"@zeitonline","twitter_misc":{"Geschrieben von":"Claudia Bracholdt","Gesch\u00e4tzte Lesezeit":"1\u00a0Minute"},"schema":{"@context":"https:\/\/schema.org","@graph":[{"@type":"WebPage","@id":"https:\/\/blog.zeit.de\/teilchen\/2015\/08\/19\/zug-ohne-anfang-ende\/","url":"https:\/\/blog.zeit.de\/teilchen\/2015\/08\/19\/zug-ohne-anfang-ende\/","name":"Zug der Unendlichkeit","isPartOf":{"@id":"https:\/\/blog.zeit.de\/teilchen\/#website"},"datePublished":"2015-08-19T13:17:41+00:00","dateModified":"2015-09-12T14:09:04+00:00","author":{"@id":"https:\/\/blog.zeit.de\/teilchen\/#\/schema\/person\/bce373921376ffa412e10c362713ba54"},"description":"Dieser Zug scheint weder Anfang noch Ende zu haben. Wie ist das m\u00f6glich?","breadcrumb":{"@id":"https:\/\/blog.zeit.de\/teilchen\/2015\/08\/19\/zug-ohne-anfang-ende\/#breadcrumb"},"inLanguage":"de","potentialAction":[{"@type":"ReadAction","target":["https:\/\/blog.zeit.de\/teilchen\/2015\/08\/19\/zug-ohne-anfang-ende\/"]}]},{"@type":"BreadcrumbList","@id":"https:\/\/blog.zeit.de\/teilchen\/2015\/08\/19\/zug-ohne-anfang-ende\/#breadcrumb","itemListElement":[{"@type":"ListItem","position":1,"name":"Startseite","item":"https:\/\/blog.zeit.de\/teilchen\/"},{"@type":"ListItem","position":2,"name":"Ein Zug nach Nirgendwo"}]},{"@type":"WebSite","@id":"https:\/\/blog.zeit.de\/teilchen\/#website","url":"https:\/\/blog.zeit.de\/teilchen\/","name":"Teilchen","description":"Im Netz verstecken sich kleine Sch\u00e4tze - ZEIT ONLINE findet sie.","potentialAction":[{"@type":"SearchAction","target":{"@type":"EntryPoint","urlTemplate":"https:\/\/blog.zeit.de\/teilchen\/?s={search_term_string}"},"query-input":"required name=search_term_string"}],"inLanguage":"de"},{"@type":"Person","@id":"https:\/\/blog.zeit.de\/teilchen\/#\/schema\/person\/bce373921376ffa412e10c362713ba54","name":"Claudia Bracholdt","image":{"@type":"ImageObject","inLanguage":"de","@id":"https:\/\/blog.zeit.de\/teilchen\/#\/schema\/person\/image\/","url":"https:\/\/secure.gravatar.com\/avatar\/8b6b4e52e06d281c32d1369be2a975e2ba05ceb2d26df1c01f7ebde948d44b82?s=96&d=mm&r=g","contentUrl":"https:\/\/secure.gravatar.com\/avatar\/8b6b4e52e06d281c32d1369be2a975e2ba05ceb2d26df1c01f7ebde948d44b82?s=96&d=mm&r=g","caption":"Claudia Bracholdt"},"description":"ist Redakteurin bei ZEIT ONLINE.","url":"https:\/\/blog.zeit.de\/teilchen\/author\/claudiabracholdt\/"}]}},"jetpack_featured_media_url":"https:\/\/blog.zeit.de\/teilchen\/files\/2015\/08\/zug.jpg","jetpack_sharing_enabled":true,"_links":{"self":[{"href":"https:\/\/blog.zeit.de\/teilchen\/wp-json\/wp\/v2\/posts\/7160","targetHints":{"allow":["GET"]}}],"collection":[{"href":"https:\/\/blog.zeit.de\/teilchen\/wp-json\/wp\/v2\/posts"}],"about":[{"href":"https:\/\/blog.zeit.de\/teilchen\/wp-json\/wp\/v2\/types\/post"}],"author":[{"embeddable":true,"href":"https:\/\/blog.zeit.de\/teilchen\/wp-json\/wp\/v2\/users\/566"}],"replies":[{"embeddable":true,"href":"https:\/\/blog.zeit.de\/teilchen\/wp-json\/wp\/v2\/comments?post=7160"}],"version-history":[{"count":18,"href":"https:\/\/blog.zeit.de\/teilchen\/wp-json\/wp\/v2\/posts\/7160\/revisions"}],"predecessor-version":[{"id":7961,"href":"https:\/\/blog.zeit.de\/teilchen\/wp-json\/wp\/v2\/posts\/7160\/revisions\/7961"}],"wp:featuredmedia":[{"embeddable":true,"href":"https:\/\/blog.zeit.de\/teilchen\/wp-json\/wp\/v2\/media\/7179"}],"wp:attachment":[{"href":"https:\/\/blog.zeit.de\/teilchen\/wp-json\/wp\/v2\/media?parent=7160"}],"wp:term":[{"taxonomy":"category","embeddable":true,"href":"https:\/\/blog.zeit.de\/teilchen\/wp-json\/wp\/v2\/categories?post=7160"},{"taxonomy":"post_tag","embeddable":true,"href":"https:\/\/blog.zeit.de\/teilchen\/wp-json\/wp\/v2\/tags?post=7160"}],"curies":[{"name":"wp","href":"https:\/\/api.w.org\/{rel}","templated":true}]}}