{"id":7193,"date":"2015-08-20T14:52:51","date_gmt":"2015-08-20T12:52:51","guid":{"rendered":"http:\/\/blog.zeit.de\/teilchen\/?p=7193"},"modified":"2015-09-12T16:03:25","modified_gmt":"2015-09-12T14:03:25","slug":"essen-verschwendung-lebensmittel-usa-frankreich-deutschland","status":"publish","type":"post","link":"https:\/\/blog.zeit.de\/teilchen\/2015\/08\/20\/essen-verschwendung-lebensmittel-usa-frankreich-deutschland\/","title":{"rendered":"Essen f\u00fcr die Tonne"},"content":{"rendered":"<style>.embed-container { position: relative; padding-bottom: 56.25%; height: 0; overflow: hidden; max-width: 100%; } .embed-container iframe, .embed-container object, .embed-container embed { position: absolute; top: 0; left: 0; width: 100%; height: 100%; }<\/style>\n<div class='embed-container'>\n\n<div class=\"embed-wrapper embed-wrapper--blocked js-embed-consent\" data-method=\"iframe\">\n<script class=\"raw__source\" type=\"text\/template\"><iframe src='https:\/\/www.youtube.com\/embed\/TTLZBp6bPB8' frameborder='0' allowfullscreen><\/iframe><\/script>\n<div class=\"embed-wrapper__inner\">\n<div class=\"embed-wrapper__text\">\n<h3>Empfohlener redaktioneller Inhalt<\/h3>\n<p data-replace=\"no\">An dieser Stelle finden Sie externen Inhalt, der den Artikel erg\u00e4nzt. Sie k\u00f6nnen sich externe Inhalte mit einem Klick anzeigen lassen und wieder ausblenden.<noscript>Bitte aktivieren Sie JavaScript damit Sie diesen Inhalt anzeigen k\u00f6nnen.<\/noscript><\/p>\n<\/div>\n<div class=\"embed-consent\">\n<label class=\"embed-consent__toggle\">\n<input class=\"js-embed-consent__toggle\" type=\"checkbox\" autocomplete=\"off\">\n<span><\/span>\nExterner Inhalt\n<\/label>\n<a href=\"https:\/\/www.zeit.de\/hilfe\/datenschutz\" target=\"_blank\" class=\"embed-consent__datalink-when-active\">Datenschutzerkl\u00e4rung<\/a>\n<\/div>\n<div class=\"embed-wrapper__footer\">\n<p data-replace=\"no\">\nIch bin damit einverstanden, dass mir externe Inhalte angezeigt werden. Damit k\u00f6nnen personenbezogene Daten an Drittplattformen \u00fcbermittelt werden. <a href=\"https:\/\/www.zeit.de\/hilfe\/datenschutz\" target=\"_blank\">Mehr dazu in unserer Datenschutzerkl\u00e4rung.<\/a>\n<\/p>\n<\/div>\n<\/div>\n<\/div>\n<\/div>\n<p>&nbsp;<\/p>\n<p>Die Entscheidung der russischen Regierung, <a href=\"http:\/\/www.zeit.de\/politik\/ausland\/2015-08\/russland-lebensmittel-vernichtung\">illegal importierte Lebensmittel zu zerst\u00f6ren,<\/a> st\u00f6\u00dft auf gro\u00dfe Emp\u00f6rung. Doch auch jenseits von Embargos ist die Verschwendung von Essen ein Problem. In den USA landen 40 Prozent aller hergestellten Lebensmittel im M\u00fcll.<\/p>\n<p><!--more--><\/p>\n<p>Mit dieser Menge k\u00f6nnte man 730 amerikanische Football-Stadien f\u00fcllen \u2013 oder die hungernde Bev\u00f6lkerung in den USA versorgen. Auf den amerikanischen M\u00fclldeponien <a href=\"https:\/\/youtu.be\/i8xwLWb0lLY?t=2m41s\">stapeln sich Berge von frischem, unangetastetem Essen.<\/a> Robert Lee hat in New York ein Projekt gestartet, das Essensreste von Restaurants sammelt und verteilt.<\/p>\n<p>Auch in der EU ist die Verschwendung von Lebensmitteln ein Problem \u2013 <a href=\"http:\/\/www.agriland.ie\/farming-news\/eu-citizens-waste-almost-50m-tonnes-of-food-each-year\/\">wir werfen jedes Jahr 50 Millionen Tonnen Essen weg<\/a>. In Frankreich hat man in diesem Jahr mit einem Gesetz reagiert, das Superm\u00e4rkten vorschreibt, dass sie <a href=\"http:\/\/www.zeit.de\/video\/2015-05\/4259143297001\/frankreich-paris-kaempft-gegen-verschwendung#autoplay\">Essen nicht mehr wegschmei\u00dfen d\u00fcrfen<\/a>, sondern spenden sollen. In Deutschland ist es die Aufgabe der etwa 900 Tafeln, \u00fcbriggebliebenes Essen an bed\u00fcrftige Menschen zu verteilen. Allerdings <a href=\"http:\/\/www.deutschlandfunk.de\/fluechtlingsversorgung-tafeln-am-rande-ihrer-belastbarkeit.1769.de.html?dram:article_id=328023\">haben die Tafeln momentan kaum genug Lebensmittel,<\/a> um zum Beispiel die vielen Fl\u00fcchtlinge zu versorgen.<\/p>\n<p><em><a href=\"https:\/\/blog.zeit.de\/teilchen\/\">Weitere Teilchen finden Sie hier<\/a>.<\/em><\/p>\n","protected":false},"excerpt":{"rendered":"<p>Empfohlener redaktioneller Inhalt An dieser Stelle finden Sie externen Inhalt, der den Artikel erg\u00e4nzt. Sie k\u00f6nnen sich externe Inhalte mit einem Klick anzeigen lassen [\u2026]<\/p>\n","protected":false},"author":566,"featured_media":7207,"comment_status":"open","ping_status":"closed","sticky":false,"template":"","format":"standard","meta":{"_jetpack_memberships_contains_paid_content":false,"footnotes":""},"categories":[28],"tags":[],"class_list":["post-7193","post","type-post","status-publish","format-standard","has-post-thumbnail","hentry","category-video"],"yoast_head":"<!-- This site is optimized with the Yoast SEO plugin v21.0 - https:\/\/yoast.com\/wordpress\/plugins\/seo\/ -->\n<title>Essen f\u00fcr die Tonne<\/title>\n<meta name=\"description\" content=\"Die Verschwendung von Essen ist weltweit ein Problem, denn es fehlt an Lebensmittel, um Hungernde oder Fl\u00fcchtlinge zu versorgen.\" \/>\n<meta name=\"robots\" content=\"index, follow, max-snippet:-1, max-image-preview:large, max-video-preview:-1\" \/>\n<link rel=\"canonical\" href=\"https:\/\/blog.zeit.de\/teilchen\/2015\/08\/20\/essen-verschwendung-lebensmittel-usa-frankreich-deutschland\/\" \/>\n<meta property=\"og:locale\" content=\"de_DE\" \/>\n<meta property=\"og:type\" content=\"article\" \/>\n<meta property=\"og:title\" content=\"Essen f\u00fcr die Tonne\" \/>\n<meta property=\"og:description\" content=\"Die Verschwendung von Essen ist weltweit ein Problem, denn es fehlt an Lebensmittel, um Hungernde oder Fl\u00fcchtlinge zu versorgen.\" \/>\n<meta property=\"og:url\" content=\"https:\/\/blog.zeit.de\/teilchen\/2015\/08\/20\/essen-verschwendung-lebensmittel-usa-frankreich-deutschland\/\" \/>\n<meta property=\"og:site_name\" content=\"Teilchen\" \/>\n<meta property=\"article:published_time\" content=\"2015-08-20T12:52:51+00:00\" \/>\n<meta property=\"article:modified_time\" content=\"2015-09-12T14:03:25+00:00\" \/>\n<meta property=\"og:image\" content=\"https:\/\/blog.zeit.de\/teilchen\/files\/2015\/08\/verschwendung-1024x576.jpg\" \/>\n\t<meta property=\"og:image:width\" content=\"1024\" \/>\n\t<meta property=\"og:image:height\" content=\"576\" \/>\n\t<meta property=\"og:image:type\" content=\"image\/jpeg\" \/>\n<meta name=\"author\" content=\"Claudia Bracholdt\" \/>\n<meta name=\"twitter:card\" content=\"summary_large_image\" \/>\n<meta name=\"twitter:creator\" content=\"@zeitonline\" \/>\n<meta name=\"twitter:site\" content=\"@zeitonline\" \/>\n<meta name=\"twitter:label1\" content=\"Geschrieben von\" \/>\n\t<meta name=\"twitter:data1\" content=\"Claudia Bracholdt\" \/>\n\t<meta name=\"twitter:label2\" content=\"Gesch\u00e4tzte Lesezeit\" \/>\n\t<meta name=\"twitter:data2\" content=\"1\u00a0Minute\" \/>\n<script type=\"application\/ld+json\" class=\"yoast-schema-graph\">{\"@context\":\"https:\/\/schema.org\",\"@graph\":[{\"@type\":\"WebPage\",\"@id\":\"https:\/\/blog.zeit.de\/teilchen\/2015\/08\/20\/essen-verschwendung-lebensmittel-usa-frankreich-deutschland\/\",\"url\":\"https:\/\/blog.zeit.de\/teilchen\/2015\/08\/20\/essen-verschwendung-lebensmittel-usa-frankreich-deutschland\/\",\"name\":\"Essen f\u00fcr die Tonne\",\"isPartOf\":{\"@id\":\"https:\/\/blog.zeit.de\/teilchen\/#website\"},\"datePublished\":\"2015-08-20T12:52:51+00:00\",\"dateModified\":\"2015-09-12T14:03:25+00:00\",\"author\":{\"@id\":\"https:\/\/blog.zeit.de\/teilchen\/#\/schema\/person\/bce373921376ffa412e10c362713ba54\"},\"description\":\"Die Verschwendung von Essen ist weltweit ein Problem, denn es fehlt an Lebensmittel, um Hungernde oder Fl\u00fcchtlinge zu versorgen.\",\"breadcrumb\":{\"@id\":\"https:\/\/blog.zeit.de\/teilchen\/2015\/08\/20\/essen-verschwendung-lebensmittel-usa-frankreich-deutschland\/#breadcrumb\"},\"inLanguage\":\"de\",\"potentialAction\":[{\"@type\":\"ReadAction\",\"target\":[\"https:\/\/blog.zeit.de\/teilchen\/2015\/08\/20\/essen-verschwendung-lebensmittel-usa-frankreich-deutschland\/\"]}]},{\"@type\":\"BreadcrumbList\",\"@id\":\"https:\/\/blog.zeit.de\/teilchen\/2015\/08\/20\/essen-verschwendung-lebensmittel-usa-frankreich-deutschland\/#breadcrumb\",\"itemListElement\":[{\"@type\":\"ListItem\",\"position\":1,\"name\":\"Startseite\",\"item\":\"https:\/\/blog.zeit.de\/teilchen\/\"},{\"@type\":\"ListItem\",\"position\":2,\"name\":\"Essen f\u00fcr die Tonne\"}]},{\"@type\":\"WebSite\",\"@id\":\"https:\/\/blog.zeit.de\/teilchen\/#website\",\"url\":\"https:\/\/blog.zeit.de\/teilchen\/\",\"name\":\"Teilchen\",\"description\":\"Im Netz verstecken sich kleine Sch\u00e4tze - ZEIT ONLINE findet sie.\",\"potentialAction\":[{\"@type\":\"SearchAction\",\"target\":{\"@type\":\"EntryPoint\",\"urlTemplate\":\"https:\/\/blog.zeit.de\/teilchen\/?s={search_term_string}\"},\"query-input\":\"required name=search_term_string\"}],\"inLanguage\":\"de\"},{\"@type\":\"Person\",\"@id\":\"https:\/\/blog.zeit.de\/teilchen\/#\/schema\/person\/bce373921376ffa412e10c362713ba54\",\"name\":\"Claudia Bracholdt\",\"image\":{\"@type\":\"ImageObject\",\"inLanguage\":\"de\",\"@id\":\"https:\/\/blog.zeit.de\/teilchen\/#\/schema\/person\/image\/\",\"url\":\"https:\/\/secure.gravatar.com\/avatar\/8b6b4e52e06d281c32d1369be2a975e2ba05ceb2d26df1c01f7ebde948d44b82?s=96&d=mm&r=g\",\"contentUrl\":\"https:\/\/secure.gravatar.com\/avatar\/8b6b4e52e06d281c32d1369be2a975e2ba05ceb2d26df1c01f7ebde948d44b82?s=96&d=mm&r=g\",\"caption\":\"Claudia Bracholdt\"},\"description\":\"ist Redakteurin bei ZEIT ONLINE.\",\"url\":\"https:\/\/blog.zeit.de\/teilchen\/author\/claudiabracholdt\/\"}]}<\/script>\n<!-- \/ Yoast SEO plugin. -->","yoast_head_json":{"title":"Essen f\u00fcr die Tonne","description":"Die Verschwendung von Essen ist weltweit ein Problem, denn es fehlt an Lebensmittel, um Hungernde oder Fl\u00fcchtlinge zu versorgen.","robots":{"index":"index","follow":"follow","max-snippet":"max-snippet:-1","max-image-preview":"max-image-preview:large","max-video-preview":"max-video-preview:-1"},"canonical":"https:\/\/blog.zeit.de\/teilchen\/2015\/08\/20\/essen-verschwendung-lebensmittel-usa-frankreich-deutschland\/","og_locale":"de_DE","og_type":"article","og_title":"Essen f\u00fcr die Tonne","og_description":"Die Verschwendung von Essen ist weltweit ein Problem, denn es fehlt an Lebensmittel, um Hungernde oder Fl\u00fcchtlinge zu versorgen.","og_url":"https:\/\/blog.zeit.de\/teilchen\/2015\/08\/20\/essen-verschwendung-lebensmittel-usa-frankreich-deutschland\/","og_site_name":"Teilchen","article_published_time":"2015-08-20T12:52:51+00:00","article_modified_time":"2015-09-12T14:03:25+00:00","og_image":[{"width":1024,"height":576,"url":"https:\/\/blog.zeit.de\/teilchen\/files\/2015\/08\/verschwendung-1024x576.jpg","type":"image\/jpeg"}],"author":"Claudia Bracholdt","twitter_card":"summary_large_image","twitter_creator":"@zeitonline","twitter_site":"@zeitonline","twitter_misc":{"Geschrieben von":"Claudia Bracholdt","Gesch\u00e4tzte Lesezeit":"1\u00a0Minute"},"schema":{"@context":"https:\/\/schema.org","@graph":[{"@type":"WebPage","@id":"https:\/\/blog.zeit.de\/teilchen\/2015\/08\/20\/essen-verschwendung-lebensmittel-usa-frankreich-deutschland\/","url":"https:\/\/blog.zeit.de\/teilchen\/2015\/08\/20\/essen-verschwendung-lebensmittel-usa-frankreich-deutschland\/","name":"Essen f\u00fcr die Tonne","isPartOf":{"@id":"https:\/\/blog.zeit.de\/teilchen\/#website"},"datePublished":"2015-08-20T12:52:51+00:00","dateModified":"2015-09-12T14:03:25+00:00","author":{"@id":"https:\/\/blog.zeit.de\/teilchen\/#\/schema\/person\/bce373921376ffa412e10c362713ba54"},"description":"Die Verschwendung von Essen ist weltweit ein Problem, denn es fehlt an Lebensmittel, um Hungernde oder Fl\u00fcchtlinge zu versorgen.","breadcrumb":{"@id":"https:\/\/blog.zeit.de\/teilchen\/2015\/08\/20\/essen-verschwendung-lebensmittel-usa-frankreich-deutschland\/#breadcrumb"},"inLanguage":"de","potentialAction":[{"@type":"ReadAction","target":["https:\/\/blog.zeit.de\/teilchen\/2015\/08\/20\/essen-verschwendung-lebensmittel-usa-frankreich-deutschland\/"]}]},{"@type":"BreadcrumbList","@id":"https:\/\/blog.zeit.de\/teilchen\/2015\/08\/20\/essen-verschwendung-lebensmittel-usa-frankreich-deutschland\/#breadcrumb","itemListElement":[{"@type":"ListItem","position":1,"name":"Startseite","item":"https:\/\/blog.zeit.de\/teilchen\/"},{"@type":"ListItem","position":2,"name":"Essen f\u00fcr die Tonne"}]},{"@type":"WebSite","@id":"https:\/\/blog.zeit.de\/teilchen\/#website","url":"https:\/\/blog.zeit.de\/teilchen\/","name":"Teilchen","description":"Im Netz verstecken sich kleine Sch\u00e4tze - ZEIT ONLINE findet sie.","potentialAction":[{"@type":"SearchAction","target":{"@type":"EntryPoint","urlTemplate":"https:\/\/blog.zeit.de\/teilchen\/?s={search_term_string}"},"query-input":"required name=search_term_string"}],"inLanguage":"de"},{"@type":"Person","@id":"https:\/\/blog.zeit.de\/teilchen\/#\/schema\/person\/bce373921376ffa412e10c362713ba54","name":"Claudia Bracholdt","image":{"@type":"ImageObject","inLanguage":"de","@id":"https:\/\/blog.zeit.de\/teilchen\/#\/schema\/person\/image\/","url":"https:\/\/secure.gravatar.com\/avatar\/8b6b4e52e06d281c32d1369be2a975e2ba05ceb2d26df1c01f7ebde948d44b82?s=96&d=mm&r=g","contentUrl":"https:\/\/secure.gravatar.com\/avatar\/8b6b4e52e06d281c32d1369be2a975e2ba05ceb2d26df1c01f7ebde948d44b82?s=96&d=mm&r=g","caption":"Claudia Bracholdt"},"description":"ist Redakteurin bei ZEIT ONLINE.","url":"https:\/\/blog.zeit.de\/teilchen\/author\/claudiabracholdt\/"}]}},"jetpack_featured_media_url":"https:\/\/blog.zeit.de\/teilchen\/files\/2015\/08\/verschwendung.jpg","jetpack_sharing_enabled":true,"_links":{"self":[{"href":"https:\/\/blog.zeit.de\/teilchen\/wp-json\/wp\/v2\/posts\/7193","targetHints":{"allow":["GET"]}}],"collection":[{"href":"https:\/\/blog.zeit.de\/teilchen\/wp-json\/wp\/v2\/posts"}],"about":[{"href":"https:\/\/blog.zeit.de\/teilchen\/wp-json\/wp\/v2\/types\/post"}],"author":[{"embeddable":true,"href":"https:\/\/blog.zeit.de\/teilchen\/wp-json\/wp\/v2\/users\/566"}],"replies":[{"embeddable":true,"href":"https:\/\/blog.zeit.de\/teilchen\/wp-json\/wp\/v2\/comments?post=7193"}],"version-history":[{"count":20,"href":"https:\/\/blog.zeit.de\/teilchen\/wp-json\/wp\/v2\/posts\/7193\/revisions"}],"predecessor-version":[{"id":7959,"href":"https:\/\/blog.zeit.de\/teilchen\/wp-json\/wp\/v2\/posts\/7193\/revisions\/7959"}],"wp:featuredmedia":[{"embeddable":true,"href":"https:\/\/blog.zeit.de\/teilchen\/wp-json\/wp\/v2\/media\/7207"}],"wp:attachment":[{"href":"https:\/\/blog.zeit.de\/teilchen\/wp-json\/wp\/v2\/media?parent=7193"}],"wp:term":[{"taxonomy":"category","embeddable":true,"href":"https:\/\/blog.zeit.de\/teilchen\/wp-json\/wp\/v2\/categories?post=7193"},{"taxonomy":"post_tag","embeddable":true,"href":"https:\/\/blog.zeit.de\/teilchen\/wp-json\/wp\/v2\/tags?post=7193"}],"curies":[{"name":"wp","href":"https:\/\/api.w.org\/{rel}","templated":true}]}}