{"id":7243,"date":"2015-08-24T11:40:32","date_gmt":"2015-08-24T09:40:32","guid":{"rendered":"http:\/\/blog.zeit.de\/teilchen\/?p=7243"},"modified":"2015-08-24T11:45:56","modified_gmt":"2015-08-24T09:45:56","slug":"geraeusche-kauen-niesen-misophonie","status":"publish","type":"post","link":"https:\/\/blog.zeit.de\/teilchen\/2015\/08\/24\/geraeusche-kauen-niesen-misophonie\/","title":{"rendered":"Wer kaut, sollte in Deckung gehen"},"content":{"rendered":"<p><figure id=\"attachment_7264\" aria-describedby=\"caption-attachment-7264\" style=\"width: 580px\" class=\"wp-caption aligncenter\"><a href=\"http:\/\/www.photocase.de\/nihil.baxter\"><img loading=\"lazy\" decoding=\"async\" class=\"size-medium wp-image-7264\" src=\"https:\/\/blog.zeit.de\/teilchen\/files\/2015\/08\/photocase_essen-580x326.jpg\" alt=\"\u00a9 phot\u00f6graphy.com \/ photocase.de \" width=\"580\" height=\"326\" \/><\/a><figcaption id=\"caption-attachment-7264\" class=\"wp-caption-text\">\u00a9 phot\u00f6graphy.com \/ photocase.de<\/figcaption><\/figure><\/p>\n<p>Vor einigen Tagen bereits hatte ich offenbart, dass <a href=\"https:\/\/blog.zeit.de\/teilchen\/2015\/07\/22\/hunger-wut-heisshunger-psychologie\/\" target=\"_blank\">Hunger mich <em>hangry<\/em> werden l\u00e4sst<\/a>. Vielen Lesern geht es \u00e4hnlich: Fehlt es an Nahrung, werden auch sie <a href=\"https:\/\/blog.zeit.de\/teilchen\/2015\/07\/22\/hunger-wut-heisshunger-psychologie\/\" target=\"_blank\">zu hungrig, um nett zu sein<\/a>. Deshalb herzlichen Dank f\u00fcr Ihre Offenheit, sch\u00f6nes Gef\u00fchl, sich unter Gleich-Gest\u00f6rten zu wissen.<\/p>\n<p>Nun lege ich noch einen drauf: Misophonie, auch <i>Selective Sound Sensitivity Syndrome<\/i> genannt. <a href=\"http:\/\/www.slate.com\/articles\/health_and_science\/medical_examiner\/2015\/08\/misophonia_research_disorder_of_irritation_by_chewing_lip_smacking_sniffing.html\" target=\"_blank\">Auf <em>Slate<\/em><\/a> habe ich dar\u00fcber gelesen und festgestellt: Habe ich ebenfalls. Ich reagiere ziemlich w\u00fctend auf Alltagsger\u00e4usche wie Kauen, Lippenschmatzen oder Niesen. Endlich hat auch diese Macke von mir einen Namen.<!--more--><\/p>\n<p>Die meisten st\u00f6ren die Ger\u00e4usche nicht sonderlich. F\u00fcr mich aber sind sie ein Trigger. Das Ergebnis ist blanke Wut. Ich muss beispielsweise w\u00e4hrend eines romantischen Dinners zu zweit zwingend Musik oder anderes Hintergrundrauschen h\u00f6ren. Regelm\u00e4\u00dfig n\u00e4mlich bin ich kurz davor, meinem Freund den Rotwein ins Gesicht zu schleudern. Dabei kann er gar nichts daf\u00fcr. Er wei\u00df, dass ich intensive Kauger\u00e4usche abartig, absto\u00dfend, widerlich, wahrlich schauderhaft finde. Und doch scheint er jedes St\u00fcck extra stark, extra laut und extra lange zu kauen. Und wie er es dann auch noch hinunterschluckt! So als h\u00e4tten seine Z\u00e4hne sich die ewig ausdehnenden Minuten zuvor nicht schon wie ein Pflug durch das Rinderfilet gegraben.<\/p>\n<p><strong>Nachahmen als \u00dcberlebensstrategie<\/strong><\/p>\n<p>Es grollt dann in meinem Bauch, kribbelt auf meiner Haut. Ich m\u00f6chte schreien und atme stattdessen tief durch. Denn ich wei\u00df ja, dass ich v\u00f6llig \u00fcberreagiere und konzentriere mich wieder auf die Musik. Wie ich dank <em>Slate<\/em>-Autorin Megan Cartwright nun wei\u00df, verlassen andere gar den Raum \u2013 kam bei mir auch schon vor \u2013 tragen Kopfh\u00f6rer \u2013 weit unpassender als Hintergrundmusik \u2013 oder erzeugen die verhassten Ger\u00e4usche selbst, um den Ausl\u00f6ser zu \u00fcberlagern \u2013 habe ich schon versucht, hilft nicht, sondern verdirbt mir blo\u00df den Appetit. Zumindest haben eben diese Dinge der <a href=\"http:\/\/psychology.ucsd.edu\/people\/profiles\/vramachandran.html\" target=\"_blank\">Neurowissenschaftler Vilayanur Ramachandran<\/a> und seine Kollegen in einer der wenigen Untersuchungen zu Misophonie herausgefunden. Erstmals beschrieben hatte das Ph\u00e4nomen das Neurowissenschaftler-Paar Jastreboff (<a href=\"https:\/\/www.ncbi.nlm.nih.gov\/pubmed\/12856300?dopt=Abstract\">Jastreboff &amp; Jastreboff, 2003<\/a>).<\/p>\n<p>Kaum eine der wenigen Studien seit Entdeckung der Misophonie ist allerdings repr\u00e4sentativ. Ihre Ergebnisse sind nicht zwingend auf die Allgemeinheit \u00fcbertragbar. Doch sie zeigen: In den untersuchten Gruppen reagierten auff\u00e4llig viele Leute \u00fcbertrieben auf bestimmte Ger\u00e4usche. 2013 schlugen der Psychiater <a href=\"http:\/\/www.amcpsychiatrie.nl\/research\/research_groups_pis_denys_group_team_denys_group.htm\" target=\"_blank\">Arjan Schr\u00f6der und sein Team<\/a> deshalb gar vor, Misophonie sollte als psychische St\u00f6rung klassifiziert werden. Andere arbeiten an Therapien, auch weil es Menschen gibt, die wegen ihrer Wut auf Alltagsger\u00e4usche nicht in die Schule oder ins B\u00fcro gehen k\u00f6nnen. Langj\u00e4hrige Beziehungen seien daran schon zerbrochen, berichten Probanden. So schlimm ist es bei uns zu Hause dann zum Gl\u00fcck doch nicht.<\/p>\n<p><em><a href=\"https:\/\/blog.zeit.de\/teilchen\/\">Weitere Teilchen finden Sie hier<\/a><\/em><\/p>\n","protected":false},"excerpt":{"rendered":"<p>Vor einigen Tagen bereits hatte ich offenbart, dass Hunger mich hangry werden l\u00e4sst. Vielen Lesern geht es \u00e4hnlich: Fehlt es an Nahrung, werden auch [\u2026]<\/p>\n","protected":false},"author":448,"featured_media":0,"comment_status":"open","ping_status":"closed","sticky":false,"template":"","format":"standard","meta":{"_jetpack_memberships_contains_paid_content":false,"footnotes":""},"categories":[29747],"tags":[],"class_list":["post-7243","post","type-post","status-publish","format-standard","hentry","category-geschichten"],"yoast_head":"<!-- This site is optimized with the Yoast SEO plugin v21.0 - https:\/\/yoast.com\/wordpress\/plugins\/seo\/ -->\n<title>Ger\u00e4usche, \u00fcberall Ger\u00e4usche!<\/title>\n<meta name=\"description\" content=\"Wer bei dem Klang normaler Alltagsger\u00e4usche an die Decke geht, hat es wohl mit der Misophonie zu tun.\" \/>\n<meta name=\"robots\" content=\"index, follow, max-snippet:-1, max-image-preview:large, max-video-preview:-1\" \/>\n<link rel=\"canonical\" href=\"https:\/\/blog.zeit.de\/teilchen\/2015\/08\/24\/geraeusche-kauen-niesen-misophonie\/\" \/>\n<meta property=\"og:locale\" content=\"de_DE\" \/>\n<meta property=\"og:type\" content=\"article\" \/>\n<meta property=\"og:title\" content=\"Ger\u00e4usche, \u00fcberall Ger\u00e4usche!\" \/>\n<meta property=\"og:description\" content=\"Wer bei dem Klang normaler Alltagsger\u00e4usche an die Decke geht, hat es wohl mit der Misophonie zu tun.\" \/>\n<meta property=\"og:url\" content=\"https:\/\/blog.zeit.de\/teilchen\/2015\/08\/24\/geraeusche-kauen-niesen-misophonie\/\" \/>\n<meta property=\"og:site_name\" content=\"Teilchen\" \/>\n<meta property=\"article:published_time\" content=\"2015-08-24T09:40:32+00:00\" \/>\n<meta property=\"article:modified_time\" content=\"2015-08-24T09:45:56+00:00\" \/>\n<meta property=\"og:image\" content=\"https:\/\/blog.zeit.de\/teilchen\/files\/2015\/08\/photocase_essen-580x326.jpg\" \/>\n<meta name=\"author\" content=\"Alina Schadwinkel\" \/>\n<meta name=\"twitter:card\" content=\"summary_large_image\" \/>\n<meta name=\"twitter:creator\" content=\"@zeitonline\" \/>\n<meta name=\"twitter:site\" content=\"@zeitonline\" \/>\n<meta name=\"twitter:label1\" content=\"Geschrieben von\" \/>\n\t<meta name=\"twitter:data1\" content=\"Alina Schadwinkel\" \/>\n\t<meta name=\"twitter:label2\" content=\"Gesch\u00e4tzte Lesezeit\" \/>\n\t<meta name=\"twitter:data2\" content=\"2\u00a0Minuten\" \/>\n<script type=\"application\/ld+json\" class=\"yoast-schema-graph\">{\"@context\":\"https:\/\/schema.org\",\"@graph\":[{\"@type\":\"WebPage\",\"@id\":\"https:\/\/blog.zeit.de\/teilchen\/2015\/08\/24\/geraeusche-kauen-niesen-misophonie\/\",\"url\":\"https:\/\/blog.zeit.de\/teilchen\/2015\/08\/24\/geraeusche-kauen-niesen-misophonie\/\",\"name\":\"Ger\u00e4usche, \u00fcberall Ger\u00e4usche!\",\"isPartOf\":{\"@id\":\"https:\/\/blog.zeit.de\/teilchen\/#website\"},\"datePublished\":\"2015-08-24T09:40:32+00:00\",\"dateModified\":\"2015-08-24T09:45:56+00:00\",\"author\":{\"@id\":\"https:\/\/blog.zeit.de\/teilchen\/#\/schema\/person\/4f8819497f3cb8c40a48cea72d06a55a\"},\"description\":\"Wer bei dem Klang normaler Alltagsger\u00e4usche an die Decke geht, hat es wohl mit der Misophonie zu tun.\",\"breadcrumb\":{\"@id\":\"https:\/\/blog.zeit.de\/teilchen\/2015\/08\/24\/geraeusche-kauen-niesen-misophonie\/#breadcrumb\"},\"inLanguage\":\"de\",\"potentialAction\":[{\"@type\":\"ReadAction\",\"target\":[\"https:\/\/blog.zeit.de\/teilchen\/2015\/08\/24\/geraeusche-kauen-niesen-misophonie\/\"]}]},{\"@type\":\"BreadcrumbList\",\"@id\":\"https:\/\/blog.zeit.de\/teilchen\/2015\/08\/24\/geraeusche-kauen-niesen-misophonie\/#breadcrumb\",\"itemListElement\":[{\"@type\":\"ListItem\",\"position\":1,\"name\":\"Startseite\",\"item\":\"https:\/\/blog.zeit.de\/teilchen\/\"},{\"@type\":\"ListItem\",\"position\":2,\"name\":\"Wer kaut, sollte in Deckung gehen\"}]},{\"@type\":\"WebSite\",\"@id\":\"https:\/\/blog.zeit.de\/teilchen\/#website\",\"url\":\"https:\/\/blog.zeit.de\/teilchen\/\",\"name\":\"Teilchen\",\"description\":\"Im Netz verstecken sich kleine Sch\u00e4tze - ZEIT ONLINE findet sie.\",\"potentialAction\":[{\"@type\":\"SearchAction\",\"target\":{\"@type\":\"EntryPoint\",\"urlTemplate\":\"https:\/\/blog.zeit.de\/teilchen\/?s={search_term_string}\"},\"query-input\":\"required name=search_term_string\"}],\"inLanguage\":\"de\"},{\"@type\":\"Person\",\"@id\":\"https:\/\/blog.zeit.de\/teilchen\/#\/schema\/person\/4f8819497f3cb8c40a48cea72d06a55a\",\"name\":\"Alina Schadwinkel\",\"image\":{\"@type\":\"ImageObject\",\"inLanguage\":\"de\",\"@id\":\"https:\/\/blog.zeit.de\/teilchen\/#\/schema\/person\/image\/\",\"url\":\"https:\/\/secure.gravatar.com\/avatar\/b3f312ac40fdb8c9c6e85125cbe44a5ef6e3f0f1dad2fe630dcdb7e956a183e4?s=96&d=mm&r=g\",\"contentUrl\":\"https:\/\/secure.gravatar.com\/avatar\/b3f312ac40fdb8c9c6e85125cbe44a5ef6e3f0f1dad2fe630dcdb7e956a183e4?s=96&d=mm&r=g\",\"caption\":\"Alina Schadwinkel\"},\"description\":\"ist Redakteurin bei ZEIT ONLINE.\",\"url\":\"https:\/\/blog.zeit.de\/teilchen\/author\/aschadwinkel\/\"}]}<\/script>\n<!-- \/ Yoast SEO plugin. -->","yoast_head_json":{"title":"Ger\u00e4usche, \u00fcberall Ger\u00e4usche!","description":"Wer bei dem Klang normaler Alltagsger\u00e4usche an die Decke geht, hat es wohl mit der Misophonie zu tun.","robots":{"index":"index","follow":"follow","max-snippet":"max-snippet:-1","max-image-preview":"max-image-preview:large","max-video-preview":"max-video-preview:-1"},"canonical":"https:\/\/blog.zeit.de\/teilchen\/2015\/08\/24\/geraeusche-kauen-niesen-misophonie\/","og_locale":"de_DE","og_type":"article","og_title":"Ger\u00e4usche, \u00fcberall Ger\u00e4usche!","og_description":"Wer bei dem Klang normaler Alltagsger\u00e4usche an die Decke geht, hat es wohl mit der Misophonie zu tun.","og_url":"https:\/\/blog.zeit.de\/teilchen\/2015\/08\/24\/geraeusche-kauen-niesen-misophonie\/","og_site_name":"Teilchen","article_published_time":"2015-08-24T09:40:32+00:00","article_modified_time":"2015-08-24T09:45:56+00:00","og_image":[{"url":"https:\/\/blog.zeit.de\/teilchen\/files\/2015\/08\/photocase_essen-580x326.jpg"}],"author":"Alina Schadwinkel","twitter_card":"summary_large_image","twitter_creator":"@zeitonline","twitter_site":"@zeitonline","twitter_misc":{"Geschrieben von":"Alina Schadwinkel","Gesch\u00e4tzte Lesezeit":"2\u00a0Minuten"},"schema":{"@context":"https:\/\/schema.org","@graph":[{"@type":"WebPage","@id":"https:\/\/blog.zeit.de\/teilchen\/2015\/08\/24\/geraeusche-kauen-niesen-misophonie\/","url":"https:\/\/blog.zeit.de\/teilchen\/2015\/08\/24\/geraeusche-kauen-niesen-misophonie\/","name":"Ger\u00e4usche, \u00fcberall Ger\u00e4usche!","isPartOf":{"@id":"https:\/\/blog.zeit.de\/teilchen\/#website"},"datePublished":"2015-08-24T09:40:32+00:00","dateModified":"2015-08-24T09:45:56+00:00","author":{"@id":"https:\/\/blog.zeit.de\/teilchen\/#\/schema\/person\/4f8819497f3cb8c40a48cea72d06a55a"},"description":"Wer bei dem Klang normaler Alltagsger\u00e4usche an die Decke geht, hat es wohl mit der Misophonie zu tun.","breadcrumb":{"@id":"https:\/\/blog.zeit.de\/teilchen\/2015\/08\/24\/geraeusche-kauen-niesen-misophonie\/#breadcrumb"},"inLanguage":"de","potentialAction":[{"@type":"ReadAction","target":["https:\/\/blog.zeit.de\/teilchen\/2015\/08\/24\/geraeusche-kauen-niesen-misophonie\/"]}]},{"@type":"BreadcrumbList","@id":"https:\/\/blog.zeit.de\/teilchen\/2015\/08\/24\/geraeusche-kauen-niesen-misophonie\/#breadcrumb","itemListElement":[{"@type":"ListItem","position":1,"name":"Startseite","item":"https:\/\/blog.zeit.de\/teilchen\/"},{"@type":"ListItem","position":2,"name":"Wer kaut, sollte in Deckung gehen"}]},{"@type":"WebSite","@id":"https:\/\/blog.zeit.de\/teilchen\/#website","url":"https:\/\/blog.zeit.de\/teilchen\/","name":"Teilchen","description":"Im Netz verstecken sich kleine Sch\u00e4tze - ZEIT ONLINE findet sie.","potentialAction":[{"@type":"SearchAction","target":{"@type":"EntryPoint","urlTemplate":"https:\/\/blog.zeit.de\/teilchen\/?s={search_term_string}"},"query-input":"required name=search_term_string"}],"inLanguage":"de"},{"@type":"Person","@id":"https:\/\/blog.zeit.de\/teilchen\/#\/schema\/person\/4f8819497f3cb8c40a48cea72d06a55a","name":"Alina Schadwinkel","image":{"@type":"ImageObject","inLanguage":"de","@id":"https:\/\/blog.zeit.de\/teilchen\/#\/schema\/person\/image\/","url":"https:\/\/secure.gravatar.com\/avatar\/b3f312ac40fdb8c9c6e85125cbe44a5ef6e3f0f1dad2fe630dcdb7e956a183e4?s=96&d=mm&r=g","contentUrl":"https:\/\/secure.gravatar.com\/avatar\/b3f312ac40fdb8c9c6e85125cbe44a5ef6e3f0f1dad2fe630dcdb7e956a183e4?s=96&d=mm&r=g","caption":"Alina Schadwinkel"},"description":"ist Redakteurin bei ZEIT ONLINE.","url":"https:\/\/blog.zeit.de\/teilchen\/author\/aschadwinkel\/"}]}},"jetpack_featured_media_url":"","jetpack_sharing_enabled":true,"_links":{"self":[{"href":"https:\/\/blog.zeit.de\/teilchen\/wp-json\/wp\/v2\/posts\/7243","targetHints":{"allow":["GET"]}}],"collection":[{"href":"https:\/\/blog.zeit.de\/teilchen\/wp-json\/wp\/v2\/posts"}],"about":[{"href":"https:\/\/blog.zeit.de\/teilchen\/wp-json\/wp\/v2\/types\/post"}],"author":[{"embeddable":true,"href":"https:\/\/blog.zeit.de\/teilchen\/wp-json\/wp\/v2\/users\/448"}],"replies":[{"embeddable":true,"href":"https:\/\/blog.zeit.de\/teilchen\/wp-json\/wp\/v2\/comments?post=7243"}],"version-history":[{"count":20,"href":"https:\/\/blog.zeit.de\/teilchen\/wp-json\/wp\/v2\/posts\/7243\/revisions"}],"predecessor-version":[{"id":7265,"href":"https:\/\/blog.zeit.de\/teilchen\/wp-json\/wp\/v2\/posts\/7243\/revisions\/7265"}],"wp:attachment":[{"href":"https:\/\/blog.zeit.de\/teilchen\/wp-json\/wp\/v2\/media?parent=7243"}],"wp:term":[{"taxonomy":"category","embeddable":true,"href":"https:\/\/blog.zeit.de\/teilchen\/wp-json\/wp\/v2\/categories?post=7243"},{"taxonomy":"post_tag","embeddable":true,"href":"https:\/\/blog.zeit.de\/teilchen\/wp-json\/wp\/v2\/tags?post=7243"}],"curies":[{"name":"wp","href":"https:\/\/api.w.org\/{rel}","templated":true}]}}