{"id":7268,"date":"2015-08-24T18:11:49","date_gmt":"2015-08-24T16:11:49","guid":{"rendered":"http:\/\/blog.zeit.de\/teilchen\/?p=7268"},"modified":"2015-08-26T08:32:25","modified_gmt":"2015-08-26T06:32:25","slug":"nicht-ganz-so-knuddelig-wie-baby-george","status":"publish","type":"post","link":"https:\/\/blog.zeit.de\/teilchen\/2015\/08\/24\/nicht-ganz-so-knuddelig-wie-baby-george\/","title":{"rendered":"Nicht ganz so knuddelig wie Baby George"},"content":{"rendered":"<p><script src=\"http:\/\/player.ooyala.com\/iframe.js#pbid=2076cd5a24df4d2ab33846809627e836&amp;ec=x4cDg1dzq6cQ5c2g3aJHnPVbw6C4s9Hx\"><\/script><br \/>\nEs gibt fraglos M\u00e4nner, die sich nicht zu kleiden wissen und damit ihre Umwelt beleidigen. Dann gibt es Trendsetter, und es gibt M\u00e4nner, die Babykleidung lieben. Manche leben damit sexuelle Neigungen aus, das wird dann als <a href=\"https:\/\/de.wikipedia.org\/wiki\/Autonepiophilie\" target=\"_blank\">Autonepiophilie<\/a> bezeichnet. Mashable-Reporter Max Knoblauch lie\u00df sich trotz dieser m\u00f6glichen Vorbehalte gegen\u00fcber M\u00e4nnern im Kleinkindlook auf ein Experiment ein.<br \/>\n<!--more--><\/p>\n<p>F\u00fcnf Tage kleidete er sich wie das <a href=\"http:\/\/www.zeit.de\/zeit-magazin\/leben\/2014-07\/prince-george-william-kate-geburtstag-gesellschaftskritik\">sch\u00f6nste und beste Baby der Welt<\/a>, der britische Prinz George. <a href=\"http:\/\/mashable.com\/2015\/08\/23\/my-week-as-prince-george\/\" target=\"_blank\">Knoblauch n\u00e4hte und bestickte<\/a> sogar einen Pullunder im George-Stil. Dann studierte er, wie seine Umwelt auf seine neuen Outfits und ihn als gro\u00dfes Baby George reagierte. Das Ergebnis ist im Video dokumentiert und f\u00fcr potenzielle Nachahmer wenig ermutigend.<\/p>\n<p>Ganz anders war das seinerzeit bei Prinz Georges&#8216; Mutter Catherine: Als sie ein P\u00fcnktchenkleid der britischen Modekette Topshop trug, wollten Tausende Frauen in Gro\u00dfbritannien sich kleiden wie sie.<\/p>\n<p>&nbsp;<\/p>\n","protected":false},"excerpt":{"rendered":"<p>Es gibt fraglos M\u00e4nner, die sich nicht zu kleiden wissen und damit ihre Umwelt beleidigen. Dann gibt es Trendsetter, und es gibt M\u00e4nner, die [\u2026]<\/p>\n","protected":false},"author":512,"featured_media":7274,"comment_status":"open","ping_status":"closed","sticky":false,"template":"","format":"standard","meta":{"_jetpack_memberships_contains_paid_content":false,"footnotes":""},"categories":[28],"tags":[],"class_list":["post-7268","post","type-post","status-publish","format-standard","has-post-thumbnail","hentry","category-video"],"yoast_head":"<!-- This site is optimized with the Yoast SEO plugin v21.0 - https:\/\/yoast.com\/wordpress\/plugins\/seo\/ -->\n<title>Nicht ganz so knuddelig wie Baby George<\/title>\n<meta name=\"description\" content=\"Einmal so beliebt sein wie Baby George? Vorsicht: Nicht immer sind des Kaisers neue Kleider der Hit!\" \/>\n<meta name=\"robots\" content=\"index, follow, max-snippet:-1, max-image-preview:large, max-video-preview:-1\" \/>\n<link rel=\"canonical\" href=\"https:\/\/blog.zeit.de\/teilchen\/2015\/08\/24\/nicht-ganz-so-knuddelig-wie-baby-george\/\" \/>\n<meta property=\"og:locale\" content=\"de_DE\" \/>\n<meta property=\"og:type\" content=\"article\" \/>\n<meta property=\"og:title\" content=\"Nicht ganz so knuddelig wie Baby George\" \/>\n<meta property=\"og:description\" content=\"Einmal so beliebt sein wie Baby George? Vorsicht: Nicht immer sind des Kaisers neue Kleider der Hit!\" \/>\n<meta property=\"og:url\" content=\"https:\/\/blog.zeit.de\/teilchen\/2015\/08\/24\/nicht-ganz-so-knuddelig-wie-baby-george\/\" \/>\n<meta property=\"og:site_name\" content=\"Teilchen\" \/>\n<meta property=\"article:published_time\" content=\"2015-08-24T16:11:49+00:00\" \/>\n<meta property=\"article:modified_time\" content=\"2015-08-26T06:32:25+00:00\" \/>\n<meta property=\"og:image\" content=\"https:\/\/blog.zeit.de\/teilchen\/files\/2015\/08\/baby-george.jpg\" \/>\n\t<meta property=\"og:image:width\" content=\"640\" \/>\n\t<meta property=\"og:image:height\" content=\"329\" \/>\n\t<meta property=\"og:image:type\" content=\"image\/jpeg\" \/>\n<meta name=\"author\" content=\"Ute Brandenburger\" \/>\n<meta name=\"twitter:card\" content=\"summary_large_image\" \/>\n<meta name=\"twitter:creator\" content=\"@zeitonline\" \/>\n<meta name=\"twitter:site\" content=\"@zeitonline\" \/>\n<meta name=\"twitter:label1\" content=\"Geschrieben von\" \/>\n\t<meta name=\"twitter:data1\" content=\"Ute Brandenburger\" \/>\n\t<meta name=\"twitter:label2\" content=\"Gesch\u00e4tzte Lesezeit\" \/>\n\t<meta name=\"twitter:data2\" content=\"1\u00a0Minute\" \/>\n<script type=\"application\/ld+json\" class=\"yoast-schema-graph\">{\"@context\":\"https:\/\/schema.org\",\"@graph\":[{\"@type\":\"WebPage\",\"@id\":\"https:\/\/blog.zeit.de\/teilchen\/2015\/08\/24\/nicht-ganz-so-knuddelig-wie-baby-george\/\",\"url\":\"https:\/\/blog.zeit.de\/teilchen\/2015\/08\/24\/nicht-ganz-so-knuddelig-wie-baby-george\/\",\"name\":\"Nicht ganz so knuddelig wie Baby George\",\"isPartOf\":{\"@id\":\"https:\/\/blog.zeit.de\/teilchen\/#website\"},\"datePublished\":\"2015-08-24T16:11:49+00:00\",\"dateModified\":\"2015-08-26T06:32:25+00:00\",\"author\":{\"@id\":\"https:\/\/blog.zeit.de\/teilchen\/#\/schema\/person\/3599364aa80e33724066a76409d02a81\"},\"description\":\"Einmal so beliebt sein wie Baby George? Vorsicht: Nicht immer sind des Kaisers neue Kleider der Hit!\",\"breadcrumb\":{\"@id\":\"https:\/\/blog.zeit.de\/teilchen\/2015\/08\/24\/nicht-ganz-so-knuddelig-wie-baby-george\/#breadcrumb\"},\"inLanguage\":\"de\",\"potentialAction\":[{\"@type\":\"ReadAction\",\"target\":[\"https:\/\/blog.zeit.de\/teilchen\/2015\/08\/24\/nicht-ganz-so-knuddelig-wie-baby-george\/\"]}]},{\"@type\":\"BreadcrumbList\",\"@id\":\"https:\/\/blog.zeit.de\/teilchen\/2015\/08\/24\/nicht-ganz-so-knuddelig-wie-baby-george\/#breadcrumb\",\"itemListElement\":[{\"@type\":\"ListItem\",\"position\":1,\"name\":\"Startseite\",\"item\":\"https:\/\/blog.zeit.de\/teilchen\/\"},{\"@type\":\"ListItem\",\"position\":2,\"name\":\"Nicht ganz so knuddelig wie Baby George\"}]},{\"@type\":\"WebSite\",\"@id\":\"https:\/\/blog.zeit.de\/teilchen\/#website\",\"url\":\"https:\/\/blog.zeit.de\/teilchen\/\",\"name\":\"Teilchen\",\"description\":\"Im Netz verstecken sich kleine Sch\u00e4tze - ZEIT ONLINE findet sie.\",\"potentialAction\":[{\"@type\":\"SearchAction\",\"target\":{\"@type\":\"EntryPoint\",\"urlTemplate\":\"https:\/\/blog.zeit.de\/teilchen\/?s={search_term_string}\"},\"query-input\":\"required name=search_term_string\"}],\"inLanguage\":\"de\"},{\"@type\":\"Person\",\"@id\":\"https:\/\/blog.zeit.de\/teilchen\/#\/schema\/person\/3599364aa80e33724066a76409d02a81\",\"name\":\"Ute Brandenburger\",\"image\":{\"@type\":\"ImageObject\",\"inLanguage\":\"de\",\"@id\":\"https:\/\/blog.zeit.de\/teilchen\/#\/schema\/person\/image\/\",\"url\":\"https:\/\/secure.gravatar.com\/avatar\/3ae1b71ab9eac8344bcb58029669bed2b7885f48c244759bdd77bab578bee5dc?s=96&d=mm&r=g\",\"contentUrl\":\"https:\/\/secure.gravatar.com\/avatar\/3ae1b71ab9eac8344bcb58029669bed2b7885f48c244759bdd77bab578bee5dc?s=96&d=mm&r=g\",\"caption\":\"Ute Brandenburger\"},\"description\":\"ist Redakteurin bei ZEIT ONLINE.\",\"url\":\"https:\/\/blog.zeit.de\/teilchen\/author\/ubrandenburger\/\"}]}<\/script>\n<!-- \/ Yoast SEO plugin. -->","yoast_head_json":{"title":"Nicht ganz so knuddelig wie Baby George","description":"Einmal so beliebt sein wie Baby George? Vorsicht: Nicht immer sind des Kaisers neue Kleider der Hit!","robots":{"index":"index","follow":"follow","max-snippet":"max-snippet:-1","max-image-preview":"max-image-preview:large","max-video-preview":"max-video-preview:-1"},"canonical":"https:\/\/blog.zeit.de\/teilchen\/2015\/08\/24\/nicht-ganz-so-knuddelig-wie-baby-george\/","og_locale":"de_DE","og_type":"article","og_title":"Nicht ganz so knuddelig wie Baby George","og_description":"Einmal so beliebt sein wie Baby George? Vorsicht: Nicht immer sind des Kaisers neue Kleider der Hit!","og_url":"https:\/\/blog.zeit.de\/teilchen\/2015\/08\/24\/nicht-ganz-so-knuddelig-wie-baby-george\/","og_site_name":"Teilchen","article_published_time":"2015-08-24T16:11:49+00:00","article_modified_time":"2015-08-26T06:32:25+00:00","og_image":[{"width":640,"height":329,"url":"https:\/\/blog.zeit.de\/teilchen\/files\/2015\/08\/baby-george.jpg","type":"image\/jpeg"}],"author":"Ute Brandenburger","twitter_card":"summary_large_image","twitter_creator":"@zeitonline","twitter_site":"@zeitonline","twitter_misc":{"Geschrieben von":"Ute Brandenburger","Gesch\u00e4tzte Lesezeit":"1\u00a0Minute"},"schema":{"@context":"https:\/\/schema.org","@graph":[{"@type":"WebPage","@id":"https:\/\/blog.zeit.de\/teilchen\/2015\/08\/24\/nicht-ganz-so-knuddelig-wie-baby-george\/","url":"https:\/\/blog.zeit.de\/teilchen\/2015\/08\/24\/nicht-ganz-so-knuddelig-wie-baby-george\/","name":"Nicht ganz so knuddelig wie Baby George","isPartOf":{"@id":"https:\/\/blog.zeit.de\/teilchen\/#website"},"datePublished":"2015-08-24T16:11:49+00:00","dateModified":"2015-08-26T06:32:25+00:00","author":{"@id":"https:\/\/blog.zeit.de\/teilchen\/#\/schema\/person\/3599364aa80e33724066a76409d02a81"},"description":"Einmal so beliebt sein wie Baby George? Vorsicht: Nicht immer sind des Kaisers neue Kleider der Hit!","breadcrumb":{"@id":"https:\/\/blog.zeit.de\/teilchen\/2015\/08\/24\/nicht-ganz-so-knuddelig-wie-baby-george\/#breadcrumb"},"inLanguage":"de","potentialAction":[{"@type":"ReadAction","target":["https:\/\/blog.zeit.de\/teilchen\/2015\/08\/24\/nicht-ganz-so-knuddelig-wie-baby-george\/"]}]},{"@type":"BreadcrumbList","@id":"https:\/\/blog.zeit.de\/teilchen\/2015\/08\/24\/nicht-ganz-so-knuddelig-wie-baby-george\/#breadcrumb","itemListElement":[{"@type":"ListItem","position":1,"name":"Startseite","item":"https:\/\/blog.zeit.de\/teilchen\/"},{"@type":"ListItem","position":2,"name":"Nicht ganz so knuddelig wie Baby George"}]},{"@type":"WebSite","@id":"https:\/\/blog.zeit.de\/teilchen\/#website","url":"https:\/\/blog.zeit.de\/teilchen\/","name":"Teilchen","description":"Im Netz verstecken sich kleine Sch\u00e4tze - ZEIT ONLINE findet sie.","potentialAction":[{"@type":"SearchAction","target":{"@type":"EntryPoint","urlTemplate":"https:\/\/blog.zeit.de\/teilchen\/?s={search_term_string}"},"query-input":"required name=search_term_string"}],"inLanguage":"de"},{"@type":"Person","@id":"https:\/\/blog.zeit.de\/teilchen\/#\/schema\/person\/3599364aa80e33724066a76409d02a81","name":"Ute Brandenburger","image":{"@type":"ImageObject","inLanguage":"de","@id":"https:\/\/blog.zeit.de\/teilchen\/#\/schema\/person\/image\/","url":"https:\/\/secure.gravatar.com\/avatar\/3ae1b71ab9eac8344bcb58029669bed2b7885f48c244759bdd77bab578bee5dc?s=96&d=mm&r=g","contentUrl":"https:\/\/secure.gravatar.com\/avatar\/3ae1b71ab9eac8344bcb58029669bed2b7885f48c244759bdd77bab578bee5dc?s=96&d=mm&r=g","caption":"Ute Brandenburger"},"description":"ist Redakteurin bei ZEIT ONLINE.","url":"https:\/\/blog.zeit.de\/teilchen\/author\/ubrandenburger\/"}]}},"jetpack_featured_media_url":"https:\/\/blog.zeit.de\/teilchen\/files\/2015\/08\/baby-george.jpg","jetpack_sharing_enabled":true,"_links":{"self":[{"href":"https:\/\/blog.zeit.de\/teilchen\/wp-json\/wp\/v2\/posts\/7268","targetHints":{"allow":["GET"]}}],"collection":[{"href":"https:\/\/blog.zeit.de\/teilchen\/wp-json\/wp\/v2\/posts"}],"about":[{"href":"https:\/\/blog.zeit.de\/teilchen\/wp-json\/wp\/v2\/types\/post"}],"author":[{"embeddable":true,"href":"https:\/\/blog.zeit.de\/teilchen\/wp-json\/wp\/v2\/users\/512"}],"replies":[{"embeddable":true,"href":"https:\/\/blog.zeit.de\/teilchen\/wp-json\/wp\/v2\/comments?post=7268"}],"version-history":[{"count":12,"href":"https:\/\/blog.zeit.de\/teilchen\/wp-json\/wp\/v2\/posts\/7268\/revisions"}],"predecessor-version":[{"id":7335,"href":"https:\/\/blog.zeit.de\/teilchen\/wp-json\/wp\/v2\/posts\/7268\/revisions\/7335"}],"wp:featuredmedia":[{"embeddable":true,"href":"https:\/\/blog.zeit.de\/teilchen\/wp-json\/wp\/v2\/media\/7274"}],"wp:attachment":[{"href":"https:\/\/blog.zeit.de\/teilchen\/wp-json\/wp\/v2\/media?parent=7268"}],"wp:term":[{"taxonomy":"category","embeddable":true,"href":"https:\/\/blog.zeit.de\/teilchen\/wp-json\/wp\/v2\/categories?post=7268"},{"taxonomy":"post_tag","embeddable":true,"href":"https:\/\/blog.zeit.de\/teilchen\/wp-json\/wp\/v2\/tags?post=7268"}],"curies":[{"name":"wp","href":"https:\/\/api.w.org\/{rel}","templated":true}]}}