{"id":731,"date":"2014-12-17T10:25:36","date_gmt":"2014-12-17T09:25:36","guid":{"rendered":"http:\/\/blog.zeit.de\/teilchen\/?p=731"},"modified":"2015-03-20T17:42:54","modified_gmt":"2015-03-20T16:42:54","slug":"warum-es-ausserirdische-wahrscheinlich-gibt","status":"publish","type":"post","link":"https:\/\/blog.zeit.de\/teilchen\/2014\/12\/17\/warum-es-ausserirdische-wahrscheinlich-gibt\/","title":{"rendered":"Warum es Au\u00dferirdische wahrscheinlich gibt"},"content":{"rendered":"\n<div class=\"embed-wrapper embed-wrapper--blocked js-embed-consent\" data-method=\"iframe\">\n<script class=\"raw__source\" type=\"text\/template\"><iframe loading=\"lazy\" frameborder=\"0\" height=\"326\" src=\"\/\/www.youtube.com\/embed\/UNozx2mpXiQ\" width=\"580\"><\/iframe><\/script>\n<div class=\"embed-wrapper__inner\">\n<div class=\"embed-wrapper__text\">\n<h3>Empfohlener redaktioneller Inhalt<\/h3>\n<p data-replace=\"no\">An dieser Stelle finden Sie externen Inhalt, der den Artikel erg\u00e4nzt. Sie k\u00f6nnen sich externe Inhalte mit einem Klick anzeigen lassen und wieder ausblenden.<noscript>Bitte aktivieren Sie JavaScript damit Sie diesen Inhalt anzeigen k\u00f6nnen.<\/noscript><\/p>\n<\/div>\n<div class=\"embed-consent\">\n<label class=\"embed-consent__toggle\">\n<input class=\"js-embed-consent__toggle\" type=\"checkbox\" autocomplete=\"off\">\n<span><\/span>\nExterner Inhalt\n<\/label>\n<a href=\"https:\/\/www.zeit.de\/hilfe\/datenschutz\" target=\"_blank\" class=\"embed-consent__datalink-when-active\">Datenschutzerkl\u00e4rung<\/a>\n<\/div>\n<div class=\"embed-wrapper__footer\">\n<p data-replace=\"no\">\nIch bin damit einverstanden, dass mir externe Inhalte angezeigt werden. Damit k\u00f6nnen personenbezogene Daten an Drittplattformen \u00fcbermittelt werden. <a href=\"https:\/\/www.zeit.de\/hilfe\/datenschutz\" target=\"_blank\">Mehr dazu in unserer Datenschutzerkl\u00e4rung.<\/a>\n<\/p>\n<\/div>\n<\/div>\n<\/div>\n<p>Die Menschheit verwendet viel Energie darauf, sich Au\u00dferirdische vorzustellen: Filme wie <em>E.T., <\/em><em>Star Trek<\/em>, <em>Men in Black<\/em> oder <em>Alien<\/em> zeichnen das Spektrum des Lebens fernab der Erde von \u00fcberaus freundlich bis oberfies. Der Gedanke allein im Kosmos zu sein, erscheint uns offenbar einfach zu traurig.<\/p>\n<p>Ein kurzer Animationsfilm des Wissenschaftsmagazins <em>New Scientist<\/em> erkl\u00e4rt nun, warum die <a href=\"http:\/\/www.newscientist.com\/article\/mg22429991.600&amp;utm_campaign=youtubealiens\">Existenz au\u00dferirdischen Lebens tats\u00e4chlich wahrscheinlich ist<\/a>. Ein Grund, warum wir es noch nicht bemerkt haben: Wir denken zu viel \u00fcber seine Eigenschaften nach. Erst wenn wir aufh\u00f6rten, uns Aliens vorzustellen, besteht eine Chance, sie zu finden, erkl\u00e4ren die Kollegen.<\/p>\n<p>So ist etwa eine stark einschr\u00e4nkende Annahme, dass die Entstehung von Leben auf Kohlenstoff basiert und mit Wasser zusammenh\u00e4ngt. Deshalb jagen Forscher das Molek\u00fcl im All, untersuchen beispielsweise mit der <a href=\"http:\/\/www.zeit.de\/wissen\/2014-12\/rosetta-philae-wasser-komet\/seite-2\">Rosetta-Sonde<\/a> den Wasserdampf des Kometen Tschuri, und sind auf der Suche nach erd\u00e4hnlichen Planeten <a href=\"http:\/\/www.zeit.de\/wissen\/2014-04\/planeten-exoplaneten-kepler-astronomie-weltraum\">\u2013 mit bedingtem Erfolg.<\/a> Im September immerhin haben Wissenschaftler erstmals in der Atmosph\u00e4re eines 124 Lichtjahre entfernten <a href=\"http:\/\/www.zeit.de\/wissen\/2014-09\/wasser-planeten-sonnensystem\">Exoplaneten<\/a> Wasserdampf nachgewiesen.<\/p>\n<p><em>Weitere Teilchen finden Sie <a href=\"https:\/\/blog.zeit.de\/teilchen\/\">hier<\/a>.<\/em><\/p>\n","protected":false},"excerpt":{"rendered":"<p>Empfohlener redaktioneller Inhalt An dieser Stelle finden Sie externen Inhalt, der den Artikel erg\u00e4nzt. Sie k\u00f6nnen sich externe Inhalte mit einem Klick anzeigen lassen [\u2026]<\/p>\n","protected":false},"author":512,"featured_media":0,"comment_status":"closed","ping_status":"closed","sticky":false,"template":"","format":"standard","meta":{"_jetpack_memberships_contains_paid_content":false,"footnotes":""},"categories":[28],"tags":[],"class_list":["post-731","post","type-post","status-publish","format-standard","hentry","category-video"],"yoast_head":"<!-- This site is optimized with the Yoast SEO plugin v21.0 - https:\/\/yoast.com\/wordpress\/plugins\/seo\/ -->\n<title>Warum es Au\u00dferirdische wahrscheinlich gibt &#8902; Teilchen<\/title>\n<meta name=\"description\" content=\"So unwahrscheinlich ist es gar nicht, dass es Au\u00dferirdische gibt. Wir sollten allerdings aufh\u00f6ren, uns Aliens vorzustellen. Dann finden wir sie eher.\" \/>\n<meta name=\"robots\" content=\"index, follow, max-snippet:-1, max-image-preview:large, max-video-preview:-1\" \/>\n<link rel=\"canonical\" href=\"https:\/\/blog.zeit.de\/teilchen\/2014\/12\/17\/warum-es-ausserirdische-wahrscheinlich-gibt\/\" \/>\n<meta property=\"og:locale\" content=\"de_DE\" \/>\n<meta property=\"og:type\" content=\"article\" \/>\n<meta property=\"og:title\" content=\"Warum es Au\u00dferirdische wahrscheinlich gibt &#8902; Teilchen\" \/>\n<meta property=\"og:description\" content=\"So unwahrscheinlich ist es gar nicht, dass es Au\u00dferirdische gibt. Wir sollten allerdings aufh\u00f6ren, uns Aliens vorzustellen. Dann finden wir sie eher.\" \/>\n<meta property=\"og:url\" content=\"https:\/\/blog.zeit.de\/teilchen\/2014\/12\/17\/warum-es-ausserirdische-wahrscheinlich-gibt\/\" \/>\n<meta property=\"og:site_name\" content=\"Teilchen\" \/>\n<meta property=\"article:published_time\" content=\"2014-12-17T09:25:36+00:00\" \/>\n<meta property=\"article:modified_time\" content=\"2015-03-20T16:42:54+00:00\" \/>\n<meta property=\"og:image\" content=\"https:\/\/blog.zeit.de\/teilchen\/files\/2015\/03\/teilchen-facebook-fallback.jpg\" \/>\n\t<meta property=\"og:image:width\" content=\"1200\" \/>\n\t<meta property=\"og:image:height\" content=\"900\" \/>\n\t<meta property=\"og:image:type\" content=\"image\/jpeg\" \/>\n<meta name=\"author\" content=\"Ute Brandenburger\" \/>\n<meta name=\"twitter:card\" content=\"summary_large_image\" \/>\n<meta name=\"twitter:creator\" content=\"@zeitonline\" \/>\n<meta name=\"twitter:site\" content=\"@zeitonline\" \/>\n<meta name=\"twitter:label1\" content=\"Geschrieben von\" \/>\n\t<meta name=\"twitter:data1\" content=\"Ute Brandenburger\" \/>\n\t<meta name=\"twitter:label2\" content=\"Gesch\u00e4tzte Lesezeit\" \/>\n\t<meta name=\"twitter:data2\" content=\"1\u00a0Minute\" \/>\n<script type=\"application\/ld+json\" class=\"yoast-schema-graph\">{\"@context\":\"https:\/\/schema.org\",\"@graph\":[{\"@type\":\"WebPage\",\"@id\":\"https:\/\/blog.zeit.de\/teilchen\/2014\/12\/17\/warum-es-ausserirdische-wahrscheinlich-gibt\/\",\"url\":\"https:\/\/blog.zeit.de\/teilchen\/2014\/12\/17\/warum-es-ausserirdische-wahrscheinlich-gibt\/\",\"name\":\"Warum es Au\u00dferirdische wahrscheinlich gibt &#8902; Teilchen\",\"isPartOf\":{\"@id\":\"https:\/\/blog.zeit.de\/teilchen\/#website\"},\"datePublished\":\"2014-12-17T09:25:36+00:00\",\"dateModified\":\"2015-03-20T16:42:54+00:00\",\"author\":{\"@id\":\"https:\/\/blog.zeit.de\/teilchen\/#\/schema\/person\/3599364aa80e33724066a76409d02a81\"},\"description\":\"So unwahrscheinlich ist es gar nicht, dass es Au\u00dferirdische gibt. Wir sollten allerdings aufh\u00f6ren, uns Aliens vorzustellen. Dann finden wir sie eher.\",\"breadcrumb\":{\"@id\":\"https:\/\/blog.zeit.de\/teilchen\/2014\/12\/17\/warum-es-ausserirdische-wahrscheinlich-gibt\/#breadcrumb\"},\"inLanguage\":\"de\",\"potentialAction\":[{\"@type\":\"ReadAction\",\"target\":[\"https:\/\/blog.zeit.de\/teilchen\/2014\/12\/17\/warum-es-ausserirdische-wahrscheinlich-gibt\/\"]}]},{\"@type\":\"BreadcrumbList\",\"@id\":\"https:\/\/blog.zeit.de\/teilchen\/2014\/12\/17\/warum-es-ausserirdische-wahrscheinlich-gibt\/#breadcrumb\",\"itemListElement\":[{\"@type\":\"ListItem\",\"position\":1,\"name\":\"Startseite\",\"item\":\"https:\/\/blog.zeit.de\/teilchen\/\"},{\"@type\":\"ListItem\",\"position\":2,\"name\":\"Warum es Au\u00dferirdische wahrscheinlich gibt\"}]},{\"@type\":\"WebSite\",\"@id\":\"https:\/\/blog.zeit.de\/teilchen\/#website\",\"url\":\"https:\/\/blog.zeit.de\/teilchen\/\",\"name\":\"Teilchen\",\"description\":\"Im Netz verstecken sich kleine Sch\u00e4tze - ZEIT ONLINE findet sie.\",\"potentialAction\":[{\"@type\":\"SearchAction\",\"target\":{\"@type\":\"EntryPoint\",\"urlTemplate\":\"https:\/\/blog.zeit.de\/teilchen\/?s={search_term_string}\"},\"query-input\":\"required name=search_term_string\"}],\"inLanguage\":\"de\"},{\"@type\":\"Person\",\"@id\":\"https:\/\/blog.zeit.de\/teilchen\/#\/schema\/person\/3599364aa80e33724066a76409d02a81\",\"name\":\"Ute Brandenburger\",\"image\":{\"@type\":\"ImageObject\",\"inLanguage\":\"de\",\"@id\":\"https:\/\/blog.zeit.de\/teilchen\/#\/schema\/person\/image\/\",\"url\":\"https:\/\/secure.gravatar.com\/avatar\/3ae1b71ab9eac8344bcb58029669bed2b7885f48c244759bdd77bab578bee5dc?s=96&d=mm&r=g\",\"contentUrl\":\"https:\/\/secure.gravatar.com\/avatar\/3ae1b71ab9eac8344bcb58029669bed2b7885f48c244759bdd77bab578bee5dc?s=96&d=mm&r=g\",\"caption\":\"Ute Brandenburger\"},\"description\":\"ist Redakteurin bei ZEIT ONLINE.\",\"url\":\"https:\/\/blog.zeit.de\/teilchen\/author\/ubrandenburger\/\"}]}<\/script>\n<!-- \/ Yoast SEO plugin. -->","yoast_head_json":{"title":"Warum es Au\u00dferirdische wahrscheinlich gibt &#8902; Teilchen","description":"So unwahrscheinlich ist es gar nicht, dass es Au\u00dferirdische gibt. Wir sollten allerdings aufh\u00f6ren, uns Aliens vorzustellen. Dann finden wir sie eher.","robots":{"index":"index","follow":"follow","max-snippet":"max-snippet:-1","max-image-preview":"max-image-preview:large","max-video-preview":"max-video-preview:-1"},"canonical":"https:\/\/blog.zeit.de\/teilchen\/2014\/12\/17\/warum-es-ausserirdische-wahrscheinlich-gibt\/","og_locale":"de_DE","og_type":"article","og_title":"Warum es Au\u00dferirdische wahrscheinlich gibt &#8902; Teilchen","og_description":"So unwahrscheinlich ist es gar nicht, dass es Au\u00dferirdische gibt. Wir sollten allerdings aufh\u00f6ren, uns Aliens vorzustellen. Dann finden wir sie eher.","og_url":"https:\/\/blog.zeit.de\/teilchen\/2014\/12\/17\/warum-es-ausserirdische-wahrscheinlich-gibt\/","og_site_name":"Teilchen","article_published_time":"2014-12-17T09:25:36+00:00","article_modified_time":"2015-03-20T16:42:54+00:00","og_image":[{"width":1200,"height":900,"url":"https:\/\/blog.zeit.de\/teilchen\/files\/2015\/03\/teilchen-facebook-fallback.jpg","type":"image\/jpeg"}],"author":"Ute Brandenburger","twitter_card":"summary_large_image","twitter_creator":"@zeitonline","twitter_site":"@zeitonline","twitter_misc":{"Geschrieben von":"Ute Brandenburger","Gesch\u00e4tzte Lesezeit":"1\u00a0Minute"},"schema":{"@context":"https:\/\/schema.org","@graph":[{"@type":"WebPage","@id":"https:\/\/blog.zeit.de\/teilchen\/2014\/12\/17\/warum-es-ausserirdische-wahrscheinlich-gibt\/","url":"https:\/\/blog.zeit.de\/teilchen\/2014\/12\/17\/warum-es-ausserirdische-wahrscheinlich-gibt\/","name":"Warum es Au\u00dferirdische wahrscheinlich gibt &#8902; Teilchen","isPartOf":{"@id":"https:\/\/blog.zeit.de\/teilchen\/#website"},"datePublished":"2014-12-17T09:25:36+00:00","dateModified":"2015-03-20T16:42:54+00:00","author":{"@id":"https:\/\/blog.zeit.de\/teilchen\/#\/schema\/person\/3599364aa80e33724066a76409d02a81"},"description":"So unwahrscheinlich ist es gar nicht, dass es Au\u00dferirdische gibt. Wir sollten allerdings aufh\u00f6ren, uns Aliens vorzustellen. Dann finden wir sie eher.","breadcrumb":{"@id":"https:\/\/blog.zeit.de\/teilchen\/2014\/12\/17\/warum-es-ausserirdische-wahrscheinlich-gibt\/#breadcrumb"},"inLanguage":"de","potentialAction":[{"@type":"ReadAction","target":["https:\/\/blog.zeit.de\/teilchen\/2014\/12\/17\/warum-es-ausserirdische-wahrscheinlich-gibt\/"]}]},{"@type":"BreadcrumbList","@id":"https:\/\/blog.zeit.de\/teilchen\/2014\/12\/17\/warum-es-ausserirdische-wahrscheinlich-gibt\/#breadcrumb","itemListElement":[{"@type":"ListItem","position":1,"name":"Startseite","item":"https:\/\/blog.zeit.de\/teilchen\/"},{"@type":"ListItem","position":2,"name":"Warum es Au\u00dferirdische wahrscheinlich gibt"}]},{"@type":"WebSite","@id":"https:\/\/blog.zeit.de\/teilchen\/#website","url":"https:\/\/blog.zeit.de\/teilchen\/","name":"Teilchen","description":"Im Netz verstecken sich kleine Sch\u00e4tze - ZEIT ONLINE findet sie.","potentialAction":[{"@type":"SearchAction","target":{"@type":"EntryPoint","urlTemplate":"https:\/\/blog.zeit.de\/teilchen\/?s={search_term_string}"},"query-input":"required name=search_term_string"}],"inLanguage":"de"},{"@type":"Person","@id":"https:\/\/blog.zeit.de\/teilchen\/#\/schema\/person\/3599364aa80e33724066a76409d02a81","name":"Ute Brandenburger","image":{"@type":"ImageObject","inLanguage":"de","@id":"https:\/\/blog.zeit.de\/teilchen\/#\/schema\/person\/image\/","url":"https:\/\/secure.gravatar.com\/avatar\/3ae1b71ab9eac8344bcb58029669bed2b7885f48c244759bdd77bab578bee5dc?s=96&d=mm&r=g","contentUrl":"https:\/\/secure.gravatar.com\/avatar\/3ae1b71ab9eac8344bcb58029669bed2b7885f48c244759bdd77bab578bee5dc?s=96&d=mm&r=g","caption":"Ute Brandenburger"},"description":"ist Redakteurin bei ZEIT ONLINE.","url":"https:\/\/blog.zeit.de\/teilchen\/author\/ubrandenburger\/"}]}},"jetpack_featured_media_url":"","jetpack_sharing_enabled":true,"_links":{"self":[{"href":"https:\/\/blog.zeit.de\/teilchen\/wp-json\/wp\/v2\/posts\/731","targetHints":{"allow":["GET"]}}],"collection":[{"href":"https:\/\/blog.zeit.de\/teilchen\/wp-json\/wp\/v2\/posts"}],"about":[{"href":"https:\/\/blog.zeit.de\/teilchen\/wp-json\/wp\/v2\/types\/post"}],"author":[{"embeddable":true,"href":"https:\/\/blog.zeit.de\/teilchen\/wp-json\/wp\/v2\/users\/512"}],"replies":[{"embeddable":true,"href":"https:\/\/blog.zeit.de\/teilchen\/wp-json\/wp\/v2\/comments?post=731"}],"version-history":[{"count":12,"href":"https:\/\/blog.zeit.de\/teilchen\/wp-json\/wp\/v2\/posts\/731\/revisions"}],"predecessor-version":[{"id":2461,"href":"https:\/\/blog.zeit.de\/teilchen\/wp-json\/wp\/v2\/posts\/731\/revisions\/2461"}],"wp:attachment":[{"href":"https:\/\/blog.zeit.de\/teilchen\/wp-json\/wp\/v2\/media?parent=731"}],"wp:term":[{"taxonomy":"category","embeddable":true,"href":"https:\/\/blog.zeit.de\/teilchen\/wp-json\/wp\/v2\/categories?post=731"},{"taxonomy":"post_tag","embeddable":true,"href":"https:\/\/blog.zeit.de\/teilchen\/wp-json\/wp\/v2\/tags?post=731"}],"curies":[{"name":"wp","href":"https:\/\/api.w.org\/{rel}","templated":true}]}}