{"id":7409,"date":"2015-08-28T15:49:15","date_gmt":"2015-08-28T13:49:15","guid":{"rendered":"http:\/\/blog.zeit.de\/teilchen\/?p=7409"},"modified":"2015-08-28T16:00:38","modified_gmt":"2015-08-28T14:00:38","slug":"fluechtlinge-einreise-europa-reportage-new-york-times","status":"publish","type":"post","link":"https:\/\/blog.zeit.de\/teilchen\/2015\/08\/28\/fluechtlinge-einreise-europa-reportage-new-york-times\/","title":{"rendered":"Gef\u00e4hrlicher Endspurt nach Ungarn"},"content":{"rendered":"<p class=\"wp-caption-text\"><img loading=\"lazy\" decoding=\"async\" class=\"alignnone wp-image-7410 size-medium\" src=\"https:\/\/blog.zeit.de\/teilchen\/files\/2015\/08\/imgo1-580x386.jpg\" alt=\"Fl\u00fcchtlinge auf dem gef\u00e4hrlichem Endspurt nach Europa\" width=\"580\" height=\"386\" srcset=\"https:\/\/blog.zeit.de\/teilchen\/files\/2015\/08\/imgo1-580x386.jpg 580w, https:\/\/blog.zeit.de\/teilchen\/files\/2015\/08\/imgo1.jpg 800w\" sizes=\"auto, (max-width: 580px) 100vw, 580px\" \/>Syrische Fl\u00fcchtlinge auf ihrem Weg an die serbische Grenze Richtung Ungarn <em>Credit: Marko Djurica\/Reuters<\/em><\/p>\n<p>Zehntausende Fl\u00fcchtlinge sind derzeit auf dem Weg nach Europa, um dort Schutz vor Kriegen und Repressionen in ihren Heimatl\u00e4ndern zu suchen. Die <a href=\"http:\/\/www.nytimes.com\/interactive\/projects\/cp\/reporters-notebook\/migrants?utm_source=nextdraft&amp;utm_medium=email\" target=\"_blank\"><em>New York Times<\/em> hat einige von ihnen begleitet und ihre Reise in dieser interaktiven Multimediareportage<\/a> aufgezeichnet.<!--more--><\/p>\n<p>&#8222;K\u00f6nnen wir ohne abgestempelte Papiere ausreisen?&#8220; Diese Frage des 24-j\u00e4hrigen Syrien-Fl\u00fcchtlings Ahmed Hamed besch\u00e4ftigt gegenw\u00e4rtig\u00a0viele Fl\u00fcchtlinge an der serbischen Grenze. Ungarn will schon in wenigen Tagen einen Zaun an der Grenze zu Serbien fertigstellen. Zurzeit\u00a0versuchen daher jeden Tag <a href=\"http:\/\/www.zeit.de\/video\/2015-08\/4445617069001\/grenze-zur-eu-fluechtlinge-wandern-von-serbien-nach-ungarn#autoplay\" target=\"_blank\">besonders viele Fl\u00fcchtlinge, in das EU-Land<\/a> zu gelangen.<\/p>\n<p>Eine Odyssee haben auch die 22-j\u00e4hrige Jamila Khalil und ihr acht Jahre \u00e4lterer Ehemann Ahmad Majid hinter sich: Das kurdische Ehepaar f\u00fchlte sich in Syrien von islamistischen Militaristen verfolgt und floh mit seinen Kindern und anderen Familienmitgliedern vor einem halben Jahr in die T\u00fcrkei. Dort mieteten sie sich ein Haus. Dieses ist ihnen inzwischen allerdings zu teuer geworden; also machten sie sich auf in Richtung Europ\u00e4ischer Union. Schmuggler brachten sie nach Griechenland. Durch Mazedonien fuhren sie weiter bis nach Serbien.<\/p>\n<p>Insgesamt <a href=\"http:\/\/www.nytimes.com\/interactive\/projects\/cp\/reporters-notebook\/migrants?utm_source=nextdraft&amp;utm_medium=email\" target=\"_blank\">elf Kurzreportagen hat die <em>New York Times<\/em> in ihre Webdoku<\/a> aufgenommen. Welche Auswirkungen das <a href=\"http:\/\/www.zeit.de\/gesellschaft\/zeitgeschehen\/2015-08\/oesterreich-fluechtlinge-leichen-lkw-autobahn-polizei\" target=\"_blank\">Fl\u00fcchtlingsdrama in \u00d6sterreich<\/a> auf die Reisepl\u00e4ne der Migranten haben wird, ist derzeit noch unklar.<\/p>\n<p><em>Weitere <a href=\"https:\/\/blog.zeit.de\/teilchen\/\" target=\"_blank\">Teilchen finden Sie hier<\/a>. Darunter eine <a href=\"https:\/\/blog.zeit.de\/teilchen\/2015\/08\/27\/wo-in-deutschland-viele-fluechtlinge-leben\/\" target=\"_blank\">Karte \u00fcber die Verteilung von Fl\u00fcchtlingen in Deutschland<\/a>, eine <a href=\"https:\/\/blog.zeit.de\/teilchen\/2015\/08\/07\/fluechtlinge-willkommen-in-deutschland\/\" target=\"_blank\">Willkommensbotschaft an Fl\u00fcchtlinge<\/a>, ein <a href=\"https:\/\/blog.zeit.de\/teilchen\/2015\/04\/02\/wie-sie-aus-syrien-fluechten-wuerden\/\" target=\"_blank\">News-Game der BBC<\/a>, ein <a href=\"https:\/\/blog.zeit.de\/teilchen\/2015\/04\/21\/fluechtlinge-syrien-europa\/\" target=\"_blank\">Video von Fl\u00fcchtlingen nach ihrer Ankunft in Europa<\/a> und ein <a href=\"https:\/\/blog.zeit.de\/teilchen\/2015\/05\/12\/tote-fluechtlinge-an-touristenstraenden\/\" target=\"_blank\">Datenprojekt \u00fcber tote Fl\u00fcchtlinge an Touristenstr\u00e4nden des Mittelmeeres<\/a>.<\/em><\/p>\n","protected":false},"excerpt":{"rendered":"<p>Syrische Fl\u00fcchtlinge auf ihrem Weg an die serbische Grenze Richtung Ungarn Credit: Marko Djurica\/Reuters Zehntausende Fl\u00fcchtlinge sind derzeit auf dem Weg nach Europa, um [\u2026]<\/p>\n","protected":false},"author":528,"featured_media":7410,"comment_status":"open","ping_status":"closed","sticky":false,"template":"","format":"standard","meta":{"_jetpack_memberships_contains_paid_content":false,"footnotes":""},"categories":[14172,29747],"tags":[],"class_list":["post-7409","post","type-post","status-publish","format-standard","has-post-thumbnail","hentry","category-bilder","category-geschichten"],"yoast_head":"<!-- This site is optimized with the Yoast SEO plugin v21.0 - https:\/\/yoast.com\/wordpress\/plugins\/seo\/ -->\n<title>Fl\u00fcchtlinge auf dem gef\u00e4hrlichem Endspurt nach Europa<\/title>\n<meta name=\"description\" content=\"Die &quot;New York Times&quot; hat mehrere Fl\u00fcchtlinge begleitet und ihre Reise in einer interaktiven Multimediareportage aufgezeichnet.\" \/>\n<meta name=\"robots\" content=\"index, follow, max-snippet:-1, max-image-preview:large, max-video-preview:-1\" \/>\n<link rel=\"canonical\" href=\"https:\/\/blog.zeit.de\/teilchen\/2015\/08\/28\/fluechtlinge-einreise-europa-reportage-new-york-times\/\" \/>\n<meta property=\"og:locale\" content=\"de_DE\" \/>\n<meta property=\"og:type\" content=\"article\" \/>\n<meta property=\"og:title\" content=\"Fl\u00fcchtlinge auf dem gef\u00e4hrlichem Endspurt nach Europa\" \/>\n<meta property=\"og:description\" content=\"Die &quot;New York Times&quot; hat mehrere Fl\u00fcchtlinge begleitet und ihre Reise in einer interaktiven Multimediareportage aufgezeichnet.\" \/>\n<meta property=\"og:url\" content=\"https:\/\/blog.zeit.de\/teilchen\/2015\/08\/28\/fluechtlinge-einreise-europa-reportage-new-york-times\/\" \/>\n<meta property=\"og:site_name\" content=\"Teilchen\" \/>\n<meta property=\"article:published_time\" content=\"2015-08-28T13:49:15+00:00\" \/>\n<meta property=\"article:modified_time\" content=\"2015-08-28T14:00:38+00:00\" \/>\n<meta property=\"og:image\" content=\"https:\/\/blog.zeit.de\/teilchen\/files\/2015\/08\/imgo1.jpg\" \/>\n\t<meta property=\"og:image:width\" content=\"800\" \/>\n\t<meta property=\"og:image:height\" content=\"533\" \/>\n\t<meta property=\"og:image:type\" content=\"image\/jpeg\" \/>\n<meta name=\"author\" content=\"Bj\u00f6rn Maatz\" \/>\n<meta name=\"twitter:card\" content=\"summary_large_image\" \/>\n<meta name=\"twitter:creator\" content=\"@BjoernMaatz\" \/>\n<meta name=\"twitter:site\" content=\"@zeitonline\" \/>\n<meta name=\"twitter:label1\" content=\"Geschrieben von\" \/>\n\t<meta name=\"twitter:data1\" content=\"Bj\u00f6rn Maatz\" \/>\n\t<meta name=\"twitter:label2\" content=\"Gesch\u00e4tzte Lesezeit\" \/>\n\t<meta name=\"twitter:data2\" content=\"1\u00a0Minute\" \/>\n<script type=\"application\/ld+json\" class=\"yoast-schema-graph\">{\"@context\":\"https:\/\/schema.org\",\"@graph\":[{\"@type\":\"WebPage\",\"@id\":\"https:\/\/blog.zeit.de\/teilchen\/2015\/08\/28\/fluechtlinge-einreise-europa-reportage-new-york-times\/\",\"url\":\"https:\/\/blog.zeit.de\/teilchen\/2015\/08\/28\/fluechtlinge-einreise-europa-reportage-new-york-times\/\",\"name\":\"Fl\u00fcchtlinge auf dem gef\u00e4hrlichem Endspurt nach Europa\",\"isPartOf\":{\"@id\":\"https:\/\/blog.zeit.de\/teilchen\/#website\"},\"datePublished\":\"2015-08-28T13:49:15+00:00\",\"dateModified\":\"2015-08-28T14:00:38+00:00\",\"author\":{\"@id\":\"https:\/\/blog.zeit.de\/teilchen\/#\/schema\/person\/20ae47479c9c6443ed61f03c9eac892f\"},\"description\":\"Die \\\"New York Times\\\" hat mehrere Fl\u00fcchtlinge begleitet und ihre Reise in einer interaktiven Multimediareportage aufgezeichnet.\",\"breadcrumb\":{\"@id\":\"https:\/\/blog.zeit.de\/teilchen\/2015\/08\/28\/fluechtlinge-einreise-europa-reportage-new-york-times\/#breadcrumb\"},\"inLanguage\":\"de\",\"potentialAction\":[{\"@type\":\"ReadAction\",\"target\":[\"https:\/\/blog.zeit.de\/teilchen\/2015\/08\/28\/fluechtlinge-einreise-europa-reportage-new-york-times\/\"]}]},{\"@type\":\"BreadcrumbList\",\"@id\":\"https:\/\/blog.zeit.de\/teilchen\/2015\/08\/28\/fluechtlinge-einreise-europa-reportage-new-york-times\/#breadcrumb\",\"itemListElement\":[{\"@type\":\"ListItem\",\"position\":1,\"name\":\"Startseite\",\"item\":\"https:\/\/blog.zeit.de\/teilchen\/\"},{\"@type\":\"ListItem\",\"position\":2,\"name\":\"Gef\u00e4hrlicher Endspurt nach Ungarn\"}]},{\"@type\":\"WebSite\",\"@id\":\"https:\/\/blog.zeit.de\/teilchen\/#website\",\"url\":\"https:\/\/blog.zeit.de\/teilchen\/\",\"name\":\"Teilchen\",\"description\":\"Im Netz verstecken sich kleine Sch\u00e4tze - ZEIT ONLINE findet sie.\",\"potentialAction\":[{\"@type\":\"SearchAction\",\"target\":{\"@type\":\"EntryPoint\",\"urlTemplate\":\"https:\/\/blog.zeit.de\/teilchen\/?s={search_term_string}\"},\"query-input\":\"required name=search_term_string\"}],\"inLanguage\":\"de\"},{\"@type\":\"Person\",\"@id\":\"https:\/\/blog.zeit.de\/teilchen\/#\/schema\/person\/20ae47479c9c6443ed61f03c9eac892f\",\"name\":\"Bj\u00f6rn Maatz\",\"image\":{\"@type\":\"ImageObject\",\"inLanguage\":\"de\",\"@id\":\"https:\/\/blog.zeit.de\/teilchen\/#\/schema\/person\/image\/\",\"url\":\"https:\/\/secure.gravatar.com\/avatar\/4ed13ddffa21af7dcec9d6d36d2b36f05bfc49e1676e43abd84a80376d644278?s=96&d=mm&r=g\",\"contentUrl\":\"https:\/\/secure.gravatar.com\/avatar\/4ed13ddffa21af7dcec9d6d36d2b36f05bfc49e1676e43abd84a80376d644278?s=96&d=mm&r=g\",\"caption\":\"Bj\u00f6rn Maatz\"},\"description\":\"Leitet die Online-Redaktion der Kreativagentur Philipp und Keuntje. Zuvor Engagement-Redakteur bei ZEIT ONLINE und bei FINANCIAL TIMES DEUTSCHLAND, u.a. als Print-Redakteur im Unternehmensressort sowie als erster und letzter Social-Media-Redakteur. Studium der Wirtschaftsjournalistik in Bremen und Melbourne mit Hospitanzen beim NDR, der dpa und dem Hamburger Abendblatt.\",\"sameAs\":[\"https:\/\/twitter.com\/BjoernMaatz\"],\"url\":\"https:\/\/blog.zeit.de\/teilchen\/author\/bjoernmaatz\/\"}]}<\/script>\n<!-- \/ Yoast SEO plugin. -->","yoast_head_json":{"title":"Fl\u00fcchtlinge auf dem gef\u00e4hrlichem Endspurt nach Europa","description":"Die \"New York Times\" hat mehrere Fl\u00fcchtlinge begleitet und ihre Reise in einer interaktiven Multimediareportage aufgezeichnet.","robots":{"index":"index","follow":"follow","max-snippet":"max-snippet:-1","max-image-preview":"max-image-preview:large","max-video-preview":"max-video-preview:-1"},"canonical":"https:\/\/blog.zeit.de\/teilchen\/2015\/08\/28\/fluechtlinge-einreise-europa-reportage-new-york-times\/","og_locale":"de_DE","og_type":"article","og_title":"Fl\u00fcchtlinge auf dem gef\u00e4hrlichem Endspurt nach Europa","og_description":"Die \"New York Times\" hat mehrere Fl\u00fcchtlinge begleitet und ihre Reise in einer interaktiven Multimediareportage aufgezeichnet.","og_url":"https:\/\/blog.zeit.de\/teilchen\/2015\/08\/28\/fluechtlinge-einreise-europa-reportage-new-york-times\/","og_site_name":"Teilchen","article_published_time":"2015-08-28T13:49:15+00:00","article_modified_time":"2015-08-28T14:00:38+00:00","og_image":[{"width":800,"height":533,"url":"https:\/\/blog.zeit.de\/teilchen\/files\/2015\/08\/imgo1.jpg","type":"image\/jpeg"}],"author":"Bj\u00f6rn Maatz","twitter_card":"summary_large_image","twitter_creator":"@BjoernMaatz","twitter_site":"@zeitonline","twitter_misc":{"Geschrieben von":"Bj\u00f6rn Maatz","Gesch\u00e4tzte Lesezeit":"1\u00a0Minute"},"schema":{"@context":"https:\/\/schema.org","@graph":[{"@type":"WebPage","@id":"https:\/\/blog.zeit.de\/teilchen\/2015\/08\/28\/fluechtlinge-einreise-europa-reportage-new-york-times\/","url":"https:\/\/blog.zeit.de\/teilchen\/2015\/08\/28\/fluechtlinge-einreise-europa-reportage-new-york-times\/","name":"Fl\u00fcchtlinge auf dem gef\u00e4hrlichem Endspurt nach Europa","isPartOf":{"@id":"https:\/\/blog.zeit.de\/teilchen\/#website"},"datePublished":"2015-08-28T13:49:15+00:00","dateModified":"2015-08-28T14:00:38+00:00","author":{"@id":"https:\/\/blog.zeit.de\/teilchen\/#\/schema\/person\/20ae47479c9c6443ed61f03c9eac892f"},"description":"Die \"New York Times\" hat mehrere Fl\u00fcchtlinge begleitet und ihre Reise in einer interaktiven Multimediareportage aufgezeichnet.","breadcrumb":{"@id":"https:\/\/blog.zeit.de\/teilchen\/2015\/08\/28\/fluechtlinge-einreise-europa-reportage-new-york-times\/#breadcrumb"},"inLanguage":"de","potentialAction":[{"@type":"ReadAction","target":["https:\/\/blog.zeit.de\/teilchen\/2015\/08\/28\/fluechtlinge-einreise-europa-reportage-new-york-times\/"]}]},{"@type":"BreadcrumbList","@id":"https:\/\/blog.zeit.de\/teilchen\/2015\/08\/28\/fluechtlinge-einreise-europa-reportage-new-york-times\/#breadcrumb","itemListElement":[{"@type":"ListItem","position":1,"name":"Startseite","item":"https:\/\/blog.zeit.de\/teilchen\/"},{"@type":"ListItem","position":2,"name":"Gef\u00e4hrlicher Endspurt nach Ungarn"}]},{"@type":"WebSite","@id":"https:\/\/blog.zeit.de\/teilchen\/#website","url":"https:\/\/blog.zeit.de\/teilchen\/","name":"Teilchen","description":"Im Netz verstecken sich kleine Sch\u00e4tze - ZEIT ONLINE findet sie.","potentialAction":[{"@type":"SearchAction","target":{"@type":"EntryPoint","urlTemplate":"https:\/\/blog.zeit.de\/teilchen\/?s={search_term_string}"},"query-input":"required name=search_term_string"}],"inLanguage":"de"},{"@type":"Person","@id":"https:\/\/blog.zeit.de\/teilchen\/#\/schema\/person\/20ae47479c9c6443ed61f03c9eac892f","name":"Bj\u00f6rn Maatz","image":{"@type":"ImageObject","inLanguage":"de","@id":"https:\/\/blog.zeit.de\/teilchen\/#\/schema\/person\/image\/","url":"https:\/\/secure.gravatar.com\/avatar\/4ed13ddffa21af7dcec9d6d36d2b36f05bfc49e1676e43abd84a80376d644278?s=96&d=mm&r=g","contentUrl":"https:\/\/secure.gravatar.com\/avatar\/4ed13ddffa21af7dcec9d6d36d2b36f05bfc49e1676e43abd84a80376d644278?s=96&d=mm&r=g","caption":"Bj\u00f6rn Maatz"},"description":"Leitet die Online-Redaktion der Kreativagentur Philipp und Keuntje. Zuvor Engagement-Redakteur bei ZEIT ONLINE und bei FINANCIAL TIMES DEUTSCHLAND, u.a. als Print-Redakteur im Unternehmensressort sowie als erster und letzter Social-Media-Redakteur. Studium der Wirtschaftsjournalistik in Bremen und Melbourne mit Hospitanzen beim NDR, der dpa und dem Hamburger Abendblatt.","sameAs":["https:\/\/twitter.com\/BjoernMaatz"],"url":"https:\/\/blog.zeit.de\/teilchen\/author\/bjoernmaatz\/"}]}},"jetpack_featured_media_url":"https:\/\/blog.zeit.de\/teilchen\/files\/2015\/08\/imgo1.jpg","jetpack_sharing_enabled":true,"_links":{"self":[{"href":"https:\/\/blog.zeit.de\/teilchen\/wp-json\/wp\/v2\/posts\/7409","targetHints":{"allow":["GET"]}}],"collection":[{"href":"https:\/\/blog.zeit.de\/teilchen\/wp-json\/wp\/v2\/posts"}],"about":[{"href":"https:\/\/blog.zeit.de\/teilchen\/wp-json\/wp\/v2\/types\/post"}],"author":[{"embeddable":true,"href":"https:\/\/blog.zeit.de\/teilchen\/wp-json\/wp\/v2\/users\/528"}],"replies":[{"embeddable":true,"href":"https:\/\/blog.zeit.de\/teilchen\/wp-json\/wp\/v2\/comments?post=7409"}],"version-history":[{"count":11,"href":"https:\/\/blog.zeit.de\/teilchen\/wp-json\/wp\/v2\/posts\/7409\/revisions"}],"predecessor-version":[{"id":7424,"href":"https:\/\/blog.zeit.de\/teilchen\/wp-json\/wp\/v2\/posts\/7409\/revisions\/7424"}],"wp:featuredmedia":[{"embeddable":true,"href":"https:\/\/blog.zeit.de\/teilchen\/wp-json\/wp\/v2\/media\/7410"}],"wp:attachment":[{"href":"https:\/\/blog.zeit.de\/teilchen\/wp-json\/wp\/v2\/media?parent=7409"}],"wp:term":[{"taxonomy":"category","embeddable":true,"href":"https:\/\/blog.zeit.de\/teilchen\/wp-json\/wp\/v2\/categories?post=7409"},{"taxonomy":"post_tag","embeddable":true,"href":"https:\/\/blog.zeit.de\/teilchen\/wp-json\/wp\/v2\/tags?post=7409"}],"curies":[{"name":"wp","href":"https:\/\/api.w.org\/{rel}","templated":true}]}}