{"id":7418,"date":"2015-08-28T17:40:09","date_gmt":"2015-08-28T15:40:09","guid":{"rendered":"http:\/\/blog.zeit.de\/teilchen\/?p=7418"},"modified":"2015-08-29T12:36:52","modified_gmt":"2015-08-29T10:36:52","slug":"bier-kaffee-unter-der-dusche","status":"publish","type":"post","link":"https:\/\/blog.zeit.de\/teilchen\/2015\/08\/28\/bier-kaffee-unter-der-dusche\/","title":{"rendered":"Gesucht: das beste Duschbier"},"content":{"rendered":"<p class=\"wp-caption-text\"><img loading=\"lazy\" decoding=\"async\" class=\"aligncenter wp-image-7431 size-medium\" src=\"https:\/\/blog.zeit.de\/teilchen\/files\/2015\/08\/Bier-580x326.jpg\" alt=\"Gesucht: das beste Bier zum Duschen\" width=\"580\" height=\"326\" \/><br \/>\nUnd was trinken Sie so unter der Dusche? Quelle: CC BY 2.0<\/p>\n<p>Wir haben bei den ZEIT-ONLINE-Kollegen nachgefragt, weil wir uns nicht vorstellen konnten, dass Menschen so etwas tats\u00e4chlich machen. Und mussten feststellen: Es gibt sie wirklich. Menschen, die unter der Dusche Kaffee trinken. Und Bier. Dank eines Podcasts kennen wir nun sogar das beste Duschbier.<!--more--><\/p>\n<p>K\u00fcrzlich unterhielt sich Dan Pashman in seinem Food-Podcast <em>The Sporkful<\/em> etwa 20 Minuten \u00fcber dieses Thema. Und besprach die (fast schon philosophische) Frage: Welches Bier ist ideal f\u00fcr den Duschgebrauch? Nun, Sie werden sich schon denken, dass die Antwort darauf nicht einfach zu finden ist. <a href=\"http:\/\/digg.com\/2015\/shower-beers-sporkful\" target=\"_blank\">F\u00fcr <em>Digg<\/em> hat Pashman eine Kurzzusammenfassung seines gew\u00f6hnlichen Bierkonsums notiert<\/a>:<\/p>\n<ul>\n<li>In 90 Prozent der F\u00e4lle sucht er das Bier nach dem Wetter aus.<\/li>\n<li>Ist es drau\u00dfen hei\u00df, trinkt er ein leichtes Bier, im Winter eher ein st\u00e4rkeres.<\/li>\n<\/ul>\n<p>Allerdings: Wenn drau\u00dfen die Temperaturen hoch sind, duschen wir in der Regel \u2013 genau: kalt. Und was bedeutet das nun f\u00fcr das Duschbier? Pashman hat es ausprobiert. Er ging in die Sommerhitze, k\u00fchlte sich unter der Dusche ab und trank sich durch das amerikanische Biersortiment. Der Gewinner war ein Bier, das in den USA \u2013 anders als hierzulande \u2013 offenbar in die Kategorie Winterbier f\u00e4llt. Das Hefeweizen.<\/p>\n<p>Fortgeschrittene k\u00f6nnen \u00fcbrigens auch versuchen, ein Eis-Sandwich unter der hei\u00dfen Dusche zu essen. Wie das funktioniert, <a href=\"https:\/\/www.wnyc.org\/radio\/#\/ondemand\/522949\" target=\"_blank\">k\u00f6nnen Sie in dieser Ausgabe von <em>The Sporkful<\/em> nachh\u00f6ren<\/a>. Wir versprechen, Sie werden sich anschlie\u00dfend einen K\u00fchlschrank ins Badezimmer stellen.<\/p>\n<p>Und jetzt alle so:<\/p>\n<p><iframe loading=\"lazy\" class=\"giphy-embed\" frameborder=\"0\" height=\"372\" src=\"\/\/giphy.com\/embed\/uWE36zQcsSaUU\" width=\"480\"><\/iframe><\/p>\n<p><em>Weitere <a href=\"https:\/\/blog.zeit.de\/teilchen\/\" target=\"_blank\">Teilchen finden Sie hier<\/a>.<\/em><\/p>\n","protected":false},"excerpt":{"rendered":"<p>Und was trinken Sie so unter der Dusche? Quelle: CC BY 2.0 Wir haben bei den ZEIT-ONLINE-Kollegen nachgefragt, weil wir uns nicht vorstellen konnten, [\u2026]<\/p>\n","protected":false},"author":556,"featured_media":0,"comment_status":"open","ping_status":"closed","sticky":false,"template":"","format":"standard","meta":{"_jetpack_memberships_contains_paid_content":false,"footnotes":""},"categories":[29747],"tags":[],"class_list":["post-7418","post","type-post","status-publish","format-standard","hentry","category-geschichten"],"yoast_head":"<!-- This site is optimized with the Yoast SEO plugin v21.0 - https:\/\/yoast.com\/wordpress\/plugins\/seo\/ -->\n<title>Gesucht: das beste Bier zum Duschen<\/title>\n<meta name=\"description\" content=\"Es gibt sie wirklich. Menschen, die unter der Dusche Bier trinken. Wir wissen jetzt sogar, welches.\" \/>\n<meta name=\"robots\" content=\"index, follow, max-snippet:-1, max-image-preview:large, max-video-preview:-1\" \/>\n<link rel=\"canonical\" href=\"https:\/\/blog.zeit.de\/teilchen\/2015\/08\/28\/bier-kaffee-unter-der-dusche\/\" \/>\n<meta property=\"og:locale\" content=\"de_DE\" \/>\n<meta property=\"og:type\" content=\"article\" \/>\n<meta property=\"og:title\" content=\"Gesucht: das beste Bier zum Duschen\" \/>\n<meta property=\"og:description\" content=\"Es gibt sie wirklich. Menschen, die unter der Dusche Bier trinken. Wir wissen jetzt sogar, welches.\" \/>\n<meta property=\"og:url\" content=\"https:\/\/blog.zeit.de\/teilchen\/2015\/08\/28\/bier-kaffee-unter-der-dusche\/\" \/>\n<meta property=\"og:site_name\" content=\"Teilchen\" \/>\n<meta property=\"article:published_time\" content=\"2015-08-28T15:40:09+00:00\" \/>\n<meta property=\"article:modified_time\" content=\"2015-08-29T10:36:52+00:00\" \/>\n<meta property=\"og:image\" content=\"https:\/\/blog.zeit.de\/teilchen\/files\/2015\/08\/Bier-580x326.jpg\" \/>\n<meta name=\"author\" content=\"Tobias Dorfer\" \/>\n<meta name=\"twitter:card\" content=\"summary_large_image\" \/>\n<meta name=\"twitter:creator\" content=\"@tobiasdorfer\" \/>\n<meta name=\"twitter:site\" content=\"@zeitonline\" \/>\n<meta name=\"twitter:label1\" content=\"Geschrieben von\" \/>\n\t<meta name=\"twitter:data1\" content=\"Tobias Dorfer\" \/>\n\t<meta name=\"twitter:label2\" content=\"Gesch\u00e4tzte Lesezeit\" \/>\n\t<meta name=\"twitter:data2\" content=\"1\u00a0Minute\" \/>\n<script type=\"application\/ld+json\" class=\"yoast-schema-graph\">{\"@context\":\"https:\/\/schema.org\",\"@graph\":[{\"@type\":\"WebPage\",\"@id\":\"https:\/\/blog.zeit.de\/teilchen\/2015\/08\/28\/bier-kaffee-unter-der-dusche\/\",\"url\":\"https:\/\/blog.zeit.de\/teilchen\/2015\/08\/28\/bier-kaffee-unter-der-dusche\/\",\"name\":\"Gesucht: das beste Bier zum Duschen\",\"isPartOf\":{\"@id\":\"https:\/\/blog.zeit.de\/teilchen\/#website\"},\"datePublished\":\"2015-08-28T15:40:09+00:00\",\"dateModified\":\"2015-08-29T10:36:52+00:00\",\"author\":{\"@id\":\"https:\/\/blog.zeit.de\/teilchen\/#\/schema\/person\/e90ba849254185115fd919d4fad07dc0\"},\"description\":\"Es gibt sie wirklich. Menschen, die unter der Dusche Bier trinken. Wir wissen jetzt sogar, welches.\",\"breadcrumb\":{\"@id\":\"https:\/\/blog.zeit.de\/teilchen\/2015\/08\/28\/bier-kaffee-unter-der-dusche\/#breadcrumb\"},\"inLanguage\":\"de\",\"potentialAction\":[{\"@type\":\"ReadAction\",\"target\":[\"https:\/\/blog.zeit.de\/teilchen\/2015\/08\/28\/bier-kaffee-unter-der-dusche\/\"]}]},{\"@type\":\"BreadcrumbList\",\"@id\":\"https:\/\/blog.zeit.de\/teilchen\/2015\/08\/28\/bier-kaffee-unter-der-dusche\/#breadcrumb\",\"itemListElement\":[{\"@type\":\"ListItem\",\"position\":1,\"name\":\"Startseite\",\"item\":\"https:\/\/blog.zeit.de\/teilchen\/\"},{\"@type\":\"ListItem\",\"position\":2,\"name\":\"Gesucht: das beste Duschbier\"}]},{\"@type\":\"WebSite\",\"@id\":\"https:\/\/blog.zeit.de\/teilchen\/#website\",\"url\":\"https:\/\/blog.zeit.de\/teilchen\/\",\"name\":\"Teilchen\",\"description\":\"Im Netz verstecken sich kleine Sch\u00e4tze - ZEIT ONLINE findet sie.\",\"potentialAction\":[{\"@type\":\"SearchAction\",\"target\":{\"@type\":\"EntryPoint\",\"urlTemplate\":\"https:\/\/blog.zeit.de\/teilchen\/?s={search_term_string}\"},\"query-input\":\"required name=search_term_string\"}],\"inLanguage\":\"de\"},{\"@type\":\"Person\",\"@id\":\"https:\/\/blog.zeit.de\/teilchen\/#\/schema\/person\/e90ba849254185115fd919d4fad07dc0\",\"name\":\"Tobias Dorfer\",\"image\":{\"@type\":\"ImageObject\",\"inLanguage\":\"de\",\"@id\":\"https:\/\/blog.zeit.de\/teilchen\/#\/schema\/person\/image\/\",\"url\":\"https:\/\/secure.gravatar.com\/avatar\/0021e1a3fe9f799912804bcca6f1bcbbe58ee3bf29c8f714a0f453695a888d0a?s=96&d=mm&r=g\",\"contentUrl\":\"https:\/\/secure.gravatar.com\/avatar\/0021e1a3fe9f799912804bcca6f1bcbbe58ee3bf29c8f714a0f453695a888d0a?s=96&d=mm&r=g\",\"caption\":\"Tobias Dorfer\"},\"description\":\"Teamleiter Social Media bei ZEIT ONLINE. Zuvor sieben Jahre bei S\u00fcddeutsche.de, als Redakteur im Wirtschafts- und Regional-Ressort sowie Editorial SEO. Ausbildung an der Deutschen Journalistenschule in M\u00fcnchen mit Hospitanzen bei S\u00fcddeutsche Zeitung, SPIEGEL und SPIEGEL Online.\",\"sameAs\":[\"https:\/\/twitter.com\/tobiasdorfer\"],\"url\":\"https:\/\/blog.zeit.de\/teilchen\/author\/tdorfer\/\"}]}<\/script>\n<!-- \/ Yoast SEO plugin. -->","yoast_head_json":{"title":"Gesucht: das beste Bier zum Duschen","description":"Es gibt sie wirklich. Menschen, die unter der Dusche Bier trinken. Wir wissen jetzt sogar, welches.","robots":{"index":"index","follow":"follow","max-snippet":"max-snippet:-1","max-image-preview":"max-image-preview:large","max-video-preview":"max-video-preview:-1"},"canonical":"https:\/\/blog.zeit.de\/teilchen\/2015\/08\/28\/bier-kaffee-unter-der-dusche\/","og_locale":"de_DE","og_type":"article","og_title":"Gesucht: das beste Bier zum Duschen","og_description":"Es gibt sie wirklich. Menschen, die unter der Dusche Bier trinken. Wir wissen jetzt sogar, welches.","og_url":"https:\/\/blog.zeit.de\/teilchen\/2015\/08\/28\/bier-kaffee-unter-der-dusche\/","og_site_name":"Teilchen","article_published_time":"2015-08-28T15:40:09+00:00","article_modified_time":"2015-08-29T10:36:52+00:00","og_image":[{"url":"https:\/\/blog.zeit.de\/teilchen\/files\/2015\/08\/Bier-580x326.jpg"}],"author":"Tobias Dorfer","twitter_card":"summary_large_image","twitter_creator":"@tobiasdorfer","twitter_site":"@zeitonline","twitter_misc":{"Geschrieben von":"Tobias Dorfer","Gesch\u00e4tzte Lesezeit":"1\u00a0Minute"},"schema":{"@context":"https:\/\/schema.org","@graph":[{"@type":"WebPage","@id":"https:\/\/blog.zeit.de\/teilchen\/2015\/08\/28\/bier-kaffee-unter-der-dusche\/","url":"https:\/\/blog.zeit.de\/teilchen\/2015\/08\/28\/bier-kaffee-unter-der-dusche\/","name":"Gesucht: das beste Bier zum Duschen","isPartOf":{"@id":"https:\/\/blog.zeit.de\/teilchen\/#website"},"datePublished":"2015-08-28T15:40:09+00:00","dateModified":"2015-08-29T10:36:52+00:00","author":{"@id":"https:\/\/blog.zeit.de\/teilchen\/#\/schema\/person\/e90ba849254185115fd919d4fad07dc0"},"description":"Es gibt sie wirklich. Menschen, die unter der Dusche Bier trinken. Wir wissen jetzt sogar, welches.","breadcrumb":{"@id":"https:\/\/blog.zeit.de\/teilchen\/2015\/08\/28\/bier-kaffee-unter-der-dusche\/#breadcrumb"},"inLanguage":"de","potentialAction":[{"@type":"ReadAction","target":["https:\/\/blog.zeit.de\/teilchen\/2015\/08\/28\/bier-kaffee-unter-der-dusche\/"]}]},{"@type":"BreadcrumbList","@id":"https:\/\/blog.zeit.de\/teilchen\/2015\/08\/28\/bier-kaffee-unter-der-dusche\/#breadcrumb","itemListElement":[{"@type":"ListItem","position":1,"name":"Startseite","item":"https:\/\/blog.zeit.de\/teilchen\/"},{"@type":"ListItem","position":2,"name":"Gesucht: das beste Duschbier"}]},{"@type":"WebSite","@id":"https:\/\/blog.zeit.de\/teilchen\/#website","url":"https:\/\/blog.zeit.de\/teilchen\/","name":"Teilchen","description":"Im Netz verstecken sich kleine Sch\u00e4tze - ZEIT ONLINE findet sie.","potentialAction":[{"@type":"SearchAction","target":{"@type":"EntryPoint","urlTemplate":"https:\/\/blog.zeit.de\/teilchen\/?s={search_term_string}"},"query-input":"required name=search_term_string"}],"inLanguage":"de"},{"@type":"Person","@id":"https:\/\/blog.zeit.de\/teilchen\/#\/schema\/person\/e90ba849254185115fd919d4fad07dc0","name":"Tobias Dorfer","image":{"@type":"ImageObject","inLanguage":"de","@id":"https:\/\/blog.zeit.de\/teilchen\/#\/schema\/person\/image\/","url":"https:\/\/secure.gravatar.com\/avatar\/0021e1a3fe9f799912804bcca6f1bcbbe58ee3bf29c8f714a0f453695a888d0a?s=96&d=mm&r=g","contentUrl":"https:\/\/secure.gravatar.com\/avatar\/0021e1a3fe9f799912804bcca6f1bcbbe58ee3bf29c8f714a0f453695a888d0a?s=96&d=mm&r=g","caption":"Tobias Dorfer"},"description":"Teamleiter Social Media bei ZEIT ONLINE. Zuvor sieben Jahre bei S\u00fcddeutsche.de, als Redakteur im Wirtschafts- und Regional-Ressort sowie Editorial SEO. Ausbildung an der Deutschen Journalistenschule in M\u00fcnchen mit Hospitanzen bei S\u00fcddeutsche Zeitung, SPIEGEL und SPIEGEL Online.","sameAs":["https:\/\/twitter.com\/tobiasdorfer"],"url":"https:\/\/blog.zeit.de\/teilchen\/author\/tdorfer\/"}]}},"jetpack_featured_media_url":"","jetpack_sharing_enabled":true,"_links":{"self":[{"href":"https:\/\/blog.zeit.de\/teilchen\/wp-json\/wp\/v2\/posts\/7418","targetHints":{"allow":["GET"]}}],"collection":[{"href":"https:\/\/blog.zeit.de\/teilchen\/wp-json\/wp\/v2\/posts"}],"about":[{"href":"https:\/\/blog.zeit.de\/teilchen\/wp-json\/wp\/v2\/types\/post"}],"author":[{"embeddable":true,"href":"https:\/\/blog.zeit.de\/teilchen\/wp-json\/wp\/v2\/users\/556"}],"replies":[{"embeddable":true,"href":"https:\/\/blog.zeit.de\/teilchen\/wp-json\/wp\/v2\/comments?post=7418"}],"version-history":[{"count":14,"href":"https:\/\/blog.zeit.de\/teilchen\/wp-json\/wp\/v2\/posts\/7418\/revisions"}],"predecessor-version":[{"id":7439,"href":"https:\/\/blog.zeit.de\/teilchen\/wp-json\/wp\/v2\/posts\/7418\/revisions\/7439"}],"wp:attachment":[{"href":"https:\/\/blog.zeit.de\/teilchen\/wp-json\/wp\/v2\/media?parent=7418"}],"wp:term":[{"taxonomy":"category","embeddable":true,"href":"https:\/\/blog.zeit.de\/teilchen\/wp-json\/wp\/v2\/categories?post=7418"},{"taxonomy":"post_tag","embeddable":true,"href":"https:\/\/blog.zeit.de\/teilchen\/wp-json\/wp\/v2\/tags?post=7418"}],"curies":[{"name":"wp","href":"https:\/\/api.w.org\/{rel}","templated":true}]}}