{"id":7468,"date":"2015-08-31T13:49:10","date_gmt":"2015-08-31T11:49:10","guid":{"rendered":"http:\/\/blog.zeit.de\/teilchen\/?p=7468"},"modified":"2015-08-31T14:29:49","modified_gmt":"2015-08-31T12:29:49","slug":"fluechtlinge-auf-der-suche-nach-einem-dach-ueberm-kopf","status":"publish","type":"post","link":"https:\/\/blog.zeit.de\/teilchen\/2015\/08\/31\/fluechtlinge-auf-der-suche-nach-einem-dach-ueberm-kopf\/","title":{"rendered":"Auf der Suche nach einem europ\u00e4ischen Dach \u00fcberm Kopf"},"content":{"rendered":"<p class=\"wp-caption-text\"><img loading=\"lazy\" decoding=\"async\" class=\"alignnone size-medium wp-image-7470\" src=\"https:\/\/blog.zeit.de\/teilchen\/files\/2015\/08\/Bildschirmfoto-2015-08-31-um-11.16.35-580x378.png\" alt=\"Economist_Fluechtlinge_Migration\" width=\"580\" height=\"378\" srcset=\"https:\/\/blog.zeit.de\/teilchen\/files\/2015\/08\/Bildschirmfoto-2015-08-31-um-11.16.35-580x378.png 580w, https:\/\/blog.zeit.de\/teilchen\/files\/2015\/08\/Bildschirmfoto-2015-08-31-um-11.16.35.png 660w\" sizes=\"auto, (max-width: 580px) 100vw, 580px\" \/>Migrantenbewegung in Europa. Screenshot von <em>Economist.com<\/em><\/p>\n<p><a href=\"http:\/\/www.zeit.de\/politik\/ausland\/2015-08\/oesterreich-grenzkontrollen-fluechtlinge-verkehr\" target=\"_blank\"><em>\u00d6sterreich versch\u00e4rft Grenzkontrollen<\/em><\/a>; <a href=\"http:\/\/www.zeit.de\/politik\/2015-08\/ungarn-frankreich-fluechtlingspolitik\" target=\"_blank\"><em>Ungarn bestellt Vertreter der franz\u00f6sischen Botschaft ein<\/em><\/a>; <a href=\"http:\/\/www.zeit.de\/politik\/2015-08\/bundespolizei-kontrollen-schlepper\" target=\"_blank\"><em>Bundespolizei will verst\u00e4rkt gegen Schlepperbanden vorgehen<\/em><\/a>: Drei \u00dcberschriften eines einzigen Morgens, die nur einen winzigen Ausschnitt des europ\u00e4ischen Fl\u00fcchtlingsdramas widerspiegeln. Der <a href=\"http:\/\/www.economist.com\/news\/europe\/21662597-asylum-seekers-economic-migrants-and-residents-all-stripes-fret-over-their-place-looking\" target=\"_blank\"><em>Economist<\/em> fasst die komplexe Krise in einem Artikel und mehreren Infografiken ad\u00e4quat zusammen<\/a>.<!--more--><\/p>\n<p>Rund 270.000 Fl\u00fcchtlinge ohne offizielle Aufenthaltserlaubnis haben in diesem Jahr nach Angaben des <em>Economist<\/em> die europ\u00e4ischen K\u00fcsten erreicht, das sind jetzt schon mehr als im gesamten Vorjahr. Das britische Magazin hat, basierend auf Daten der EU-Grenzschutzagentur Frontex, die Migrationsbewegungen in einer Karte abgebildet: Sie zeigt, aus welchen Nationen\u00a0Menschen in die EU-L\u00e4nder Griechenland, Ungarn, Italien und Spanien einreisen.<\/p>\n<p>In einer weiteren Infografik gibt der <em>Economist<\/em> einen \u00dcberblick \u00fcber Asylverfahren in sechs L\u00e4ndern: Daraus wird zum Beispiel Schwedens vergleichsweise liberale Asylpolitik ersichtlich. Und in typischer Manier verteilen die Autoren\u00a0in dem Artikel gut(gemeint)e Ratschl\u00e4ge und L\u00f6sungsans\u00e4tze.<\/p>\n<p><em>Weitere <a href=\"https:\/\/blog.zeit.de\/teilchen\/\" target=\"_blank\">Teilchen finden Sie hier<\/a>. Darunter <a href=\"https:\/\/blog.zeit.de\/teilchen\/2015\/08\/28\/fluechtlinge-einreise-europa-reportage-new-york-times\/\" target=\"_blank\">elf Kurzreportagen der &#8222;New York Times&#8220;<\/a>, eine <a href=\"https:\/\/blog.zeit.de\/teilchen\/2015\/08\/27\/wo-in-deutschland-viele-fluechtlinge-leben\/\" target=\"_blank\">Karte \u00fcber die Verteilung von Fl\u00fcchtlingen in Deutschland<\/a>, eine <a href=\"https:\/\/blog.zeit.de\/teilchen\/2015\/08\/07\/fluechtlinge-willkommen-in-deutschland\/\" target=\"_blank\">Willkommensbotschaft an Fl\u00fcchtlinge<\/a>, ein <a href=\"https:\/\/blog.zeit.de\/teilchen\/2015\/04\/02\/wie-sie-aus-syrien-fluechten-wuerden\/\" target=\"_blank\">News-Game der BBC<\/a>, ein <a href=\"https:\/\/blog.zeit.de\/teilchen\/2015\/04\/21\/fluechtlinge-syrien-europa\/\" target=\"_blank\">Video \u00fcber Fl\u00fcchtlinge nach ihrer Ankunft in Europa<\/a> und ein <a href=\"https:\/\/blog.zeit.de\/teilchen\/2015\/05\/12\/tote-fluechtlinge-an-touristenstraenden\/\" target=\"_blank\">Datenprojekt \u00fcber tote Fl\u00fcchtlinge an Touristenstr\u00e4nden des Mittelmeeres<\/a>.<\/em><\/p>\n","protected":false},"excerpt":{"rendered":"<p>Migrantenbewegung in Europa. Screenshot von Economist.com \u00d6sterreich versch\u00e4rft Grenzkontrollen; Ungarn bestellt Vertreter der franz\u00f6sischen Botschaft ein; Bundespolizei will verst\u00e4rkt gegen Schlepperbanden vorgehen: Drei \u00dcberschriften [\u2026]<\/p>\n","protected":false},"author":528,"featured_media":7479,"comment_status":"open","ping_status":"closed","sticky":false,"template":"","format":"standard","meta":{"_jetpack_memberships_contains_paid_content":false,"footnotes":""},"categories":[9469],"tags":[],"class_list":["post-7468","post","type-post","status-publish","format-standard","has-post-thumbnail","hentry","category-infografiken"],"yoast_head":"<!-- This site is optimized with the Yoast SEO plugin v21.0 - https:\/\/yoast.com\/wordpress\/plugins\/seo\/ -->\n<title>Fl\u00fcchtlinge auf der Suche nach einem Dach \u00fcberm Kopf<\/title>\n<meta name=\"description\" content=\"Aus welchen L\u00e4ndern kommen Fl\u00fcchtlinge nach Griechenland, Spanien und Ungarn? Diese Karte zeigt es.\" \/>\n<meta name=\"robots\" content=\"index, follow, max-snippet:-1, max-image-preview:large, max-video-preview:-1\" \/>\n<link rel=\"canonical\" href=\"https:\/\/blog.zeit.de\/teilchen\/2015\/08\/31\/fluechtlinge-auf-der-suche-nach-einem-dach-ueberm-kopf\/\" \/>\n<meta property=\"og:locale\" content=\"de_DE\" \/>\n<meta property=\"og:type\" content=\"article\" \/>\n<meta property=\"og:title\" content=\"Fl\u00fcchtlinge auf der Suche nach einem Dach \u00fcberm Kopf\" \/>\n<meta property=\"og:description\" content=\"Aus welchen L\u00e4ndern kommen Fl\u00fcchtlinge nach Griechenland, Spanien und Ungarn? Diese Karte zeigt es.\" \/>\n<meta property=\"og:url\" content=\"https:\/\/blog.zeit.de\/teilchen\/2015\/08\/31\/fluechtlinge-auf-der-suche-nach-einem-dach-ueberm-kopf\/\" \/>\n<meta property=\"og:site_name\" content=\"Teilchen\" \/>\n<meta property=\"article:published_time\" content=\"2015-08-31T11:49:10+00:00\" \/>\n<meta property=\"article:modified_time\" content=\"2015-08-31T12:29:49+00:00\" \/>\n<meta property=\"og:image\" content=\"https:\/\/blog.zeit.de\/teilchen\/files\/2015\/08\/Fluechtlinge-fb.jpg\" \/>\n\t<meta property=\"og:image:width\" content=\"500\" \/>\n\t<meta property=\"og:image:height\" content=\"338\" \/>\n\t<meta property=\"og:image:type\" content=\"image\/jpeg\" \/>\n<meta name=\"author\" content=\"Bj\u00f6rn Maatz\" \/>\n<meta name=\"twitter:card\" content=\"summary_large_image\" \/>\n<meta name=\"twitter:creator\" content=\"@BjoernMaatz\" \/>\n<meta name=\"twitter:site\" content=\"@zeitonline\" \/>\n<meta name=\"twitter:label1\" content=\"Geschrieben von\" \/>\n\t<meta name=\"twitter:data1\" content=\"Bj\u00f6rn Maatz\" \/>\n\t<meta name=\"twitter:label2\" content=\"Gesch\u00e4tzte Lesezeit\" \/>\n\t<meta name=\"twitter:data2\" content=\"1\u00a0Minute\" \/>\n<script type=\"application\/ld+json\" class=\"yoast-schema-graph\">{\"@context\":\"https:\/\/schema.org\",\"@graph\":[{\"@type\":\"WebPage\",\"@id\":\"https:\/\/blog.zeit.de\/teilchen\/2015\/08\/31\/fluechtlinge-auf-der-suche-nach-einem-dach-ueberm-kopf\/\",\"url\":\"https:\/\/blog.zeit.de\/teilchen\/2015\/08\/31\/fluechtlinge-auf-der-suche-nach-einem-dach-ueberm-kopf\/\",\"name\":\"Fl\u00fcchtlinge auf der Suche nach einem Dach \u00fcberm Kopf\",\"isPartOf\":{\"@id\":\"https:\/\/blog.zeit.de\/teilchen\/#website\"},\"datePublished\":\"2015-08-31T11:49:10+00:00\",\"dateModified\":\"2015-08-31T12:29:49+00:00\",\"author\":{\"@id\":\"https:\/\/blog.zeit.de\/teilchen\/#\/schema\/person\/20ae47479c9c6443ed61f03c9eac892f\"},\"description\":\"Aus welchen L\u00e4ndern kommen Fl\u00fcchtlinge nach Griechenland, Spanien und Ungarn? Diese Karte zeigt es.\",\"breadcrumb\":{\"@id\":\"https:\/\/blog.zeit.de\/teilchen\/2015\/08\/31\/fluechtlinge-auf-der-suche-nach-einem-dach-ueberm-kopf\/#breadcrumb\"},\"inLanguage\":\"de\",\"potentialAction\":[{\"@type\":\"ReadAction\",\"target\":[\"https:\/\/blog.zeit.de\/teilchen\/2015\/08\/31\/fluechtlinge-auf-der-suche-nach-einem-dach-ueberm-kopf\/\"]}]},{\"@type\":\"BreadcrumbList\",\"@id\":\"https:\/\/blog.zeit.de\/teilchen\/2015\/08\/31\/fluechtlinge-auf-der-suche-nach-einem-dach-ueberm-kopf\/#breadcrumb\",\"itemListElement\":[{\"@type\":\"ListItem\",\"position\":1,\"name\":\"Startseite\",\"item\":\"https:\/\/blog.zeit.de\/teilchen\/\"},{\"@type\":\"ListItem\",\"position\":2,\"name\":\"Auf der Suche nach einem europ\u00e4ischen Dach \u00fcberm Kopf\"}]},{\"@type\":\"WebSite\",\"@id\":\"https:\/\/blog.zeit.de\/teilchen\/#website\",\"url\":\"https:\/\/blog.zeit.de\/teilchen\/\",\"name\":\"Teilchen\",\"description\":\"Im Netz verstecken sich kleine Sch\u00e4tze - ZEIT ONLINE findet sie.\",\"potentialAction\":[{\"@type\":\"SearchAction\",\"target\":{\"@type\":\"EntryPoint\",\"urlTemplate\":\"https:\/\/blog.zeit.de\/teilchen\/?s={search_term_string}\"},\"query-input\":\"required name=search_term_string\"}],\"inLanguage\":\"de\"},{\"@type\":\"Person\",\"@id\":\"https:\/\/blog.zeit.de\/teilchen\/#\/schema\/person\/20ae47479c9c6443ed61f03c9eac892f\",\"name\":\"Bj\u00f6rn Maatz\",\"image\":{\"@type\":\"ImageObject\",\"inLanguage\":\"de\",\"@id\":\"https:\/\/blog.zeit.de\/teilchen\/#\/schema\/person\/image\/\",\"url\":\"https:\/\/secure.gravatar.com\/avatar\/4ed13ddffa21af7dcec9d6d36d2b36f05bfc49e1676e43abd84a80376d644278?s=96&d=mm&r=g\",\"contentUrl\":\"https:\/\/secure.gravatar.com\/avatar\/4ed13ddffa21af7dcec9d6d36d2b36f05bfc49e1676e43abd84a80376d644278?s=96&d=mm&r=g\",\"caption\":\"Bj\u00f6rn Maatz\"},\"description\":\"Leitet die Online-Redaktion der Kreativagentur Philipp und Keuntje. Zuvor Engagement-Redakteur bei ZEIT ONLINE und bei FINANCIAL TIMES DEUTSCHLAND, u.a. als Print-Redakteur im Unternehmensressort sowie als erster und letzter Social-Media-Redakteur. Studium der Wirtschaftsjournalistik in Bremen und Melbourne mit Hospitanzen beim NDR, der dpa und dem Hamburger Abendblatt.\",\"sameAs\":[\"https:\/\/twitter.com\/BjoernMaatz\"],\"url\":\"https:\/\/blog.zeit.de\/teilchen\/author\/bjoernmaatz\/\"}]}<\/script>\n<!-- \/ Yoast SEO plugin. -->","yoast_head_json":{"title":"Fl\u00fcchtlinge auf der Suche nach einem Dach \u00fcberm Kopf","description":"Aus welchen L\u00e4ndern kommen Fl\u00fcchtlinge nach Griechenland, Spanien und Ungarn? Diese Karte zeigt es.","robots":{"index":"index","follow":"follow","max-snippet":"max-snippet:-1","max-image-preview":"max-image-preview:large","max-video-preview":"max-video-preview:-1"},"canonical":"https:\/\/blog.zeit.de\/teilchen\/2015\/08\/31\/fluechtlinge-auf-der-suche-nach-einem-dach-ueberm-kopf\/","og_locale":"de_DE","og_type":"article","og_title":"Fl\u00fcchtlinge auf der Suche nach einem Dach \u00fcberm Kopf","og_description":"Aus welchen L\u00e4ndern kommen Fl\u00fcchtlinge nach Griechenland, Spanien und Ungarn? Diese Karte zeigt es.","og_url":"https:\/\/blog.zeit.de\/teilchen\/2015\/08\/31\/fluechtlinge-auf-der-suche-nach-einem-dach-ueberm-kopf\/","og_site_name":"Teilchen","article_published_time":"2015-08-31T11:49:10+00:00","article_modified_time":"2015-08-31T12:29:49+00:00","og_image":[{"width":500,"height":338,"url":"https:\/\/blog.zeit.de\/teilchen\/files\/2015\/08\/Fluechtlinge-fb.jpg","type":"image\/jpeg"}],"author":"Bj\u00f6rn Maatz","twitter_card":"summary_large_image","twitter_creator":"@BjoernMaatz","twitter_site":"@zeitonline","twitter_misc":{"Geschrieben von":"Bj\u00f6rn Maatz","Gesch\u00e4tzte Lesezeit":"1\u00a0Minute"},"schema":{"@context":"https:\/\/schema.org","@graph":[{"@type":"WebPage","@id":"https:\/\/blog.zeit.de\/teilchen\/2015\/08\/31\/fluechtlinge-auf-der-suche-nach-einem-dach-ueberm-kopf\/","url":"https:\/\/blog.zeit.de\/teilchen\/2015\/08\/31\/fluechtlinge-auf-der-suche-nach-einem-dach-ueberm-kopf\/","name":"Fl\u00fcchtlinge auf der Suche nach einem Dach \u00fcberm Kopf","isPartOf":{"@id":"https:\/\/blog.zeit.de\/teilchen\/#website"},"datePublished":"2015-08-31T11:49:10+00:00","dateModified":"2015-08-31T12:29:49+00:00","author":{"@id":"https:\/\/blog.zeit.de\/teilchen\/#\/schema\/person\/20ae47479c9c6443ed61f03c9eac892f"},"description":"Aus welchen L\u00e4ndern kommen Fl\u00fcchtlinge nach Griechenland, Spanien und Ungarn? Diese Karte zeigt es.","breadcrumb":{"@id":"https:\/\/blog.zeit.de\/teilchen\/2015\/08\/31\/fluechtlinge-auf-der-suche-nach-einem-dach-ueberm-kopf\/#breadcrumb"},"inLanguage":"de","potentialAction":[{"@type":"ReadAction","target":["https:\/\/blog.zeit.de\/teilchen\/2015\/08\/31\/fluechtlinge-auf-der-suche-nach-einem-dach-ueberm-kopf\/"]}]},{"@type":"BreadcrumbList","@id":"https:\/\/blog.zeit.de\/teilchen\/2015\/08\/31\/fluechtlinge-auf-der-suche-nach-einem-dach-ueberm-kopf\/#breadcrumb","itemListElement":[{"@type":"ListItem","position":1,"name":"Startseite","item":"https:\/\/blog.zeit.de\/teilchen\/"},{"@type":"ListItem","position":2,"name":"Auf der Suche nach einem europ\u00e4ischen Dach \u00fcberm Kopf"}]},{"@type":"WebSite","@id":"https:\/\/blog.zeit.de\/teilchen\/#website","url":"https:\/\/blog.zeit.de\/teilchen\/","name":"Teilchen","description":"Im Netz verstecken sich kleine Sch\u00e4tze - ZEIT ONLINE findet sie.","potentialAction":[{"@type":"SearchAction","target":{"@type":"EntryPoint","urlTemplate":"https:\/\/blog.zeit.de\/teilchen\/?s={search_term_string}"},"query-input":"required name=search_term_string"}],"inLanguage":"de"},{"@type":"Person","@id":"https:\/\/blog.zeit.de\/teilchen\/#\/schema\/person\/20ae47479c9c6443ed61f03c9eac892f","name":"Bj\u00f6rn Maatz","image":{"@type":"ImageObject","inLanguage":"de","@id":"https:\/\/blog.zeit.de\/teilchen\/#\/schema\/person\/image\/","url":"https:\/\/secure.gravatar.com\/avatar\/4ed13ddffa21af7dcec9d6d36d2b36f05bfc49e1676e43abd84a80376d644278?s=96&d=mm&r=g","contentUrl":"https:\/\/secure.gravatar.com\/avatar\/4ed13ddffa21af7dcec9d6d36d2b36f05bfc49e1676e43abd84a80376d644278?s=96&d=mm&r=g","caption":"Bj\u00f6rn Maatz"},"description":"Leitet die Online-Redaktion der Kreativagentur Philipp und Keuntje. Zuvor Engagement-Redakteur bei ZEIT ONLINE und bei FINANCIAL TIMES DEUTSCHLAND, u.a. als Print-Redakteur im Unternehmensressort sowie als erster und letzter Social-Media-Redakteur. Studium der Wirtschaftsjournalistik in Bremen und Melbourne mit Hospitanzen beim NDR, der dpa und dem Hamburger Abendblatt.","sameAs":["https:\/\/twitter.com\/BjoernMaatz"],"url":"https:\/\/blog.zeit.de\/teilchen\/author\/bjoernmaatz\/"}]}},"jetpack_featured_media_url":"https:\/\/blog.zeit.de\/teilchen\/files\/2015\/08\/Fluechtlinge-fb.jpg","jetpack_sharing_enabled":true,"_links":{"self":[{"href":"https:\/\/blog.zeit.de\/teilchen\/wp-json\/wp\/v2\/posts\/7468","targetHints":{"allow":["GET"]}}],"collection":[{"href":"https:\/\/blog.zeit.de\/teilchen\/wp-json\/wp\/v2\/posts"}],"about":[{"href":"https:\/\/blog.zeit.de\/teilchen\/wp-json\/wp\/v2\/types\/post"}],"author":[{"embeddable":true,"href":"https:\/\/blog.zeit.de\/teilchen\/wp-json\/wp\/v2\/users\/528"}],"replies":[{"embeddable":true,"href":"https:\/\/blog.zeit.de\/teilchen\/wp-json\/wp\/v2\/comments?post=7468"}],"version-history":[{"count":8,"href":"https:\/\/blog.zeit.de\/teilchen\/wp-json\/wp\/v2\/posts\/7468\/revisions"}],"predecessor-version":[{"id":7501,"href":"https:\/\/blog.zeit.de\/teilchen\/wp-json\/wp\/v2\/posts\/7468\/revisions\/7501"}],"wp:featuredmedia":[{"embeddable":true,"href":"https:\/\/blog.zeit.de\/teilchen\/wp-json\/wp\/v2\/media\/7479"}],"wp:attachment":[{"href":"https:\/\/blog.zeit.de\/teilchen\/wp-json\/wp\/v2\/media?parent=7468"}],"wp:term":[{"taxonomy":"category","embeddable":true,"href":"https:\/\/blog.zeit.de\/teilchen\/wp-json\/wp\/v2\/categories?post=7468"},{"taxonomy":"post_tag","embeddable":true,"href":"https:\/\/blog.zeit.de\/teilchen\/wp-json\/wp\/v2\/tags?post=7468"}],"curies":[{"name":"wp","href":"https:\/\/api.w.org\/{rel}","templated":true}]}}