{"id":7535,"date":"2015-09-01T12:33:15","date_gmt":"2015-09-01T10:33:15","guid":{"rendered":"http:\/\/blog.zeit.de\/teilchen\/?p=7535"},"modified":"2015-09-12T15:54:39","modified_gmt":"2015-09-12T13:54:39","slug":"der-hat-neger-gesagt","status":"publish","type":"post","link":"https:\/\/blog.zeit.de\/teilchen\/2015\/09\/01\/der-hat-neger-gesagt\/","title":{"rendered":"Der hat Neger gesagt!"},"content":{"rendered":"<style>.embed-container { position: relative; padding-bottom: 56.25%; height: 0; overflow: hidden; max-width: 100%; } .embed-container iframe, .embed-container object, .embed-container embed { position: absolute; top: 0; left: 0; width: 100%; height: 100%; }<\/style>\n<div class='embed-container'>\n\n<div class=\"embed-wrapper embed-wrapper--blocked js-embed-consent\" data-method=\"iframe\">\n<script class=\"raw__source\" type=\"text\/template\"><iframe src='https:\/\/www.youtube.com\/embed\/tAdyJe13Hmc' frameborder='0' allowfullscreen><\/iframe><\/script>\n<div class=\"embed-wrapper__inner\">\n<div class=\"embed-wrapper__text\">\n<h3>Empfohlener redaktioneller Inhalt<\/h3>\n<p data-replace=\"no\">An dieser Stelle finden Sie externen Inhalt, der den Artikel erg\u00e4nzt. Sie k\u00f6nnen sich externe Inhalte mit einem Klick anzeigen lassen und wieder ausblenden.<noscript>Bitte aktivieren Sie JavaScript damit Sie diesen Inhalt anzeigen k\u00f6nnen.<\/noscript><\/p>\n<\/div>\n<div class=\"embed-consent\">\n<label class=\"embed-consent__toggle\">\n<input class=\"js-embed-consent__toggle\" type=\"checkbox\" autocomplete=\"off\">\n<span><\/span>\nExterner Inhalt\n<\/label>\n<a href=\"https:\/\/www.zeit.de\/hilfe\/datenschutz\" target=\"_blank\" class=\"embed-consent__datalink-when-active\">Datenschutzerkl\u00e4rung<\/a>\n<\/div>\n<div class=\"embed-wrapper__footer\">\n<p data-replace=\"no\">\nIch bin damit einverstanden, dass mir externe Inhalte angezeigt werden. Damit k\u00f6nnen personenbezogene Daten an Drittplattformen \u00fcbermittelt werden. <a href=\"https:\/\/www.zeit.de\/hilfe\/datenschutz\" target=\"_blank\">Mehr dazu in unserer Datenschutzerkl\u00e4rung.<\/a>\n<\/p>\n<\/div>\n<\/div>\n<\/div>\n<\/div>\n<p>&nbsp;<br \/>\nMusste das wirklich sein? Nach seiner <a href=\"http:\/\/www.zeit.de\/gesellschaft\/zeitgeschehen\/2015-09\/rassismus-herrmann-blanco-neger\" target=\"_blank\">verbalen Entgleisung bei <em>Hart aber fair<\/em><\/a> prasselt jetzt (trotz der Entschuldigung am Dienstagvormittag) H\u00e4me auf Joachim Herrmann (CSU) nieder. H\u00e4tte der bayerische Innenminister doch im Jahr 2002 die <em>Harald-Schmidt-Show<\/em> gesehen.<!--more--><\/p>\n<p>Der Entertainer hat sich bereits 2002 <a href=\"https:\/\/www.youtube.com\/watch?v=tAdyJe13Hmc\" target=\"_blank\">in einer Ausgabe seiner Late-Night-Show auf Sat.1 mit dem Begriff &#8222;Neger&#8220; auseinandergesetzt<\/a>. Was ein wenig kalauerhaft beginnt, wird sp\u00e4ter zu einer interessanten Lehrstunde \u2013 ohne erhobenen Zeigefinger. Es beginnt mit einem Gespr\u00e4ch zwischen Schmidt und seinem Redaktionsleiter Manuel Andrack \u00fcber das Hochwasser, das zu dieser Zeit (vor allem im Osten Deutschlands) schwere Sch\u00e4den verursachte \u2013 und \u00fcber die Spendenbereitschaft der Deutschen.<\/p>\n<p>Schmidt: &#8222;Du wei\u00dft ja wie das ist. Fr\u00fcher, was hab&#8220; ich f\u00fcr die armen Neger gespendet \u2026&#8220;<\/p>\n<p>Lachen im Publikum: &#8222;Oooooohhohooohooho!&#8220;<\/p>\n<p>Schmidt <em>(greift zum Telefonh\u00f6rer)<\/em>: &#8222;Moment mal, ruf mal an. Der hat &#8218;Neger&#8216; gesagt. Der muss weg.&#8220;<\/p>\n<p>Der Entertainer verwendet das N-Wort in den n\u00e4chsten Minuten noch mehrere Male. Und ganz nebenbei streifen Schmidt und Andrack auch die Geschichte des Begriffes. Der Philosoph Immanuel Kant wird beispielsweise erw\u00e4hnt, <a href=\"https:\/\/books.google.de\/books?id=OVE7CgAAQBAJ&amp;pg=PA12&amp;lpg=PA12&amp;dq=%22Die+Neger+sind+weit+tiefer,+und+am+tiefsten+steht+ein+Teil+der+amerikanischen+V%C3%B6lkerschaften%22&amp;source=bl&amp;ots=XwFU_U1hUy&amp;sig=xME3KmGpRducRSNbaEtEdgL5Eio&amp;hl=de&amp;sa=X&amp;ved=0CEIQ6AEwBGoVChMIgsbMkb3VxwIVhtYsCh0sIAS4#v=onepage&amp;q=%22Die%20Neger%20sind%20weit%20tiefer%2C%20und%20am%20tiefsten%20steht%20ein%20Teil%20der%20amerikanischen%20V%C3%B6lkerschaften%22&amp;f=false\" target=\"_blank\">der immerhin Folgendes schrieb<\/a>:<\/p>\n<blockquote><p>&#8222;Die Menschheit ist in ihrer gr\u00f6\u00dften Vollkommenheit in der Rasse der Wei\u00dfen. Die gelben Indianer haben schon ein geringeres Talent. Die Neger sind weit tiefer, und am tiefsten steht ein Teil der amerikanischen V\u00f6lkerschaften.&#8220;<\/p><\/blockquote>\n<p>Dabei ist der Begriff in seinem Ursprung harmlos. &#8222;Neger&#8220; stammt\u00a0eigentlich nur vom lateinischen &#8222;niger&#8220; ab und bedeutet &#8222;schwarz&#8220;. <a href=\"http:\/\/www.br-online.de\/kinder\/fragen-verstehen\/wissen\/2010\/02946\/\" target=\"_blank\">Zum negativen Stigma wurde das Wort erst im Laufe der Zeit<\/a>. &#8222;N\u00e8gre&#8220; ist f\u00fcr schwarze Philosophen und Lyriker <a href=\"http:\/\/www.zeit.de\/2014\/49\/postkolonialismus-achille-mbembe\" target=\"_blank\">wie Achille Mbembe folglich keine Farbe, sondern eine Dem\u00fctigung<\/a>. Und doch war\u00a0der Begriff auch in Deutschland lange gebr\u00e4uchlich: Kinder naschten <a href=\"http:\/\/www.biebesheim-am-rheinkilometer464.de\/damals-als-man-noch-negerkuesse\/\" target=\"_blank\">Negerk\u00fcsse<\/a> und sangen das Lied von den <em>Zehn kleinen Negerlein<\/em>. Ihre Eltern lasen die B\u00fccher von <em>Pippi Langstrumpf<\/em> vor, deren Vater der Negerk\u00f6nig von Taka-Tuka-Land war <a href=\"http:\/\/www.zeit.de\/kultur\/literatur\/2013-01\/umfrage-neger-kinderbuecher\" target=\"_blank\">und f\u00fchrten dann gro\u00dfe Diskussionen dar\u00fcber, ob es wirklich n\u00f6tig ist, den &#8222;Negerk\u00f6nig&#8220; durch &#8222;S\u00fcdseek\u00f6nig&#8220; zu ersetzen<\/a>.<\/p>\n<p>Und noch im Jahr 1968 stellte Arthur R. Jensen, Professor an der Berkeley-Universit\u00e4t, in der renommierten Wissenschaftszeitschrift\u00a0<em>Harvard Educational Review<\/em>\u00a0die (tats\u00e4chlich ernst gemeinte) These auf, <a href=\"http:\/\/www.zeit.de\/1969\/18\/sind-neger-wirklich-duemmer\" target=\"_blank\">dass Schwarze weniger intelligent seien\u00a0als Wei\u00dfe<\/a>.<\/p>\n<p>&#8222;Ich hasse den Neger&#8220;, sagt verst\u00e4ndlicherweise auch ZEIT-ONLINE-Nutzer Jonas Hampl, der selbst schwarz ist <a href=\"http:\/\/www.zeit.de\/gesellschaft\/2013-02\/leserartikel-rassismus-neger\" target=\"_blank\">und vor zweieinhalb Jahren in einem Leserartikel beschrieb, wie ihn der Begriff schmerzt<\/a>.<\/p>\n<p>Doch zur\u00fcck zu Schmidt. Der erkl\u00e4rt am Ende seines Dialogs schlie\u00dflich, welches Wort auch nicht verwendet werden soll:<\/p>\n<blockquote><p>&#8222;Meine lieben aufgeregten Studienr\u00e4tinnen, die Sie jetzt bereits zur Frauengruppe rennen. Es gibt auch keine Farbigen. Farbig ist vielleicht Ihr schwarz arbeitender Lebensgef\u00e4hrte, wenn er wieder irgendwo f\u00fcr Kohle auf die Hand Wohnungen streicht.&#8220;<\/p><\/blockquote>\n<p>Vielleicht sollte Joachim Herrmann sich das ins Notizbuch schreiben.<\/p>\n<p><em>Weitere <a href=\"https:\/\/blog.zeit.de\/teilchen\/\">Teilchen finden Sie hier.<\/a><\/em><\/p>\n","protected":false},"excerpt":{"rendered":"<p>Empfohlener redaktioneller Inhalt An dieser Stelle finden Sie externen Inhalt, der den Artikel erg\u00e4nzt. Sie k\u00f6nnen sich externe Inhalte mit einem Klick anzeigen lassen [\u2026]<\/p>\n","protected":false},"author":556,"featured_media":7549,"comment_status":"open","ping_status":"closed","sticky":false,"template":"","format":"standard","meta":{"_jetpack_memberships_contains_paid_content":false,"footnotes":""},"categories":[28],"tags":[],"class_list":["post-7535","post","type-post","status-publish","format-standard","has-post-thumbnail","hentry","category-video"],"yoast_head":"<!-- This site is optimized with the Yoast SEO plugin v21.0 - https:\/\/yoast.com\/wordpress\/plugins\/seo\/ -->\n<title>Der hat Neger gesagt!<\/title>\n<meta name=\"description\" content=\"Joachim Herrmann bezeichnete Roberto Blanco bei &quot;Hart aber fair&quot; als &quot;wunderbarer Neger&quot;. H\u00e4tte er doch 2002 die Harald-Schmidt-Show gesehen.\" \/>\n<meta name=\"robots\" content=\"index, follow, max-snippet:-1, max-image-preview:large, max-video-preview:-1\" \/>\n<link rel=\"canonical\" href=\"https:\/\/blog.zeit.de\/teilchen\/2015\/09\/01\/der-hat-neger-gesagt\/\" \/>\n<meta property=\"og:locale\" content=\"de_DE\" \/>\n<meta property=\"og:type\" content=\"article\" \/>\n<meta property=\"og:title\" content=\"Der hat Neger gesagt!\" \/>\n<meta property=\"og:description\" content=\"Joachim Herrmann bezeichnete Roberto Blanco bei &quot;Hart aber fair&quot; als &quot;wunderbarer Neger&quot;. H\u00e4tte er doch 2002 die Harald-Schmidt-Show gesehen.\" \/>\n<meta property=\"og:url\" content=\"https:\/\/blog.zeit.de\/teilchen\/2015\/09\/01\/der-hat-neger-gesagt\/\" \/>\n<meta property=\"og:site_name\" content=\"Teilchen\" \/>\n<meta property=\"article:published_time\" content=\"2015-09-01T10:33:15+00:00\" \/>\n<meta property=\"article:modified_time\" content=\"2015-09-12T13:54:39+00:00\" \/>\n<meta property=\"og:image\" content=\"https:\/\/blog.zeit.de\/teilchen\/files\/2015\/09\/Bildschirmfoto-2015-09-01-um-11.38.53.png\" \/>\n\t<meta property=\"og:image:width\" content=\"664\" \/>\n\t<meta property=\"og:image:height\" content=\"470\" \/>\n\t<meta property=\"og:image:type\" content=\"image\/png\" \/>\n<meta name=\"author\" content=\"Tobias Dorfer\" \/>\n<meta name=\"twitter:card\" content=\"summary_large_image\" \/>\n<meta name=\"twitter:creator\" content=\"@tobiasdorfer\" \/>\n<meta name=\"twitter:site\" content=\"@zeitonline\" \/>\n<meta name=\"twitter:label1\" content=\"Geschrieben von\" \/>\n\t<meta name=\"twitter:data1\" content=\"Tobias Dorfer\" \/>\n\t<meta name=\"twitter:label2\" content=\"Gesch\u00e4tzte Lesezeit\" \/>\n\t<meta name=\"twitter:data2\" content=\"2\u00a0Minuten\" \/>\n<script type=\"application\/ld+json\" class=\"yoast-schema-graph\">{\"@context\":\"https:\/\/schema.org\",\"@graph\":[{\"@type\":\"WebPage\",\"@id\":\"https:\/\/blog.zeit.de\/teilchen\/2015\/09\/01\/der-hat-neger-gesagt\/\",\"url\":\"https:\/\/blog.zeit.de\/teilchen\/2015\/09\/01\/der-hat-neger-gesagt\/\",\"name\":\"Der hat Neger gesagt!\",\"isPartOf\":{\"@id\":\"https:\/\/blog.zeit.de\/teilchen\/#website\"},\"datePublished\":\"2015-09-01T10:33:15+00:00\",\"dateModified\":\"2015-09-12T13:54:39+00:00\",\"author\":{\"@id\":\"https:\/\/blog.zeit.de\/teilchen\/#\/schema\/person\/e90ba849254185115fd919d4fad07dc0\"},\"description\":\"Joachim Herrmann bezeichnete Roberto Blanco bei \\\"Hart aber fair\\\" als \\\"wunderbarer Neger\\\". H\u00e4tte er doch 2002 die Harald-Schmidt-Show gesehen.\",\"breadcrumb\":{\"@id\":\"https:\/\/blog.zeit.de\/teilchen\/2015\/09\/01\/der-hat-neger-gesagt\/#breadcrumb\"},\"inLanguage\":\"de\",\"potentialAction\":[{\"@type\":\"ReadAction\",\"target\":[\"https:\/\/blog.zeit.de\/teilchen\/2015\/09\/01\/der-hat-neger-gesagt\/\"]}]},{\"@type\":\"BreadcrumbList\",\"@id\":\"https:\/\/blog.zeit.de\/teilchen\/2015\/09\/01\/der-hat-neger-gesagt\/#breadcrumb\",\"itemListElement\":[{\"@type\":\"ListItem\",\"position\":1,\"name\":\"Startseite\",\"item\":\"https:\/\/blog.zeit.de\/teilchen\/\"},{\"@type\":\"ListItem\",\"position\":2,\"name\":\"Der hat Neger gesagt!\"}]},{\"@type\":\"WebSite\",\"@id\":\"https:\/\/blog.zeit.de\/teilchen\/#website\",\"url\":\"https:\/\/blog.zeit.de\/teilchen\/\",\"name\":\"Teilchen\",\"description\":\"Im Netz verstecken sich kleine Sch\u00e4tze - ZEIT ONLINE findet sie.\",\"potentialAction\":[{\"@type\":\"SearchAction\",\"target\":{\"@type\":\"EntryPoint\",\"urlTemplate\":\"https:\/\/blog.zeit.de\/teilchen\/?s={search_term_string}\"},\"query-input\":\"required name=search_term_string\"}],\"inLanguage\":\"de\"},{\"@type\":\"Person\",\"@id\":\"https:\/\/blog.zeit.de\/teilchen\/#\/schema\/person\/e90ba849254185115fd919d4fad07dc0\",\"name\":\"Tobias Dorfer\",\"image\":{\"@type\":\"ImageObject\",\"inLanguage\":\"de\",\"@id\":\"https:\/\/blog.zeit.de\/teilchen\/#\/schema\/person\/image\/\",\"url\":\"https:\/\/secure.gravatar.com\/avatar\/0021e1a3fe9f799912804bcca6f1bcbbe58ee3bf29c8f714a0f453695a888d0a?s=96&d=mm&r=g\",\"contentUrl\":\"https:\/\/secure.gravatar.com\/avatar\/0021e1a3fe9f799912804bcca6f1bcbbe58ee3bf29c8f714a0f453695a888d0a?s=96&d=mm&r=g\",\"caption\":\"Tobias Dorfer\"},\"description\":\"Teamleiter Social Media bei ZEIT ONLINE. Zuvor sieben Jahre bei S\u00fcddeutsche.de, als Redakteur im Wirtschafts- und Regional-Ressort sowie Editorial SEO. Ausbildung an der Deutschen Journalistenschule in M\u00fcnchen mit Hospitanzen bei S\u00fcddeutsche Zeitung, SPIEGEL und SPIEGEL Online.\",\"sameAs\":[\"https:\/\/twitter.com\/tobiasdorfer\"],\"url\":\"https:\/\/blog.zeit.de\/teilchen\/author\/tdorfer\/\"}]}<\/script>\n<!-- \/ Yoast SEO plugin. -->","yoast_head_json":{"title":"Der hat Neger gesagt!","description":"Joachim Herrmann bezeichnete Roberto Blanco bei \"Hart aber fair\" als \"wunderbarer Neger\". H\u00e4tte er doch 2002 die Harald-Schmidt-Show gesehen.","robots":{"index":"index","follow":"follow","max-snippet":"max-snippet:-1","max-image-preview":"max-image-preview:large","max-video-preview":"max-video-preview:-1"},"canonical":"https:\/\/blog.zeit.de\/teilchen\/2015\/09\/01\/der-hat-neger-gesagt\/","og_locale":"de_DE","og_type":"article","og_title":"Der hat Neger gesagt!","og_description":"Joachim Herrmann bezeichnete Roberto Blanco bei \"Hart aber fair\" als \"wunderbarer Neger\". H\u00e4tte er doch 2002 die Harald-Schmidt-Show gesehen.","og_url":"https:\/\/blog.zeit.de\/teilchen\/2015\/09\/01\/der-hat-neger-gesagt\/","og_site_name":"Teilchen","article_published_time":"2015-09-01T10:33:15+00:00","article_modified_time":"2015-09-12T13:54:39+00:00","og_image":[{"width":664,"height":470,"url":"https:\/\/blog.zeit.de\/teilchen\/files\/2015\/09\/Bildschirmfoto-2015-09-01-um-11.38.53.png","type":"image\/png"}],"author":"Tobias Dorfer","twitter_card":"summary_large_image","twitter_creator":"@tobiasdorfer","twitter_site":"@zeitonline","twitter_misc":{"Geschrieben von":"Tobias Dorfer","Gesch\u00e4tzte Lesezeit":"2\u00a0Minuten"},"schema":{"@context":"https:\/\/schema.org","@graph":[{"@type":"WebPage","@id":"https:\/\/blog.zeit.de\/teilchen\/2015\/09\/01\/der-hat-neger-gesagt\/","url":"https:\/\/blog.zeit.de\/teilchen\/2015\/09\/01\/der-hat-neger-gesagt\/","name":"Der hat Neger gesagt!","isPartOf":{"@id":"https:\/\/blog.zeit.de\/teilchen\/#website"},"datePublished":"2015-09-01T10:33:15+00:00","dateModified":"2015-09-12T13:54:39+00:00","author":{"@id":"https:\/\/blog.zeit.de\/teilchen\/#\/schema\/person\/e90ba849254185115fd919d4fad07dc0"},"description":"Joachim Herrmann bezeichnete Roberto Blanco bei \"Hart aber fair\" als \"wunderbarer Neger\". H\u00e4tte er doch 2002 die Harald-Schmidt-Show gesehen.","breadcrumb":{"@id":"https:\/\/blog.zeit.de\/teilchen\/2015\/09\/01\/der-hat-neger-gesagt\/#breadcrumb"},"inLanguage":"de","potentialAction":[{"@type":"ReadAction","target":["https:\/\/blog.zeit.de\/teilchen\/2015\/09\/01\/der-hat-neger-gesagt\/"]}]},{"@type":"BreadcrumbList","@id":"https:\/\/blog.zeit.de\/teilchen\/2015\/09\/01\/der-hat-neger-gesagt\/#breadcrumb","itemListElement":[{"@type":"ListItem","position":1,"name":"Startseite","item":"https:\/\/blog.zeit.de\/teilchen\/"},{"@type":"ListItem","position":2,"name":"Der hat Neger gesagt!"}]},{"@type":"WebSite","@id":"https:\/\/blog.zeit.de\/teilchen\/#website","url":"https:\/\/blog.zeit.de\/teilchen\/","name":"Teilchen","description":"Im Netz verstecken sich kleine Sch\u00e4tze - ZEIT ONLINE findet sie.","potentialAction":[{"@type":"SearchAction","target":{"@type":"EntryPoint","urlTemplate":"https:\/\/blog.zeit.de\/teilchen\/?s={search_term_string}"},"query-input":"required name=search_term_string"}],"inLanguage":"de"},{"@type":"Person","@id":"https:\/\/blog.zeit.de\/teilchen\/#\/schema\/person\/e90ba849254185115fd919d4fad07dc0","name":"Tobias Dorfer","image":{"@type":"ImageObject","inLanguage":"de","@id":"https:\/\/blog.zeit.de\/teilchen\/#\/schema\/person\/image\/","url":"https:\/\/secure.gravatar.com\/avatar\/0021e1a3fe9f799912804bcca6f1bcbbe58ee3bf29c8f714a0f453695a888d0a?s=96&d=mm&r=g","contentUrl":"https:\/\/secure.gravatar.com\/avatar\/0021e1a3fe9f799912804bcca6f1bcbbe58ee3bf29c8f714a0f453695a888d0a?s=96&d=mm&r=g","caption":"Tobias Dorfer"},"description":"Teamleiter Social Media bei ZEIT ONLINE. Zuvor sieben Jahre bei S\u00fcddeutsche.de, als Redakteur im Wirtschafts- und Regional-Ressort sowie Editorial SEO. Ausbildung an der Deutschen Journalistenschule in M\u00fcnchen mit Hospitanzen bei S\u00fcddeutsche Zeitung, SPIEGEL und SPIEGEL Online.","sameAs":["https:\/\/twitter.com\/tobiasdorfer"],"url":"https:\/\/blog.zeit.de\/teilchen\/author\/tdorfer\/"}]}},"jetpack_featured_media_url":"https:\/\/blog.zeit.de\/teilchen\/files\/2015\/09\/Bildschirmfoto-2015-09-01-um-11.38.53.png","jetpack_sharing_enabled":true,"_links":{"self":[{"href":"https:\/\/blog.zeit.de\/teilchen\/wp-json\/wp\/v2\/posts\/7535","targetHints":{"allow":["GET"]}}],"collection":[{"href":"https:\/\/blog.zeit.de\/teilchen\/wp-json\/wp\/v2\/posts"}],"about":[{"href":"https:\/\/blog.zeit.de\/teilchen\/wp-json\/wp\/v2\/types\/post"}],"author":[{"embeddable":true,"href":"https:\/\/blog.zeit.de\/teilchen\/wp-json\/wp\/v2\/users\/556"}],"replies":[{"embeddable":true,"href":"https:\/\/blog.zeit.de\/teilchen\/wp-json\/wp\/v2\/comments?post=7535"}],"version-history":[{"count":12,"href":"https:\/\/blog.zeit.de\/teilchen\/wp-json\/wp\/v2\/posts\/7535\/revisions"}],"predecessor-version":[{"id":7954,"href":"https:\/\/blog.zeit.de\/teilchen\/wp-json\/wp\/v2\/posts\/7535\/revisions\/7954"}],"wp:featuredmedia":[{"embeddable":true,"href":"https:\/\/blog.zeit.de\/teilchen\/wp-json\/wp\/v2\/media\/7549"}],"wp:attachment":[{"href":"https:\/\/blog.zeit.de\/teilchen\/wp-json\/wp\/v2\/media?parent=7535"}],"wp:term":[{"taxonomy":"category","embeddable":true,"href":"https:\/\/blog.zeit.de\/teilchen\/wp-json\/wp\/v2\/categories?post=7535"},{"taxonomy":"post_tag","embeddable":true,"href":"https:\/\/blog.zeit.de\/teilchen\/wp-json\/wp\/v2\/tags?post=7535"}],"curies":[{"name":"wp","href":"https:\/\/api.w.org\/{rel}","templated":true}]}}