{"id":7745,"date":"2015-09-08T12:41:11","date_gmt":"2015-09-08T10:41:11","guid":{"rendered":"http:\/\/blog.zeit.de\/teilchen\/?p=7745"},"modified":"2015-09-08T12:44:03","modified_gmt":"2015-09-08T10:44:03","slug":"nachrichten-sprechen-wissenschaft","status":"publish","type":"post","link":"https:\/\/blog.zeit.de\/teilchen\/2015\/09\/08\/nachrichten-sprechen-wissenschaft\/","title":{"rendered":"Undnundersportmitulrikevondergroeben"},"content":{"rendered":"\n<div class=\"embed-wrapper embed-wrapper--blocked js-embed-consent\" data-method=\"iframe\">\n<script class=\"raw__source\" type=\"text\/template\"><iframe loading=\"lazy\" frameborder=\"0\" height=\"435\" src=\"https:\/\/www.youtube.com\/embed\/fGbvtR48mIg\" width=\"580\"><\/iframe><\/script>\n<div class=\"embed-wrapper__inner\">\n<div class=\"embed-wrapper__text\">\n<h3>Empfohlener redaktioneller Inhalt<\/h3>\n<p data-replace=\"no\">An dieser Stelle finden Sie externen Inhalt, der den Artikel erg\u00e4nzt. Sie k\u00f6nnen sich externe Inhalte mit einem Klick anzeigen lassen und wieder ausblenden.<noscript>Bitte aktivieren Sie JavaScript damit Sie diesen Inhalt anzeigen k\u00f6nnen.<\/noscript><\/p>\n<\/div>\n<div class=\"embed-consent\">\n<label class=\"embed-consent__toggle\">\n<input class=\"js-embed-consent__toggle\" type=\"checkbox\" autocomplete=\"off\">\n<span><\/span>\nExterner Inhalt\n<\/label>\n<a href=\"https:\/\/www.zeit.de\/hilfe\/datenschutz\" target=\"_blank\" class=\"embed-consent__datalink-when-active\">Datenschutzerkl\u00e4rung<\/a>\n<\/div>\n<div class=\"embed-wrapper__footer\">\n<p data-replace=\"no\">\nIch bin damit einverstanden, dass mir externe Inhalte angezeigt werden. Damit k\u00f6nnen personenbezogene Daten an Drittplattformen \u00fcbermittelt werden. <a href=\"https:\/\/www.zeit.de\/hilfe\/datenschutz\" target=\"_blank\">Mehr dazu in unserer Datenschutzerkl\u00e4rung.<\/a>\n<\/p>\n<\/div>\n<\/div>\n<\/div>\n<p>Schauen Sie sich dieses Video an. Zu sehen ist eine fiktive Ausgabe von <em>RTL Aktuell<\/em>, in der Comedian Michael Kessler f\u00fcr die Satiresendung<em> Switch<\/em> als Peter Kloeppel einen Beitrag \u00fcber eine Krise in Lampukistan anmoderiert. Gef\u00e4llt Ihnen? St\u00f6rt Sie die \u00fcbertriebene Betonung mancher Silben? Das schnelle Reden? Die Stimmf\u00e4rbung?<!--more--><\/p>\n<p>Nachrichtensprecher ist ein Job wie der des Fu\u00dfball-Nationaltrainers. 80 Millionen Deutsche k\u00f6nnen es grunds\u00e4tzlich besser: Die Kleidung ist ihnen zu freiz\u00fcgig, die Krawatte zu gr\u00fcn, zu viele Floskeln in der \u00dcberleitung zum Wetter, die immer gleiche Abmoderation. Man kann eine Menge falsch machen. Meistens liegen der Publikumsgunst ziemlich subjektive Einsch\u00e4tzungen zugrunde. Es gibt allerdings auch objektive Kriterien der Sprecherqualit\u00e4t, wie ein Projekt zeigt.<\/p>\n<p>Ines Bose, Sprechwissenschaftlerin an der Universit\u00e4t Halle, hat mit drei Kollegen des Mitteldeutschen Rundfunks zehn Beispiele zusammengestellt, wie Nachrichten nicht gesprochen werden sollten \u2013 und diese als Sounddateien ins Netz gestellt. Einmal redet die Sprecherin viel zu laut, dann zu erotisch. Oder sie betont so viele W\u00f6rter falsch, dass die Nachricht am Ende wie eine automatische Durchsage auf einem Regionalbahnhof klingt.<\/p>\n<p>[soundcloud url=&#8220;https:\/\/api.soundcloud.com\/playlists\/142075203&#8243; params=&#8220;auto_play=false&amp;hide_related=false&amp;show_comments=true&amp;show_user=true&amp;show_reposts=false&amp;visual=true&#8220; width=&#8220;100%&#8220; height=&#8220;450&#8243; iframe=&#8220;true&#8220; \/]<\/p>\n<p><a href=\"https:\/\/soundcloud.com\/user-534307064\/sets\/nachrichten-sprechen-was-man-alles-falsch-machen-kann\" target=\"_blank\">H\u00f6ren Sie die Beispiele in Ruhe durch.<\/a> Jedes Mal wird nur ein einziges Sprachmerkmal kritisiert. Das Problem dabei: &#8222;Sprechen ist ein ganzheitlicher Prozess&#8220;, sagt Bose. Einzelne Merkmale lie\u00dfen sich nicht losgel\u00f6st von anderen realisieren. &#8222;So wird beispielsweise jemand, der zu laut liest, auch immer mehr W\u00f6rter betonen, als jemand, der in angemessener Lautst\u00e4rke spricht.&#8220;<\/p>\n<p>Bevor Sie sich das n\u00e4chste Mal \u00fcber Gabi Bauer, Thomas Roth, Peter Kloeppel oder Marietta Slomka wegen was auch immer \u00e4rgern, denken Sie daran: Nachrichten zu sprechen oder anzumoderieren, das ist eine Wissenschaft f\u00fcr sich.<\/p>\n<ul>\n<li><em>Wie sieht die Zukunft der Nachrichten aus? <a href=\"http:\/\/www.zeit.de\/2013\/22\/moderatoren-ulrich-wickert-claus-kleber\" target=\"_blank\">Dar\u00fcber haben sich Ulrich Wickert und Claus Kleber 2013 in der ZEIT unterhalten<\/a>.<\/em><\/li>\n<li><em>Weitere <a href=\"https:\/\/blog.zeit.de\/teilchen\/\" target=\"_blank\">Teilchen finden Sie hier.<\/a><\/em><\/li>\n<\/ul>\n","protected":false},"excerpt":{"rendered":"<p>Empfohlener redaktioneller Inhalt An dieser Stelle finden Sie externen Inhalt, der den Artikel erg\u00e4nzt. Sie k\u00f6nnen sich externe Inhalte mit einem Klick anzeigen lassen [\u2026]<\/p>\n","protected":false},"author":556,"featured_media":7763,"comment_status":"open","ping_status":"closed","sticky":false,"template":"","format":"standard","meta":{"_jetpack_memberships_contains_paid_content":false,"footnotes":""},"categories":[1486],"tags":[],"class_list":["post-7745","post","type-post","status-publish","format-standard","has-post-thumbnail","hentry","category-audio"],"yoast_head":"<!-- This site is optimized with the Yoast SEO plugin v21.0 - https:\/\/yoast.com\/wordpress\/plugins\/seo\/ -->\n<title>Nachrichten sprechen, eine Wissenschaft f\u00fcr sich<\/title>\n<meta name=\"description\" content=\"Nachrichten sprechen? Das kann doch jeder, musst ja nur vorlesen. Wenn es doch so einfach w\u00e4r...\" \/>\n<meta name=\"robots\" content=\"index, follow, max-snippet:-1, max-image-preview:large, max-video-preview:-1\" \/>\n<link rel=\"canonical\" href=\"https:\/\/blog.zeit.de\/teilchen\/2015\/09\/08\/nachrichten-sprechen-wissenschaft\/\" \/>\n<meta property=\"og:locale\" content=\"de_DE\" \/>\n<meta property=\"og:type\" content=\"article\" \/>\n<meta property=\"og:title\" content=\"Nachrichten sprechen, eine Wissenschaft f\u00fcr sich\" \/>\n<meta property=\"og:description\" content=\"Nachrichten sprechen? Das kann doch jeder, musst ja nur vorlesen. Wenn es doch so einfach w\u00e4r...\" \/>\n<meta property=\"og:url\" content=\"https:\/\/blog.zeit.de\/teilchen\/2015\/09\/08\/nachrichten-sprechen-wissenschaft\/\" \/>\n<meta property=\"og:site_name\" content=\"Teilchen\" \/>\n<meta property=\"article:published_time\" content=\"2015-09-08T10:41:11+00:00\" \/>\n<meta property=\"article:modified_time\" content=\"2015-09-08T10:44:03+00:00\" \/>\n<meta property=\"og:image\" content=\"https:\/\/blog.zeit.de\/teilchen\/files\/2015\/09\/Bildschirmfoto-2015-09-08-um-11.31.57.png\" \/>\n\t<meta property=\"og:image:width\" content=\"616\" \/>\n\t<meta property=\"og:image:height\" content=\"474\" \/>\n\t<meta property=\"og:image:type\" content=\"image\/png\" \/>\n<meta name=\"author\" content=\"Tobias Dorfer\" \/>\n<meta name=\"twitter:card\" content=\"summary_large_image\" \/>\n<meta name=\"twitter:creator\" content=\"@tobiasdorfer\" \/>\n<meta name=\"twitter:site\" content=\"@zeitonline\" \/>\n<meta name=\"twitter:label1\" content=\"Geschrieben von\" \/>\n\t<meta name=\"twitter:data1\" content=\"Tobias Dorfer\" \/>\n\t<meta name=\"twitter:label2\" content=\"Gesch\u00e4tzte Lesezeit\" \/>\n\t<meta name=\"twitter:data2\" content=\"2\u00a0Minuten\" \/>\n<script type=\"application\/ld+json\" class=\"yoast-schema-graph\">{\"@context\":\"https:\/\/schema.org\",\"@graph\":[{\"@type\":\"WebPage\",\"@id\":\"https:\/\/blog.zeit.de\/teilchen\/2015\/09\/08\/nachrichten-sprechen-wissenschaft\/\",\"url\":\"https:\/\/blog.zeit.de\/teilchen\/2015\/09\/08\/nachrichten-sprechen-wissenschaft\/\",\"name\":\"Nachrichten sprechen, eine Wissenschaft f\u00fcr sich\",\"isPartOf\":{\"@id\":\"https:\/\/blog.zeit.de\/teilchen\/#website\"},\"datePublished\":\"2015-09-08T10:41:11+00:00\",\"dateModified\":\"2015-09-08T10:44:03+00:00\",\"author\":{\"@id\":\"https:\/\/blog.zeit.de\/teilchen\/#\/schema\/person\/e90ba849254185115fd919d4fad07dc0\"},\"description\":\"Nachrichten sprechen? Das kann doch jeder, musst ja nur vorlesen. Wenn es doch so einfach w\u00e4r...\",\"breadcrumb\":{\"@id\":\"https:\/\/blog.zeit.de\/teilchen\/2015\/09\/08\/nachrichten-sprechen-wissenschaft\/#breadcrumb\"},\"inLanguage\":\"de\",\"potentialAction\":[{\"@type\":\"ReadAction\",\"target\":[\"https:\/\/blog.zeit.de\/teilchen\/2015\/09\/08\/nachrichten-sprechen-wissenschaft\/\"]}]},{\"@type\":\"BreadcrumbList\",\"@id\":\"https:\/\/blog.zeit.de\/teilchen\/2015\/09\/08\/nachrichten-sprechen-wissenschaft\/#breadcrumb\",\"itemListElement\":[{\"@type\":\"ListItem\",\"position\":1,\"name\":\"Startseite\",\"item\":\"https:\/\/blog.zeit.de\/teilchen\/\"},{\"@type\":\"ListItem\",\"position\":2,\"name\":\"Undnundersportmitulrikevondergroeben\"}]},{\"@type\":\"WebSite\",\"@id\":\"https:\/\/blog.zeit.de\/teilchen\/#website\",\"url\":\"https:\/\/blog.zeit.de\/teilchen\/\",\"name\":\"Teilchen\",\"description\":\"Im Netz verstecken sich kleine Sch\u00e4tze - ZEIT ONLINE findet sie.\",\"potentialAction\":[{\"@type\":\"SearchAction\",\"target\":{\"@type\":\"EntryPoint\",\"urlTemplate\":\"https:\/\/blog.zeit.de\/teilchen\/?s={search_term_string}\"},\"query-input\":\"required name=search_term_string\"}],\"inLanguage\":\"de\"},{\"@type\":\"Person\",\"@id\":\"https:\/\/blog.zeit.de\/teilchen\/#\/schema\/person\/e90ba849254185115fd919d4fad07dc0\",\"name\":\"Tobias Dorfer\",\"image\":{\"@type\":\"ImageObject\",\"inLanguage\":\"de\",\"@id\":\"https:\/\/blog.zeit.de\/teilchen\/#\/schema\/person\/image\/\",\"url\":\"https:\/\/secure.gravatar.com\/avatar\/0021e1a3fe9f799912804bcca6f1bcbbe58ee3bf29c8f714a0f453695a888d0a?s=96&d=mm&r=g\",\"contentUrl\":\"https:\/\/secure.gravatar.com\/avatar\/0021e1a3fe9f799912804bcca6f1bcbbe58ee3bf29c8f714a0f453695a888d0a?s=96&d=mm&r=g\",\"caption\":\"Tobias Dorfer\"},\"description\":\"Teamleiter Social Media bei ZEIT ONLINE. Zuvor sieben Jahre bei S\u00fcddeutsche.de, als Redakteur im Wirtschafts- und Regional-Ressort sowie Editorial SEO. Ausbildung an der Deutschen Journalistenschule in M\u00fcnchen mit Hospitanzen bei S\u00fcddeutsche Zeitung, SPIEGEL und SPIEGEL Online.\",\"sameAs\":[\"https:\/\/twitter.com\/tobiasdorfer\"],\"url\":\"https:\/\/blog.zeit.de\/teilchen\/author\/tdorfer\/\"}]}<\/script>\n<!-- \/ Yoast SEO plugin. -->","yoast_head_json":{"title":"Nachrichten sprechen, eine Wissenschaft f\u00fcr sich","description":"Nachrichten sprechen? Das kann doch jeder, musst ja nur vorlesen. Wenn es doch so einfach w\u00e4r...","robots":{"index":"index","follow":"follow","max-snippet":"max-snippet:-1","max-image-preview":"max-image-preview:large","max-video-preview":"max-video-preview:-1"},"canonical":"https:\/\/blog.zeit.de\/teilchen\/2015\/09\/08\/nachrichten-sprechen-wissenschaft\/","og_locale":"de_DE","og_type":"article","og_title":"Nachrichten sprechen, eine Wissenschaft f\u00fcr sich","og_description":"Nachrichten sprechen? Das kann doch jeder, musst ja nur vorlesen. Wenn es doch so einfach w\u00e4r...","og_url":"https:\/\/blog.zeit.de\/teilchen\/2015\/09\/08\/nachrichten-sprechen-wissenschaft\/","og_site_name":"Teilchen","article_published_time":"2015-09-08T10:41:11+00:00","article_modified_time":"2015-09-08T10:44:03+00:00","og_image":[{"width":616,"height":474,"url":"https:\/\/blog.zeit.de\/teilchen\/files\/2015\/09\/Bildschirmfoto-2015-09-08-um-11.31.57.png","type":"image\/png"}],"author":"Tobias Dorfer","twitter_card":"summary_large_image","twitter_creator":"@tobiasdorfer","twitter_site":"@zeitonline","twitter_misc":{"Geschrieben von":"Tobias Dorfer","Gesch\u00e4tzte Lesezeit":"2\u00a0Minuten"},"schema":{"@context":"https:\/\/schema.org","@graph":[{"@type":"WebPage","@id":"https:\/\/blog.zeit.de\/teilchen\/2015\/09\/08\/nachrichten-sprechen-wissenschaft\/","url":"https:\/\/blog.zeit.de\/teilchen\/2015\/09\/08\/nachrichten-sprechen-wissenschaft\/","name":"Nachrichten sprechen, eine Wissenschaft f\u00fcr sich","isPartOf":{"@id":"https:\/\/blog.zeit.de\/teilchen\/#website"},"datePublished":"2015-09-08T10:41:11+00:00","dateModified":"2015-09-08T10:44:03+00:00","author":{"@id":"https:\/\/blog.zeit.de\/teilchen\/#\/schema\/person\/e90ba849254185115fd919d4fad07dc0"},"description":"Nachrichten sprechen? Das kann doch jeder, musst ja nur vorlesen. Wenn es doch so einfach w\u00e4r...","breadcrumb":{"@id":"https:\/\/blog.zeit.de\/teilchen\/2015\/09\/08\/nachrichten-sprechen-wissenschaft\/#breadcrumb"},"inLanguage":"de","potentialAction":[{"@type":"ReadAction","target":["https:\/\/blog.zeit.de\/teilchen\/2015\/09\/08\/nachrichten-sprechen-wissenschaft\/"]}]},{"@type":"BreadcrumbList","@id":"https:\/\/blog.zeit.de\/teilchen\/2015\/09\/08\/nachrichten-sprechen-wissenschaft\/#breadcrumb","itemListElement":[{"@type":"ListItem","position":1,"name":"Startseite","item":"https:\/\/blog.zeit.de\/teilchen\/"},{"@type":"ListItem","position":2,"name":"Undnundersportmitulrikevondergroeben"}]},{"@type":"WebSite","@id":"https:\/\/blog.zeit.de\/teilchen\/#website","url":"https:\/\/blog.zeit.de\/teilchen\/","name":"Teilchen","description":"Im Netz verstecken sich kleine Sch\u00e4tze - ZEIT ONLINE findet sie.","potentialAction":[{"@type":"SearchAction","target":{"@type":"EntryPoint","urlTemplate":"https:\/\/blog.zeit.de\/teilchen\/?s={search_term_string}"},"query-input":"required name=search_term_string"}],"inLanguage":"de"},{"@type":"Person","@id":"https:\/\/blog.zeit.de\/teilchen\/#\/schema\/person\/e90ba849254185115fd919d4fad07dc0","name":"Tobias Dorfer","image":{"@type":"ImageObject","inLanguage":"de","@id":"https:\/\/blog.zeit.de\/teilchen\/#\/schema\/person\/image\/","url":"https:\/\/secure.gravatar.com\/avatar\/0021e1a3fe9f799912804bcca6f1bcbbe58ee3bf29c8f714a0f453695a888d0a?s=96&d=mm&r=g","contentUrl":"https:\/\/secure.gravatar.com\/avatar\/0021e1a3fe9f799912804bcca6f1bcbbe58ee3bf29c8f714a0f453695a888d0a?s=96&d=mm&r=g","caption":"Tobias Dorfer"},"description":"Teamleiter Social Media bei ZEIT ONLINE. Zuvor sieben Jahre bei S\u00fcddeutsche.de, als Redakteur im Wirtschafts- und Regional-Ressort sowie Editorial SEO. Ausbildung an der Deutschen Journalistenschule in M\u00fcnchen mit Hospitanzen bei S\u00fcddeutsche Zeitung, SPIEGEL und SPIEGEL Online.","sameAs":["https:\/\/twitter.com\/tobiasdorfer"],"url":"https:\/\/blog.zeit.de\/teilchen\/author\/tdorfer\/"}]}},"jetpack_featured_media_url":"https:\/\/blog.zeit.de\/teilchen\/files\/2015\/09\/Bildschirmfoto-2015-09-08-um-11.31.57.png","jetpack_sharing_enabled":true,"_links":{"self":[{"href":"https:\/\/blog.zeit.de\/teilchen\/wp-json\/wp\/v2\/posts\/7745","targetHints":{"allow":["GET"]}}],"collection":[{"href":"https:\/\/blog.zeit.de\/teilchen\/wp-json\/wp\/v2\/posts"}],"about":[{"href":"https:\/\/blog.zeit.de\/teilchen\/wp-json\/wp\/v2\/types\/post"}],"author":[{"embeddable":true,"href":"https:\/\/blog.zeit.de\/teilchen\/wp-json\/wp\/v2\/users\/556"}],"replies":[{"embeddable":true,"href":"https:\/\/blog.zeit.de\/teilchen\/wp-json\/wp\/v2\/comments?post=7745"}],"version-history":[{"count":8,"href":"https:\/\/blog.zeit.de\/teilchen\/wp-json\/wp\/v2\/posts\/7745\/revisions"}],"predecessor-version":[{"id":7762,"href":"https:\/\/blog.zeit.de\/teilchen\/wp-json\/wp\/v2\/posts\/7745\/revisions\/7762"}],"wp:featuredmedia":[{"embeddable":true,"href":"https:\/\/blog.zeit.de\/teilchen\/wp-json\/wp\/v2\/media\/7763"}],"wp:attachment":[{"href":"https:\/\/blog.zeit.de\/teilchen\/wp-json\/wp\/v2\/media?parent=7745"}],"wp:term":[{"taxonomy":"category","embeddable":true,"href":"https:\/\/blog.zeit.de\/teilchen\/wp-json\/wp\/v2\/categories?post=7745"},{"taxonomy":"post_tag","embeddable":true,"href":"https:\/\/blog.zeit.de\/teilchen\/wp-json\/wp\/v2\/tags?post=7745"}],"curies":[{"name":"wp","href":"https:\/\/api.w.org\/{rel}","templated":true}]}}