{"id":7855,"date":"2015-09-10T16:41:21","date_gmt":"2015-09-10T14:41:21","guid":{"rendered":"http:\/\/blog.zeit.de\/teilchen\/?p=7855"},"modified":"2015-09-12T15:14:54","modified_gmt":"2015-09-12T13:14:54","slug":"usa-syrische-fluechtlinge-einwanderung","status":"publish","type":"post","link":"https:\/\/blog.zeit.de\/teilchen\/2015\/09\/10\/usa-syrische-fluechtlinge-einwanderung\/","title":{"rendered":"Die USA \u2013 kein Einwanderungsland f\u00fcr syrische Fl\u00fcchtlinge"},"content":{"rendered":"<style>.embed-container { position: relative; padding-bottom: 56.25%; height: 0; overflow: hidden; max-width: 100%; } .embed-container iframe, .embed-container object, .embed-container embed { position: absolute; top: 0; left: 0; width: 100%; height: 100%; }<\/style>\n<div class='embed-container'>\n\n<div class=\"embed-wrapper embed-wrapper--blocked js-embed-consent\" data-method=\"iframe\">\n<script class=\"raw__source\" type=\"text\/template\"><iframe src='https:\/\/www.youtube.com\/embed\/SCl6s68_sGY' frameborder='0' allowfullscreen><\/iframe><\/script>\n<div class=\"embed-wrapper__inner\">\n<div class=\"embed-wrapper__text\">\n<h3>Empfohlener redaktioneller Inhalt<\/h3>\n<p data-replace=\"no\">An dieser Stelle finden Sie externen Inhalt, der den Artikel erg\u00e4nzt. Sie k\u00f6nnen sich externe Inhalte mit einem Klick anzeigen lassen und wieder ausblenden.<noscript>Bitte aktivieren Sie JavaScript damit Sie diesen Inhalt anzeigen k\u00f6nnen.<\/noscript><\/p>\n<\/div>\n<div class=\"embed-consent\">\n<label class=\"embed-consent__toggle\">\n<input class=\"js-embed-consent__toggle\" type=\"checkbox\" autocomplete=\"off\">\n<span><\/span>\nExterner Inhalt\n<\/label>\n<a href=\"https:\/\/www.zeit.de\/hilfe\/datenschutz\" target=\"_blank\" class=\"embed-consent__datalink-when-active\">Datenschutzerkl\u00e4rung<\/a>\n<\/div>\n<div class=\"embed-wrapper__footer\">\n<p data-replace=\"no\">\nIch bin damit einverstanden, dass mir externe Inhalte angezeigt werden. Damit k\u00f6nnen personenbezogene Daten an Drittplattformen \u00fcbermittelt werden. <a href=\"https:\/\/www.zeit.de\/hilfe\/datenschutz\" target=\"_blank\">Mehr dazu in unserer Datenschutzerkl\u00e4rung.<\/a>\n<\/p>\n<\/div>\n<\/div>\n<\/div>\n<\/div>\n<p>&nbsp;<\/p>\n<p>3,9 Millionen syrische Fl\u00fcchtlinge sind dem Fl\u00fcchtlingshilfswerk der Vereinten Nationen zufolge in direkten Nachbarl\u00e4ndern aufgenommen worden: in \u00c4gypten, dem Irak, Jordanien, dem Libanon und der T\u00fcrkei. <a href=\"http:\/\/www.zeit.de\/video\/2015-09\/4461189590001\/fluchtrouten-fluechtlinge-und-die-schleuserindustrie#autoplay\">Europa haben in diesem Jahr 320.000 Fl\u00fcchtlinge erreicht.<\/a> Die Staaten der Europ\u00e4ischen Union streiten dar\u00fcber, ob es einen Verteilungsschl\u00fcssel f\u00fcr Fl\u00fcchtlinge geben soll.<br \/>\n<!--more--><\/p>\n<p>In den USA thematisieren im Vorfeld der kommenden Pr\u00e4sidentschaftswahlen m\u00f6gliche Kandidaten wie Donald Trump die <a href=\"http:\/\/www.zeit.de\/politik\/ausland\/2015-09\/us-immigration-debatte-donald-trump\">Immigration<\/a>, wer kommen d\u00fcrfen soll und wer vor allem nicht. Die vielen Fl\u00fcchtlinge, die Syrien verlassen mussten, weil ihr Leben bedroht ist, haben jedoch bisher nur geringe Chancen, dort Asyl zu erhalten.<\/p>\n<p>Im Video von <em><a href=\"http:\/\/www.vox.com\/videos\" target=\"_blank\">vox.com<\/a><\/em> zeigen die Autoren, welche Zahlen dort debattiert werden: 65.000 syrische Fl\u00fcchtlinge sollen es nach dem Vorschlag von 14 Senatoren sein. Eine Maximalforderung verglichen mit den 8.000 Fl\u00fcchtlingen, die die Obama-Regierung akzeptieren will. <a href=\"http:\/\/www.zeit.de\/politik\/ausland\/2015-09\/usa-fluechtlinge-aufnahme\">US-Au\u00dfenminister Kerry<\/a> k\u00fcndigte jetzt f\u00fcr kommendes Jahr an, 5.000 zus\u00e4tzliche Fl\u00fcchtlinge aufnehmen zu wollen, darunter auch Menschen aus Syrien. Ein Gegensatz zum Selbstverst\u00e4ndnis der US-amerikanischen Nation, die mit der New Yorker Freiheitsstatue eigentlich die &#8222;M\u00fcden und entrechteten Massen&#8220; begr\u00fc\u00dft.<\/p>\n<ul>\n<li><em>Weitere <a href=\"https:\/\/blog.zeit.de\/teilchen\/\" target=\"_blank\">Teilchen finden Sie hier<\/a>.<\/em><\/li>\n<\/ul>\n","protected":false},"excerpt":{"rendered":"<p>Empfohlener redaktioneller Inhalt An dieser Stelle finden Sie externen Inhalt, der den Artikel erg\u00e4nzt. Sie k\u00f6nnen sich externe Inhalte mit einem Klick anzeigen lassen [\u2026]<\/p>\n","protected":false},"author":512,"featured_media":7875,"comment_status":"open","ping_status":"closed","sticky":false,"template":"","format":"standard","meta":{"_jetpack_memberships_contains_paid_content":false,"footnotes":""},"categories":[28],"tags":[],"class_list":["post-7855","post","type-post","status-publish","format-standard","has-post-thumbnail","hentry","category-video"],"yoast_head":"<!-- This site is optimized with the Yoast SEO plugin v21.0 - https:\/\/yoast.com\/wordpress\/plugins\/seo\/ -->\n<title>Die USA \u2013 kein Einwanderungsland f\u00fcr syrische Fl\u00fcchtlinge<\/title>\n<meta name=\"description\" content=\"Entgegen dem amerikanischen Selbstverst\u00e4ndnis haben syrische Fl\u00fcchtlinge nur schlechte Chancen in den USA Asyl zu erhalten.\" \/>\n<meta name=\"robots\" content=\"index, follow, max-snippet:-1, max-image-preview:large, max-video-preview:-1\" \/>\n<link rel=\"canonical\" href=\"https:\/\/blog.zeit.de\/teilchen\/2015\/09\/10\/usa-syrische-fluechtlinge-einwanderung\/\" \/>\n<meta property=\"og:locale\" content=\"de_DE\" \/>\n<meta property=\"og:type\" content=\"article\" \/>\n<meta property=\"og:title\" content=\"Die USA \u2013 kein Einwanderungsland f\u00fcr syrische Fl\u00fcchtlinge\" \/>\n<meta property=\"og:description\" content=\"Entgegen dem amerikanischen Selbstverst\u00e4ndnis haben syrische Fl\u00fcchtlinge nur schlechte Chancen in den USA Asyl zu erhalten.\" \/>\n<meta property=\"og:url\" content=\"https:\/\/blog.zeit.de\/teilchen\/2015\/09\/10\/usa-syrische-fluechtlinge-einwanderung\/\" \/>\n<meta property=\"og:site_name\" content=\"Teilchen\" \/>\n<meta property=\"article:published_time\" content=\"2015-09-10T14:41:21+00:00\" \/>\n<meta property=\"article:modified_time\" content=\"2015-09-12T13:14:54+00:00\" \/>\n<meta property=\"og:image\" content=\"https:\/\/blog.zeit.de\/teilchen\/files\/2015\/09\/US-SYRIEN.jpg\" \/>\n\t<meta property=\"og:image:width\" content=\"640\" \/>\n\t<meta property=\"og:image:height\" content=\"360\" \/>\n\t<meta property=\"og:image:type\" content=\"image\/jpeg\" \/>\n<meta name=\"author\" content=\"Ute Brandenburger\" \/>\n<meta name=\"twitter:card\" content=\"summary_large_image\" \/>\n<meta name=\"twitter:creator\" content=\"@zeitonline\" \/>\n<meta name=\"twitter:site\" content=\"@zeitonline\" \/>\n<meta name=\"twitter:label1\" content=\"Geschrieben von\" \/>\n\t<meta name=\"twitter:data1\" content=\"Ute Brandenburger\" \/>\n\t<meta name=\"twitter:label2\" content=\"Gesch\u00e4tzte Lesezeit\" \/>\n\t<meta name=\"twitter:data2\" content=\"1\u00a0Minute\" \/>\n<script type=\"application\/ld+json\" class=\"yoast-schema-graph\">{\"@context\":\"https:\/\/schema.org\",\"@graph\":[{\"@type\":\"WebPage\",\"@id\":\"https:\/\/blog.zeit.de\/teilchen\/2015\/09\/10\/usa-syrische-fluechtlinge-einwanderung\/\",\"url\":\"https:\/\/blog.zeit.de\/teilchen\/2015\/09\/10\/usa-syrische-fluechtlinge-einwanderung\/\",\"name\":\"Die USA \u2013 kein Einwanderungsland f\u00fcr syrische Fl\u00fcchtlinge\",\"isPartOf\":{\"@id\":\"https:\/\/blog.zeit.de\/teilchen\/#website\"},\"datePublished\":\"2015-09-10T14:41:21+00:00\",\"dateModified\":\"2015-09-12T13:14:54+00:00\",\"author\":{\"@id\":\"https:\/\/blog.zeit.de\/teilchen\/#\/schema\/person\/3599364aa80e33724066a76409d02a81\"},\"description\":\"Entgegen dem amerikanischen Selbstverst\u00e4ndnis haben syrische Fl\u00fcchtlinge nur schlechte Chancen in den USA Asyl zu erhalten.\",\"breadcrumb\":{\"@id\":\"https:\/\/blog.zeit.de\/teilchen\/2015\/09\/10\/usa-syrische-fluechtlinge-einwanderung\/#breadcrumb\"},\"inLanguage\":\"de\",\"potentialAction\":[{\"@type\":\"ReadAction\",\"target\":[\"https:\/\/blog.zeit.de\/teilchen\/2015\/09\/10\/usa-syrische-fluechtlinge-einwanderung\/\"]}]},{\"@type\":\"BreadcrumbList\",\"@id\":\"https:\/\/blog.zeit.de\/teilchen\/2015\/09\/10\/usa-syrische-fluechtlinge-einwanderung\/#breadcrumb\",\"itemListElement\":[{\"@type\":\"ListItem\",\"position\":1,\"name\":\"Startseite\",\"item\":\"https:\/\/blog.zeit.de\/teilchen\/\"},{\"@type\":\"ListItem\",\"position\":2,\"name\":\"Die USA \u2013 kein Einwanderungsland f\u00fcr syrische Fl\u00fcchtlinge\"}]},{\"@type\":\"WebSite\",\"@id\":\"https:\/\/blog.zeit.de\/teilchen\/#website\",\"url\":\"https:\/\/blog.zeit.de\/teilchen\/\",\"name\":\"Teilchen\",\"description\":\"Im Netz verstecken sich kleine Sch\u00e4tze - ZEIT ONLINE findet sie.\",\"potentialAction\":[{\"@type\":\"SearchAction\",\"target\":{\"@type\":\"EntryPoint\",\"urlTemplate\":\"https:\/\/blog.zeit.de\/teilchen\/?s={search_term_string}\"},\"query-input\":\"required name=search_term_string\"}],\"inLanguage\":\"de\"},{\"@type\":\"Person\",\"@id\":\"https:\/\/blog.zeit.de\/teilchen\/#\/schema\/person\/3599364aa80e33724066a76409d02a81\",\"name\":\"Ute Brandenburger\",\"image\":{\"@type\":\"ImageObject\",\"inLanguage\":\"de\",\"@id\":\"https:\/\/blog.zeit.de\/teilchen\/#\/schema\/person\/image\/\",\"url\":\"https:\/\/secure.gravatar.com\/avatar\/3ae1b71ab9eac8344bcb58029669bed2b7885f48c244759bdd77bab578bee5dc?s=96&d=mm&r=g\",\"contentUrl\":\"https:\/\/secure.gravatar.com\/avatar\/3ae1b71ab9eac8344bcb58029669bed2b7885f48c244759bdd77bab578bee5dc?s=96&d=mm&r=g\",\"caption\":\"Ute Brandenburger\"},\"description\":\"ist Redakteurin bei ZEIT ONLINE.\",\"url\":\"https:\/\/blog.zeit.de\/teilchen\/author\/ubrandenburger\/\"}]}<\/script>\n<!-- \/ Yoast SEO plugin. -->","yoast_head_json":{"title":"Die USA \u2013 kein Einwanderungsland f\u00fcr syrische Fl\u00fcchtlinge","description":"Entgegen dem amerikanischen Selbstverst\u00e4ndnis haben syrische Fl\u00fcchtlinge nur schlechte Chancen in den USA Asyl zu erhalten.","robots":{"index":"index","follow":"follow","max-snippet":"max-snippet:-1","max-image-preview":"max-image-preview:large","max-video-preview":"max-video-preview:-1"},"canonical":"https:\/\/blog.zeit.de\/teilchen\/2015\/09\/10\/usa-syrische-fluechtlinge-einwanderung\/","og_locale":"de_DE","og_type":"article","og_title":"Die USA \u2013 kein Einwanderungsland f\u00fcr syrische Fl\u00fcchtlinge","og_description":"Entgegen dem amerikanischen Selbstverst\u00e4ndnis haben syrische Fl\u00fcchtlinge nur schlechte Chancen in den USA Asyl zu erhalten.","og_url":"https:\/\/blog.zeit.de\/teilchen\/2015\/09\/10\/usa-syrische-fluechtlinge-einwanderung\/","og_site_name":"Teilchen","article_published_time":"2015-09-10T14:41:21+00:00","article_modified_time":"2015-09-12T13:14:54+00:00","og_image":[{"width":640,"height":360,"url":"https:\/\/blog.zeit.de\/teilchen\/files\/2015\/09\/US-SYRIEN.jpg","type":"image\/jpeg"}],"author":"Ute Brandenburger","twitter_card":"summary_large_image","twitter_creator":"@zeitonline","twitter_site":"@zeitonline","twitter_misc":{"Geschrieben von":"Ute Brandenburger","Gesch\u00e4tzte Lesezeit":"1\u00a0Minute"},"schema":{"@context":"https:\/\/schema.org","@graph":[{"@type":"WebPage","@id":"https:\/\/blog.zeit.de\/teilchen\/2015\/09\/10\/usa-syrische-fluechtlinge-einwanderung\/","url":"https:\/\/blog.zeit.de\/teilchen\/2015\/09\/10\/usa-syrische-fluechtlinge-einwanderung\/","name":"Die USA \u2013 kein Einwanderungsland f\u00fcr syrische Fl\u00fcchtlinge","isPartOf":{"@id":"https:\/\/blog.zeit.de\/teilchen\/#website"},"datePublished":"2015-09-10T14:41:21+00:00","dateModified":"2015-09-12T13:14:54+00:00","author":{"@id":"https:\/\/blog.zeit.de\/teilchen\/#\/schema\/person\/3599364aa80e33724066a76409d02a81"},"description":"Entgegen dem amerikanischen Selbstverst\u00e4ndnis haben syrische Fl\u00fcchtlinge nur schlechte Chancen in den USA Asyl zu erhalten.","breadcrumb":{"@id":"https:\/\/blog.zeit.de\/teilchen\/2015\/09\/10\/usa-syrische-fluechtlinge-einwanderung\/#breadcrumb"},"inLanguage":"de","potentialAction":[{"@type":"ReadAction","target":["https:\/\/blog.zeit.de\/teilchen\/2015\/09\/10\/usa-syrische-fluechtlinge-einwanderung\/"]}]},{"@type":"BreadcrumbList","@id":"https:\/\/blog.zeit.de\/teilchen\/2015\/09\/10\/usa-syrische-fluechtlinge-einwanderung\/#breadcrumb","itemListElement":[{"@type":"ListItem","position":1,"name":"Startseite","item":"https:\/\/blog.zeit.de\/teilchen\/"},{"@type":"ListItem","position":2,"name":"Die USA \u2013 kein Einwanderungsland f\u00fcr syrische Fl\u00fcchtlinge"}]},{"@type":"WebSite","@id":"https:\/\/blog.zeit.de\/teilchen\/#website","url":"https:\/\/blog.zeit.de\/teilchen\/","name":"Teilchen","description":"Im Netz verstecken sich kleine Sch\u00e4tze - ZEIT ONLINE findet sie.","potentialAction":[{"@type":"SearchAction","target":{"@type":"EntryPoint","urlTemplate":"https:\/\/blog.zeit.de\/teilchen\/?s={search_term_string}"},"query-input":"required name=search_term_string"}],"inLanguage":"de"},{"@type":"Person","@id":"https:\/\/blog.zeit.de\/teilchen\/#\/schema\/person\/3599364aa80e33724066a76409d02a81","name":"Ute Brandenburger","image":{"@type":"ImageObject","inLanguage":"de","@id":"https:\/\/blog.zeit.de\/teilchen\/#\/schema\/person\/image\/","url":"https:\/\/secure.gravatar.com\/avatar\/3ae1b71ab9eac8344bcb58029669bed2b7885f48c244759bdd77bab578bee5dc?s=96&d=mm&r=g","contentUrl":"https:\/\/secure.gravatar.com\/avatar\/3ae1b71ab9eac8344bcb58029669bed2b7885f48c244759bdd77bab578bee5dc?s=96&d=mm&r=g","caption":"Ute Brandenburger"},"description":"ist Redakteurin bei ZEIT ONLINE.","url":"https:\/\/blog.zeit.de\/teilchen\/author\/ubrandenburger\/"}]}},"jetpack_featured_media_url":"https:\/\/blog.zeit.de\/teilchen\/files\/2015\/09\/US-SYRIEN.jpg","jetpack_sharing_enabled":true,"_links":{"self":[{"href":"https:\/\/blog.zeit.de\/teilchen\/wp-json\/wp\/v2\/posts\/7855","targetHints":{"allow":["GET"]}}],"collection":[{"href":"https:\/\/blog.zeit.de\/teilchen\/wp-json\/wp\/v2\/posts"}],"about":[{"href":"https:\/\/blog.zeit.de\/teilchen\/wp-json\/wp\/v2\/types\/post"}],"author":[{"embeddable":true,"href":"https:\/\/blog.zeit.de\/teilchen\/wp-json\/wp\/v2\/users\/512"}],"replies":[{"embeddable":true,"href":"https:\/\/blog.zeit.de\/teilchen\/wp-json\/wp\/v2\/comments?post=7855"}],"version-history":[{"count":9,"href":"https:\/\/blog.zeit.de\/teilchen\/wp-json\/wp\/v2\/posts\/7855\/revisions"}],"predecessor-version":[{"id":7945,"href":"https:\/\/blog.zeit.de\/teilchen\/wp-json\/wp\/v2\/posts\/7855\/revisions\/7945"}],"wp:featuredmedia":[{"embeddable":true,"href":"https:\/\/blog.zeit.de\/teilchen\/wp-json\/wp\/v2\/media\/7875"}],"wp:attachment":[{"href":"https:\/\/blog.zeit.de\/teilchen\/wp-json\/wp\/v2\/media?parent=7855"}],"wp:term":[{"taxonomy":"category","embeddable":true,"href":"https:\/\/blog.zeit.de\/teilchen\/wp-json\/wp\/v2\/categories?post=7855"},{"taxonomy":"post_tag","embeddable":true,"href":"https:\/\/blog.zeit.de\/teilchen\/wp-json\/wp\/v2\/tags?post=7855"}],"curies":[{"name":"wp","href":"https:\/\/api.w.org\/{rel}","templated":true}]}}