{"id":7862,"date":"2015-09-15T09:22:07","date_gmt":"2015-09-15T07:22:07","guid":{"rendered":"http:\/\/blog.zeit.de\/teilchen\/?p=7862"},"modified":"2015-09-15T09:22:07","modified_gmt":"2015-09-15T07:22:07","slug":"ein-hoch-auf-die-32-stunden-woche","status":"publish","type":"post","link":"https:\/\/blog.zeit.de\/teilchen\/2015\/09\/15\/ein-hoch-auf-die-32-stunden-woche\/","title":{"rendered":"Ein Hoch auf die 32-Stunden-Woche"},"content":{"rendered":"\n<div class=\"embed-wrapper embed-wrapper--blocked js-embed-consent\" data-method=\"iframe\">\n<script class=\"raw__source\" type=\"text\/template\"><iframe loading=\"lazy\" frameborder=\"0\" height=\"326\" src=\"https:\/\/www.youtube.com\/embed\/ztoHewIu2DU\" width=\"580\"><\/iframe><\/script>\n<div class=\"embed-wrapper__inner\">\n<div class=\"embed-wrapper__text\">\n<h3>Empfohlener redaktioneller Inhalt<\/h3>\n<p data-replace=\"no\">An dieser Stelle finden Sie externen Inhalt, der den Artikel erg\u00e4nzt. Sie k\u00f6nnen sich externe Inhalte mit einem Klick anzeigen lassen und wieder ausblenden.<noscript>Bitte aktivieren Sie JavaScript damit Sie diesen Inhalt anzeigen k\u00f6nnen.<\/noscript><\/p>\n<\/div>\n<div class=\"embed-consent\">\n<label class=\"embed-consent__toggle\">\n<input class=\"js-embed-consent__toggle\" type=\"checkbox\" autocomplete=\"off\">\n<span><\/span>\nExterner Inhalt\n<\/label>\n<a href=\"https:\/\/www.zeit.de\/hilfe\/datenschutz\" target=\"_blank\" class=\"embed-consent__datalink-when-active\">Datenschutzerkl\u00e4rung<\/a>\n<\/div>\n<div class=\"embed-wrapper__footer\">\n<p data-replace=\"no\">\nIch bin damit einverstanden, dass mir externe Inhalte angezeigt werden. Damit k\u00f6nnen personenbezogene Daten an Drittplattformen \u00fcbermittelt werden. <a href=\"https:\/\/www.zeit.de\/hilfe\/datenschutz\" target=\"_blank\">Mehr dazu in unserer Datenschutzerkl\u00e4rung.<\/a>\n<\/p>\n<\/div>\n<\/div>\n<\/div>\n<p><a href=\"http:\/\/www.zeit.de\/gesellschaft\/familie\/2015-09\/manuela-schleswig-familie-vereinbarkeit-spd\">Familienministerin Schwesig <\/a>schw\u00e4rmt davon, wie gut sie Familie und Beruf auch nach der Geburt ihres zweiten Kindes wird vereinbaren k\u00f6nnen. Doch das ist die Ausnahme: Selten haben Eltern die Wahl, ob sie mehr Zeit mit ihren Kindern verbringen m\u00f6chten oder nicht.<br \/>\n<!--more--><br \/>\nDeutsche Arbeitgeber antworteten auf das Bed\u00fcrfnis ihrer Mitarbeiter nach einer ausgewogeneren Work-Life-Balance mit geringeren Pr\u00e4senzzeiten, einem Heimarbeitsplatz oder Teilzeitarbeit. Doch wie selbstverst\u00e4ndlich es ist, dass Eltern dieses Angebot nutzen, h\u00e4ngt vom Gehalt ab und dem Klima, das Teilzeitarbeitenden begegnet. Und die Arbeitgeber w\u00fcrden das Rad gern wieder zur\u00fcckdrehen: Sie forderten unl\u00e4ngst, den <a href=\"http:\/\/www.zeit.de\/wirtschaft\/2015-06\/work-life-balance-geregelte-arbeitszeit-feierabend\">Acht-Stunden-Tag<\/a> zu streichen.<\/p>\n<p>Das US-amerikanische Unternehmen <a href=\"https:\/\/teamtreehouse.com\/join\/first-week-free?utm_source=google&amp;campaign=105062766&amp;utm_term=&amp;cid=1027&amp;gclid=CNP82OyE7McCFYIcGwodDNkNdQ\" target=\"_blank\">Treehouse<\/a> hat die Frage der Arbeitszeiten anders beantwortet: Alle Mitarbeiter arbeiten vier Tage in der Woche, maximal 32 Stunden. Der Grund daf\u00fcr sei, sagt Firmenchef Ryan Carson, dass er selbst die wichtige Zeit mit seinen Kindern nicht habe missen wollen. Aus seiner Sicht sei es ganz einfach, warum sich die meisten Unternehmen keine geringere Wochenstundenzahl leisten wollen: Viele Chefs seien Workaholics.<\/p>\n<p>Und unsere Familienministerin? Manuela Schwesig hatte zu Beginn vergangenen Jahres die <a href=\"http:\/\/www.zeit.de\/politik\/deutschland\/2014-01\/schwesig-eltern-arbeitszeit-beruf-32-stunden\">32-Stunden-Woche f\u00fcr Eltern kleiner Kinder<\/a> vorgeschlagen, gegenfinanziert durch Steuermittel. Dem erteilten Arbeitgeberverb\u00e4nde eine Absage und auch innerhalb der Bundesregierung konnte sie sich mit ihrem Vorschlag nicht durchsetzen.<\/p>\n<ul>\n<li><em>Weitere <a href=\"https:\/\/blog.zeit.de\/teilchen\/\" target=\"_blank\">Teilchen finden Sie hier<\/a>.<\/em><\/li>\n<\/ul>\n<p>&nbsp;<\/p>\n","protected":false},"excerpt":{"rendered":"<p>Empfohlener redaktioneller Inhalt An dieser Stelle finden Sie externen Inhalt, der den Artikel erg\u00e4nzt. Sie k\u00f6nnen sich externe Inhalte mit einem Klick anzeigen lassen [\u2026]<\/p>\n","protected":false},"author":512,"featured_media":7880,"comment_status":"open","ping_status":"closed","sticky":false,"template":"","format":"standard","meta":{"_jetpack_memberships_contains_paid_content":false,"footnotes":""},"categories":[28],"tags":[],"class_list":["post-7862","post","type-post","status-publish","format-standard","has-post-thumbnail","hentry","category-video"],"yoast_head":"<!-- This site is optimized with the Yoast SEO plugin v21.0 - https:\/\/yoast.com\/wordpress\/plugins\/seo\/ -->\n<title>Ein Hoch auf die 32-Stunden-Woche<\/title>\n<meta name=\"description\" content=\"Die Amerikaner machen es vor: Den Kleinsten zuliebe, ist jetzt auch hierzulande die 32-Stunden-Woche im Gespr\u00e4ch.\" \/>\n<meta name=\"robots\" content=\"index, follow, max-snippet:-1, max-image-preview:large, max-video-preview:-1\" \/>\n<link rel=\"canonical\" href=\"https:\/\/blog.zeit.de\/teilchen\/2015\/09\/15\/ein-hoch-auf-die-32-stunden-woche\/\" \/>\n<meta property=\"og:locale\" content=\"de_DE\" \/>\n<meta property=\"og:type\" content=\"article\" \/>\n<meta property=\"og:title\" content=\"Ein Hoch auf die 32-Stunden-Woche\" \/>\n<meta property=\"og:description\" content=\"Die Amerikaner machen es vor: Den Kleinsten zuliebe, ist jetzt auch hierzulande die 32-Stunden-Woche im Gespr\u00e4ch.\" \/>\n<meta property=\"og:url\" content=\"https:\/\/blog.zeit.de\/teilchen\/2015\/09\/15\/ein-hoch-auf-die-32-stunden-woche\/\" \/>\n<meta property=\"og:site_name\" content=\"Teilchen\" \/>\n<meta property=\"article:published_time\" content=\"2015-09-15T07:22:07+00:00\" \/>\n<meta property=\"og:image\" content=\"https:\/\/blog.zeit.de\/teilchen\/files\/2015\/09\/32-stunden.jpg\" \/>\n\t<meta property=\"og:image:width\" content=\"640\" \/>\n\t<meta property=\"og:image:height\" content=\"359\" \/>\n\t<meta property=\"og:image:type\" content=\"image\/jpeg\" \/>\n<meta name=\"author\" content=\"Ute Brandenburger\" \/>\n<meta name=\"twitter:card\" content=\"summary_large_image\" \/>\n<meta name=\"twitter:creator\" content=\"@zeitonline\" \/>\n<meta name=\"twitter:site\" content=\"@zeitonline\" \/>\n<meta name=\"twitter:label1\" content=\"Geschrieben von\" \/>\n\t<meta name=\"twitter:data1\" content=\"Ute Brandenburger\" \/>\n\t<meta name=\"twitter:label2\" content=\"Gesch\u00e4tzte Lesezeit\" \/>\n\t<meta name=\"twitter:data2\" content=\"1\u00a0Minute\" \/>\n<script type=\"application\/ld+json\" class=\"yoast-schema-graph\">{\"@context\":\"https:\/\/schema.org\",\"@graph\":[{\"@type\":\"WebPage\",\"@id\":\"https:\/\/blog.zeit.de\/teilchen\/2015\/09\/15\/ein-hoch-auf-die-32-stunden-woche\/\",\"url\":\"https:\/\/blog.zeit.de\/teilchen\/2015\/09\/15\/ein-hoch-auf-die-32-stunden-woche\/\",\"name\":\"Ein Hoch auf die 32-Stunden-Woche\",\"isPartOf\":{\"@id\":\"https:\/\/blog.zeit.de\/teilchen\/#website\"},\"datePublished\":\"2015-09-15T07:22:07+00:00\",\"dateModified\":\"2015-09-15T07:22:07+00:00\",\"author\":{\"@id\":\"https:\/\/blog.zeit.de\/teilchen\/#\/schema\/person\/3599364aa80e33724066a76409d02a81\"},\"description\":\"Die Amerikaner machen es vor: Den Kleinsten zuliebe, ist jetzt auch hierzulande die 32-Stunden-Woche im Gespr\u00e4ch.\",\"breadcrumb\":{\"@id\":\"https:\/\/blog.zeit.de\/teilchen\/2015\/09\/15\/ein-hoch-auf-die-32-stunden-woche\/#breadcrumb\"},\"inLanguage\":\"de\",\"potentialAction\":[{\"@type\":\"ReadAction\",\"target\":[\"https:\/\/blog.zeit.de\/teilchen\/2015\/09\/15\/ein-hoch-auf-die-32-stunden-woche\/\"]}]},{\"@type\":\"BreadcrumbList\",\"@id\":\"https:\/\/blog.zeit.de\/teilchen\/2015\/09\/15\/ein-hoch-auf-die-32-stunden-woche\/#breadcrumb\",\"itemListElement\":[{\"@type\":\"ListItem\",\"position\":1,\"name\":\"Startseite\",\"item\":\"https:\/\/blog.zeit.de\/teilchen\/\"},{\"@type\":\"ListItem\",\"position\":2,\"name\":\"Ein Hoch auf die 32-Stunden-Woche\"}]},{\"@type\":\"WebSite\",\"@id\":\"https:\/\/blog.zeit.de\/teilchen\/#website\",\"url\":\"https:\/\/blog.zeit.de\/teilchen\/\",\"name\":\"Teilchen\",\"description\":\"Im Netz verstecken sich kleine Sch\u00e4tze - ZEIT ONLINE findet sie.\",\"potentialAction\":[{\"@type\":\"SearchAction\",\"target\":{\"@type\":\"EntryPoint\",\"urlTemplate\":\"https:\/\/blog.zeit.de\/teilchen\/?s={search_term_string}\"},\"query-input\":\"required name=search_term_string\"}],\"inLanguage\":\"de\"},{\"@type\":\"Person\",\"@id\":\"https:\/\/blog.zeit.de\/teilchen\/#\/schema\/person\/3599364aa80e33724066a76409d02a81\",\"name\":\"Ute Brandenburger\",\"image\":{\"@type\":\"ImageObject\",\"inLanguage\":\"de\",\"@id\":\"https:\/\/blog.zeit.de\/teilchen\/#\/schema\/person\/image\/\",\"url\":\"https:\/\/secure.gravatar.com\/avatar\/3ae1b71ab9eac8344bcb58029669bed2b7885f48c244759bdd77bab578bee5dc?s=96&d=mm&r=g\",\"contentUrl\":\"https:\/\/secure.gravatar.com\/avatar\/3ae1b71ab9eac8344bcb58029669bed2b7885f48c244759bdd77bab578bee5dc?s=96&d=mm&r=g\",\"caption\":\"Ute Brandenburger\"},\"description\":\"ist Redakteurin bei ZEIT ONLINE.\",\"url\":\"https:\/\/blog.zeit.de\/teilchen\/author\/ubrandenburger\/\"}]}<\/script>\n<!-- \/ Yoast SEO plugin. -->","yoast_head_json":{"title":"Ein Hoch auf die 32-Stunden-Woche","description":"Die Amerikaner machen es vor: Den Kleinsten zuliebe, ist jetzt auch hierzulande die 32-Stunden-Woche im Gespr\u00e4ch.","robots":{"index":"index","follow":"follow","max-snippet":"max-snippet:-1","max-image-preview":"max-image-preview:large","max-video-preview":"max-video-preview:-1"},"canonical":"https:\/\/blog.zeit.de\/teilchen\/2015\/09\/15\/ein-hoch-auf-die-32-stunden-woche\/","og_locale":"de_DE","og_type":"article","og_title":"Ein Hoch auf die 32-Stunden-Woche","og_description":"Die Amerikaner machen es vor: Den Kleinsten zuliebe, ist jetzt auch hierzulande die 32-Stunden-Woche im Gespr\u00e4ch.","og_url":"https:\/\/blog.zeit.de\/teilchen\/2015\/09\/15\/ein-hoch-auf-die-32-stunden-woche\/","og_site_name":"Teilchen","article_published_time":"2015-09-15T07:22:07+00:00","og_image":[{"width":640,"height":359,"url":"https:\/\/blog.zeit.de\/teilchen\/files\/2015\/09\/32-stunden.jpg","type":"image\/jpeg"}],"author":"Ute Brandenburger","twitter_card":"summary_large_image","twitter_creator":"@zeitonline","twitter_site":"@zeitonline","twitter_misc":{"Geschrieben von":"Ute Brandenburger","Gesch\u00e4tzte Lesezeit":"1\u00a0Minute"},"schema":{"@context":"https:\/\/schema.org","@graph":[{"@type":"WebPage","@id":"https:\/\/blog.zeit.de\/teilchen\/2015\/09\/15\/ein-hoch-auf-die-32-stunden-woche\/","url":"https:\/\/blog.zeit.de\/teilchen\/2015\/09\/15\/ein-hoch-auf-die-32-stunden-woche\/","name":"Ein Hoch auf die 32-Stunden-Woche","isPartOf":{"@id":"https:\/\/blog.zeit.de\/teilchen\/#website"},"datePublished":"2015-09-15T07:22:07+00:00","dateModified":"2015-09-15T07:22:07+00:00","author":{"@id":"https:\/\/blog.zeit.de\/teilchen\/#\/schema\/person\/3599364aa80e33724066a76409d02a81"},"description":"Die Amerikaner machen es vor: Den Kleinsten zuliebe, ist jetzt auch hierzulande die 32-Stunden-Woche im Gespr\u00e4ch.","breadcrumb":{"@id":"https:\/\/blog.zeit.de\/teilchen\/2015\/09\/15\/ein-hoch-auf-die-32-stunden-woche\/#breadcrumb"},"inLanguage":"de","potentialAction":[{"@type":"ReadAction","target":["https:\/\/blog.zeit.de\/teilchen\/2015\/09\/15\/ein-hoch-auf-die-32-stunden-woche\/"]}]},{"@type":"BreadcrumbList","@id":"https:\/\/blog.zeit.de\/teilchen\/2015\/09\/15\/ein-hoch-auf-die-32-stunden-woche\/#breadcrumb","itemListElement":[{"@type":"ListItem","position":1,"name":"Startseite","item":"https:\/\/blog.zeit.de\/teilchen\/"},{"@type":"ListItem","position":2,"name":"Ein Hoch auf die 32-Stunden-Woche"}]},{"@type":"WebSite","@id":"https:\/\/blog.zeit.de\/teilchen\/#website","url":"https:\/\/blog.zeit.de\/teilchen\/","name":"Teilchen","description":"Im Netz verstecken sich kleine Sch\u00e4tze - ZEIT ONLINE findet sie.","potentialAction":[{"@type":"SearchAction","target":{"@type":"EntryPoint","urlTemplate":"https:\/\/blog.zeit.de\/teilchen\/?s={search_term_string}"},"query-input":"required name=search_term_string"}],"inLanguage":"de"},{"@type":"Person","@id":"https:\/\/blog.zeit.de\/teilchen\/#\/schema\/person\/3599364aa80e33724066a76409d02a81","name":"Ute Brandenburger","image":{"@type":"ImageObject","inLanguage":"de","@id":"https:\/\/blog.zeit.de\/teilchen\/#\/schema\/person\/image\/","url":"https:\/\/secure.gravatar.com\/avatar\/3ae1b71ab9eac8344bcb58029669bed2b7885f48c244759bdd77bab578bee5dc?s=96&d=mm&r=g","contentUrl":"https:\/\/secure.gravatar.com\/avatar\/3ae1b71ab9eac8344bcb58029669bed2b7885f48c244759bdd77bab578bee5dc?s=96&d=mm&r=g","caption":"Ute Brandenburger"},"description":"ist Redakteurin bei ZEIT ONLINE.","url":"https:\/\/blog.zeit.de\/teilchen\/author\/ubrandenburger\/"}]}},"jetpack_featured_media_url":"https:\/\/blog.zeit.de\/teilchen\/files\/2015\/09\/32-stunden.jpg","jetpack_sharing_enabled":true,"_links":{"self":[{"href":"https:\/\/blog.zeit.de\/teilchen\/wp-json\/wp\/v2\/posts\/7862","targetHints":{"allow":["GET"]}}],"collection":[{"href":"https:\/\/blog.zeit.de\/teilchen\/wp-json\/wp\/v2\/posts"}],"about":[{"href":"https:\/\/blog.zeit.de\/teilchen\/wp-json\/wp\/v2\/types\/post"}],"author":[{"embeddable":true,"href":"https:\/\/blog.zeit.de\/teilchen\/wp-json\/wp\/v2\/users\/512"}],"replies":[{"embeddable":true,"href":"https:\/\/blog.zeit.de\/teilchen\/wp-json\/wp\/v2\/comments?post=7862"}],"version-history":[{"count":16,"href":"https:\/\/blog.zeit.de\/teilchen\/wp-json\/wp\/v2\/posts\/7862\/revisions"}],"predecessor-version":[{"id":8025,"href":"https:\/\/blog.zeit.de\/teilchen\/wp-json\/wp\/v2\/posts\/7862\/revisions\/8025"}],"wp:featuredmedia":[{"embeddable":true,"href":"https:\/\/blog.zeit.de\/teilchen\/wp-json\/wp\/v2\/media\/7880"}],"wp:attachment":[{"href":"https:\/\/blog.zeit.de\/teilchen\/wp-json\/wp\/v2\/media?parent=7862"}],"wp:term":[{"taxonomy":"category","embeddable":true,"href":"https:\/\/blog.zeit.de\/teilchen\/wp-json\/wp\/v2\/categories?post=7862"},{"taxonomy":"post_tag","embeddable":true,"href":"https:\/\/blog.zeit.de\/teilchen\/wp-json\/wp\/v2\/tags?post=7862"}],"curies":[{"name":"wp","href":"https:\/\/api.w.org\/{rel}","templated":true}]}}