{"id":7886,"date":"2015-09-10T12:44:08","date_gmt":"2015-09-10T10:44:08","guid":{"rendered":"http:\/\/blog.zeit.de\/teilchen\/?p=7886"},"modified":"2015-09-12T15:16:10","modified_gmt":"2015-09-12T13:16:10","slug":"senioren-schreien-nach-liebe","status":"publish","type":"post","link":"https:\/\/blog.zeit.de\/teilchen\/2015\/09\/10\/senioren-schreien-nach-liebe\/","title":{"rendered":"Senioren schreien nach Liebe"},"content":{"rendered":"<style>.embed-container { position: relative; padding-bottom: 56.25%; height: 0; overflow: hidden; max-width: 100%; } .embed-container iframe, .embed-container object, .embed-container embed { position: absolute; top: 0; left: 0; width: 100%; height: 100%; }<\/style>\n<div class='embed-container'>\n\n<div class=\"embed-wrapper embed-wrapper--blocked js-embed-consent\" data-method=\"iframe\">\n<script class=\"raw__source\" type=\"text\/template\"><iframe src='https:\/\/www.youtube.com\/embed\/87YgZmbB7a4' frameborder='0' allowfullscreen><\/iframe><\/script>\n<div class=\"embed-wrapper__inner\">\n<div class=\"embed-wrapper__text\">\n<h3>Empfohlener redaktioneller Inhalt<\/h3>\n<p data-replace=\"no\">An dieser Stelle finden Sie externen Inhalt, der den Artikel erg\u00e4nzt. Sie k\u00f6nnen sich externe Inhalte mit einem Klick anzeigen lassen und wieder ausblenden.<noscript>Bitte aktivieren Sie JavaScript damit Sie diesen Inhalt anzeigen k\u00f6nnen.<\/noscript><\/p>\n<\/div>\n<div class=\"embed-consent\">\n<label class=\"embed-consent__toggle\">\n<input class=\"js-embed-consent__toggle\" type=\"checkbox\" autocomplete=\"off\">\n<span><\/span>\nExterner Inhalt\n<\/label>\n<a href=\"https:\/\/www.zeit.de\/hilfe\/datenschutz\" target=\"_blank\" class=\"embed-consent__datalink-when-active\">Datenschutzerkl\u00e4rung<\/a>\n<\/div>\n<div class=\"embed-wrapper__footer\">\n<p data-replace=\"no\">\nIch bin damit einverstanden, dass mir externe Inhalte angezeigt werden. Damit k\u00f6nnen personenbezogene Daten an Drittplattformen \u00fcbermittelt werden. <a href=\"https:\/\/www.zeit.de\/hilfe\/datenschutz\" target=\"_blank\">Mehr dazu in unserer Datenschutzerkl\u00e4rung.<\/a>\n<\/p>\n<\/div>\n<\/div>\n<\/div>\n<\/div>\n<p>&nbsp;<br \/>\nDrehen wir die Zeit knapp ein Vierteljahrhundert zur\u00fcck: In Hoyerswerda, Rostock und M\u00f6lln werfen Anfang der neunziger Jahre Unverbesserliche Molotowcocktails auf Asylbewerberheime. <a href=\"http:\/\/www.zeit.de\/1996\/23\/genc.txt.19960531.xml\" target=\"_blank\">In Solingen wird ein Zweifamilienhaus angez\u00fcndet, in dem eine Familie t\u00fcrkischer Abstammung wohnt<\/a>. F\u00fcnf Menschen sterben. Und die Gesellschaft? L\u00e4sst sich das Treiben der Rechten nicht gefallen. Steht auf. Ist solidarisch. Ihr Soundtrack hei\u00dft <em>Schrei nach Liebe<\/em> und kommt von der Punkrockband Die \u00c4rzte. Heute singt die Nation das Lied wieder. Und was Punkrocker k\u00f6nnen, k\u00f6nnen Senioren schon lange.<!--more--><\/p>\n<p>Die Goldies, <a href=\"http:\/\/www.die-goldies.de\/ueber-uns.html\" target=\"_blank\">ein Seniorenchor der Musikschule aus Geldern in Nordrhein-Westfalen,<\/a> covern deutsche Rock- und Popsongs. Nena, Udo Lindenberg oder Wir sind Helden geh\u00f6ren zum Repertoire der knapp 30 S\u00e4ngerinnen und S\u00e4nger, die alle \u00e4lter als 70 Jahre sind. Im Mai wurde den Goldies beim WDR-Chorwettbewerb <em>Singen macht gl\u00fccklich<\/em> <a href=\"http:\/\/www.rp-online.de\/nrw\/staedte\/geldern\/goldies-aus-geldern-zum-chor-der-herzen-in-nrw-gewaehlt-aid-1.5057163\" target=\"_blank\">der Titel Chor der Herzen verliehen<\/a>. Einige Chormitglieder mussten die Zeit des Nationalsozialismus noch selbst erleben. Ehrensache, dass die musikalischen Senioren mit ihrer Version von <em>Schrei nach Liebe<\/em> gegen Fremdenfeindlichkeit ansingen.<\/p>\n<p>Denn auch in diesen Tagen demonstrieren sogenannte besorgte B\u00fcrger vor Fl\u00fcchtlingsunterk\u00fcnften. Wieder brennen H\u00e4user, in denen Asylbewerber wohnen oder einmal wohnen sollen. Und erneut stellt sich der gro\u00dfe Teil der Bev\u00f6lkerung dagegen. <a href=\"http:\/\/www.zeit.de\/2015\/33\/fluechtlinge-hamburg-bundeswehr-hvv-unterstuetzung-versorgung\" target=\"_blank\">Organisiert Hilfen und Spenden, initiiert Kochabende mit Fl\u00fcchtlingen oder hilft ehrenamtlich bei der Unterbringung<\/a>.<\/p>\n<p>Dass <em>Schrei nach Liebe<\/em> heute wieder als Hymne gegen rechts gesungen wird, ist der <a href=\"http:\/\/l.facebook.com\/l.php?u=http%3A%2F%2Fwww.aktion-arschloch.de%2F&amp;h=kAQHm4vJg&amp;s=1\" target=\"_blank\">Aktion Arschloch<\/a> zu verdanken, die es sich zum Ziel gemacht hatte, den Titel wieder in die Hitparaden und ins Radio zu bringen. Am vergangenen Wochenende war es soweit: Die Marktforscher von Media Control meldeten, <a href=\"http:\/\/www.zeit.de\/news\/2015-09\/08\/musik-anti-neonazi-song-schrei-nach-liebe-erobert-songcharts-08112207\" target=\"_blank\">dass der 22 Jahre alte Anti-Neonazi-Song Platz eins der Songcharts erreicht hatte<\/a>. Die \u00c4rzte unterst\u00fctzen die Aktion: <a href=\"http:\/\/www.bademeister.com\/v11\/news\/news.php\" target=\"_blank\">Die Band hat angek\u00fcndigt, alle Einnahmen aus dem Verkauf der Hymne an die Menschenrechtsorganisation Pro Asyl zu spenden<\/a>.<\/p>\n<ul>\n<li><em>Hier erfahren Sie, wie Sie <a href=\"http:\/\/www.zeit.de\/politik\/2015-08\/ehrenamtliches-engagement-fluechtlinge\" target=\"_blank\">Fl\u00fcchtlingen helfen k\u00f6nnen<\/a>.<\/em><\/li>\n<li><em>Und weitere <a href=\"https:\/\/blog.zeit.de\/teilchen\/\" target=\"_blank\">Teilchen finden Sie hier<\/a>.<\/em><\/li>\n<\/ul>\n","protected":false},"excerpt":{"rendered":"<p>Empfohlener redaktioneller Inhalt An dieser Stelle finden Sie externen Inhalt, der den Artikel erg\u00e4nzt. Sie k\u00f6nnen sich externe Inhalte mit einem Klick anzeigen lassen [\u2026]<\/p>\n","protected":false},"author":556,"featured_media":7896,"comment_status":"open","ping_status":"closed","sticky":false,"template":"","format":"standard","meta":{"_jetpack_memberships_contains_paid_content":false,"footnotes":""},"categories":[28],"tags":[],"class_list":["post-7886","post","type-post","status-publish","format-standard","has-post-thumbnail","hentry","category-video"],"yoast_head":"<!-- This site is optimized with the Yoast SEO plugin v21.0 - https:\/\/yoast.com\/wordpress\/plugins\/seo\/ -->\n<title>Senioren schreien nach Liebe<\/title>\n<meta name=\"description\" content=\"Die &quot;Aktion Arschloch&quot; macht den Anti-Nazi Song &quot;Schrei nach Liebe&quot; wieder gro\u00df. Klar, dass auch Senioren auf der Solidarit\u00e4ts-Welle mitreiten.\" \/>\n<meta name=\"robots\" content=\"index, follow, max-snippet:-1, max-image-preview:large, max-video-preview:-1\" \/>\n<link rel=\"canonical\" href=\"https:\/\/blog.zeit.de\/teilchen\/2015\/09\/10\/senioren-schreien-nach-liebe\/\" \/>\n<meta property=\"og:locale\" content=\"de_DE\" \/>\n<meta property=\"og:type\" content=\"article\" \/>\n<meta property=\"og:title\" content=\"Senioren schreien nach Liebe\" \/>\n<meta property=\"og:description\" content=\"Die &quot;Aktion Arschloch&quot; macht den Anti-Nazi Song &quot;Schrei nach Liebe&quot; wieder gro\u00df. Klar, dass auch Senioren auf der Solidarit\u00e4ts-Welle mitreiten.\" \/>\n<meta property=\"og:url\" content=\"https:\/\/blog.zeit.de\/teilchen\/2015\/09\/10\/senioren-schreien-nach-liebe\/\" \/>\n<meta property=\"og:site_name\" content=\"Teilchen\" \/>\n<meta property=\"article:published_time\" content=\"2015-09-10T10:44:08+00:00\" \/>\n<meta property=\"article:modified_time\" content=\"2015-09-12T13:16:10+00:00\" \/>\n<meta property=\"og:image\" content=\"https:\/\/blog.zeit.de\/teilchen\/files\/2015\/09\/Bildschirmfoto-2015-09-10-um-11.13.11.png\" \/>\n\t<meta property=\"og:image:width\" content=\"849\" \/>\n\t<meta property=\"og:image:height\" content=\"466\" \/>\n\t<meta property=\"og:image:type\" content=\"image\/png\" \/>\n<meta name=\"author\" content=\"Tobias Dorfer\" \/>\n<meta name=\"twitter:card\" content=\"summary_large_image\" \/>\n<meta name=\"twitter:creator\" content=\"@tobiasdorfer\" \/>\n<meta name=\"twitter:site\" content=\"@zeitonline\" \/>\n<meta name=\"twitter:label1\" content=\"Geschrieben von\" \/>\n\t<meta name=\"twitter:data1\" content=\"Tobias Dorfer\" \/>\n\t<meta name=\"twitter:label2\" content=\"Gesch\u00e4tzte Lesezeit\" \/>\n\t<meta name=\"twitter:data2\" content=\"2\u00a0Minuten\" \/>\n<script type=\"application\/ld+json\" class=\"yoast-schema-graph\">{\"@context\":\"https:\/\/schema.org\",\"@graph\":[{\"@type\":\"WebPage\",\"@id\":\"https:\/\/blog.zeit.de\/teilchen\/2015\/09\/10\/senioren-schreien-nach-liebe\/\",\"url\":\"https:\/\/blog.zeit.de\/teilchen\/2015\/09\/10\/senioren-schreien-nach-liebe\/\",\"name\":\"Senioren schreien nach Liebe\",\"isPartOf\":{\"@id\":\"https:\/\/blog.zeit.de\/teilchen\/#website\"},\"datePublished\":\"2015-09-10T10:44:08+00:00\",\"dateModified\":\"2015-09-12T13:16:10+00:00\",\"author\":{\"@id\":\"https:\/\/blog.zeit.de\/teilchen\/#\/schema\/person\/e90ba849254185115fd919d4fad07dc0\"},\"description\":\"Die \\\"Aktion Arschloch\\\" macht den Anti-Nazi Song \\\"Schrei nach Liebe\\\" wieder gro\u00df. Klar, dass auch Senioren auf der Solidarit\u00e4ts-Welle mitreiten.\",\"breadcrumb\":{\"@id\":\"https:\/\/blog.zeit.de\/teilchen\/2015\/09\/10\/senioren-schreien-nach-liebe\/#breadcrumb\"},\"inLanguage\":\"de\",\"potentialAction\":[{\"@type\":\"ReadAction\",\"target\":[\"https:\/\/blog.zeit.de\/teilchen\/2015\/09\/10\/senioren-schreien-nach-liebe\/\"]}]},{\"@type\":\"BreadcrumbList\",\"@id\":\"https:\/\/blog.zeit.de\/teilchen\/2015\/09\/10\/senioren-schreien-nach-liebe\/#breadcrumb\",\"itemListElement\":[{\"@type\":\"ListItem\",\"position\":1,\"name\":\"Startseite\",\"item\":\"https:\/\/blog.zeit.de\/teilchen\/\"},{\"@type\":\"ListItem\",\"position\":2,\"name\":\"Senioren schreien nach Liebe\"}]},{\"@type\":\"WebSite\",\"@id\":\"https:\/\/blog.zeit.de\/teilchen\/#website\",\"url\":\"https:\/\/blog.zeit.de\/teilchen\/\",\"name\":\"Teilchen\",\"description\":\"Im Netz verstecken sich kleine Sch\u00e4tze - ZEIT ONLINE findet sie.\",\"potentialAction\":[{\"@type\":\"SearchAction\",\"target\":{\"@type\":\"EntryPoint\",\"urlTemplate\":\"https:\/\/blog.zeit.de\/teilchen\/?s={search_term_string}\"},\"query-input\":\"required name=search_term_string\"}],\"inLanguage\":\"de\"},{\"@type\":\"Person\",\"@id\":\"https:\/\/blog.zeit.de\/teilchen\/#\/schema\/person\/e90ba849254185115fd919d4fad07dc0\",\"name\":\"Tobias Dorfer\",\"image\":{\"@type\":\"ImageObject\",\"inLanguage\":\"de\",\"@id\":\"https:\/\/blog.zeit.de\/teilchen\/#\/schema\/person\/image\/\",\"url\":\"https:\/\/secure.gravatar.com\/avatar\/0021e1a3fe9f799912804bcca6f1bcbbe58ee3bf29c8f714a0f453695a888d0a?s=96&d=mm&r=g\",\"contentUrl\":\"https:\/\/secure.gravatar.com\/avatar\/0021e1a3fe9f799912804bcca6f1bcbbe58ee3bf29c8f714a0f453695a888d0a?s=96&d=mm&r=g\",\"caption\":\"Tobias Dorfer\"},\"description\":\"Teamleiter Social Media bei ZEIT ONLINE. Zuvor sieben Jahre bei S\u00fcddeutsche.de, als Redakteur im Wirtschafts- und Regional-Ressort sowie Editorial SEO. Ausbildung an der Deutschen Journalistenschule in M\u00fcnchen mit Hospitanzen bei S\u00fcddeutsche Zeitung, SPIEGEL und SPIEGEL Online.\",\"sameAs\":[\"https:\/\/twitter.com\/tobiasdorfer\"],\"url\":\"https:\/\/blog.zeit.de\/teilchen\/author\/tdorfer\/\"}]}<\/script>\n<!-- \/ Yoast SEO plugin. -->","yoast_head_json":{"title":"Senioren schreien nach Liebe","description":"Die \"Aktion Arschloch\" macht den Anti-Nazi Song \"Schrei nach Liebe\" wieder gro\u00df. Klar, dass auch Senioren auf der Solidarit\u00e4ts-Welle mitreiten.","robots":{"index":"index","follow":"follow","max-snippet":"max-snippet:-1","max-image-preview":"max-image-preview:large","max-video-preview":"max-video-preview:-1"},"canonical":"https:\/\/blog.zeit.de\/teilchen\/2015\/09\/10\/senioren-schreien-nach-liebe\/","og_locale":"de_DE","og_type":"article","og_title":"Senioren schreien nach Liebe","og_description":"Die \"Aktion Arschloch\" macht den Anti-Nazi Song \"Schrei nach Liebe\" wieder gro\u00df. Klar, dass auch Senioren auf der Solidarit\u00e4ts-Welle mitreiten.","og_url":"https:\/\/blog.zeit.de\/teilchen\/2015\/09\/10\/senioren-schreien-nach-liebe\/","og_site_name":"Teilchen","article_published_time":"2015-09-10T10:44:08+00:00","article_modified_time":"2015-09-12T13:16:10+00:00","og_image":[{"width":849,"height":466,"url":"https:\/\/blog.zeit.de\/teilchen\/files\/2015\/09\/Bildschirmfoto-2015-09-10-um-11.13.11.png","type":"image\/png"}],"author":"Tobias Dorfer","twitter_card":"summary_large_image","twitter_creator":"@tobiasdorfer","twitter_site":"@zeitonline","twitter_misc":{"Geschrieben von":"Tobias Dorfer","Gesch\u00e4tzte Lesezeit":"2\u00a0Minuten"},"schema":{"@context":"https:\/\/schema.org","@graph":[{"@type":"WebPage","@id":"https:\/\/blog.zeit.de\/teilchen\/2015\/09\/10\/senioren-schreien-nach-liebe\/","url":"https:\/\/blog.zeit.de\/teilchen\/2015\/09\/10\/senioren-schreien-nach-liebe\/","name":"Senioren schreien nach Liebe","isPartOf":{"@id":"https:\/\/blog.zeit.de\/teilchen\/#website"},"datePublished":"2015-09-10T10:44:08+00:00","dateModified":"2015-09-12T13:16:10+00:00","author":{"@id":"https:\/\/blog.zeit.de\/teilchen\/#\/schema\/person\/e90ba849254185115fd919d4fad07dc0"},"description":"Die \"Aktion Arschloch\" macht den Anti-Nazi Song \"Schrei nach Liebe\" wieder gro\u00df. Klar, dass auch Senioren auf der Solidarit\u00e4ts-Welle mitreiten.","breadcrumb":{"@id":"https:\/\/blog.zeit.de\/teilchen\/2015\/09\/10\/senioren-schreien-nach-liebe\/#breadcrumb"},"inLanguage":"de","potentialAction":[{"@type":"ReadAction","target":["https:\/\/blog.zeit.de\/teilchen\/2015\/09\/10\/senioren-schreien-nach-liebe\/"]}]},{"@type":"BreadcrumbList","@id":"https:\/\/blog.zeit.de\/teilchen\/2015\/09\/10\/senioren-schreien-nach-liebe\/#breadcrumb","itemListElement":[{"@type":"ListItem","position":1,"name":"Startseite","item":"https:\/\/blog.zeit.de\/teilchen\/"},{"@type":"ListItem","position":2,"name":"Senioren schreien nach Liebe"}]},{"@type":"WebSite","@id":"https:\/\/blog.zeit.de\/teilchen\/#website","url":"https:\/\/blog.zeit.de\/teilchen\/","name":"Teilchen","description":"Im Netz verstecken sich kleine Sch\u00e4tze - ZEIT ONLINE findet sie.","potentialAction":[{"@type":"SearchAction","target":{"@type":"EntryPoint","urlTemplate":"https:\/\/blog.zeit.de\/teilchen\/?s={search_term_string}"},"query-input":"required name=search_term_string"}],"inLanguage":"de"},{"@type":"Person","@id":"https:\/\/blog.zeit.de\/teilchen\/#\/schema\/person\/e90ba849254185115fd919d4fad07dc0","name":"Tobias Dorfer","image":{"@type":"ImageObject","inLanguage":"de","@id":"https:\/\/blog.zeit.de\/teilchen\/#\/schema\/person\/image\/","url":"https:\/\/secure.gravatar.com\/avatar\/0021e1a3fe9f799912804bcca6f1bcbbe58ee3bf29c8f714a0f453695a888d0a?s=96&d=mm&r=g","contentUrl":"https:\/\/secure.gravatar.com\/avatar\/0021e1a3fe9f799912804bcca6f1bcbbe58ee3bf29c8f714a0f453695a888d0a?s=96&d=mm&r=g","caption":"Tobias Dorfer"},"description":"Teamleiter Social Media bei ZEIT ONLINE. Zuvor sieben Jahre bei S\u00fcddeutsche.de, als Redakteur im Wirtschafts- und Regional-Ressort sowie Editorial SEO. Ausbildung an der Deutschen Journalistenschule in M\u00fcnchen mit Hospitanzen bei S\u00fcddeutsche Zeitung, SPIEGEL und SPIEGEL Online.","sameAs":["https:\/\/twitter.com\/tobiasdorfer"],"url":"https:\/\/blog.zeit.de\/teilchen\/author\/tdorfer\/"}]}},"jetpack_featured_media_url":"https:\/\/blog.zeit.de\/teilchen\/files\/2015\/09\/Bildschirmfoto-2015-09-10-um-11.13.11.png","jetpack_sharing_enabled":true,"_links":{"self":[{"href":"https:\/\/blog.zeit.de\/teilchen\/wp-json\/wp\/v2\/posts\/7886","targetHints":{"allow":["GET"]}}],"collection":[{"href":"https:\/\/blog.zeit.de\/teilchen\/wp-json\/wp\/v2\/posts"}],"about":[{"href":"https:\/\/blog.zeit.de\/teilchen\/wp-json\/wp\/v2\/types\/post"}],"author":[{"embeddable":true,"href":"https:\/\/blog.zeit.de\/teilchen\/wp-json\/wp\/v2\/users\/556"}],"replies":[{"embeddable":true,"href":"https:\/\/blog.zeit.de\/teilchen\/wp-json\/wp\/v2\/comments?post=7886"}],"version-history":[{"count":10,"href":"https:\/\/blog.zeit.de\/teilchen\/wp-json\/wp\/v2\/posts\/7886\/revisions"}],"predecessor-version":[{"id":7946,"href":"https:\/\/blog.zeit.de\/teilchen\/wp-json\/wp\/v2\/posts\/7886\/revisions\/7946"}],"wp:featuredmedia":[{"embeddable":true,"href":"https:\/\/blog.zeit.de\/teilchen\/wp-json\/wp\/v2\/media\/7896"}],"wp:attachment":[{"href":"https:\/\/blog.zeit.de\/teilchen\/wp-json\/wp\/v2\/media?parent=7886"}],"wp:term":[{"taxonomy":"category","embeddable":true,"href":"https:\/\/blog.zeit.de\/teilchen\/wp-json\/wp\/v2\/categories?post=7886"},{"taxonomy":"post_tag","embeddable":true,"href":"https:\/\/blog.zeit.de\/teilchen\/wp-json\/wp\/v2\/tags?post=7886"}],"curies":[{"name":"wp","href":"https:\/\/api.w.org\/{rel}","templated":true}]}}