{"id":8123,"date":"2015-09-17T14:35:36","date_gmt":"2015-09-17T12:35:36","guid":{"rendered":"http:\/\/blog.zeit.de\/teilchen\/?p=8123"},"modified":"2015-09-17T14:37:54","modified_gmt":"2015-09-17T12:37:54","slug":"wie-kinder-den-burgerkrieg-in-syrien-erleben","status":"publish","type":"post","link":"https:\/\/blog.zeit.de\/teilchen\/2015\/09\/17\/wie-kinder-den-burgerkrieg-in-syrien-erleben\/","title":{"rendered":"Wie Kinder den B\u00fcrgerkrieg in Syrien erleben"},"content":{"rendered":"<p><figure id=\"attachment_8124\" aria-describedby=\"caption-attachment-8124\" style=\"width: 620px\" class=\"wp-caption aligncenter\"><img loading=\"lazy\" decoding=\"async\" class=\"wp-image-8124 size-medium\" src=\"https:\/\/blog.zeit.de\/teilchen\/files\/2015\/09\/Bildschirmfoto-2015-09-17-um-11.52.25-620x399.png\" alt=\"Wie Kinder den B\u00fcrgerkrieg in Syrien erleben\" width=\"620\" height=\"399\" srcset=\"https:\/\/blog.zeit.de\/teilchen\/files\/2015\/09\/Bildschirmfoto-2015-09-17-um-11.52.25-620x399.png 620w, https:\/\/blog.zeit.de\/teilchen\/files\/2015\/09\/Bildschirmfoto-2015-09-17-um-11.52.25-1024x659.png 1024w, https:\/\/blog.zeit.de\/teilchen\/files\/2015\/09\/Bildschirmfoto-2015-09-17-um-11.52.25.png 1202w\" sizes=\"auto, (max-width: 620px) 100vw, 620px\" \/><figcaption id=\"caption-attachment-8124\" class=\"wp-caption-text\">Die Welt von Bouchra, 13 Jahre alt, aus Damaskus. Screenshot: <em>Le Monde<\/em><\/figcaption><\/figure><\/p>\n<p>Syrien ist ein Land im Verfall. Seit Jahren tobt der B\u00fcrgerkrieg, die Terroristen des &#8222;Islamischen Staats&#8220; w\u00fcten. <a href=\"http:\/\/www.zeit.de\/politik\/ausland\/2015-03\/syrien-report-un-versagen\" target=\"_blank\">Mehr als 220.000 Menschen sind innerhalb von vier Jahren bereits gestorben<\/a>, Millionen sind auf der Flucht, innerhalb des Landes und auch nach Europa. Was macht so ein Krieg mit Kindern? Sie versuchen, ihn in Bildern zu verarbeiten. Die <a href=\"http:\/\/www.cafod.org.uk\/About-us\" target=\"_blank\">katholische Hilfsorganisation Cafod aus Gro\u00dfbritannien<\/a> hat eine Auswahl ver\u00f6ffentlicht.<!--more--><\/p>\n<p>Cafod unterst\u00fctzt auch eine Initiative in Damaskus, die Kinder psychologisch betreut. Dort malten Kinder Bilder, um ihre \u00c4ngste und Sorgen auszudr\u00fccken. Die Werke, \u00fcber die der <a href=\"http:\/\/i100.independent.co.uk\/article\/syrian-children-were-asked-to-draw-their-fears-for-the-future-and-the-results-are-heartbreaking--WJtgmCFMUe\" target=\"_blank\">britische <em>Independent<\/em><\/a> und die franz\u00f6sische Tageszeitung <em><a href=\"http:\/\/bigbrowser.blog.lemonde.fr\/2015\/09\/16\/des-enfants-syriens-dessinent-leur-guerre\/?utm_campaign=Echobox&amp;utm_medium=Social&amp;utm_source=Twitter#link_time=1442482202\" target=\"_blank\">Le Monde<\/a><\/em> berichten, zeigen den t\u00e4glichen Horror, mit dem die jungen Menschen jeden Tag konfrontiert sind: Gewalt, Blut, Tod.<\/p>\n<p>Auf den Bildern sind Soldaten zu sehen, viele Waffen, trauernde Kinder und Bomben, die in H\u00e4user einschlagen. &#8222;Diese Bilder zeigen das Leben einer ganzen Generation syrischer Kinder&#8220;, sagte Alan Thomlinson von Cafod dem <em>Independent<\/em>. &#8222;Der Konflikt dauert hier schon l\u00e4nger an als damals der Erste Weltkrieg \u2013 und Bomben und Gewehre sind Teil des t\u00e4glichen Lebens geworden.&#8220;<\/p>\n<p>Es wird schwer sein, den B\u00fcrgerkrieg in Syrien zu beenden. <a href=\"http:\/\/www.zeit.de\/politik\/ausland\/2015-09\/russland-syrien-vereinte-nationen-islamischer-staat-diplomatie\" target=\"_blank\">Ein Zusammenbruch des brutalen Assad-Regimes k\u00f6nnte sogar fatale Folgen haben, meinen Beobachter<\/a>. Bis in dem Land irgendwann einmal so etwas \u00c4hnliches wie Frieden herrscht, werden noch Millionen Menschen vor Krieg und Terror nach Europa fliehen.<\/p>\n<ul>\n<li><em>Hat der Westen versagt, weil er nicht fr\u00fcher eingriff? <a href=\"http:\/\/www.zeit.de\/politik\/ausland\/2015-09\/syrien-assad-regime-versagen-bundesregierung-aufbau-flugverbotszone\" target=\"_blank\">Wolfgang Bauer kommentiert den Umgang von Europa und den USA mit Syrien<\/a>.<\/em><\/li>\n<li><em>Hintergr\u00fcnde und Nachrichten zum B\u00fcrgerkrieg in Syrien <a href=\"http:\/\/www.zeit.de\/thema\/syrien\" target=\"_blank\">finden Sie hier<\/a>.<\/em><\/li>\n<li><em>Und <a href=\"https:\/\/blog.zeit.de\/teilchen\/\" target=\"_blank\">hier gelangen Sie zu weiteren Teilchen<\/a>.<\/em><\/li>\n<\/ul>\n","protected":false},"excerpt":{"rendered":"<p>Syrien ist ein Land im Verfall. Seit Jahren tobt der B\u00fcrgerkrieg, die Terroristen des &#8222;Islamischen Staats&#8220; w\u00fcten. Mehr als 220.000 Menschen sind innerhalb von [\u2026]<\/p>\n","protected":false},"author":556,"featured_media":8124,"comment_status":"open","ping_status":"closed","sticky":false,"template":"","format":"standard","meta":{"_jetpack_memberships_contains_paid_content":false,"footnotes":""},"categories":[14172],"tags":[],"class_list":["post-8123","post","type-post","status-publish","format-standard","has-post-thumbnail","hentry","category-bilder"],"yoast_head":"<!-- This site is optimized with the Yoast SEO plugin v21.0 - https:\/\/yoast.com\/wordpress\/plugins\/seo\/ -->\n<title>Wie Kinder den B\u00fcrgerkrieg in Syrien erleben<\/title>\n<meta name=\"description\" content=\"Diese Bilder zeigen, wie syrische Kinder die Erlebnisse aus dem B\u00fcrgerkrieg verarbeiten. Sie malen Bilder.\" \/>\n<meta name=\"robots\" content=\"index, follow, max-snippet:-1, max-image-preview:large, max-video-preview:-1\" \/>\n<link rel=\"canonical\" href=\"https:\/\/blog.zeit.de\/teilchen\/2015\/09\/17\/wie-kinder-den-burgerkrieg-in-syrien-erleben\/\" \/>\n<meta property=\"og:locale\" content=\"de_DE\" \/>\n<meta property=\"og:type\" content=\"article\" \/>\n<meta property=\"og:title\" content=\"Wie Kinder den B\u00fcrgerkrieg in Syrien erleben\" \/>\n<meta property=\"og:description\" content=\"Diese Bilder zeigen, wie syrische Kinder die Erlebnisse aus dem B\u00fcrgerkrieg verarbeiten. Sie malen Bilder.\" \/>\n<meta property=\"og:url\" content=\"https:\/\/blog.zeit.de\/teilchen\/2015\/09\/17\/wie-kinder-den-burgerkrieg-in-syrien-erleben\/\" \/>\n<meta property=\"og:site_name\" content=\"Teilchen\" \/>\n<meta property=\"article:published_time\" content=\"2015-09-17T12:35:36+00:00\" \/>\n<meta property=\"article:modified_time\" content=\"2015-09-17T12:37:54+00:00\" \/>\n<meta property=\"og:image\" content=\"https:\/\/blog.zeit.de\/teilchen\/files\/2015\/09\/Bildschirmfoto-2015-09-17-um-11.52.25.png\" \/>\n\t<meta property=\"og:image:width\" content=\"1202\" \/>\n\t<meta property=\"og:image:height\" content=\"773\" \/>\n\t<meta property=\"og:image:type\" content=\"image\/png\" \/>\n<meta name=\"author\" content=\"Tobias Dorfer\" \/>\n<meta name=\"twitter:card\" content=\"summary_large_image\" \/>\n<meta name=\"twitter:creator\" content=\"@tobiasdorfer\" \/>\n<meta name=\"twitter:site\" content=\"@zeitonline\" \/>\n<meta name=\"twitter:label1\" content=\"Geschrieben von\" \/>\n\t<meta name=\"twitter:data1\" content=\"Tobias Dorfer\" \/>\n\t<meta name=\"twitter:label2\" content=\"Gesch\u00e4tzte Lesezeit\" \/>\n\t<meta name=\"twitter:data2\" content=\"1\u00a0Minute\" \/>\n<script type=\"application\/ld+json\" class=\"yoast-schema-graph\">{\"@context\":\"https:\/\/schema.org\",\"@graph\":[{\"@type\":\"WebPage\",\"@id\":\"https:\/\/blog.zeit.de\/teilchen\/2015\/09\/17\/wie-kinder-den-burgerkrieg-in-syrien-erleben\/\",\"url\":\"https:\/\/blog.zeit.de\/teilchen\/2015\/09\/17\/wie-kinder-den-burgerkrieg-in-syrien-erleben\/\",\"name\":\"Wie Kinder den B\u00fcrgerkrieg in Syrien erleben\",\"isPartOf\":{\"@id\":\"https:\/\/blog.zeit.de\/teilchen\/#website\"},\"datePublished\":\"2015-09-17T12:35:36+00:00\",\"dateModified\":\"2015-09-17T12:37:54+00:00\",\"author\":{\"@id\":\"https:\/\/blog.zeit.de\/teilchen\/#\/schema\/person\/e90ba849254185115fd919d4fad07dc0\"},\"description\":\"Diese Bilder zeigen, wie syrische Kinder die Erlebnisse aus dem B\u00fcrgerkrieg verarbeiten. Sie malen Bilder.\",\"breadcrumb\":{\"@id\":\"https:\/\/blog.zeit.de\/teilchen\/2015\/09\/17\/wie-kinder-den-burgerkrieg-in-syrien-erleben\/#breadcrumb\"},\"inLanguage\":\"de\",\"potentialAction\":[{\"@type\":\"ReadAction\",\"target\":[\"https:\/\/blog.zeit.de\/teilchen\/2015\/09\/17\/wie-kinder-den-burgerkrieg-in-syrien-erleben\/\"]}]},{\"@type\":\"BreadcrumbList\",\"@id\":\"https:\/\/blog.zeit.de\/teilchen\/2015\/09\/17\/wie-kinder-den-burgerkrieg-in-syrien-erleben\/#breadcrumb\",\"itemListElement\":[{\"@type\":\"ListItem\",\"position\":1,\"name\":\"Startseite\",\"item\":\"https:\/\/blog.zeit.de\/teilchen\/\"},{\"@type\":\"ListItem\",\"position\":2,\"name\":\"Wie Kinder den B\u00fcrgerkrieg in Syrien erleben\"}]},{\"@type\":\"WebSite\",\"@id\":\"https:\/\/blog.zeit.de\/teilchen\/#website\",\"url\":\"https:\/\/blog.zeit.de\/teilchen\/\",\"name\":\"Teilchen\",\"description\":\"Im Netz verstecken sich kleine Sch\u00e4tze - ZEIT ONLINE findet sie.\",\"potentialAction\":[{\"@type\":\"SearchAction\",\"target\":{\"@type\":\"EntryPoint\",\"urlTemplate\":\"https:\/\/blog.zeit.de\/teilchen\/?s={search_term_string}\"},\"query-input\":\"required name=search_term_string\"}],\"inLanguage\":\"de\"},{\"@type\":\"Person\",\"@id\":\"https:\/\/blog.zeit.de\/teilchen\/#\/schema\/person\/e90ba849254185115fd919d4fad07dc0\",\"name\":\"Tobias Dorfer\",\"image\":{\"@type\":\"ImageObject\",\"inLanguage\":\"de\",\"@id\":\"https:\/\/blog.zeit.de\/teilchen\/#\/schema\/person\/image\/\",\"url\":\"https:\/\/secure.gravatar.com\/avatar\/0021e1a3fe9f799912804bcca6f1bcbbe58ee3bf29c8f714a0f453695a888d0a?s=96&d=mm&r=g\",\"contentUrl\":\"https:\/\/secure.gravatar.com\/avatar\/0021e1a3fe9f799912804bcca6f1bcbbe58ee3bf29c8f714a0f453695a888d0a?s=96&d=mm&r=g\",\"caption\":\"Tobias Dorfer\"},\"description\":\"Teamleiter Social Media bei ZEIT ONLINE. Zuvor sieben Jahre bei S\u00fcddeutsche.de, als Redakteur im Wirtschafts- und Regional-Ressort sowie Editorial SEO. Ausbildung an der Deutschen Journalistenschule in M\u00fcnchen mit Hospitanzen bei S\u00fcddeutsche Zeitung, SPIEGEL und SPIEGEL Online.\",\"sameAs\":[\"https:\/\/twitter.com\/tobiasdorfer\"],\"url\":\"https:\/\/blog.zeit.de\/teilchen\/author\/tdorfer\/\"}]}<\/script>\n<!-- \/ Yoast SEO plugin. -->","yoast_head_json":{"title":"Wie Kinder den B\u00fcrgerkrieg in Syrien erleben","description":"Diese Bilder zeigen, wie syrische Kinder die Erlebnisse aus dem B\u00fcrgerkrieg verarbeiten. Sie malen Bilder.","robots":{"index":"index","follow":"follow","max-snippet":"max-snippet:-1","max-image-preview":"max-image-preview:large","max-video-preview":"max-video-preview:-1"},"canonical":"https:\/\/blog.zeit.de\/teilchen\/2015\/09\/17\/wie-kinder-den-burgerkrieg-in-syrien-erleben\/","og_locale":"de_DE","og_type":"article","og_title":"Wie Kinder den B\u00fcrgerkrieg in Syrien erleben","og_description":"Diese Bilder zeigen, wie syrische Kinder die Erlebnisse aus dem B\u00fcrgerkrieg verarbeiten. Sie malen Bilder.","og_url":"https:\/\/blog.zeit.de\/teilchen\/2015\/09\/17\/wie-kinder-den-burgerkrieg-in-syrien-erleben\/","og_site_name":"Teilchen","article_published_time":"2015-09-17T12:35:36+00:00","article_modified_time":"2015-09-17T12:37:54+00:00","og_image":[{"width":1202,"height":773,"url":"https:\/\/blog.zeit.de\/teilchen\/files\/2015\/09\/Bildschirmfoto-2015-09-17-um-11.52.25.png","type":"image\/png"}],"author":"Tobias Dorfer","twitter_card":"summary_large_image","twitter_creator":"@tobiasdorfer","twitter_site":"@zeitonline","twitter_misc":{"Geschrieben von":"Tobias Dorfer","Gesch\u00e4tzte Lesezeit":"1\u00a0Minute"},"schema":{"@context":"https:\/\/schema.org","@graph":[{"@type":"WebPage","@id":"https:\/\/blog.zeit.de\/teilchen\/2015\/09\/17\/wie-kinder-den-burgerkrieg-in-syrien-erleben\/","url":"https:\/\/blog.zeit.de\/teilchen\/2015\/09\/17\/wie-kinder-den-burgerkrieg-in-syrien-erleben\/","name":"Wie Kinder den B\u00fcrgerkrieg in Syrien erleben","isPartOf":{"@id":"https:\/\/blog.zeit.de\/teilchen\/#website"},"datePublished":"2015-09-17T12:35:36+00:00","dateModified":"2015-09-17T12:37:54+00:00","author":{"@id":"https:\/\/blog.zeit.de\/teilchen\/#\/schema\/person\/e90ba849254185115fd919d4fad07dc0"},"description":"Diese Bilder zeigen, wie syrische Kinder die Erlebnisse aus dem B\u00fcrgerkrieg verarbeiten. Sie malen Bilder.","breadcrumb":{"@id":"https:\/\/blog.zeit.de\/teilchen\/2015\/09\/17\/wie-kinder-den-burgerkrieg-in-syrien-erleben\/#breadcrumb"},"inLanguage":"de","potentialAction":[{"@type":"ReadAction","target":["https:\/\/blog.zeit.de\/teilchen\/2015\/09\/17\/wie-kinder-den-burgerkrieg-in-syrien-erleben\/"]}]},{"@type":"BreadcrumbList","@id":"https:\/\/blog.zeit.de\/teilchen\/2015\/09\/17\/wie-kinder-den-burgerkrieg-in-syrien-erleben\/#breadcrumb","itemListElement":[{"@type":"ListItem","position":1,"name":"Startseite","item":"https:\/\/blog.zeit.de\/teilchen\/"},{"@type":"ListItem","position":2,"name":"Wie Kinder den B\u00fcrgerkrieg in Syrien erleben"}]},{"@type":"WebSite","@id":"https:\/\/blog.zeit.de\/teilchen\/#website","url":"https:\/\/blog.zeit.de\/teilchen\/","name":"Teilchen","description":"Im Netz verstecken sich kleine Sch\u00e4tze - ZEIT ONLINE findet sie.","potentialAction":[{"@type":"SearchAction","target":{"@type":"EntryPoint","urlTemplate":"https:\/\/blog.zeit.de\/teilchen\/?s={search_term_string}"},"query-input":"required name=search_term_string"}],"inLanguage":"de"},{"@type":"Person","@id":"https:\/\/blog.zeit.de\/teilchen\/#\/schema\/person\/e90ba849254185115fd919d4fad07dc0","name":"Tobias Dorfer","image":{"@type":"ImageObject","inLanguage":"de","@id":"https:\/\/blog.zeit.de\/teilchen\/#\/schema\/person\/image\/","url":"https:\/\/secure.gravatar.com\/avatar\/0021e1a3fe9f799912804bcca6f1bcbbe58ee3bf29c8f714a0f453695a888d0a?s=96&d=mm&r=g","contentUrl":"https:\/\/secure.gravatar.com\/avatar\/0021e1a3fe9f799912804bcca6f1bcbbe58ee3bf29c8f714a0f453695a888d0a?s=96&d=mm&r=g","caption":"Tobias Dorfer"},"description":"Teamleiter Social Media bei ZEIT ONLINE. Zuvor sieben Jahre bei S\u00fcddeutsche.de, als Redakteur im Wirtschafts- und Regional-Ressort sowie Editorial SEO. Ausbildung an der Deutschen Journalistenschule in M\u00fcnchen mit Hospitanzen bei S\u00fcddeutsche Zeitung, SPIEGEL und SPIEGEL Online.","sameAs":["https:\/\/twitter.com\/tobiasdorfer"],"url":"https:\/\/blog.zeit.de\/teilchen\/author\/tdorfer\/"}]}},"jetpack_featured_media_url":"https:\/\/blog.zeit.de\/teilchen\/files\/2015\/09\/Bildschirmfoto-2015-09-17-um-11.52.25.png","jetpack_sharing_enabled":true,"_links":{"self":[{"href":"https:\/\/blog.zeit.de\/teilchen\/wp-json\/wp\/v2\/posts\/8123","targetHints":{"allow":["GET"]}}],"collection":[{"href":"https:\/\/blog.zeit.de\/teilchen\/wp-json\/wp\/v2\/posts"}],"about":[{"href":"https:\/\/blog.zeit.de\/teilchen\/wp-json\/wp\/v2\/types\/post"}],"author":[{"embeddable":true,"href":"https:\/\/blog.zeit.de\/teilchen\/wp-json\/wp\/v2\/users\/556"}],"replies":[{"embeddable":true,"href":"https:\/\/blog.zeit.de\/teilchen\/wp-json\/wp\/v2\/comments?post=8123"}],"version-history":[{"count":9,"href":"https:\/\/blog.zeit.de\/teilchen\/wp-json\/wp\/v2\/posts\/8123\/revisions"}],"predecessor-version":[{"id":8146,"href":"https:\/\/blog.zeit.de\/teilchen\/wp-json\/wp\/v2\/posts\/8123\/revisions\/8146"}],"wp:featuredmedia":[{"embeddable":true,"href":"https:\/\/blog.zeit.de\/teilchen\/wp-json\/wp\/v2\/media\/8124"}],"wp:attachment":[{"href":"https:\/\/blog.zeit.de\/teilchen\/wp-json\/wp\/v2\/media?parent=8123"}],"wp:term":[{"taxonomy":"category","embeddable":true,"href":"https:\/\/blog.zeit.de\/teilchen\/wp-json\/wp\/v2\/categories?post=8123"},{"taxonomy":"post_tag","embeddable":true,"href":"https:\/\/blog.zeit.de\/teilchen\/wp-json\/wp\/v2\/tags?post=8123"}],"curies":[{"name":"wp","href":"https:\/\/api.w.org\/{rel}","templated":true}]}}