{"id":8180,"date":"2015-09-21T10:28:02","date_gmt":"2015-09-21T08:28:02","guid":{"rendered":"http:\/\/blog.zeit.de\/teilchen\/?p=8180"},"modified":"2015-09-21T10:39:24","modified_gmt":"2015-09-21T08:39:24","slug":"giraffen-kommunikation-geraeusche-summen","status":"publish","type":"post","link":"https:\/\/blog.zeit.de\/teilchen\/2015\/09\/21\/giraffen-kommunikation-geraeusche-summen\/","title":{"rendered":"Bei Giraffen brummt&#8217;s gewaltig"},"content":{"rendered":"\n<div class=\"embed-wrapper embed-wrapper--blocked js-embed-consent\" data-method=\"iframe\">\n<script class=\"raw__source\" type=\"text\/template\"><iframe loading=\"lazy\" frameborder=\"no\" height=\"166\" scrolling=\"no\" src=\"https:\/\/w.soundcloud.com\/player\/?url=https%3A\/\/api.soundcloud.com\/tracks\/224169679&amp;color=ff5500&amp;auto_play=false&amp;hide_related=false&amp;show_comments=true&amp;show_user=true&amp;show_reposts=false\" width=\"100%\"><\/iframe><\/script>\n<div class=\"embed-wrapper__inner\">\n<div class=\"embed-wrapper__text\">\n<h3>Empfohlener redaktioneller Inhalt<\/h3>\n<p data-replace=\"no\">An dieser Stelle finden Sie externen Inhalt, der den Artikel erg\u00e4nzt. Sie k\u00f6nnen sich externe Inhalte mit einem Klick anzeigen lassen und wieder ausblenden.<noscript>Bitte aktivieren Sie JavaScript damit Sie diesen Inhalt anzeigen k\u00f6nnen.<\/noscript><\/p>\n<\/div>\n<div class=\"embed-consent\">\n<label class=\"embed-consent__toggle\">\n<input class=\"js-embed-consent__toggle\" type=\"checkbox\" autocomplete=\"off\">\n<span><\/span>\nExterner Inhalt\n<\/label>\n<a href=\"https:\/\/www.zeit.de\/hilfe\/datenschutz\" target=\"_blank\" class=\"embed-consent__datalink-when-active\">Datenschutzerkl\u00e4rung<\/a>\n<\/div>\n<div class=\"embed-wrapper__footer\">\n<p data-replace=\"no\">\nIch bin damit einverstanden, dass mir externe Inhalte angezeigt werden. Damit k\u00f6nnen personenbezogene Daten an Drittplattformen \u00fcbermittelt werden. <a href=\"https:\/\/www.zeit.de\/hilfe\/datenschutz\" target=\"_blank\">Mehr dazu in unserer Datenschutzerkl\u00e4rung.<\/a>\n<\/p>\n<\/div>\n<\/div>\n<\/div>\n<p>Lange Zeit hatten Forscher ger\u00e4tselt: Wie kommunizieren Giraffen untereinander? Geben sie dazu T\u00f6ne von sich?\u00a0Ein wissenschaftliches Paper zeigt nun: Ja, Giraffen haben ein eigenes Kommunikationssystem, das\u00a0\u00fcber Brummger\u00e4usche funktionieren k\u00f6nnte. Das US-Magazin <a href=\"http:\/\/www.wired.com\/2015\/09\/giraffe-say-scientists-find-answer\/\"><em>Wired<\/em> stellt die Ergebnisse vor<\/a>.<\/p>\n<p><!--more--><\/p>\n<p>Lange Zeit kursierte das Ger\u00fccht, Giraffen seien stumm. Sp\u00e4ter entstand die Theorie, nach der\u00a0sich Giraffen <a href=\"http:\/\/www.srf.ch\/wissen\/fuenfmalklug\/sind-giraffen-stumm\">\u00fcber tiefe T\u00f6ne verst\u00e4ndigten<\/a>. Diese T\u00f6ne seien in einem solch niedrigen\u00a0Frequenzbereich, dass sie\u00a0f\u00fcr Menschen nicht h\u00f6rbar seien.<\/p>\n<p>Beide Vermutungen\u00a0k\u00f6nnen inzwischen von Anton Baotic und Angela Stoeger, Forscher am Lehrstuhl f\u00fcr\u00a0Kognitionsbiologie\u00a0der Universit\u00e4t Wien,\u00a0und Florian Sicks, Kurator des\u00a0Berliner Tierparks, ausgeschlossen\u00a0werden. Die jahrelangen Untersuchungen lassen den Schluss zu, dass Giraffen Informationen mittels\u00a0tiefer Brummt\u00f6ne \u00fcbermitteln \u2013 die Sie auch\u00a0im <em>Wired<\/em>-Audioclip\u00a0h\u00f6ren k\u00f6nnen. (Assoziationen mit Elefanten- und\/ oder Blauwallauten sind nicht ausgeschlossen.) Die Bedeutung der Ger\u00e4usche ist bislang noch nicht erforscht.<\/p>\n<p>\u00dcbrigens, hier noch ein Hinweis an zuk\u00fcnftige Giraffenforscher: Mit\u00a0schnellen Ergebnissen ist nicht zu rechnen. Die drei Wissenschaftler\u00a0haben mehr als 947\u00a0Stunden Audioaufnahmen aus drei europ\u00e4ischen Zoos ausgewertet.<\/p>\n<ul>\n<li><a href=\"http:\/\/link.springer.com\/article\/10.1186\/s13104-015-1394-3\/fulltext.html\">Zur Originalquelle: ein Abstract des Papers<\/a><\/li>\n<li><a href=\"https:\/\/blog.zeit.de\/teilchen\/\">Weitere Teilchen gibt es hier<\/a>.<\/li>\n<\/ul>\n","protected":false},"excerpt":{"rendered":"<p>Empfohlener redaktioneller Inhalt An dieser Stelle finden Sie externen Inhalt, der den Artikel erg\u00e4nzt. Sie k\u00f6nnen sich externe Inhalte mit einem Klick anzeigen lassen [\u2026]<\/p>\n","protected":false},"author":538,"featured_media":8211,"comment_status":"open","ping_status":"closed","sticky":false,"template":"","format":"standard","meta":{"_jetpack_memberships_contains_paid_content":false,"footnotes":""},"categories":[1486],"tags":[],"class_list":["post-8180","post","type-post","status-publish","format-standard","has-post-thumbnail","hentry","category-audio"],"yoast_head":"<!-- This site is optimized with the Yoast SEO plugin v21.0 - https:\/\/yoast.com\/wordpress\/plugins\/seo\/ -->\n<title>Bei Giraffen brummt&#039;s gewaltig<\/title>\n<meta name=\"description\" content=\"Doch nicht so stumm: Giraffen verst\u00e4ndigen sich durch tiefe Brummlaute, wie j\u00fcngst herausgefunden wurde.\" \/>\n<meta name=\"robots\" content=\"index, follow, max-snippet:-1, max-image-preview:large, max-video-preview:-1\" \/>\n<link rel=\"canonical\" href=\"https:\/\/blog.zeit.de\/teilchen\/2015\/09\/21\/giraffen-kommunikation-geraeusche-summen\/\" \/>\n<meta property=\"og:locale\" content=\"de_DE\" \/>\n<meta property=\"og:type\" content=\"article\" \/>\n<meta property=\"og:title\" content=\"Bei Giraffen brummt&#039;s gewaltig\" \/>\n<meta property=\"og:description\" content=\"Doch nicht so stumm: Giraffen verst\u00e4ndigen sich durch tiefe Brummlaute, wie j\u00fcngst herausgefunden wurde.\" \/>\n<meta property=\"og:url\" content=\"https:\/\/blog.zeit.de\/teilchen\/2015\/09\/21\/giraffen-kommunikation-geraeusche-summen\/\" \/>\n<meta property=\"og:site_name\" content=\"Teilchen\" \/>\n<meta property=\"article:published_time\" content=\"2015-09-21T08:28:02+00:00\" \/>\n<meta property=\"article:modified_time\" content=\"2015-09-21T08:39:24+00:00\" \/>\n<meta property=\"og:image\" content=\"https:\/\/blog.zeit.de\/teilchen\/files\/2015\/09\/giraffe.jpg\" \/>\n\t<meta property=\"og:image:width\" content=\"1000\" \/>\n\t<meta property=\"og:image:height\" content=\"641\" \/>\n\t<meta property=\"og:image:type\" content=\"image\/jpeg\" \/>\n<meta name=\"author\" content=\"Dobromila Walasek\" \/>\n<meta name=\"twitter:card\" content=\"summary_large_image\" \/>\n<meta name=\"twitter:creator\" content=\"@mila_sek\" \/>\n<meta name=\"twitter:site\" content=\"@zeitonline\" \/>\n<meta name=\"twitter:label1\" content=\"Geschrieben von\" \/>\n\t<meta name=\"twitter:data1\" content=\"Dobromila Walasek\" \/>\n\t<meta name=\"twitter:label2\" content=\"Gesch\u00e4tzte Lesezeit\" \/>\n\t<meta name=\"twitter:data2\" content=\"1\u00a0Minute\" \/>\n<script type=\"application\/ld+json\" class=\"yoast-schema-graph\">{\"@context\":\"https:\/\/schema.org\",\"@graph\":[{\"@type\":\"WebPage\",\"@id\":\"https:\/\/blog.zeit.de\/teilchen\/2015\/09\/21\/giraffen-kommunikation-geraeusche-summen\/\",\"url\":\"https:\/\/blog.zeit.de\/teilchen\/2015\/09\/21\/giraffen-kommunikation-geraeusche-summen\/\",\"name\":\"Bei Giraffen brummt's gewaltig\",\"isPartOf\":{\"@id\":\"https:\/\/blog.zeit.de\/teilchen\/#website\"},\"datePublished\":\"2015-09-21T08:28:02+00:00\",\"dateModified\":\"2015-09-21T08:39:24+00:00\",\"author\":{\"@id\":\"https:\/\/blog.zeit.de\/teilchen\/#\/schema\/person\/e8faf09d496060b3f787b435a3ec2bb7\"},\"description\":\"Doch nicht so stumm: Giraffen verst\u00e4ndigen sich durch tiefe Brummlaute, wie j\u00fcngst herausgefunden wurde.\",\"breadcrumb\":{\"@id\":\"https:\/\/blog.zeit.de\/teilchen\/2015\/09\/21\/giraffen-kommunikation-geraeusche-summen\/#breadcrumb\"},\"inLanguage\":\"de\",\"potentialAction\":[{\"@type\":\"ReadAction\",\"target\":[\"https:\/\/blog.zeit.de\/teilchen\/2015\/09\/21\/giraffen-kommunikation-geraeusche-summen\/\"]}]},{\"@type\":\"BreadcrumbList\",\"@id\":\"https:\/\/blog.zeit.de\/teilchen\/2015\/09\/21\/giraffen-kommunikation-geraeusche-summen\/#breadcrumb\",\"itemListElement\":[{\"@type\":\"ListItem\",\"position\":1,\"name\":\"Startseite\",\"item\":\"https:\/\/blog.zeit.de\/teilchen\/\"},{\"@type\":\"ListItem\",\"position\":2,\"name\":\"Bei Giraffen brummt&#8217;s gewaltig\"}]},{\"@type\":\"WebSite\",\"@id\":\"https:\/\/blog.zeit.de\/teilchen\/#website\",\"url\":\"https:\/\/blog.zeit.de\/teilchen\/\",\"name\":\"Teilchen\",\"description\":\"Im Netz verstecken sich kleine Sch\u00e4tze - ZEIT ONLINE findet sie.\",\"potentialAction\":[{\"@type\":\"SearchAction\",\"target\":{\"@type\":\"EntryPoint\",\"urlTemplate\":\"https:\/\/blog.zeit.de\/teilchen\/?s={search_term_string}\"},\"query-input\":\"required name=search_term_string\"}],\"inLanguage\":\"de\"},{\"@type\":\"Person\",\"@id\":\"https:\/\/blog.zeit.de\/teilchen\/#\/schema\/person\/e8faf09d496060b3f787b435a3ec2bb7\",\"name\":\"Dobromila Walasek\",\"image\":{\"@type\":\"ImageObject\",\"inLanguage\":\"de\",\"@id\":\"https:\/\/blog.zeit.de\/teilchen\/#\/schema\/person\/image\/\",\"url\":\"https:\/\/secure.gravatar.com\/avatar\/10d275143bde574e8646ea65a3cb0c4e51d69388841fa97a37d3c61e83e5921c?s=96&d=mm&r=g\",\"contentUrl\":\"https:\/\/secure.gravatar.com\/avatar\/10d275143bde574e8646ea65a3cb0c4e51d69388841fa97a37d3c61e83e5921c?s=96&d=mm&r=g\",\"caption\":\"Dobromila Walasek\"},\"description\":\"ist Social-Media-Redakteurin bei Oxfam. Zuvor Engagement-Redakteurin bei ZEIT ONLINE und Amateur-Photogiferin.\",\"sameAs\":[\"https:\/\/twitter.com\/mila_sek\"],\"url\":\"https:\/\/blog.zeit.de\/teilchen\/author\/dwalasek\/\"}]}<\/script>\n<!-- \/ Yoast SEO plugin. -->","yoast_head_json":{"title":"Bei Giraffen brummt's gewaltig","description":"Doch nicht so stumm: Giraffen verst\u00e4ndigen sich durch tiefe Brummlaute, wie j\u00fcngst herausgefunden wurde.","robots":{"index":"index","follow":"follow","max-snippet":"max-snippet:-1","max-image-preview":"max-image-preview:large","max-video-preview":"max-video-preview:-1"},"canonical":"https:\/\/blog.zeit.de\/teilchen\/2015\/09\/21\/giraffen-kommunikation-geraeusche-summen\/","og_locale":"de_DE","og_type":"article","og_title":"Bei Giraffen brummt's gewaltig","og_description":"Doch nicht so stumm: Giraffen verst\u00e4ndigen sich durch tiefe Brummlaute, wie j\u00fcngst herausgefunden wurde.","og_url":"https:\/\/blog.zeit.de\/teilchen\/2015\/09\/21\/giraffen-kommunikation-geraeusche-summen\/","og_site_name":"Teilchen","article_published_time":"2015-09-21T08:28:02+00:00","article_modified_time":"2015-09-21T08:39:24+00:00","og_image":[{"width":1000,"height":641,"url":"https:\/\/blog.zeit.de\/teilchen\/files\/2015\/09\/giraffe.jpg","type":"image\/jpeg"}],"author":"Dobromila Walasek","twitter_card":"summary_large_image","twitter_creator":"@mila_sek","twitter_site":"@zeitonline","twitter_misc":{"Geschrieben von":"Dobromila Walasek","Gesch\u00e4tzte Lesezeit":"1\u00a0Minute"},"schema":{"@context":"https:\/\/schema.org","@graph":[{"@type":"WebPage","@id":"https:\/\/blog.zeit.de\/teilchen\/2015\/09\/21\/giraffen-kommunikation-geraeusche-summen\/","url":"https:\/\/blog.zeit.de\/teilchen\/2015\/09\/21\/giraffen-kommunikation-geraeusche-summen\/","name":"Bei Giraffen brummt's gewaltig","isPartOf":{"@id":"https:\/\/blog.zeit.de\/teilchen\/#website"},"datePublished":"2015-09-21T08:28:02+00:00","dateModified":"2015-09-21T08:39:24+00:00","author":{"@id":"https:\/\/blog.zeit.de\/teilchen\/#\/schema\/person\/e8faf09d496060b3f787b435a3ec2bb7"},"description":"Doch nicht so stumm: Giraffen verst\u00e4ndigen sich durch tiefe Brummlaute, wie j\u00fcngst herausgefunden wurde.","breadcrumb":{"@id":"https:\/\/blog.zeit.de\/teilchen\/2015\/09\/21\/giraffen-kommunikation-geraeusche-summen\/#breadcrumb"},"inLanguage":"de","potentialAction":[{"@type":"ReadAction","target":["https:\/\/blog.zeit.de\/teilchen\/2015\/09\/21\/giraffen-kommunikation-geraeusche-summen\/"]}]},{"@type":"BreadcrumbList","@id":"https:\/\/blog.zeit.de\/teilchen\/2015\/09\/21\/giraffen-kommunikation-geraeusche-summen\/#breadcrumb","itemListElement":[{"@type":"ListItem","position":1,"name":"Startseite","item":"https:\/\/blog.zeit.de\/teilchen\/"},{"@type":"ListItem","position":2,"name":"Bei Giraffen brummt&#8217;s gewaltig"}]},{"@type":"WebSite","@id":"https:\/\/blog.zeit.de\/teilchen\/#website","url":"https:\/\/blog.zeit.de\/teilchen\/","name":"Teilchen","description":"Im Netz verstecken sich kleine Sch\u00e4tze - ZEIT ONLINE findet sie.","potentialAction":[{"@type":"SearchAction","target":{"@type":"EntryPoint","urlTemplate":"https:\/\/blog.zeit.de\/teilchen\/?s={search_term_string}"},"query-input":"required name=search_term_string"}],"inLanguage":"de"},{"@type":"Person","@id":"https:\/\/blog.zeit.de\/teilchen\/#\/schema\/person\/e8faf09d496060b3f787b435a3ec2bb7","name":"Dobromila Walasek","image":{"@type":"ImageObject","inLanguage":"de","@id":"https:\/\/blog.zeit.de\/teilchen\/#\/schema\/person\/image\/","url":"https:\/\/secure.gravatar.com\/avatar\/10d275143bde574e8646ea65a3cb0c4e51d69388841fa97a37d3c61e83e5921c?s=96&d=mm&r=g","contentUrl":"https:\/\/secure.gravatar.com\/avatar\/10d275143bde574e8646ea65a3cb0c4e51d69388841fa97a37d3c61e83e5921c?s=96&d=mm&r=g","caption":"Dobromila Walasek"},"description":"ist Social-Media-Redakteurin bei Oxfam. Zuvor Engagement-Redakteurin bei ZEIT ONLINE und Amateur-Photogiferin.","sameAs":["https:\/\/twitter.com\/mila_sek"],"url":"https:\/\/blog.zeit.de\/teilchen\/author\/dwalasek\/"}]}},"jetpack_featured_media_url":"https:\/\/blog.zeit.de\/teilchen\/files\/2015\/09\/giraffe.jpg","jetpack_sharing_enabled":true,"_links":{"self":[{"href":"https:\/\/blog.zeit.de\/teilchen\/wp-json\/wp\/v2\/posts\/8180","targetHints":{"allow":["GET"]}}],"collection":[{"href":"https:\/\/blog.zeit.de\/teilchen\/wp-json\/wp\/v2\/posts"}],"about":[{"href":"https:\/\/blog.zeit.de\/teilchen\/wp-json\/wp\/v2\/types\/post"}],"author":[{"embeddable":true,"href":"https:\/\/blog.zeit.de\/teilchen\/wp-json\/wp\/v2\/users\/538"}],"replies":[{"embeddable":true,"href":"https:\/\/blog.zeit.de\/teilchen\/wp-json\/wp\/v2\/comments?post=8180"}],"version-history":[{"count":19,"href":"https:\/\/blog.zeit.de\/teilchen\/wp-json\/wp\/v2\/posts\/8180\/revisions"}],"predecessor-version":[{"id":8223,"href":"https:\/\/blog.zeit.de\/teilchen\/wp-json\/wp\/v2\/posts\/8180\/revisions\/8223"}],"wp:featuredmedia":[{"embeddable":true,"href":"https:\/\/blog.zeit.de\/teilchen\/wp-json\/wp\/v2\/media\/8211"}],"wp:attachment":[{"href":"https:\/\/blog.zeit.de\/teilchen\/wp-json\/wp\/v2\/media?parent=8180"}],"wp:term":[{"taxonomy":"category","embeddable":true,"href":"https:\/\/blog.zeit.de\/teilchen\/wp-json\/wp\/v2\/categories?post=8180"},{"taxonomy":"post_tag","embeddable":true,"href":"https:\/\/blog.zeit.de\/teilchen\/wp-json\/wp\/v2\/tags?post=8180"}],"curies":[{"name":"wp","href":"https:\/\/api.w.org\/{rel}","templated":true}]}}