{"id":8181,"date":"2015-09-18T16:43:01","date_gmt":"2015-09-18T14:43:01","guid":{"rendered":"http:\/\/blog.zeit.de\/teilchen\/?p=8181"},"modified":"2015-09-18T16:44:13","modified_gmt":"2015-09-18T14:44:13","slug":"wie-taiwanische-animateure-die-fluchtlingskrise-schrumpfen","status":"publish","type":"post","link":"https:\/\/blog.zeit.de\/teilchen\/2015\/09\/18\/wie-taiwanische-animateure-die-fluchtlingskrise-schrumpfen\/","title":{"rendered":"Wie taiwanische Animateure die Fl\u00fcchtlingskrise schrumpfen"},"content":{"rendered":"\n<div class=\"embed-wrapper embed-wrapper--blocked js-embed-consent\" data-method=\"embed\">\n<script class=\"raw__source\" type=\"text\/template\"><iframe loading=\"lazy\" title=\"Germany Syrian refugee crisis: the Germans having doubts about all those refugees - TomoNews\" width=\"640\" height=\"360\" src=\"https:\/\/www.youtube-nocookie.com\/embed\/ivk8pYkq05Q?feature=oembed\" frameborder=\"0\" allow=\"accelerometer; autoplay; clipboard-write; encrypted-media; gyroscope; picture-in-picture; web-share\" referrerpolicy=\"strict-origin-when-cross-origin\" allowfullscreen><\/iframe><\/script>\n<div class=\"embed-wrapper__inner\">\n<div class=\"embed-wrapper__text\">\n<h3>Empfohlener redaktioneller Inhalt<\/h3>\n<p data-replace=\"no\">An dieser Stelle finden Sie externen Inhalt, der den Artikel erg\u00e4nzt. Sie k\u00f6nnen sich externe Inhalte mit einem Klick anzeigen lassen und wieder ausblenden.<noscript>Bitte aktivieren Sie JavaScript damit Sie diesen Inhalt anzeigen k\u00f6nnen.<\/noscript><\/p>\n<\/div>\n<div class=\"embed-consent\">\n<label class=\"embed-consent__toggle\">\n<input class=\"js-embed-consent__toggle\" type=\"checkbox\" autocomplete=\"off\">\n<span><\/span>\nExterner Inhalt\n<\/label>\n<a href=\"https:\/\/www.zeit.de\/hilfe\/datenschutz\" target=\"_blank\" class=\"embed-consent__datalink-when-active\">Datenschutzerkl\u00e4rung<\/a>\n<\/div>\n<div class=\"embed-wrapper__footer\">\n<p data-replace=\"no\">\nIch bin damit einverstanden, dass mir externe Inhalte angezeigt werden. Damit k\u00f6nnen personenbezogene Daten an Drittplattformen \u00fcbermittelt werden. <a href=\"https:\/\/www.zeit.de\/hilfe\/datenschutz\" target=\"_blank\">Mehr dazu in unserer Datenschutzerkl\u00e4rung.<\/a>\n<\/p>\n<\/div>\n<\/div>\n<\/div>\n<p>Wer mit gro\u00dfem Abstand Dinge betrachtet, dem erscheinen Probleme oft sehr viel kleiner. Das gilt offenbar auch f\u00fcr Taiwaner, wenn sie auf die europ\u00e4ische Fl\u00fcchtlingskrise schauen: Wie taiwanische Animateure das komplexe Thema zusammenfassen, zeigt dieses kurze, animierte Video.<!--more--><\/p>\n<p><a href=\"https:\/\/www.youtube.com\/watch?v=ivk8pYkq05Q\" target=\"_blank\">Der Clip, ver\u00f6ffentlicht von Taiwanese Animators<\/a>, im Schnelldurchlauf: Menschen aus Syrien klopfen an der europ\u00e4ischen T\u00fcr an, werden abgewiesen von den herzlosen Tschechen und Polen \u2013 dann kommt der Vertreter Ungarns, bewaffnet mit einem Gewehr, der nach ihnen tritt. Davon lassen sich die Fl\u00fcchtlinge jedoch nicht stoppen. Sie st\u00fcrmen auf die Festung Deutschland zu, vor der Burgfr\u00e4ulein Angela Merkel steht und gerade noch rechtzeitig die Zugbr\u00fccke nach oben zieht. Auch, wenn sie schlie\u00dflich selbst im Burggraben landet.<\/p>\n<p>Nebenrollen l\u00e4sst der kurze Film der Berliner Mauer zukommen, dem sogenannten Islamischen Staat und dem ICE. Merkel verschenkt Sportwagen an Fl\u00fcchtlinge, wird deshalb als Mutter Angela verehrt \u2013 und zur Strafe von Horst Seehofer mit einem CSU-Schild niedergeschlagen.<\/p>\n<p>Wer am Ende gewinnt? Aus taiwanischer Sicht schwer zu sagen. Merkel steckt die Fl\u00fcchtlinge in die Berufskleidung der M\u00fcllabfuhr und wird von denen zur Strafe in das M\u00fcllauto geworfen (in den Kofferraum \u00fcbrigens). Immerhin bleibt Horst Seehofer die tr\u00f6stliche Erkenntnis, dass die Regionalpartei CSU durchaus auch Bewohnern des asiatischen Kontinents ein Begriff ist.<\/p>\n<ul>\n<li><em>Einen <a href=\"http:\/\/www.zeit.de\/gesellschaft\/fluechtlinge-in-deutschland\" target=\"_blank\">\u00dcberblick \u00fcber die Fl\u00fcchtlingskrise in Deutschland erhalten Sie in unserem Live-Dossier.<\/a><\/em><\/li>\n<li><em>Weitere <a href=\"https:\/\/blog.zeit.de\/teilchen\/\" target=\"_blank\">Teilchen finden Sie hier<\/a>.<\/em><\/li>\n<\/ul>\n","protected":false},"excerpt":{"rendered":"<p>Empfohlener redaktioneller Inhalt An dieser Stelle finden Sie externen Inhalt, der den Artikel erg\u00e4nzt. Sie k\u00f6nnen sich externe Inhalte mit einem Klick anzeigen lassen [\u2026]<\/p>\n","protected":false},"author":556,"featured_media":8195,"comment_status":"open","ping_status":"closed","sticky":false,"template":"","format":"standard","meta":{"_jetpack_memberships_contains_paid_content":false,"footnotes":""},"categories":[28],"tags":[],"class_list":["post-8181","post","type-post","status-publish","format-standard","has-post-thumbnail","hentry","category-video"],"yoast_head":"<!-- This site is optimized with the Yoast SEO plugin v21.0 - https:\/\/yoast.com\/wordpress\/plugins\/seo\/ -->\n<title>So schrumpfen Animateure die Fl\u00fcchtlingskrise<\/title>\n<meta name=\"description\" content=\"Taiwanische Animateure erkl\u00e4ren der Welt die europ\u00e4ische Fl\u00fcchtlingskrise im Schnelldurchlauf.\" \/>\n<meta name=\"robots\" content=\"index, follow, max-snippet:-1, max-image-preview:large, max-video-preview:-1\" \/>\n<link rel=\"canonical\" href=\"https:\/\/blog.zeit.de\/teilchen\/2015\/09\/18\/wie-taiwanische-animateure-die-fluchtlingskrise-schrumpfen\/\" \/>\n<meta property=\"og:locale\" content=\"de_DE\" \/>\n<meta property=\"og:type\" content=\"article\" \/>\n<meta property=\"og:title\" content=\"So schrumpfen Animateure die Fl\u00fcchtlingskrise\" \/>\n<meta property=\"og:description\" content=\"Taiwanische Animateure erkl\u00e4ren der Welt die europ\u00e4ische Fl\u00fcchtlingskrise im Schnelldurchlauf.\" \/>\n<meta property=\"og:url\" content=\"https:\/\/blog.zeit.de\/teilchen\/2015\/09\/18\/wie-taiwanische-animateure-die-fluchtlingskrise-schrumpfen\/\" \/>\n<meta property=\"og:site_name\" content=\"Teilchen\" \/>\n<meta property=\"article:published_time\" content=\"2015-09-18T14:43:01+00:00\" \/>\n<meta property=\"article:modified_time\" content=\"2015-09-18T14:44:13+00:00\" \/>\n<meta property=\"og:image\" content=\"https:\/\/blog.zeit.de\/teilchen\/files\/2015\/09\/Bildschirmfoto-2015-09-18-um-15.18.34.png\" \/>\n\t<meta property=\"og:image:width\" content=\"634\" \/>\n\t<meta property=\"og:image:height\" content=\"349\" \/>\n\t<meta property=\"og:image:type\" content=\"image\/png\" \/>\n<meta name=\"author\" content=\"Tobias Dorfer\" \/>\n<meta name=\"twitter:card\" content=\"summary_large_image\" \/>\n<meta name=\"twitter:creator\" content=\"@tobiasdorfer\" \/>\n<meta name=\"twitter:site\" content=\"@zeitonline\" \/>\n<meta name=\"twitter:label1\" content=\"Geschrieben von\" \/>\n\t<meta name=\"twitter:data1\" content=\"Tobias Dorfer\" \/>\n\t<meta name=\"twitter:label2\" content=\"Gesch\u00e4tzte Lesezeit\" \/>\n\t<meta name=\"twitter:data2\" content=\"1\u00a0Minute\" \/>\n<script type=\"application\/ld+json\" class=\"yoast-schema-graph\">{\"@context\":\"https:\/\/schema.org\",\"@graph\":[{\"@type\":\"WebPage\",\"@id\":\"https:\/\/blog.zeit.de\/teilchen\/2015\/09\/18\/wie-taiwanische-animateure-die-fluchtlingskrise-schrumpfen\/\",\"url\":\"https:\/\/blog.zeit.de\/teilchen\/2015\/09\/18\/wie-taiwanische-animateure-die-fluchtlingskrise-schrumpfen\/\",\"name\":\"So schrumpfen Animateure die Fl\u00fcchtlingskrise\",\"isPartOf\":{\"@id\":\"https:\/\/blog.zeit.de\/teilchen\/#website\"},\"datePublished\":\"2015-09-18T14:43:01+00:00\",\"dateModified\":\"2015-09-18T14:44:13+00:00\",\"author\":{\"@id\":\"https:\/\/blog.zeit.de\/teilchen\/#\/schema\/person\/e90ba849254185115fd919d4fad07dc0\"},\"description\":\"Taiwanische Animateure erkl\u00e4ren der Welt die europ\u00e4ische Fl\u00fcchtlingskrise im Schnelldurchlauf.\",\"breadcrumb\":{\"@id\":\"https:\/\/blog.zeit.de\/teilchen\/2015\/09\/18\/wie-taiwanische-animateure-die-fluchtlingskrise-schrumpfen\/#breadcrumb\"},\"inLanguage\":\"de\",\"potentialAction\":[{\"@type\":\"ReadAction\",\"target\":[\"https:\/\/blog.zeit.de\/teilchen\/2015\/09\/18\/wie-taiwanische-animateure-die-fluchtlingskrise-schrumpfen\/\"]}]},{\"@type\":\"BreadcrumbList\",\"@id\":\"https:\/\/blog.zeit.de\/teilchen\/2015\/09\/18\/wie-taiwanische-animateure-die-fluchtlingskrise-schrumpfen\/#breadcrumb\",\"itemListElement\":[{\"@type\":\"ListItem\",\"position\":1,\"name\":\"Startseite\",\"item\":\"https:\/\/blog.zeit.de\/teilchen\/\"},{\"@type\":\"ListItem\",\"position\":2,\"name\":\"Wie taiwanische Animateure die Fl\u00fcchtlingskrise schrumpfen\"}]},{\"@type\":\"WebSite\",\"@id\":\"https:\/\/blog.zeit.de\/teilchen\/#website\",\"url\":\"https:\/\/blog.zeit.de\/teilchen\/\",\"name\":\"Teilchen\",\"description\":\"Im Netz verstecken sich kleine Sch\u00e4tze - ZEIT ONLINE findet sie.\",\"potentialAction\":[{\"@type\":\"SearchAction\",\"target\":{\"@type\":\"EntryPoint\",\"urlTemplate\":\"https:\/\/blog.zeit.de\/teilchen\/?s={search_term_string}\"},\"query-input\":\"required name=search_term_string\"}],\"inLanguage\":\"de\"},{\"@type\":\"Person\",\"@id\":\"https:\/\/blog.zeit.de\/teilchen\/#\/schema\/person\/e90ba849254185115fd919d4fad07dc0\",\"name\":\"Tobias Dorfer\",\"image\":{\"@type\":\"ImageObject\",\"inLanguage\":\"de\",\"@id\":\"https:\/\/blog.zeit.de\/teilchen\/#\/schema\/person\/image\/\",\"url\":\"https:\/\/secure.gravatar.com\/avatar\/0021e1a3fe9f799912804bcca6f1bcbbe58ee3bf29c8f714a0f453695a888d0a?s=96&d=mm&r=g\",\"contentUrl\":\"https:\/\/secure.gravatar.com\/avatar\/0021e1a3fe9f799912804bcca6f1bcbbe58ee3bf29c8f714a0f453695a888d0a?s=96&d=mm&r=g\",\"caption\":\"Tobias Dorfer\"},\"description\":\"Teamleiter Social Media bei ZEIT ONLINE. Zuvor sieben Jahre bei S\u00fcddeutsche.de, als Redakteur im Wirtschafts- und Regional-Ressort sowie Editorial SEO. Ausbildung an der Deutschen Journalistenschule in M\u00fcnchen mit Hospitanzen bei S\u00fcddeutsche Zeitung, SPIEGEL und SPIEGEL Online.\",\"sameAs\":[\"https:\/\/twitter.com\/tobiasdorfer\"],\"url\":\"https:\/\/blog.zeit.de\/teilchen\/author\/tdorfer\/\"}]}<\/script>\n<!-- \/ Yoast SEO plugin. -->","yoast_head_json":{"title":"So schrumpfen Animateure die Fl\u00fcchtlingskrise","description":"Taiwanische Animateure erkl\u00e4ren der Welt die europ\u00e4ische Fl\u00fcchtlingskrise im Schnelldurchlauf.","robots":{"index":"index","follow":"follow","max-snippet":"max-snippet:-1","max-image-preview":"max-image-preview:large","max-video-preview":"max-video-preview:-1"},"canonical":"https:\/\/blog.zeit.de\/teilchen\/2015\/09\/18\/wie-taiwanische-animateure-die-fluchtlingskrise-schrumpfen\/","og_locale":"de_DE","og_type":"article","og_title":"So schrumpfen Animateure die Fl\u00fcchtlingskrise","og_description":"Taiwanische Animateure erkl\u00e4ren der Welt die europ\u00e4ische Fl\u00fcchtlingskrise im Schnelldurchlauf.","og_url":"https:\/\/blog.zeit.de\/teilchen\/2015\/09\/18\/wie-taiwanische-animateure-die-fluchtlingskrise-schrumpfen\/","og_site_name":"Teilchen","article_published_time":"2015-09-18T14:43:01+00:00","article_modified_time":"2015-09-18T14:44:13+00:00","og_image":[{"width":634,"height":349,"url":"https:\/\/blog.zeit.de\/teilchen\/files\/2015\/09\/Bildschirmfoto-2015-09-18-um-15.18.34.png","type":"image\/png"}],"author":"Tobias Dorfer","twitter_card":"summary_large_image","twitter_creator":"@tobiasdorfer","twitter_site":"@zeitonline","twitter_misc":{"Geschrieben von":"Tobias Dorfer","Gesch\u00e4tzte Lesezeit":"1\u00a0Minute"},"schema":{"@context":"https:\/\/schema.org","@graph":[{"@type":"WebPage","@id":"https:\/\/blog.zeit.de\/teilchen\/2015\/09\/18\/wie-taiwanische-animateure-die-fluchtlingskrise-schrumpfen\/","url":"https:\/\/blog.zeit.de\/teilchen\/2015\/09\/18\/wie-taiwanische-animateure-die-fluchtlingskrise-schrumpfen\/","name":"So schrumpfen Animateure die Fl\u00fcchtlingskrise","isPartOf":{"@id":"https:\/\/blog.zeit.de\/teilchen\/#website"},"datePublished":"2015-09-18T14:43:01+00:00","dateModified":"2015-09-18T14:44:13+00:00","author":{"@id":"https:\/\/blog.zeit.de\/teilchen\/#\/schema\/person\/e90ba849254185115fd919d4fad07dc0"},"description":"Taiwanische Animateure erkl\u00e4ren der Welt die europ\u00e4ische Fl\u00fcchtlingskrise im Schnelldurchlauf.","breadcrumb":{"@id":"https:\/\/blog.zeit.de\/teilchen\/2015\/09\/18\/wie-taiwanische-animateure-die-fluchtlingskrise-schrumpfen\/#breadcrumb"},"inLanguage":"de","potentialAction":[{"@type":"ReadAction","target":["https:\/\/blog.zeit.de\/teilchen\/2015\/09\/18\/wie-taiwanische-animateure-die-fluchtlingskrise-schrumpfen\/"]}]},{"@type":"BreadcrumbList","@id":"https:\/\/blog.zeit.de\/teilchen\/2015\/09\/18\/wie-taiwanische-animateure-die-fluchtlingskrise-schrumpfen\/#breadcrumb","itemListElement":[{"@type":"ListItem","position":1,"name":"Startseite","item":"https:\/\/blog.zeit.de\/teilchen\/"},{"@type":"ListItem","position":2,"name":"Wie taiwanische Animateure die Fl\u00fcchtlingskrise schrumpfen"}]},{"@type":"WebSite","@id":"https:\/\/blog.zeit.de\/teilchen\/#website","url":"https:\/\/blog.zeit.de\/teilchen\/","name":"Teilchen","description":"Im Netz verstecken sich kleine Sch\u00e4tze - ZEIT ONLINE findet sie.","potentialAction":[{"@type":"SearchAction","target":{"@type":"EntryPoint","urlTemplate":"https:\/\/blog.zeit.de\/teilchen\/?s={search_term_string}"},"query-input":"required name=search_term_string"}],"inLanguage":"de"},{"@type":"Person","@id":"https:\/\/blog.zeit.de\/teilchen\/#\/schema\/person\/e90ba849254185115fd919d4fad07dc0","name":"Tobias Dorfer","image":{"@type":"ImageObject","inLanguage":"de","@id":"https:\/\/blog.zeit.de\/teilchen\/#\/schema\/person\/image\/","url":"https:\/\/secure.gravatar.com\/avatar\/0021e1a3fe9f799912804bcca6f1bcbbe58ee3bf29c8f714a0f453695a888d0a?s=96&d=mm&r=g","contentUrl":"https:\/\/secure.gravatar.com\/avatar\/0021e1a3fe9f799912804bcca6f1bcbbe58ee3bf29c8f714a0f453695a888d0a?s=96&d=mm&r=g","caption":"Tobias Dorfer"},"description":"Teamleiter Social Media bei ZEIT ONLINE. Zuvor sieben Jahre bei S\u00fcddeutsche.de, als Redakteur im Wirtschafts- und Regional-Ressort sowie Editorial SEO. Ausbildung an der Deutschen Journalistenschule in M\u00fcnchen mit Hospitanzen bei S\u00fcddeutsche Zeitung, SPIEGEL und SPIEGEL Online.","sameAs":["https:\/\/twitter.com\/tobiasdorfer"],"url":"https:\/\/blog.zeit.de\/teilchen\/author\/tdorfer\/"}]}},"jetpack_featured_media_url":"https:\/\/blog.zeit.de\/teilchen\/files\/2015\/09\/Bildschirmfoto-2015-09-18-um-15.18.34.png","jetpack_sharing_enabled":true,"_links":{"self":[{"href":"https:\/\/blog.zeit.de\/teilchen\/wp-json\/wp\/v2\/posts\/8181","targetHints":{"allow":["GET"]}}],"collection":[{"href":"https:\/\/blog.zeit.de\/teilchen\/wp-json\/wp\/v2\/posts"}],"about":[{"href":"https:\/\/blog.zeit.de\/teilchen\/wp-json\/wp\/v2\/types\/post"}],"author":[{"embeddable":true,"href":"https:\/\/blog.zeit.de\/teilchen\/wp-json\/wp\/v2\/users\/556"}],"replies":[{"embeddable":true,"href":"https:\/\/blog.zeit.de\/teilchen\/wp-json\/wp\/v2\/comments?post=8181"}],"version-history":[{"count":13,"href":"https:\/\/blog.zeit.de\/teilchen\/wp-json\/wp\/v2\/posts\/8181\/revisions"}],"predecessor-version":[{"id":8206,"href":"https:\/\/blog.zeit.de\/teilchen\/wp-json\/wp\/v2\/posts\/8181\/revisions\/8206"}],"wp:featuredmedia":[{"embeddable":true,"href":"https:\/\/blog.zeit.de\/teilchen\/wp-json\/wp\/v2\/media\/8195"}],"wp:attachment":[{"href":"https:\/\/blog.zeit.de\/teilchen\/wp-json\/wp\/v2\/media?parent=8181"}],"wp:term":[{"taxonomy":"category","embeddable":true,"href":"https:\/\/blog.zeit.de\/teilchen\/wp-json\/wp\/v2\/categories?post=8181"},{"taxonomy":"post_tag","embeddable":true,"href":"https:\/\/blog.zeit.de\/teilchen\/wp-json\/wp\/v2\/tags?post=8181"}],"curies":[{"name":"wp","href":"https:\/\/api.w.org\/{rel}","templated":true}]}}