{"id":8232,"date":"2015-09-22T17:35:23","date_gmt":"2015-09-22T15:35:23","guid":{"rendered":"http:\/\/blog.zeit.de\/teilchen\/?p=8232"},"modified":"2015-09-23T14:40:16","modified_gmt":"2015-09-23T12:40:16","slug":"herr-prasident-horen-sie-auf-angst-zu-haben","status":"publish","type":"post","link":"https:\/\/blog.zeit.de\/teilchen\/2015\/09\/22\/herr-prasident-horen-sie-auf-angst-zu-haben\/","title":{"rendered":"&#8222;Herr Pr\u00e4sident, h\u00f6ren Sie auf, Angst zu haben!&#8220;"},"content":{"rendered":"<p><figure id=\"attachment_8237\" aria-describedby=\"caption-attachment-8237\" style=\"width: 620px\" class=\"wp-caption aligncenter\"><img loading=\"lazy\" decoding=\"async\" class=\"wp-image-8237 size-medium\" src=\"https:\/\/blog.zeit.de\/teilchen\/files\/2015\/09\/Tschechien-620x369.jpg\" alt=\"Tschechen wehren sich gegen Image in der Fl\u00fcchtlingskrise\" width=\"620\" height=\"369\" srcset=\"https:\/\/blog.zeit.de\/teilchen\/files\/2015\/09\/Tschechien-620x369.jpg 620w, https:\/\/blog.zeit.de\/teilchen\/files\/2015\/09\/Tschechien.jpg 931w\" sizes=\"auto, (max-width: 620px) 100vw, 620px\" \/><figcaption id=\"caption-attachment-8237\" class=\"wp-caption-text\">&#8222;Liebes Europa, wir melden uns zu Wort, 3.071 Staatsb\u00fcrger der Tschechischen Republik. Wir haben dir etwas mitzuteilen.&#8220; Screenshot: <a href=\"http:\/\/www.deareurope.cz\/de\" target=\"_blank\">deareurope.cz\/de<\/a><\/figcaption><\/figure><\/p>\n<p>In der Fl\u00fcchtlingskrise ist Europa gespalten. Da sind einerseits Deutschland, Schweden und \u00d6sterreich \u2013 die L\u00e4nder, die viele Asylsuchende aufnehmen. Und dann gibt es L\u00e4nder wie Ungarn, die Slowakei und Polen, die \u2013 so scheint es \u2013 mit dem Problem nichts zu tun haben wollen und sich gegen eine Verteilungsquote wehren. So ist das Bild, das h\u00e4ufig vermittelt wird. Aber stimmt das? B\u00fcrger aus Tschechien <a href=\"http:\/\/www.deareurope.cz\/de\" target=\"_blank\">haben einen offenen Brief ins Netz gestellt, mit dem sie etwas klarstellen wollen<\/a>. <!--more--><\/p>\n<p>&#8222;Liebes Europa&#8220;, hei\u00dft es in dem Schreiben, &#8222;vielleicht h\u00f6rst du die \u00c4u\u00dferungen unserer Politiker und denkst, dass wir alle ziemliche Heuchler sind und unsere EU-Mitgliedschaft nicht sch\u00e4tzen.&#8220; Es stehe jedoch nicht so schlimm um ihr Land. &#8222;Das ist nur der Eindruck, den unsere politischen Repr\u00e4sentanten erwecken.&#8220;<\/p>\n<p>Die Unterzeichner weisen darauf hin, dass sich auch Tschechen auf den Weg gemacht haben <a href=\"http:\/\/www.zeit.de\/politik\/ausland\/2015-09\/fluechtlinge-ungarn-grenze-flucht-fs\" target=\"_blank\">nach R\u00f6szke an der ungarisch-serbischen Grenze<\/a>, nach Kroatien und Serbien \u2013 um zu helfen. &#8222;Ebenso viele von uns Tschechen schicken warme Kleidung, Decken, Essen und Geld. Und wir unterst\u00fctzen auch diejenigen, die in die Tschechische Republik kommen, mit Wohnraum und Arbeit.&#8220;<\/p>\n<p>In dem Brief wird die tschechische Regierung um Premierminister Bohuslav Sobotka und Innenminister Milan Chovanec kritisiert. &#8222;Wir sind besch\u00e4mt \u00fcber das Verhalten der tschechischen Beh\u00f6rden&#8220;, hei\u00dft es in dem Brief. Fl\u00fcchtlinge im Land w\u00fcrden nicht nach &#8222;internationalen Konventionen behandelt&#8220;. Politik und Beh\u00f6rden warteten nur ab, statt zu handeln. &#8222;Wir wissen nicht, worauf sie noch warten&#8220;, schreiben die Unterzeichner: &#8222;Liebe tschechische Regierung und Herr Pr\u00e4sident, h\u00f6ren Sie auf, Angst zu haben.&#8220;<\/p>\n<p>Mehr als 3.000 Tschechen, darunter der Gr\u00fcnen-Politiker Michal Berg und die \u00dcbersetzerin Tereza Semotamov\u00e1, haben den Brief unterzeichnet, der von Fl\u00fcchtlingshelfern aufgesetzt wurde. Sie verstehe, wenn Tschechien gerade als Land gesehen werde, das seine EU-Mitgliedschaft nicht sch\u00e4tze, <a href=\"http:\/\/www.ardmediathek.de\/radio\/Kompressor-Deutschlandradio-Kultur\/Liebes-Europa-tschechische-B%C3%BCrger-geg\/Deutschlandradio-Kultur\/Audio-Podcast?documentId=30708752&amp;bcastId=22051022\" target=\"_blank\">sagte Semotamov\u00e1 Deutschlandradio Kultur<\/a>. Aber: &#8222;Wir wollen nicht nur nehmen, wir wollen auch geben.&#8220;<\/p>\n<p>Ihre Solidarit\u00e4t mit den Fl\u00fcchtlingen k\u00f6nnen die Regierungen aller EU-Staaten beim Treffen der Regierungschefs am Mittwoch unter Beweis stellen.<\/p>\n<ul>\n<li><em>Informationen zur Fl\u00fcchtlingskrise in Europa <a href=\"http:\/\/www.zeit.de\/thema\/fluechtlinge-in-europa\" target=\"_blank\">finden Sie hier.<\/a><\/em><\/li>\n<li><em>Und <a href=\"https:\/\/blog.zeit.de\/teilchen\/\" target=\"_blank\">hier kommen Sie zu weiteren Teilchen<\/a>.<\/em><\/li>\n<\/ul>\n","protected":false},"excerpt":{"rendered":"<p>In der Fl\u00fcchtlingskrise ist Europa gespalten. Da sind einerseits Deutschland, Schweden und \u00d6sterreich \u2013 die L\u00e4nder, die viele Asylsuchende aufnehmen. Und dann gibt es [\u2026]<\/p>\n","protected":false},"author":556,"featured_media":8237,"comment_status":"open","ping_status":"closed","sticky":false,"template":"","format":"standard","meta":{"_jetpack_memberships_contains_paid_content":false,"footnotes":""},"categories":[29747],"tags":[],"class_list":["post-8232","post","type-post","status-publish","format-standard","has-post-thumbnail","hentry","category-geschichten"],"yoast_head":"<!-- This site is optimized with the Yoast SEO plugin v21.0 - https:\/\/yoast.com\/wordpress\/plugins\/seo\/ -->\n<title>Tschechen wehren sich gegen Image in der Fl\u00fcchtlingskrise<\/title>\n<meta name=\"description\" content=\"Die Tschechen haben einen offenen Brief ins Netz gestellt, mit dem sie etwas klarstellen wollen.\" \/>\n<meta name=\"robots\" content=\"index, follow, max-snippet:-1, max-image-preview:large, max-video-preview:-1\" \/>\n<link rel=\"canonical\" href=\"https:\/\/blog.zeit.de\/teilchen\/2015\/09\/22\/herr-prasident-horen-sie-auf-angst-zu-haben\/\" \/>\n<meta property=\"og:locale\" content=\"de_DE\" \/>\n<meta property=\"og:type\" content=\"article\" \/>\n<meta property=\"og:title\" content=\"Tschechen wehren sich gegen Image in der Fl\u00fcchtlingskrise\" \/>\n<meta property=\"og:description\" content=\"Die Tschechen haben einen offenen Brief ins Netz gestellt, mit dem sie etwas klarstellen wollen.\" \/>\n<meta property=\"og:url\" content=\"https:\/\/blog.zeit.de\/teilchen\/2015\/09\/22\/herr-prasident-horen-sie-auf-angst-zu-haben\/\" \/>\n<meta property=\"og:site_name\" content=\"Teilchen\" \/>\n<meta property=\"article:published_time\" content=\"2015-09-22T15:35:23+00:00\" \/>\n<meta property=\"article:modified_time\" content=\"2015-09-23T12:40:16+00:00\" \/>\n<meta property=\"og:image\" content=\"https:\/\/blog.zeit.de\/teilchen\/files\/2015\/09\/Tschechien.jpg\" \/>\n\t<meta property=\"og:image:width\" content=\"931\" \/>\n\t<meta property=\"og:image:height\" content=\"554\" \/>\n\t<meta property=\"og:image:type\" content=\"image\/jpeg\" \/>\n<meta name=\"author\" content=\"Tobias Dorfer\" \/>\n<meta name=\"twitter:card\" content=\"summary_large_image\" \/>\n<meta name=\"twitter:creator\" content=\"@tobiasdorfer\" \/>\n<meta name=\"twitter:site\" content=\"@zeitonline\" \/>\n<meta name=\"twitter:label1\" content=\"Geschrieben von\" \/>\n\t<meta name=\"twitter:data1\" content=\"Tobias Dorfer\" \/>\n\t<meta name=\"twitter:label2\" content=\"Gesch\u00e4tzte Lesezeit\" \/>\n\t<meta name=\"twitter:data2\" content=\"2\u00a0Minuten\" \/>\n<script type=\"application\/ld+json\" class=\"yoast-schema-graph\">{\"@context\":\"https:\/\/schema.org\",\"@graph\":[{\"@type\":\"WebPage\",\"@id\":\"https:\/\/blog.zeit.de\/teilchen\/2015\/09\/22\/herr-prasident-horen-sie-auf-angst-zu-haben\/\",\"url\":\"https:\/\/blog.zeit.de\/teilchen\/2015\/09\/22\/herr-prasident-horen-sie-auf-angst-zu-haben\/\",\"name\":\"Tschechen wehren sich gegen Image in der Fl\u00fcchtlingskrise\",\"isPartOf\":{\"@id\":\"https:\/\/blog.zeit.de\/teilchen\/#website\"},\"datePublished\":\"2015-09-22T15:35:23+00:00\",\"dateModified\":\"2015-09-23T12:40:16+00:00\",\"author\":{\"@id\":\"https:\/\/blog.zeit.de\/teilchen\/#\/schema\/person\/e90ba849254185115fd919d4fad07dc0\"},\"description\":\"Die Tschechen haben einen offenen Brief ins Netz gestellt, mit dem sie etwas klarstellen wollen.\",\"breadcrumb\":{\"@id\":\"https:\/\/blog.zeit.de\/teilchen\/2015\/09\/22\/herr-prasident-horen-sie-auf-angst-zu-haben\/#breadcrumb\"},\"inLanguage\":\"de\",\"potentialAction\":[{\"@type\":\"ReadAction\",\"target\":[\"https:\/\/blog.zeit.de\/teilchen\/2015\/09\/22\/herr-prasident-horen-sie-auf-angst-zu-haben\/\"]}]},{\"@type\":\"BreadcrumbList\",\"@id\":\"https:\/\/blog.zeit.de\/teilchen\/2015\/09\/22\/herr-prasident-horen-sie-auf-angst-zu-haben\/#breadcrumb\",\"itemListElement\":[{\"@type\":\"ListItem\",\"position\":1,\"name\":\"Startseite\",\"item\":\"https:\/\/blog.zeit.de\/teilchen\/\"},{\"@type\":\"ListItem\",\"position\":2,\"name\":\"&#8222;Herr Pr\u00e4sident, h\u00f6ren Sie auf, Angst zu haben!&#8220;\"}]},{\"@type\":\"WebSite\",\"@id\":\"https:\/\/blog.zeit.de\/teilchen\/#website\",\"url\":\"https:\/\/blog.zeit.de\/teilchen\/\",\"name\":\"Teilchen\",\"description\":\"Im Netz verstecken sich kleine Sch\u00e4tze - ZEIT ONLINE findet sie.\",\"potentialAction\":[{\"@type\":\"SearchAction\",\"target\":{\"@type\":\"EntryPoint\",\"urlTemplate\":\"https:\/\/blog.zeit.de\/teilchen\/?s={search_term_string}\"},\"query-input\":\"required name=search_term_string\"}],\"inLanguage\":\"de\"},{\"@type\":\"Person\",\"@id\":\"https:\/\/blog.zeit.de\/teilchen\/#\/schema\/person\/e90ba849254185115fd919d4fad07dc0\",\"name\":\"Tobias Dorfer\",\"image\":{\"@type\":\"ImageObject\",\"inLanguage\":\"de\",\"@id\":\"https:\/\/blog.zeit.de\/teilchen\/#\/schema\/person\/image\/\",\"url\":\"https:\/\/secure.gravatar.com\/avatar\/0021e1a3fe9f799912804bcca6f1bcbbe58ee3bf29c8f714a0f453695a888d0a?s=96&d=mm&r=g\",\"contentUrl\":\"https:\/\/secure.gravatar.com\/avatar\/0021e1a3fe9f799912804bcca6f1bcbbe58ee3bf29c8f714a0f453695a888d0a?s=96&d=mm&r=g\",\"caption\":\"Tobias Dorfer\"},\"description\":\"Teamleiter Social Media bei ZEIT ONLINE. Zuvor sieben Jahre bei S\u00fcddeutsche.de, als Redakteur im Wirtschafts- und Regional-Ressort sowie Editorial SEO. Ausbildung an der Deutschen Journalistenschule in M\u00fcnchen mit Hospitanzen bei S\u00fcddeutsche Zeitung, SPIEGEL und SPIEGEL Online.\",\"sameAs\":[\"https:\/\/twitter.com\/tobiasdorfer\"],\"url\":\"https:\/\/blog.zeit.de\/teilchen\/author\/tdorfer\/\"}]}<\/script>\n<!-- \/ Yoast SEO plugin. -->","yoast_head_json":{"title":"Tschechen wehren sich gegen Image in der Fl\u00fcchtlingskrise","description":"Die Tschechen haben einen offenen Brief ins Netz gestellt, mit dem sie etwas klarstellen wollen.","robots":{"index":"index","follow":"follow","max-snippet":"max-snippet:-1","max-image-preview":"max-image-preview:large","max-video-preview":"max-video-preview:-1"},"canonical":"https:\/\/blog.zeit.de\/teilchen\/2015\/09\/22\/herr-prasident-horen-sie-auf-angst-zu-haben\/","og_locale":"de_DE","og_type":"article","og_title":"Tschechen wehren sich gegen Image in der Fl\u00fcchtlingskrise","og_description":"Die Tschechen haben einen offenen Brief ins Netz gestellt, mit dem sie etwas klarstellen wollen.","og_url":"https:\/\/blog.zeit.de\/teilchen\/2015\/09\/22\/herr-prasident-horen-sie-auf-angst-zu-haben\/","og_site_name":"Teilchen","article_published_time":"2015-09-22T15:35:23+00:00","article_modified_time":"2015-09-23T12:40:16+00:00","og_image":[{"width":931,"height":554,"url":"https:\/\/blog.zeit.de\/teilchen\/files\/2015\/09\/Tschechien.jpg","type":"image\/jpeg"}],"author":"Tobias Dorfer","twitter_card":"summary_large_image","twitter_creator":"@tobiasdorfer","twitter_site":"@zeitonline","twitter_misc":{"Geschrieben von":"Tobias Dorfer","Gesch\u00e4tzte Lesezeit":"2\u00a0Minuten"},"schema":{"@context":"https:\/\/schema.org","@graph":[{"@type":"WebPage","@id":"https:\/\/blog.zeit.de\/teilchen\/2015\/09\/22\/herr-prasident-horen-sie-auf-angst-zu-haben\/","url":"https:\/\/blog.zeit.de\/teilchen\/2015\/09\/22\/herr-prasident-horen-sie-auf-angst-zu-haben\/","name":"Tschechen wehren sich gegen Image in der Fl\u00fcchtlingskrise","isPartOf":{"@id":"https:\/\/blog.zeit.de\/teilchen\/#website"},"datePublished":"2015-09-22T15:35:23+00:00","dateModified":"2015-09-23T12:40:16+00:00","author":{"@id":"https:\/\/blog.zeit.de\/teilchen\/#\/schema\/person\/e90ba849254185115fd919d4fad07dc0"},"description":"Die Tschechen haben einen offenen Brief ins Netz gestellt, mit dem sie etwas klarstellen wollen.","breadcrumb":{"@id":"https:\/\/blog.zeit.de\/teilchen\/2015\/09\/22\/herr-prasident-horen-sie-auf-angst-zu-haben\/#breadcrumb"},"inLanguage":"de","potentialAction":[{"@type":"ReadAction","target":["https:\/\/blog.zeit.de\/teilchen\/2015\/09\/22\/herr-prasident-horen-sie-auf-angst-zu-haben\/"]}]},{"@type":"BreadcrumbList","@id":"https:\/\/blog.zeit.de\/teilchen\/2015\/09\/22\/herr-prasident-horen-sie-auf-angst-zu-haben\/#breadcrumb","itemListElement":[{"@type":"ListItem","position":1,"name":"Startseite","item":"https:\/\/blog.zeit.de\/teilchen\/"},{"@type":"ListItem","position":2,"name":"&#8222;Herr Pr\u00e4sident, h\u00f6ren Sie auf, Angst zu haben!&#8220;"}]},{"@type":"WebSite","@id":"https:\/\/blog.zeit.de\/teilchen\/#website","url":"https:\/\/blog.zeit.de\/teilchen\/","name":"Teilchen","description":"Im Netz verstecken sich kleine Sch\u00e4tze - ZEIT ONLINE findet sie.","potentialAction":[{"@type":"SearchAction","target":{"@type":"EntryPoint","urlTemplate":"https:\/\/blog.zeit.de\/teilchen\/?s={search_term_string}"},"query-input":"required name=search_term_string"}],"inLanguage":"de"},{"@type":"Person","@id":"https:\/\/blog.zeit.de\/teilchen\/#\/schema\/person\/e90ba849254185115fd919d4fad07dc0","name":"Tobias Dorfer","image":{"@type":"ImageObject","inLanguage":"de","@id":"https:\/\/blog.zeit.de\/teilchen\/#\/schema\/person\/image\/","url":"https:\/\/secure.gravatar.com\/avatar\/0021e1a3fe9f799912804bcca6f1bcbbe58ee3bf29c8f714a0f453695a888d0a?s=96&d=mm&r=g","contentUrl":"https:\/\/secure.gravatar.com\/avatar\/0021e1a3fe9f799912804bcca6f1bcbbe58ee3bf29c8f714a0f453695a888d0a?s=96&d=mm&r=g","caption":"Tobias Dorfer"},"description":"Teamleiter Social Media bei ZEIT ONLINE. Zuvor sieben Jahre bei S\u00fcddeutsche.de, als Redakteur im Wirtschafts- und Regional-Ressort sowie Editorial SEO. Ausbildung an der Deutschen Journalistenschule in M\u00fcnchen mit Hospitanzen bei S\u00fcddeutsche Zeitung, SPIEGEL und SPIEGEL Online.","sameAs":["https:\/\/twitter.com\/tobiasdorfer"],"url":"https:\/\/blog.zeit.de\/teilchen\/author\/tdorfer\/"}]}},"jetpack_featured_media_url":"https:\/\/blog.zeit.de\/teilchen\/files\/2015\/09\/Tschechien.jpg","jetpack_sharing_enabled":true,"_links":{"self":[{"href":"https:\/\/blog.zeit.de\/teilchen\/wp-json\/wp\/v2\/posts\/8232","targetHints":{"allow":["GET"]}}],"collection":[{"href":"https:\/\/blog.zeit.de\/teilchen\/wp-json\/wp\/v2\/posts"}],"about":[{"href":"https:\/\/blog.zeit.de\/teilchen\/wp-json\/wp\/v2\/types\/post"}],"author":[{"embeddable":true,"href":"https:\/\/blog.zeit.de\/teilchen\/wp-json\/wp\/v2\/users\/556"}],"replies":[{"embeddable":true,"href":"https:\/\/blog.zeit.de\/teilchen\/wp-json\/wp\/v2\/comments?post=8232"}],"version-history":[{"count":13,"href":"https:\/\/blog.zeit.de\/teilchen\/wp-json\/wp\/v2\/posts\/8232\/revisions"}],"predecessor-version":[{"id":8250,"href":"https:\/\/blog.zeit.de\/teilchen\/wp-json\/wp\/v2\/posts\/8232\/revisions\/8250"}],"wp:featuredmedia":[{"embeddable":true,"href":"https:\/\/blog.zeit.de\/teilchen\/wp-json\/wp\/v2\/media\/8237"}],"wp:attachment":[{"href":"https:\/\/blog.zeit.de\/teilchen\/wp-json\/wp\/v2\/media?parent=8232"}],"wp:term":[{"taxonomy":"category","embeddable":true,"href":"https:\/\/blog.zeit.de\/teilchen\/wp-json\/wp\/v2\/categories?post=8232"},{"taxonomy":"post_tag","embeddable":true,"href":"https:\/\/blog.zeit.de\/teilchen\/wp-json\/wp\/v2\/tags?post=8232"}],"curies":[{"name":"wp","href":"https:\/\/api.w.org\/{rel}","templated":true}]}}