{"id":8266,"date":"2015-09-24T15:18:41","date_gmt":"2015-09-24T13:18:41","guid":{"rendered":"http:\/\/blog.zeit.de\/teilchen\/?p=8266"},"modified":"2015-09-24T15:18:41","modified_gmt":"2015-09-24T13:18:41","slug":"die-fluechtlingskrise-in-sechs-minuten","status":"publish","type":"post","link":"https:\/\/blog.zeit.de\/teilchen\/2015\/09\/24\/die-fluechtlingskrise-in-sechs-minuten\/","title":{"rendered":"Die Fl\u00fcchtlingskrise in sechs Minuten"},"content":{"rendered":"<p>https:\/\/www.youtube.com\/watch?v=RvOnXh3NN9w<\/p>\n<p>\u00dcber die Fl\u00fcchtlingskrise war in den vergangenen Wochen so viel zu lesen, dass auch ge\u00fcbte Beobachter mitunter den \u00dcberblick verlieren. Zeit, durchzuatmen \u2013 und sich f\u00fcr ein paar Minuten den gro\u00dfen Zusammenh\u00e4ngen zu widmen. Daf\u00fcr empfehlen wir Ihnen dieses Video der Macher von In a Nutshell: Die Animation zeigt kompakt und gut verst\u00e4ndlich die Ausl\u00f6ser der V\u00f6lkerwanderung gen Europa \u2013 und einige Fakten, die uns zu denken geben sollten.<\/p>\n<p><!--more-->Das sechsmin\u00fctige Video verdeutlicht (\u00fcbrigens mit deutschen Untertiteln), wie es zum B\u00fcrgerkrieg in Syrien kam \u2013 und wie die Terroristen des &#8222;Islamischen Staats&#8220; sich das Machtvakuum in dem Land zunutze machten. Die Kreateure der Animation werfen zudem Fragen auf: Warum finden in der T\u00fcrkei 1,9 Millionen Syrer Zuflucht, im Libanon 1,2 Millionen, in Jordanien 650.000 \u2013 <a href=\"http:\/\/www.zeit.de\/politik\/ausland\/2015-09\/golf-staaten-fluechtlinge-saudi-arabien\" target=\"_blank\">w\u00e4hrend die reichen Golfstaaten wie Kuwait, Saudi-Arabien, Katar und Bahrain keinen einzigen Fl\u00fcchtling aufnehmen<\/a>? Weshalb wurden die Nachbarl\u00e4nder Syriens nicht mehr unterst\u00fctzt? Und warum hat die EU zwischen 2007 und 2014 zwei Milliarden Euro in Grenzz\u00e4une investiert \u2013 aber die <a href=\"http:\/\/www.zeit.de\/politik\/ausland\/2015-04\/mittelmeer-fluechtlinge-mare-nostrum-deutsche-debatte\" target=\"_blank\">Hilfsmission Mare Nostrum aus Kostengr\u00fcnden eingestellt<\/a>?<\/p>\n<p>Nicht zuletzt stellt das Video auch den Menschen Fakten entgegen, <a href=\"http:\/\/www.zeit.de\/kultur\/2015-07\/asylkritiker-fluechtlinge-kommentar\" target=\"_blank\">die als <em>&#8222;<\/em>besorgte B\u00fcrger&#8220; in Europa eine angebliche Islamisierung des Abendlandes bek\u00e4mpfen<\/a>. Selbst wenn die EU vier Millionen syrische Fl\u00fcchtlinge aufn\u00e4hme und alle davon Muslime w\u00e4ren (was sie nicht sind), w\u00fcrde sich der Anteil der Muslime lediglich von vier auf f\u00fcnf Prozent erh\u00f6hen. Wer sich tiefer in diese Fakten einlesen m\u00f6chte, findet <a href=\"https:\/\/www.youtube.com\/watch?v=RvOnXh3NN9w\" target=\"_blank\">auf der YouTube-Seite Quellen mit weiterf\u00fchrenden Informationen<\/a>.<\/p>\n<p>Das Fazit der Macher von In a Nutshell: Die westliche Welt kann die Fl\u00fcchtlingskrise bew\u00e4ltigen \u2013 wenn sie es will. Ob das tats\u00e4chlich der Fall ist, dar\u00fcber haben die europ\u00e4ischen Regierungschefs in den vergangenen Tagen kontrovers debattiert. Und sich, wie es scheint, <a href=\"http:\/\/www.zeit.de\/politik\/deutschland\/2015-09\/eu-fluechtlinge-gipfel-bruessel\" target=\"_blank\">zumindest auf eine Art von Plan geeinigt<\/a>.<\/p>\n<ul>\n<li><em>Einen <a href=\"http:\/\/www.zeit.de\/gesellschaft\/fluechtlinge-in-deutschland\" target=\"_blank\">\u00dcberblick \u00fcber die Fl\u00fcchtlingskrise in Deutschland erhalten Sie in unserem Live-Dossier.<\/a><\/em><\/li>\n<li><em>Weitere <a href=\"https:\/\/blog.zeit.de\/teilchen\/\" target=\"_blank\">Teilchen finden Sie hier<\/a>.<\/em><\/li>\n<\/ul>\n","protected":false},"excerpt":{"rendered":"<p>https:\/\/www.youtube.com\/watch?v=RvOnXh3NN9w \u00dcber die Fl\u00fcchtlingskrise war in den vergangenen Wochen so viel zu lesen, dass auch ge\u00fcbte Beobachter mitunter den \u00dcberblick verlieren. Zeit, durchzuatmen \u2013 [\u2026]<\/p>\n","protected":false},"author":556,"featured_media":8276,"comment_status":"open","ping_status":"closed","sticky":false,"template":"","format":"standard","meta":{"_jetpack_memberships_contains_paid_content":false,"footnotes":""},"categories":[28],"tags":[],"class_list":["post-8266","post","type-post","status-publish","format-standard","has-post-thumbnail","hentry","category-video"],"yoast_head":"<!-- This site is optimized with the Yoast SEO plugin v21.0 - https:\/\/yoast.com\/wordpress\/plugins\/seo\/ -->\n<title>Die Fl\u00fcchtlingskrise in sechs Minuten<\/title>\n<meta name=\"description\" content=\"\u00dcber die Fl\u00fcchtlingskrise war so viel zu lesen, dass man mitunter den \u00dcberblick verliert. Zeit, sich den gro\u00dfen Zusammenh\u00e4ngen zu widmen.\" \/>\n<meta name=\"robots\" content=\"index, follow, max-snippet:-1, max-image-preview:large, max-video-preview:-1\" \/>\n<link rel=\"canonical\" href=\"https:\/\/blog.zeit.de\/teilchen\/2015\/09\/24\/die-fluechtlingskrise-in-sechs-minuten\/\" \/>\n<meta property=\"og:locale\" content=\"de_DE\" \/>\n<meta property=\"og:type\" content=\"article\" \/>\n<meta property=\"og:title\" content=\"Die Fl\u00fcchtlingskrise in sechs Minuten\" \/>\n<meta property=\"og:description\" content=\"\u00dcber die Fl\u00fcchtlingskrise war so viel zu lesen, dass man mitunter den \u00dcberblick verliert. Zeit, sich den gro\u00dfen Zusammenh\u00e4ngen zu widmen.\" \/>\n<meta property=\"og:url\" content=\"https:\/\/blog.zeit.de\/teilchen\/2015\/09\/24\/die-fluechtlingskrise-in-sechs-minuten\/\" \/>\n<meta property=\"og:site_name\" content=\"Teilchen\" \/>\n<meta property=\"article:published_time\" content=\"2015-09-24T13:18:41+00:00\" \/>\n<meta property=\"og:image\" content=\"https:\/\/blog.zeit.de\/teilchen\/files\/2015\/09\/Bildschirmfoto-2015-09-24-um-13.47.00.png\" \/>\n\t<meta property=\"og:image:width\" content=\"1266\" \/>\n\t<meta property=\"og:image:height\" content=\"704\" \/>\n\t<meta property=\"og:image:type\" content=\"image\/png\" \/>\n<meta name=\"author\" content=\"Tobias Dorfer\" \/>\n<meta name=\"twitter:card\" content=\"summary_large_image\" \/>\n<meta name=\"twitter:creator\" content=\"@tobiasdorfer\" \/>\n<meta name=\"twitter:site\" content=\"@zeitonline\" \/>\n<meta name=\"twitter:label1\" content=\"Geschrieben von\" \/>\n\t<meta name=\"twitter:data1\" content=\"Tobias Dorfer\" \/>\n\t<meta name=\"twitter:label2\" content=\"Gesch\u00e4tzte Lesezeit\" \/>\n\t<meta name=\"twitter:data2\" content=\"2\u00a0Minuten\" \/>\n<script type=\"application\/ld+json\" class=\"yoast-schema-graph\">{\"@context\":\"https:\/\/schema.org\",\"@graph\":[{\"@type\":\"WebPage\",\"@id\":\"https:\/\/blog.zeit.de\/teilchen\/2015\/09\/24\/die-fluechtlingskrise-in-sechs-minuten\/\",\"url\":\"https:\/\/blog.zeit.de\/teilchen\/2015\/09\/24\/die-fluechtlingskrise-in-sechs-minuten\/\",\"name\":\"Die Fl\u00fcchtlingskrise in sechs Minuten\",\"isPartOf\":{\"@id\":\"https:\/\/blog.zeit.de\/teilchen\/#website\"},\"datePublished\":\"2015-09-24T13:18:41+00:00\",\"dateModified\":\"2015-09-24T13:18:41+00:00\",\"author\":{\"@id\":\"https:\/\/blog.zeit.de\/teilchen\/#\/schema\/person\/e90ba849254185115fd919d4fad07dc0\"},\"description\":\"\u00dcber die Fl\u00fcchtlingskrise war so viel zu lesen, dass man mitunter den \u00dcberblick verliert. Zeit, sich den gro\u00dfen Zusammenh\u00e4ngen zu widmen.\",\"breadcrumb\":{\"@id\":\"https:\/\/blog.zeit.de\/teilchen\/2015\/09\/24\/die-fluechtlingskrise-in-sechs-minuten\/#breadcrumb\"},\"inLanguage\":\"de\",\"potentialAction\":[{\"@type\":\"ReadAction\",\"target\":[\"https:\/\/blog.zeit.de\/teilchen\/2015\/09\/24\/die-fluechtlingskrise-in-sechs-minuten\/\"]}]},{\"@type\":\"BreadcrumbList\",\"@id\":\"https:\/\/blog.zeit.de\/teilchen\/2015\/09\/24\/die-fluechtlingskrise-in-sechs-minuten\/#breadcrumb\",\"itemListElement\":[{\"@type\":\"ListItem\",\"position\":1,\"name\":\"Startseite\",\"item\":\"https:\/\/blog.zeit.de\/teilchen\/\"},{\"@type\":\"ListItem\",\"position\":2,\"name\":\"Die Fl\u00fcchtlingskrise in sechs Minuten\"}]},{\"@type\":\"WebSite\",\"@id\":\"https:\/\/blog.zeit.de\/teilchen\/#website\",\"url\":\"https:\/\/blog.zeit.de\/teilchen\/\",\"name\":\"Teilchen\",\"description\":\"Im Netz verstecken sich kleine Sch\u00e4tze - ZEIT ONLINE findet sie.\",\"potentialAction\":[{\"@type\":\"SearchAction\",\"target\":{\"@type\":\"EntryPoint\",\"urlTemplate\":\"https:\/\/blog.zeit.de\/teilchen\/?s={search_term_string}\"},\"query-input\":\"required name=search_term_string\"}],\"inLanguage\":\"de\"},{\"@type\":\"Person\",\"@id\":\"https:\/\/blog.zeit.de\/teilchen\/#\/schema\/person\/e90ba849254185115fd919d4fad07dc0\",\"name\":\"Tobias Dorfer\",\"image\":{\"@type\":\"ImageObject\",\"inLanguage\":\"de\",\"@id\":\"https:\/\/blog.zeit.de\/teilchen\/#\/schema\/person\/image\/\",\"url\":\"https:\/\/secure.gravatar.com\/avatar\/0021e1a3fe9f799912804bcca6f1bcbbe58ee3bf29c8f714a0f453695a888d0a?s=96&d=mm&r=g\",\"contentUrl\":\"https:\/\/secure.gravatar.com\/avatar\/0021e1a3fe9f799912804bcca6f1bcbbe58ee3bf29c8f714a0f453695a888d0a?s=96&d=mm&r=g\",\"caption\":\"Tobias Dorfer\"},\"description\":\"Teamleiter Social Media bei ZEIT ONLINE. Zuvor sieben Jahre bei S\u00fcddeutsche.de, als Redakteur im Wirtschafts- und Regional-Ressort sowie Editorial SEO. Ausbildung an der Deutschen Journalistenschule in M\u00fcnchen mit Hospitanzen bei S\u00fcddeutsche Zeitung, SPIEGEL und SPIEGEL Online.\",\"sameAs\":[\"https:\/\/twitter.com\/tobiasdorfer\"],\"url\":\"https:\/\/blog.zeit.de\/teilchen\/author\/tdorfer\/\"}]}<\/script>\n<!-- \/ Yoast SEO plugin. -->","yoast_head_json":{"title":"Die Fl\u00fcchtlingskrise in sechs Minuten","description":"\u00dcber die Fl\u00fcchtlingskrise war so viel zu lesen, dass man mitunter den \u00dcberblick verliert. Zeit, sich den gro\u00dfen Zusammenh\u00e4ngen zu widmen.","robots":{"index":"index","follow":"follow","max-snippet":"max-snippet:-1","max-image-preview":"max-image-preview:large","max-video-preview":"max-video-preview:-1"},"canonical":"https:\/\/blog.zeit.de\/teilchen\/2015\/09\/24\/die-fluechtlingskrise-in-sechs-minuten\/","og_locale":"de_DE","og_type":"article","og_title":"Die Fl\u00fcchtlingskrise in sechs Minuten","og_description":"\u00dcber die Fl\u00fcchtlingskrise war so viel zu lesen, dass man mitunter den \u00dcberblick verliert. Zeit, sich den gro\u00dfen Zusammenh\u00e4ngen zu widmen.","og_url":"https:\/\/blog.zeit.de\/teilchen\/2015\/09\/24\/die-fluechtlingskrise-in-sechs-minuten\/","og_site_name":"Teilchen","article_published_time":"2015-09-24T13:18:41+00:00","og_image":[{"width":1266,"height":704,"url":"https:\/\/blog.zeit.de\/teilchen\/files\/2015\/09\/Bildschirmfoto-2015-09-24-um-13.47.00.png","type":"image\/png"}],"author":"Tobias Dorfer","twitter_card":"summary_large_image","twitter_creator":"@tobiasdorfer","twitter_site":"@zeitonline","twitter_misc":{"Geschrieben von":"Tobias Dorfer","Gesch\u00e4tzte Lesezeit":"2\u00a0Minuten"},"schema":{"@context":"https:\/\/schema.org","@graph":[{"@type":"WebPage","@id":"https:\/\/blog.zeit.de\/teilchen\/2015\/09\/24\/die-fluechtlingskrise-in-sechs-minuten\/","url":"https:\/\/blog.zeit.de\/teilchen\/2015\/09\/24\/die-fluechtlingskrise-in-sechs-minuten\/","name":"Die Fl\u00fcchtlingskrise in sechs Minuten","isPartOf":{"@id":"https:\/\/blog.zeit.de\/teilchen\/#website"},"datePublished":"2015-09-24T13:18:41+00:00","dateModified":"2015-09-24T13:18:41+00:00","author":{"@id":"https:\/\/blog.zeit.de\/teilchen\/#\/schema\/person\/e90ba849254185115fd919d4fad07dc0"},"description":"\u00dcber die Fl\u00fcchtlingskrise war so viel zu lesen, dass man mitunter den \u00dcberblick verliert. Zeit, sich den gro\u00dfen Zusammenh\u00e4ngen zu widmen.","breadcrumb":{"@id":"https:\/\/blog.zeit.de\/teilchen\/2015\/09\/24\/die-fluechtlingskrise-in-sechs-minuten\/#breadcrumb"},"inLanguage":"de","potentialAction":[{"@type":"ReadAction","target":["https:\/\/blog.zeit.de\/teilchen\/2015\/09\/24\/die-fluechtlingskrise-in-sechs-minuten\/"]}]},{"@type":"BreadcrumbList","@id":"https:\/\/blog.zeit.de\/teilchen\/2015\/09\/24\/die-fluechtlingskrise-in-sechs-minuten\/#breadcrumb","itemListElement":[{"@type":"ListItem","position":1,"name":"Startseite","item":"https:\/\/blog.zeit.de\/teilchen\/"},{"@type":"ListItem","position":2,"name":"Die Fl\u00fcchtlingskrise in sechs Minuten"}]},{"@type":"WebSite","@id":"https:\/\/blog.zeit.de\/teilchen\/#website","url":"https:\/\/blog.zeit.de\/teilchen\/","name":"Teilchen","description":"Im Netz verstecken sich kleine Sch\u00e4tze - ZEIT ONLINE findet sie.","potentialAction":[{"@type":"SearchAction","target":{"@type":"EntryPoint","urlTemplate":"https:\/\/blog.zeit.de\/teilchen\/?s={search_term_string}"},"query-input":"required name=search_term_string"}],"inLanguage":"de"},{"@type":"Person","@id":"https:\/\/blog.zeit.de\/teilchen\/#\/schema\/person\/e90ba849254185115fd919d4fad07dc0","name":"Tobias Dorfer","image":{"@type":"ImageObject","inLanguage":"de","@id":"https:\/\/blog.zeit.de\/teilchen\/#\/schema\/person\/image\/","url":"https:\/\/secure.gravatar.com\/avatar\/0021e1a3fe9f799912804bcca6f1bcbbe58ee3bf29c8f714a0f453695a888d0a?s=96&d=mm&r=g","contentUrl":"https:\/\/secure.gravatar.com\/avatar\/0021e1a3fe9f799912804bcca6f1bcbbe58ee3bf29c8f714a0f453695a888d0a?s=96&d=mm&r=g","caption":"Tobias Dorfer"},"description":"Teamleiter Social Media bei ZEIT ONLINE. Zuvor sieben Jahre bei S\u00fcddeutsche.de, als Redakteur im Wirtschafts- und Regional-Ressort sowie Editorial SEO. Ausbildung an der Deutschen Journalistenschule in M\u00fcnchen mit Hospitanzen bei S\u00fcddeutsche Zeitung, SPIEGEL und SPIEGEL Online.","sameAs":["https:\/\/twitter.com\/tobiasdorfer"],"url":"https:\/\/blog.zeit.de\/teilchen\/author\/tdorfer\/"}]}},"jetpack_featured_media_url":"https:\/\/blog.zeit.de\/teilchen\/files\/2015\/09\/Bildschirmfoto-2015-09-24-um-13.47.00.png","jetpack_sharing_enabled":true,"_links":{"self":[{"href":"https:\/\/blog.zeit.de\/teilchen\/wp-json\/wp\/v2\/posts\/8266","targetHints":{"allow":["GET"]}}],"collection":[{"href":"https:\/\/blog.zeit.de\/teilchen\/wp-json\/wp\/v2\/posts"}],"about":[{"href":"https:\/\/blog.zeit.de\/teilchen\/wp-json\/wp\/v2\/types\/post"}],"author":[{"embeddable":true,"href":"https:\/\/blog.zeit.de\/teilchen\/wp-json\/wp\/v2\/users\/556"}],"replies":[{"embeddable":true,"href":"https:\/\/blog.zeit.de\/teilchen\/wp-json\/wp\/v2\/comments?post=8266"}],"version-history":[{"count":8,"href":"https:\/\/blog.zeit.de\/teilchen\/wp-json\/wp\/v2\/posts\/8266\/revisions"}],"predecessor-version":[{"id":8277,"href":"https:\/\/blog.zeit.de\/teilchen\/wp-json\/wp\/v2\/posts\/8266\/revisions\/8277"}],"wp:featuredmedia":[{"embeddable":true,"href":"https:\/\/blog.zeit.de\/teilchen\/wp-json\/wp\/v2\/media\/8276"}],"wp:attachment":[{"href":"https:\/\/blog.zeit.de\/teilchen\/wp-json\/wp\/v2\/media?parent=8266"}],"wp:term":[{"taxonomy":"category","embeddable":true,"href":"https:\/\/blog.zeit.de\/teilchen\/wp-json\/wp\/v2\/categories?post=8266"},{"taxonomy":"post_tag","embeddable":true,"href":"https:\/\/blog.zeit.de\/teilchen\/wp-json\/wp\/v2\/tags?post=8266"}],"curies":[{"name":"wp","href":"https:\/\/api.w.org\/{rel}","templated":true}]}}