{"id":8445,"date":"2015-10-06T11:58:05","date_gmt":"2015-10-06T09:58:05","guid":{"rendered":"http:\/\/blog.zeit.de\/teilchen\/?p=8445"},"modified":"2015-10-06T11:58:05","modified_gmt":"2015-10-06T09:58:05","slug":"das-dilemma-der-systemrelevanz-in-acht-bildern","status":"publish","type":"post","link":"https:\/\/blog.zeit.de\/teilchen\/2015\/10\/06\/das-dilemma-der-systemrelevanz-in-acht-bildern\/","title":{"rendered":"Das Dilemma der Systemrelevanz in acht Bildern"},"content":{"rendered":"<p><figure id=\"attachment_8447\" aria-describedby=\"caption-attachment-8447\" style=\"width: 620px\" class=\"wp-caption alignnone\"><img loading=\"lazy\" decoding=\"async\" class=\"wp-image-8447 size-medium\" src=\"https:\/\/blog.zeit.de\/teilchen\/files\/2015\/10\/Bildschirmfoto-2015-10-05-um-14.36.25-620x621.png\" alt=\"Das Dilemma der Systemrelevanz in acht Bildern\" width=\"620\" height=\"621\" srcset=\"https:\/\/blog.zeit.de\/teilchen\/files\/2015\/10\/Bildschirmfoto-2015-10-05-um-14.36.25-620x621.png 620w, https:\/\/blog.zeit.de\/teilchen\/files\/2015\/10\/Bildschirmfoto-2015-10-05-um-14.36.25-220x220.png 220w, https:\/\/blog.zeit.de\/teilchen\/files\/2015\/10\/Bildschirmfoto-2015-10-05-um-14.36.25.png 735w\" sizes=\"auto, (max-width: 620px) 100vw, 620px\" \/><figcaption id=\"caption-attachment-8447\" class=\"wp-caption-text\">Screenshot: smbc-comics.com<\/figcaption><\/figure><\/p>\n<p>Banken und Versicherungen werden gern als <a href=\"http:\/\/lexicon.ft.com\/Term?term=too-big-to-fail\" target=\"_blank\">&#8222;too big to fail&#8220;<\/a> beschrieben. Sprich: Der Staat wird sie schon st\u00fctzen, wenn solch ein Riese ernsthaft ins Wanken geraten sollte. Besonders deutlich wurde das etwa <a href=\"http:\/\/www.investopedia.com\/articles\/economics\/09\/american-investment-group-aig-bailout.asp\" target=\"_blank\">2008 am Beispiel von AIG<\/a>. Der <a href=\"http:\/\/www.zeit.de\/2009\/08\/AIG\" target=\"_blank\">Versicherungskonzern trieb die USA tief in die Finanzkrise.<\/a> Aber warum kompliziert, wenn es auch einfach geht: <a href=\"http:\/\/smbc-comics.com\/index.php?id=3794\" target=\"_blank\">Cartoonist Zach Weinersmith von <em>Saturday Morning Breakfast Cereal<\/em> ben\u00f6tigt genau acht einfache Bilder<\/a>, um das Dilemma der Systemrelevanz zu verdeutlichen.<!--more--><\/p>\n<p>Es war einmal ein Dorf und ein Turm, so beginnt Weinersmith seine Illustration. Der Turm sei so sch\u00f6n, da entschieden die Menschen, ihn gr\u00f6\u00dfer und gr\u00f6\u00dfer und gr\u00f6\u00dfer zu bauen. Dann gab es einen Sturm. Ob der Turm fiel und was die Menschen daraus lernten, <a href=\"http:\/\/smbc-comics.com\/index.php?id=3794\" target=\"_blank\">erfahren Sie hier<\/a>.<\/p>\n<p><em>Folgen Sie <a href=\"https:\/\/blog.zeit.de\/teilchen\/\" target=\"_blank\">diesem Pfad zu weiteren Teilchen<\/a>.<\/em><\/p>\n","protected":false},"excerpt":{"rendered":"<p>Banken und Versicherungen werden gern als &#8222;too big to fail&#8220; beschrieben. Sprich: Der Staat wird sie schon st\u00fctzen, wenn solch ein Riese ernsthaft ins [\u2026]<\/p>\n","protected":false},"author":528,"featured_media":8447,"comment_status":"open","ping_status":"closed","sticky":false,"template":"","format":"standard","meta":{"_jetpack_memberships_contains_paid_content":false,"footnotes":""},"categories":[14172],"tags":[],"class_list":["post-8445","post","type-post","status-publish","format-standard","has-post-thumbnail","hentry","category-bilder"],"yoast_head":"<!-- This site is optimized with the Yoast SEO plugin v21.0 - https:\/\/yoast.com\/wordpress\/plugins\/seo\/ -->\n<title>Das Dilemma der Systemrelevanz in acht Bildern<\/title>\n<meta name=\"description\" content=\"Warum kompliziert, wenn es auch einfach geht: Dieser Cartoonist ben\u00f6tigt nur acht einfache Bilder, um das Dilemma der Systemrelevanz zu verdeutlichen.\" \/>\n<meta name=\"robots\" content=\"index, follow, max-snippet:-1, max-image-preview:large, max-video-preview:-1\" \/>\n<link rel=\"canonical\" href=\"https:\/\/blog.zeit.de\/teilchen\/2015\/10\/06\/das-dilemma-der-systemrelevanz-in-acht-bildern\/\" \/>\n<meta property=\"og:locale\" content=\"de_DE\" \/>\n<meta property=\"og:type\" content=\"article\" \/>\n<meta property=\"og:title\" content=\"Das Dilemma der Systemrelevanz in acht Bildern\" \/>\n<meta property=\"og:description\" content=\"Warum kompliziert, wenn es auch einfach geht: Dieser Cartoonist ben\u00f6tigt nur acht einfache Bilder, um das Dilemma der Systemrelevanz zu verdeutlichen.\" \/>\n<meta property=\"og:url\" content=\"https:\/\/blog.zeit.de\/teilchen\/2015\/10\/06\/das-dilemma-der-systemrelevanz-in-acht-bildern\/\" \/>\n<meta property=\"og:site_name\" content=\"Teilchen\" \/>\n<meta property=\"article:published_time\" content=\"2015-10-06T09:58:05+00:00\" \/>\n<meta property=\"og:image\" content=\"https:\/\/blog.zeit.de\/teilchen\/files\/2015\/10\/Bildschirmfoto-2015-10-05-um-14.36.25.png\" \/>\n\t<meta property=\"og:image:width\" content=\"735\" \/>\n\t<meta property=\"og:image:height\" content=\"736\" \/>\n\t<meta property=\"og:image:type\" content=\"image\/png\" \/>\n<meta name=\"author\" content=\"Bj\u00f6rn Maatz\" \/>\n<meta name=\"twitter:card\" content=\"summary_large_image\" \/>\n<meta name=\"twitter:creator\" content=\"@BjoernMaatz\" \/>\n<meta name=\"twitter:site\" content=\"@zeitonline\" \/>\n<meta name=\"twitter:label1\" content=\"Geschrieben von\" \/>\n\t<meta name=\"twitter:data1\" content=\"Bj\u00f6rn Maatz\" \/>\n\t<meta name=\"twitter:label2\" content=\"Gesch\u00e4tzte Lesezeit\" \/>\n\t<meta name=\"twitter:data2\" content=\"1\u00a0Minute\" \/>\n<script type=\"application\/ld+json\" class=\"yoast-schema-graph\">{\"@context\":\"https:\/\/schema.org\",\"@graph\":[{\"@type\":\"WebPage\",\"@id\":\"https:\/\/blog.zeit.de\/teilchen\/2015\/10\/06\/das-dilemma-der-systemrelevanz-in-acht-bildern\/\",\"url\":\"https:\/\/blog.zeit.de\/teilchen\/2015\/10\/06\/das-dilemma-der-systemrelevanz-in-acht-bildern\/\",\"name\":\"Das Dilemma der Systemrelevanz in acht Bildern\",\"isPartOf\":{\"@id\":\"https:\/\/blog.zeit.de\/teilchen\/#website\"},\"datePublished\":\"2015-10-06T09:58:05+00:00\",\"dateModified\":\"2015-10-06T09:58:05+00:00\",\"author\":{\"@id\":\"https:\/\/blog.zeit.de\/teilchen\/#\/schema\/person\/20ae47479c9c6443ed61f03c9eac892f\"},\"description\":\"Warum kompliziert, wenn es auch einfach geht: Dieser Cartoonist ben\u00f6tigt nur acht einfache Bilder, um das Dilemma der Systemrelevanz zu verdeutlichen.\",\"breadcrumb\":{\"@id\":\"https:\/\/blog.zeit.de\/teilchen\/2015\/10\/06\/das-dilemma-der-systemrelevanz-in-acht-bildern\/#breadcrumb\"},\"inLanguage\":\"de\",\"potentialAction\":[{\"@type\":\"ReadAction\",\"target\":[\"https:\/\/blog.zeit.de\/teilchen\/2015\/10\/06\/das-dilemma-der-systemrelevanz-in-acht-bildern\/\"]}]},{\"@type\":\"BreadcrumbList\",\"@id\":\"https:\/\/blog.zeit.de\/teilchen\/2015\/10\/06\/das-dilemma-der-systemrelevanz-in-acht-bildern\/#breadcrumb\",\"itemListElement\":[{\"@type\":\"ListItem\",\"position\":1,\"name\":\"Startseite\",\"item\":\"https:\/\/blog.zeit.de\/teilchen\/\"},{\"@type\":\"ListItem\",\"position\":2,\"name\":\"Das Dilemma der Systemrelevanz in acht Bildern\"}]},{\"@type\":\"WebSite\",\"@id\":\"https:\/\/blog.zeit.de\/teilchen\/#website\",\"url\":\"https:\/\/blog.zeit.de\/teilchen\/\",\"name\":\"Teilchen\",\"description\":\"Im Netz verstecken sich kleine Sch\u00e4tze - ZEIT ONLINE findet sie.\",\"potentialAction\":[{\"@type\":\"SearchAction\",\"target\":{\"@type\":\"EntryPoint\",\"urlTemplate\":\"https:\/\/blog.zeit.de\/teilchen\/?s={search_term_string}\"},\"query-input\":\"required name=search_term_string\"}],\"inLanguage\":\"de\"},{\"@type\":\"Person\",\"@id\":\"https:\/\/blog.zeit.de\/teilchen\/#\/schema\/person\/20ae47479c9c6443ed61f03c9eac892f\",\"name\":\"Bj\u00f6rn Maatz\",\"image\":{\"@type\":\"ImageObject\",\"inLanguage\":\"de\",\"@id\":\"https:\/\/blog.zeit.de\/teilchen\/#\/schema\/person\/image\/\",\"url\":\"https:\/\/secure.gravatar.com\/avatar\/4ed13ddffa21af7dcec9d6d36d2b36f05bfc49e1676e43abd84a80376d644278?s=96&d=mm&r=g\",\"contentUrl\":\"https:\/\/secure.gravatar.com\/avatar\/4ed13ddffa21af7dcec9d6d36d2b36f05bfc49e1676e43abd84a80376d644278?s=96&d=mm&r=g\",\"caption\":\"Bj\u00f6rn Maatz\"},\"description\":\"Leitet die Online-Redaktion der Kreativagentur Philipp und Keuntje. Zuvor Engagement-Redakteur bei ZEIT ONLINE und bei FINANCIAL TIMES DEUTSCHLAND, u.a. als Print-Redakteur im Unternehmensressort sowie als erster und letzter Social-Media-Redakteur. Studium der Wirtschaftsjournalistik in Bremen und Melbourne mit Hospitanzen beim NDR, der dpa und dem Hamburger Abendblatt.\",\"sameAs\":[\"https:\/\/twitter.com\/BjoernMaatz\"],\"url\":\"https:\/\/blog.zeit.de\/teilchen\/author\/bjoernmaatz\/\"}]}<\/script>\n<!-- \/ Yoast SEO plugin. -->","yoast_head_json":{"title":"Das Dilemma der Systemrelevanz in acht Bildern","description":"Warum kompliziert, wenn es auch einfach geht: Dieser Cartoonist ben\u00f6tigt nur acht einfache Bilder, um das Dilemma der Systemrelevanz zu verdeutlichen.","robots":{"index":"index","follow":"follow","max-snippet":"max-snippet:-1","max-image-preview":"max-image-preview:large","max-video-preview":"max-video-preview:-1"},"canonical":"https:\/\/blog.zeit.de\/teilchen\/2015\/10\/06\/das-dilemma-der-systemrelevanz-in-acht-bildern\/","og_locale":"de_DE","og_type":"article","og_title":"Das Dilemma der Systemrelevanz in acht Bildern","og_description":"Warum kompliziert, wenn es auch einfach geht: Dieser Cartoonist ben\u00f6tigt nur acht einfache Bilder, um das Dilemma der Systemrelevanz zu verdeutlichen.","og_url":"https:\/\/blog.zeit.de\/teilchen\/2015\/10\/06\/das-dilemma-der-systemrelevanz-in-acht-bildern\/","og_site_name":"Teilchen","article_published_time":"2015-10-06T09:58:05+00:00","og_image":[{"width":735,"height":736,"url":"https:\/\/blog.zeit.de\/teilchen\/files\/2015\/10\/Bildschirmfoto-2015-10-05-um-14.36.25.png","type":"image\/png"}],"author":"Bj\u00f6rn Maatz","twitter_card":"summary_large_image","twitter_creator":"@BjoernMaatz","twitter_site":"@zeitonline","twitter_misc":{"Geschrieben von":"Bj\u00f6rn Maatz","Gesch\u00e4tzte Lesezeit":"1\u00a0Minute"},"schema":{"@context":"https:\/\/schema.org","@graph":[{"@type":"WebPage","@id":"https:\/\/blog.zeit.de\/teilchen\/2015\/10\/06\/das-dilemma-der-systemrelevanz-in-acht-bildern\/","url":"https:\/\/blog.zeit.de\/teilchen\/2015\/10\/06\/das-dilemma-der-systemrelevanz-in-acht-bildern\/","name":"Das Dilemma der Systemrelevanz in acht Bildern","isPartOf":{"@id":"https:\/\/blog.zeit.de\/teilchen\/#website"},"datePublished":"2015-10-06T09:58:05+00:00","dateModified":"2015-10-06T09:58:05+00:00","author":{"@id":"https:\/\/blog.zeit.de\/teilchen\/#\/schema\/person\/20ae47479c9c6443ed61f03c9eac892f"},"description":"Warum kompliziert, wenn es auch einfach geht: Dieser Cartoonist ben\u00f6tigt nur acht einfache Bilder, um das Dilemma der Systemrelevanz zu verdeutlichen.","breadcrumb":{"@id":"https:\/\/blog.zeit.de\/teilchen\/2015\/10\/06\/das-dilemma-der-systemrelevanz-in-acht-bildern\/#breadcrumb"},"inLanguage":"de","potentialAction":[{"@type":"ReadAction","target":["https:\/\/blog.zeit.de\/teilchen\/2015\/10\/06\/das-dilemma-der-systemrelevanz-in-acht-bildern\/"]}]},{"@type":"BreadcrumbList","@id":"https:\/\/blog.zeit.de\/teilchen\/2015\/10\/06\/das-dilemma-der-systemrelevanz-in-acht-bildern\/#breadcrumb","itemListElement":[{"@type":"ListItem","position":1,"name":"Startseite","item":"https:\/\/blog.zeit.de\/teilchen\/"},{"@type":"ListItem","position":2,"name":"Das Dilemma der Systemrelevanz in acht Bildern"}]},{"@type":"WebSite","@id":"https:\/\/blog.zeit.de\/teilchen\/#website","url":"https:\/\/blog.zeit.de\/teilchen\/","name":"Teilchen","description":"Im Netz verstecken sich kleine Sch\u00e4tze - ZEIT ONLINE findet sie.","potentialAction":[{"@type":"SearchAction","target":{"@type":"EntryPoint","urlTemplate":"https:\/\/blog.zeit.de\/teilchen\/?s={search_term_string}"},"query-input":"required name=search_term_string"}],"inLanguage":"de"},{"@type":"Person","@id":"https:\/\/blog.zeit.de\/teilchen\/#\/schema\/person\/20ae47479c9c6443ed61f03c9eac892f","name":"Bj\u00f6rn Maatz","image":{"@type":"ImageObject","inLanguage":"de","@id":"https:\/\/blog.zeit.de\/teilchen\/#\/schema\/person\/image\/","url":"https:\/\/secure.gravatar.com\/avatar\/4ed13ddffa21af7dcec9d6d36d2b36f05bfc49e1676e43abd84a80376d644278?s=96&d=mm&r=g","contentUrl":"https:\/\/secure.gravatar.com\/avatar\/4ed13ddffa21af7dcec9d6d36d2b36f05bfc49e1676e43abd84a80376d644278?s=96&d=mm&r=g","caption":"Bj\u00f6rn Maatz"},"description":"Leitet die Online-Redaktion der Kreativagentur Philipp und Keuntje. Zuvor Engagement-Redakteur bei ZEIT ONLINE und bei FINANCIAL TIMES DEUTSCHLAND, u.a. als Print-Redakteur im Unternehmensressort sowie als erster und letzter Social-Media-Redakteur. Studium der Wirtschaftsjournalistik in Bremen und Melbourne mit Hospitanzen beim NDR, der dpa und dem Hamburger Abendblatt.","sameAs":["https:\/\/twitter.com\/BjoernMaatz"],"url":"https:\/\/blog.zeit.de\/teilchen\/author\/bjoernmaatz\/"}]}},"jetpack_featured_media_url":"https:\/\/blog.zeit.de\/teilchen\/files\/2015\/10\/Bildschirmfoto-2015-10-05-um-14.36.25.png","jetpack_sharing_enabled":true,"_links":{"self":[{"href":"https:\/\/blog.zeit.de\/teilchen\/wp-json\/wp\/v2\/posts\/8445","targetHints":{"allow":["GET"]}}],"collection":[{"href":"https:\/\/blog.zeit.de\/teilchen\/wp-json\/wp\/v2\/posts"}],"about":[{"href":"https:\/\/blog.zeit.de\/teilchen\/wp-json\/wp\/v2\/types\/post"}],"author":[{"embeddable":true,"href":"https:\/\/blog.zeit.de\/teilchen\/wp-json\/wp\/v2\/users\/528"}],"replies":[{"embeddable":true,"href":"https:\/\/blog.zeit.de\/teilchen\/wp-json\/wp\/v2\/comments?post=8445"}],"version-history":[{"count":5,"href":"https:\/\/blog.zeit.de\/teilchen\/wp-json\/wp\/v2\/posts\/8445\/revisions"}],"predecessor-version":[{"id":8461,"href":"https:\/\/blog.zeit.de\/teilchen\/wp-json\/wp\/v2\/posts\/8445\/revisions\/8461"}],"wp:featuredmedia":[{"embeddable":true,"href":"https:\/\/blog.zeit.de\/teilchen\/wp-json\/wp\/v2\/media\/8447"}],"wp:attachment":[{"href":"https:\/\/blog.zeit.de\/teilchen\/wp-json\/wp\/v2\/media?parent=8445"}],"wp:term":[{"taxonomy":"category","embeddable":true,"href":"https:\/\/blog.zeit.de\/teilchen\/wp-json\/wp\/v2\/categories?post=8445"},{"taxonomy":"post_tag","embeddable":true,"href":"https:\/\/blog.zeit.de\/teilchen\/wp-json\/wp\/v2\/tags?post=8445"}],"curies":[{"name":"wp","href":"https:\/\/api.w.org\/{rel}","templated":true}]}}