{"id":8497,"date":"2015-10-07T16:27:27","date_gmt":"2015-10-07T14:27:27","guid":{"rendered":"http:\/\/blog.zeit.de\/teilchen\/?p=8497"},"modified":"2015-10-08T09:24:01","modified_gmt":"2015-10-08T07:24:01","slug":"und-wie-durchschnittlich-sind-sie","status":"publish","type":"post","link":"https:\/\/blog.zeit.de\/teilchen\/2015\/10\/07\/und-wie-durchschnittlich-sind-sie\/","title":{"rendered":"Und wie durchschnittlich sind Sie?"},"content":{"rendered":"\n<div class=\"embed-wrapper embed-wrapper--blocked js-embed-consent\" data-method=\"embed\">\n<script class=\"raw__source\" type=\"text\/template\"><iframe loading=\"lazy\" title=\"Are You the Most Average Person in America? | Data Attack\" width=\"640\" height=\"360\" src=\"https:\/\/www.youtube-nocookie.com\/embed\/sYHSUVCwk1s?start=104&feature=oembed\" frameborder=\"0\" allow=\"accelerometer; autoplay; clipboard-write; encrypted-media; gyroscope; picture-in-picture; web-share\" referrerpolicy=\"strict-origin-when-cross-origin\" allowfullscreen><\/iframe><\/script>\n<div class=\"embed-wrapper__inner\">\n<div class=\"embed-wrapper__text\">\n<h3>Empfohlener redaktioneller Inhalt<\/h3>\n<p data-replace=\"no\">An dieser Stelle finden Sie externen Inhalt, der den Artikel erg\u00e4nzt. Sie k\u00f6nnen sich externe Inhalte mit einem Klick anzeigen lassen und wieder ausblenden.<noscript>Bitte aktivieren Sie JavaScript damit Sie diesen Inhalt anzeigen k\u00f6nnen.<\/noscript><\/p>\n<\/div>\n<div class=\"embed-consent\">\n<label class=\"embed-consent__toggle\">\n<input class=\"js-embed-consent__toggle\" type=\"checkbox\" autocomplete=\"off\">\n<span><\/span>\nExterner Inhalt\n<\/label>\n<a href=\"https:\/\/www.zeit.de\/hilfe\/datenschutz\" target=\"_blank\" class=\"embed-consent__datalink-when-active\">Datenschutzerkl\u00e4rung<\/a>\n<\/div>\n<div class=\"embed-wrapper__footer\">\n<p data-replace=\"no\">\nIch bin damit einverstanden, dass mir externe Inhalte angezeigt werden. Damit k\u00f6nnen personenbezogene Daten an Drittplattformen \u00fcbermittelt werden. <a href=\"https:\/\/www.zeit.de\/hilfe\/datenschutz\" target=\"_blank\">Mehr dazu in unserer Datenschutzerkl\u00e4rung.<\/a>\n<\/p>\n<\/div>\n<\/div>\n<\/div>\n<p>Lebt man in <a href=\"http:\/\/www.zeit.de\/2012\/39\/Deutschlandkarte-Hipster-Viertel\" target=\"_blank\">Berlin oder anderen hippen Gro\u00dfst\u00e4dten<\/a>, hat man ja vor allem ein Ziel: m\u00f6glichst individuell durchs Leben zu gehen. Aber, liebe Berliner (und andere Hipster) \u2013 vielleicht sind Sie ja durchschnittlicher, als Sie denken? Bevor Ihnen jetzt der Gepa-Jutebeutel von der Schulter f\u00e4llt, schauen Sie sich dieses Video an.<!--more--><\/p>\n<p><a href=\"https:\/\/www.youtube.com\/watch?t=104&amp;v=sYHSUVCwk1s\" target=\"_blank\">Der Clip des Magazins <em>Wired<\/em> zeigt<\/a>, wie der durchschnittliche Amerikaner so tickt. Und der tickt in manchen Bereichen tats\u00e4chlich deutlich anders als die Deutschen. Aber sehen Sie selbst:<\/p>\n<h2>Schlaf<\/h2>\n<p>Schlafen z\u00e4hlt nicht zu den wichtigsten Besch\u00e4ftigungen der Deutschen. <a href=\"http:\/\/de.statista.com\/statistik\/daten\/studie\/36749\/umfrage\/schlafzeit-pro-tag-in-den-oecd-laendern-im-jahr-2006\/\" target=\"_blank\">8,2 Stunden pro Tag investieren wir dem Statistischen Bundesamt zufolge in die Nachtruhe<\/a>, in den USA wird mit 8,7 Stunden etwas l\u00e4nger geschlafen. <a href=\"http:\/\/www.zeit.de\/2010\/44\/Schlafkultur\" target=\"_blank\">Dabei ist ausreichend Schlaf sehr wichtig f\u00fcr die Gesundheit<\/a>.<\/p>\n<h2>Kaffee<\/h2>\n<p>Wir sind eine Nation der Kaffeetrinker. <a href=\"http:\/\/de.statista.com\/statistik\/daten\/studie\/353578\/umfrage\/umfrage-zum-kaffeekonsum-in-deutschland\/\" target=\"_blank\">Mehr als drei Tassen<\/a> konsumiert der durchschnittliche Deutsche jeden Tag. In den USA kommen Koffein-Junkies mit 1,85 Tassen aus. Und, liebe Hipster: Auch <a href=\"http:\/\/www.zeit.de\/wirtschaft\/2014-08\/fairetrade-kaffee\" target=\"_blank\">Fairtrade-Kaffee hat so seine Macken<\/a>.<\/p>\n<h2>Wasser<\/h2>\n<p>Das Einsparen von Wasser z\u00e4hlt offenbar nicht zu den wichtigsten Zielen in den USA. Etwa 300 Liter verbrauchen die Amerikaner durchschnittlich jeden Tag \u2013 die <a href=\"http:\/\/de.statista.com\/themen\/153\/wasserverbrauch\/\" target=\"_blank\">Deutschen hingegen weniger als halb so viel<\/a>.<\/p>\n<h2>Tinder<\/h2>\n<p>Die Dating-App Tinder stammt zwar aus den USA. Doch die wahren Fans scheinen in Deutschland zu wohnen. <a href=\"https:\/\/curved.de\/news\/tinder-user-verbringen-90-minuten-taeglich-in-der-app-163525\" target=\"_blank\">90 Minuten am Tag<\/a> investieren an zwischenmenschlichen Kontakten Interessierte im Schnitt in die Suche nach einem Date \u2013 sofern sie bei Tinder registriert sind. Die Amerikaner sind da mit 77 Minuten etwas gen\u00fcgsamer. \u00dcber die Erfolgsaussichten sagt die Statistik \u00fcbrigens nichts aus, <a href=\"http:\/\/www.zeit.de\/2015\/20\/tinder-app-sex-partnersuche\" target=\"_blank\">dar\u00fcber gibt aber der Selbstversuch einer ZEIT-Kollegin Aufschluss<\/a>.<\/p>\n<h2>TV<\/h2>\n<p>Auch wenn <a href=\"http:\/\/www.zeit.de\/kultur\/2015-06\/yuccie-young-urban-creative-hipster-rousseau-essay\" target=\"_blank\">viele Yuccies<\/a> das TV-Ger\u00e4t l\u00e4ngst abgeschafft haben und nur noch coole Serien auf Netflix schauen \u2013 der Fernseher spielt noch eine wichtige Rolle in Deutschland. <a href=\"http:\/\/de.statista.com\/statistik\/daten\/studie\/2913\/umfrage\/fernsehkonsum-der-deutschen-in-minuten-nach-altersgruppen\/\" target=\"_blank\">3,36 Stunden am Tag l\u00e4uft er hierzulande<\/a>, in den USA sind es lediglich 2,8 Stunden.<\/p>\n<h2>L\u00fcgen<\/h2>\n<p>Ein Amerikaner l\u00fcgt 1,68 Mal pro Tag, hei\u00dft es im Video. Und die Deutschen? Da schwanken die Zahlen. Von 200 L\u00fcgen am Tag spricht die Literatur, doch wie glaubhaft ist das? <a href=\"http:\/\/www.zeit.de\/2011\/16\/Stimmts-Luegen\" target=\"_blank\">Regensburger Forscher sind der Frage nachgegangen<\/a>.<\/p>\n<p>Und wie durchschnittlich sind Sie nun?<\/p>\n<p><em>Weitere <a href=\"https:\/\/blog.zeit.de\/teilchen\/\" target=\"_blank\">Teilchen finden Sie hier<\/a>.<\/em><\/p>\n","protected":false},"excerpt":{"rendered":"<p>Empfohlener redaktioneller Inhalt An dieser Stelle finden Sie externen Inhalt, der den Artikel erg\u00e4nzt. Sie k\u00f6nnen sich externe Inhalte mit einem Klick anzeigen lassen [\u2026]<\/p>\n","protected":false},"author":556,"featured_media":8523,"comment_status":"open","ping_status":"closed","sticky":false,"template":"","format":"standard","meta":{"_jetpack_memberships_contains_paid_content":false,"footnotes":""},"categories":[28],"tags":[],"class_list":["post-8497","post","type-post","status-publish","format-standard","has-post-thumbnail","hentry","category-video"],"yoast_head":"<!-- This site is optimized with the Yoast SEO plugin v21.0 - https:\/\/yoast.com\/wordpress\/plugins\/seo\/ -->\n<title>Deutschland im Durchschnitt<\/title>\n<meta name=\"description\" content=\"Das Wired-Magazin zeigt, wie der Durchschnitt der Amerikaner so tickt. Was ist mit uns Deutschen?\" \/>\n<meta name=\"robots\" content=\"index, follow, max-snippet:-1, max-image-preview:large, max-video-preview:-1\" \/>\n<link rel=\"canonical\" href=\"https:\/\/blog.zeit.de\/teilchen\/2015\/10\/07\/und-wie-durchschnittlich-sind-sie\/\" \/>\n<meta property=\"og:locale\" content=\"de_DE\" \/>\n<meta property=\"og:type\" content=\"article\" \/>\n<meta property=\"og:title\" content=\"Deutschland im Durchschnitt\" \/>\n<meta property=\"og:description\" content=\"Das Wired-Magazin zeigt, wie der Durchschnitt der Amerikaner so tickt. Was ist mit uns Deutschen?\" \/>\n<meta property=\"og:url\" content=\"https:\/\/blog.zeit.de\/teilchen\/2015\/10\/07\/und-wie-durchschnittlich-sind-sie\/\" \/>\n<meta property=\"og:site_name\" content=\"Teilchen\" \/>\n<meta property=\"article:published_time\" content=\"2015-10-07T14:27:27+00:00\" \/>\n<meta property=\"article:modified_time\" content=\"2015-10-08T07:24:01+00:00\" \/>\n<meta property=\"og:image\" content=\"https:\/\/blog.zeit.de\/teilchen\/files\/2015\/10\/Bildschirmfoto-2015-10-07-um-15.35.15.png\" \/>\n\t<meta property=\"og:image:width\" content=\"765\" \/>\n\t<meta property=\"og:image:height\" content=\"469\" \/>\n\t<meta property=\"og:image:type\" content=\"image\/png\" \/>\n<meta name=\"author\" content=\"Tobias Dorfer\" \/>\n<meta name=\"twitter:card\" content=\"summary_large_image\" \/>\n<meta name=\"twitter:creator\" content=\"@tobiasdorfer\" \/>\n<meta name=\"twitter:site\" content=\"@zeitonline\" \/>\n<meta name=\"twitter:label1\" content=\"Geschrieben von\" \/>\n\t<meta name=\"twitter:data1\" content=\"Tobias Dorfer\" \/>\n\t<meta name=\"twitter:label2\" content=\"Gesch\u00e4tzte Lesezeit\" \/>\n\t<meta name=\"twitter:data2\" content=\"2\u00a0Minuten\" \/>\n<script type=\"application\/ld+json\" class=\"yoast-schema-graph\">{\"@context\":\"https:\/\/schema.org\",\"@graph\":[{\"@type\":\"WebPage\",\"@id\":\"https:\/\/blog.zeit.de\/teilchen\/2015\/10\/07\/und-wie-durchschnittlich-sind-sie\/\",\"url\":\"https:\/\/blog.zeit.de\/teilchen\/2015\/10\/07\/und-wie-durchschnittlich-sind-sie\/\",\"name\":\"Deutschland im Durchschnitt\",\"isPartOf\":{\"@id\":\"https:\/\/blog.zeit.de\/teilchen\/#website\"},\"datePublished\":\"2015-10-07T14:27:27+00:00\",\"dateModified\":\"2015-10-08T07:24:01+00:00\",\"author\":{\"@id\":\"https:\/\/blog.zeit.de\/teilchen\/#\/schema\/person\/e90ba849254185115fd919d4fad07dc0\"},\"description\":\"Das Wired-Magazin zeigt, wie der Durchschnitt der Amerikaner so tickt. Was ist mit uns Deutschen?\",\"breadcrumb\":{\"@id\":\"https:\/\/blog.zeit.de\/teilchen\/2015\/10\/07\/und-wie-durchschnittlich-sind-sie\/#breadcrumb\"},\"inLanguage\":\"de\",\"potentialAction\":[{\"@type\":\"ReadAction\",\"target\":[\"https:\/\/blog.zeit.de\/teilchen\/2015\/10\/07\/und-wie-durchschnittlich-sind-sie\/\"]}]},{\"@type\":\"BreadcrumbList\",\"@id\":\"https:\/\/blog.zeit.de\/teilchen\/2015\/10\/07\/und-wie-durchschnittlich-sind-sie\/#breadcrumb\",\"itemListElement\":[{\"@type\":\"ListItem\",\"position\":1,\"name\":\"Startseite\",\"item\":\"https:\/\/blog.zeit.de\/teilchen\/\"},{\"@type\":\"ListItem\",\"position\":2,\"name\":\"Und wie durchschnittlich sind Sie?\"}]},{\"@type\":\"WebSite\",\"@id\":\"https:\/\/blog.zeit.de\/teilchen\/#website\",\"url\":\"https:\/\/blog.zeit.de\/teilchen\/\",\"name\":\"Teilchen\",\"description\":\"Im Netz verstecken sich kleine Sch\u00e4tze - ZEIT ONLINE findet sie.\",\"potentialAction\":[{\"@type\":\"SearchAction\",\"target\":{\"@type\":\"EntryPoint\",\"urlTemplate\":\"https:\/\/blog.zeit.de\/teilchen\/?s={search_term_string}\"},\"query-input\":\"required name=search_term_string\"}],\"inLanguage\":\"de\"},{\"@type\":\"Person\",\"@id\":\"https:\/\/blog.zeit.de\/teilchen\/#\/schema\/person\/e90ba849254185115fd919d4fad07dc0\",\"name\":\"Tobias Dorfer\",\"image\":{\"@type\":\"ImageObject\",\"inLanguage\":\"de\",\"@id\":\"https:\/\/blog.zeit.de\/teilchen\/#\/schema\/person\/image\/\",\"url\":\"https:\/\/secure.gravatar.com\/avatar\/0021e1a3fe9f799912804bcca6f1bcbbe58ee3bf29c8f714a0f453695a888d0a?s=96&d=mm&r=g\",\"contentUrl\":\"https:\/\/secure.gravatar.com\/avatar\/0021e1a3fe9f799912804bcca6f1bcbbe58ee3bf29c8f714a0f453695a888d0a?s=96&d=mm&r=g\",\"caption\":\"Tobias Dorfer\"},\"description\":\"Teamleiter Social Media bei ZEIT ONLINE. Zuvor sieben Jahre bei S\u00fcddeutsche.de, als Redakteur im Wirtschafts- und Regional-Ressort sowie Editorial SEO. Ausbildung an der Deutschen Journalistenschule in M\u00fcnchen mit Hospitanzen bei S\u00fcddeutsche Zeitung, SPIEGEL und SPIEGEL Online.\",\"sameAs\":[\"https:\/\/twitter.com\/tobiasdorfer\"],\"url\":\"https:\/\/blog.zeit.de\/teilchen\/author\/tdorfer\/\"}]}<\/script>\n<!-- \/ Yoast SEO plugin. -->","yoast_head_json":{"title":"Deutschland im Durchschnitt","description":"Das Wired-Magazin zeigt, wie der Durchschnitt der Amerikaner so tickt. Was ist mit uns Deutschen?","robots":{"index":"index","follow":"follow","max-snippet":"max-snippet:-1","max-image-preview":"max-image-preview:large","max-video-preview":"max-video-preview:-1"},"canonical":"https:\/\/blog.zeit.de\/teilchen\/2015\/10\/07\/und-wie-durchschnittlich-sind-sie\/","og_locale":"de_DE","og_type":"article","og_title":"Deutschland im Durchschnitt","og_description":"Das Wired-Magazin zeigt, wie der Durchschnitt der Amerikaner so tickt. Was ist mit uns Deutschen?","og_url":"https:\/\/blog.zeit.de\/teilchen\/2015\/10\/07\/und-wie-durchschnittlich-sind-sie\/","og_site_name":"Teilchen","article_published_time":"2015-10-07T14:27:27+00:00","article_modified_time":"2015-10-08T07:24:01+00:00","og_image":[{"width":765,"height":469,"url":"https:\/\/blog.zeit.de\/teilchen\/files\/2015\/10\/Bildschirmfoto-2015-10-07-um-15.35.15.png","type":"image\/png"}],"author":"Tobias Dorfer","twitter_card":"summary_large_image","twitter_creator":"@tobiasdorfer","twitter_site":"@zeitonline","twitter_misc":{"Geschrieben von":"Tobias Dorfer","Gesch\u00e4tzte Lesezeit":"2\u00a0Minuten"},"schema":{"@context":"https:\/\/schema.org","@graph":[{"@type":"WebPage","@id":"https:\/\/blog.zeit.de\/teilchen\/2015\/10\/07\/und-wie-durchschnittlich-sind-sie\/","url":"https:\/\/blog.zeit.de\/teilchen\/2015\/10\/07\/und-wie-durchschnittlich-sind-sie\/","name":"Deutschland im Durchschnitt","isPartOf":{"@id":"https:\/\/blog.zeit.de\/teilchen\/#website"},"datePublished":"2015-10-07T14:27:27+00:00","dateModified":"2015-10-08T07:24:01+00:00","author":{"@id":"https:\/\/blog.zeit.de\/teilchen\/#\/schema\/person\/e90ba849254185115fd919d4fad07dc0"},"description":"Das Wired-Magazin zeigt, wie der Durchschnitt der Amerikaner so tickt. Was ist mit uns Deutschen?","breadcrumb":{"@id":"https:\/\/blog.zeit.de\/teilchen\/2015\/10\/07\/und-wie-durchschnittlich-sind-sie\/#breadcrumb"},"inLanguage":"de","potentialAction":[{"@type":"ReadAction","target":["https:\/\/blog.zeit.de\/teilchen\/2015\/10\/07\/und-wie-durchschnittlich-sind-sie\/"]}]},{"@type":"BreadcrumbList","@id":"https:\/\/blog.zeit.de\/teilchen\/2015\/10\/07\/und-wie-durchschnittlich-sind-sie\/#breadcrumb","itemListElement":[{"@type":"ListItem","position":1,"name":"Startseite","item":"https:\/\/blog.zeit.de\/teilchen\/"},{"@type":"ListItem","position":2,"name":"Und wie durchschnittlich sind Sie?"}]},{"@type":"WebSite","@id":"https:\/\/blog.zeit.de\/teilchen\/#website","url":"https:\/\/blog.zeit.de\/teilchen\/","name":"Teilchen","description":"Im Netz verstecken sich kleine Sch\u00e4tze - ZEIT ONLINE findet sie.","potentialAction":[{"@type":"SearchAction","target":{"@type":"EntryPoint","urlTemplate":"https:\/\/blog.zeit.de\/teilchen\/?s={search_term_string}"},"query-input":"required name=search_term_string"}],"inLanguage":"de"},{"@type":"Person","@id":"https:\/\/blog.zeit.de\/teilchen\/#\/schema\/person\/e90ba849254185115fd919d4fad07dc0","name":"Tobias Dorfer","image":{"@type":"ImageObject","inLanguage":"de","@id":"https:\/\/blog.zeit.de\/teilchen\/#\/schema\/person\/image\/","url":"https:\/\/secure.gravatar.com\/avatar\/0021e1a3fe9f799912804bcca6f1bcbbe58ee3bf29c8f714a0f453695a888d0a?s=96&d=mm&r=g","contentUrl":"https:\/\/secure.gravatar.com\/avatar\/0021e1a3fe9f799912804bcca6f1bcbbe58ee3bf29c8f714a0f453695a888d0a?s=96&d=mm&r=g","caption":"Tobias Dorfer"},"description":"Teamleiter Social Media bei ZEIT ONLINE. Zuvor sieben Jahre bei S\u00fcddeutsche.de, als Redakteur im Wirtschafts- und Regional-Ressort sowie Editorial SEO. Ausbildung an der Deutschen Journalistenschule in M\u00fcnchen mit Hospitanzen bei S\u00fcddeutsche Zeitung, SPIEGEL und SPIEGEL Online.","sameAs":["https:\/\/twitter.com\/tobiasdorfer"],"url":"https:\/\/blog.zeit.de\/teilchen\/author\/tdorfer\/"}]}},"jetpack_featured_media_url":"https:\/\/blog.zeit.de\/teilchen\/files\/2015\/10\/Bildschirmfoto-2015-10-07-um-15.35.15.png","jetpack_sharing_enabled":true,"_links":{"self":[{"href":"https:\/\/blog.zeit.de\/teilchen\/wp-json\/wp\/v2\/posts\/8497","targetHints":{"allow":["GET"]}}],"collection":[{"href":"https:\/\/blog.zeit.de\/teilchen\/wp-json\/wp\/v2\/posts"}],"about":[{"href":"https:\/\/blog.zeit.de\/teilchen\/wp-json\/wp\/v2\/types\/post"}],"author":[{"embeddable":true,"href":"https:\/\/blog.zeit.de\/teilchen\/wp-json\/wp\/v2\/users\/556"}],"replies":[{"embeddable":true,"href":"https:\/\/blog.zeit.de\/teilchen\/wp-json\/wp\/v2\/comments?post=8497"}],"version-history":[{"count":10,"href":"https:\/\/blog.zeit.de\/teilchen\/wp-json\/wp\/v2\/posts\/8497\/revisions"}],"predecessor-version":[{"id":8544,"href":"https:\/\/blog.zeit.de\/teilchen\/wp-json\/wp\/v2\/posts\/8497\/revisions\/8544"}],"wp:featuredmedia":[{"embeddable":true,"href":"https:\/\/blog.zeit.de\/teilchen\/wp-json\/wp\/v2\/media\/8523"}],"wp:attachment":[{"href":"https:\/\/blog.zeit.de\/teilchen\/wp-json\/wp\/v2\/media?parent=8497"}],"wp:term":[{"taxonomy":"category","embeddable":true,"href":"https:\/\/blog.zeit.de\/teilchen\/wp-json\/wp\/v2\/categories?post=8497"},{"taxonomy":"post_tag","embeddable":true,"href":"https:\/\/blog.zeit.de\/teilchen\/wp-json\/wp\/v2\/tags?post=8497"}],"curies":[{"name":"wp","href":"https:\/\/api.w.org\/{rel}","templated":true}]}}