{"id":8545,"date":"2015-10-08T10:58:52","date_gmt":"2015-10-08T08:58:52","guid":{"rendered":"http:\/\/blog.zeit.de\/teilchen\/?p=8545"},"modified":"2015-10-08T14:09:08","modified_gmt":"2015-10-08T12:09:08","slug":"benimmregeln-fuer-fluechtlinge","status":"publish","type":"post","link":"https:\/\/blog.zeit.de\/teilchen\/2015\/10\/08\/benimmregeln-fuer-fluechtlinge\/","title":{"rendered":"Benimm-Knigge f\u00fcr Fl\u00fcchtlinge"},"content":{"rendered":"<p><figure id=\"attachment_8546\" aria-describedby=\"caption-attachment-8546\" style=\"width: 620px\" class=\"wp-caption aligncenter\"><img loading=\"lazy\" decoding=\"async\" class=\"wp-image-8546 size-medium\" src=\"https:\/\/blog.zeit.de\/teilchen\/files\/2015\/10\/Hardheim-620x356.jpg\" alt=\"Benimmregeln f\u00fcr Fl\u00fcchtlinge\" width=\"620\" height=\"356\" srcset=\"https:\/\/blog.zeit.de\/teilchen\/files\/2015\/10\/Hardheim-620x356.jpg 620w, https:\/\/blog.zeit.de\/teilchen\/files\/2015\/10\/Hardheim.jpg 650w\" sizes=\"auto, (max-width: 620px) 100vw, 620px\" \/><figcaption id=\"caption-attachment-8546\" class=\"wp-caption-text\">Diese Regeln sollten Fl\u00fcchtlinge im baden-w\u00fcrttembergischen Hardheim beachten. Screenshot: hardheim.de<\/figcaption><\/figure><\/p>\n<p>&nbsp;<\/p>\n<p>&#8222;Wir schaffen das&#8220;, <a href=\"http:\/\/www.zeit.de\/politik\/deutschland\/2015-10\/angela-merkel-anne-will-fluechtlinge\" target=\"_blank\">sagt die Kanzlerin immer wieder<\/a>, wenn es um die Fl\u00fcchtlingskrise geht. Aber Fakt ist auch: In der Realit\u00e4t wissen viele Kommunen nicht, wie sie die Fl\u00fcchtlinge unterbringen \u2013 und wie die Menschen ins Gemeindeleben integriert werden sollen. Im baden-w\u00fcrttembergischen Hardheim hat B\u00fcrgermeister Volker Rohm deshalb Benimmregeln f\u00fcr die G\u00e4ste ins Netz gestellt.<!--more--><\/p>\n<p>&#8222;Liebe fremde Frau, lieber fremder Mann&#8220;, hei\u00dft es zum Gru\u00df. Doch dann werden die W\u00fcnsche an die Neuank\u00f6mmlinge formuliert (<a href=\"http:\/\/www.hardheim.de\/sites\/gensite.asp?SID=cms071020152041391590082&amp;Art=1930\" target=\"_blank\">hier finden Sie das gesamte Schreiben \u2013 derzeit ist die Seite allerdings nicht zu erreichen<\/a>):<\/p>\n<blockquote><p>&#8222;Lernen sie so schnell wie m\u00f6glich die deutsche Sprache, damit wir uns verst\u00e4ndigen k\u00f6nnen und auch sie ihre Bed\u00fcrfnisse zum Ausdruck bringen k\u00f6nnen.&#8220;<\/p>\n<p>&#8222;Man betritt kein Privatgrundst\u00fcck, keine G\u00e4rten, Scheunen und andere Geb\u00e4ude und erntet auch kein Obst und Gem\u00fcse, das einem nicht geh\u00f6rt.&#8220;<\/p>\n<p>&#8222;Deutschland ist ein sauberes Land und das soll es auch bleiben!&#8220;<\/p>\n<p>&#8222;In Deutschland bezahlt man erst die Ware im Supermarkt, bevor man sie \u00f6ffnet.&#8220;<\/p>\n<p>&#8222;Auch f\u00fcr Fahrradfahrer gibt es bei uns Regeln, um selbst sicher zu fahren, aber auch keine anderen zu gef\u00e4hrden. (Nicht auf Gehwegen fahren, nicht zu dritt ein Rad benutzen, kaputte Bremsen reparieren und nicht mit den F\u00fc\u00dfen bremsen).&#8220;<\/p>\n<p>&#8222;Unsere Notdurft verrichten wir ausschlie\u00dflich auf Toiletten, nicht in G\u00e4rten und Parks, auch nicht an Hecken und hinter B\u00fcschen.&#8220;<\/p><\/blockquote>\n<p>Geht man in Hardheim davon aus, dass ein Land wie Syrien voll ist von obstklauenden Dreckspatzen, die mit kaputten Bremsen durchs Land radeln und im Supermarkt die Kekse essen, bevor sie zur Kasse gehen?<\/p>\n<p>Tatsache ist, dass es in dem Ort mit seinen 4.600 Einwohnern gewaltig rumort. Etwa 1.000 Fl\u00fcchtlinge sind derzeit in der Carl-Schurz-Kaserne untergebracht. <a href=\"http:\/\/www.swr.de\/landesschau-aktuell\/rp\/rhein-neckar\/hardheim-buergerversammlung-zu-fluechtlingen\/-\/id=1652\/did=16274168\/nid=1652\/bfeftw\/\" target=\"_blank\">Vertreter der Gemeinde klagen, der Ort sei \u00fcberproportional stark belastet<\/a>: Die (ehrenamtlichen) Helfer stie\u00dfen an ihre Grenzen, <a href=\"http:\/\/www.stern.de\/tv\/hardheim-in-baden-wuerttemberg--eine-kleinstadt-mit-1000-asylbewerbern-wehrt-sich-gegen-die-fluechtlingspolitik-6475106.html\" target=\"_blank\">Frauen f\u00fcrchteten sich auf der Stra\u00dfe<\/a>. <a href=\"http:\/\/www.rnz.de\/nachrichten\/buchen_artikel,-Fluechtlinge-in-Hardheim-Vorsicht-bei-Geruechten-und-Falschmeldungen-_arid,131722.html\" target=\"_blank\">Ger\u00fcchte \u00fcber IS-K\u00e4mpfer, zumindest aber: Islamisten, kursieren im Ort<\/a>. Sogar von einem SEK-Einsatz wird getuschelt \u2013 was von der Polizei jedoch als Falschmeldung dementiert wird.<\/p>\n<p>So scheint das Schreiben auch eine Ma\u00dfnahme zur Bes\u00e4nftigung der Bev\u00f6lkerung zu sein \u2013 oder wie l\u00e4sst sich erkl\u00e4ren, dass das Regelwerk (mit der Aufforderung, die deutsche Sprache zu erlernen) ausf\u00fchrlich nur auf Deutsch formuliert ist und an die Fl\u00fcchtlinge lediglich &#8222;in vereinfachter Form&#8220; in der Landessprache verteilt wird?<\/p>\n<ul>\n<li><em>Hintergr\u00fcnde zur Fl\u00fcchtlingskrise in Europa k\u00f6nnen Sie <a href=\"http:\/\/www.zeit.de\/gesellschaft\/fluechtlinge-in-deutschland\" target=\"_blank\">in unserem Live-Dossier nachlesen<\/a>.<\/em><\/li>\n<li><em>Weitere <a href=\"https:\/\/blog.zeit.de\/teilchen\/\" target=\"_blank\">Teilchen finden Sie hier<\/a>.<\/em><\/li>\n<\/ul>\n<p><em>Anmerkung: In einer fr\u00fcheren Version schrieben wir, das Schreiben wurde ausschlie\u00dflich auf Deutsch ver\u00f6ffentlicht. Laut Website erhalten die Fl\u00fcchtlinge das Regelwerk jedoch auch in ihrer jeweiligen Landessprache.<\/em><\/p>\n","protected":false},"excerpt":{"rendered":"<p>&nbsp; &#8222;Wir schaffen das&#8220;, sagt die Kanzlerin immer wieder, wenn es um die Fl\u00fcchtlingskrise geht. Aber Fakt ist auch: In der Realit\u00e4t wissen viele [\u2026]<\/p>\n","protected":false},"author":556,"featured_media":8546,"comment_status":"open","ping_status":"closed","sticky":false,"template":"","format":"standard","meta":{"_jetpack_memberships_contains_paid_content":false,"footnotes":""},"categories":[29747],"tags":[],"class_list":["post-8545","post","type-post","status-publish","format-standard","has-post-thumbnail","hentry","category-geschichten"],"yoast_head":"<!-- This site is optimized with the Yoast SEO plugin v21.0 - https:\/\/yoast.com\/wordpress\/plugins\/seo\/ -->\n<title>Benimmregeln f\u00fcr Fl\u00fcchtlinge<\/title>\n<meta name=\"description\" content=\"Wie k\u00f6nnen Kommunen Fl\u00fcchtlinge ins Gemeindeleben integrieren? In Hardheim hat der B\u00fcrgermeister nun Benimmregeln f\u00fcr die G\u00e4ste ins Netz gestellt.\" \/>\n<meta name=\"robots\" content=\"index, follow, max-snippet:-1, max-image-preview:large, max-video-preview:-1\" \/>\n<link rel=\"canonical\" href=\"https:\/\/blog.zeit.de\/teilchen\/2015\/10\/08\/benimmregeln-fuer-fluechtlinge\/\" \/>\n<meta property=\"og:locale\" content=\"de_DE\" \/>\n<meta property=\"og:type\" content=\"article\" \/>\n<meta property=\"og:title\" content=\"Benimmregeln f\u00fcr Fl\u00fcchtlinge\" \/>\n<meta property=\"og:description\" content=\"Wie k\u00f6nnen Kommunen Fl\u00fcchtlinge ins Gemeindeleben integrieren? In Hardheim hat der B\u00fcrgermeister nun Benimmregeln f\u00fcr die G\u00e4ste ins Netz gestellt.\" \/>\n<meta property=\"og:url\" content=\"https:\/\/blog.zeit.de\/teilchen\/2015\/10\/08\/benimmregeln-fuer-fluechtlinge\/\" \/>\n<meta property=\"og:site_name\" content=\"Teilchen\" \/>\n<meta property=\"article:published_time\" content=\"2015-10-08T08:58:52+00:00\" \/>\n<meta property=\"article:modified_time\" content=\"2015-10-08T12:09:08+00:00\" \/>\n<meta property=\"og:image\" content=\"https:\/\/blog.zeit.de\/teilchen\/files\/2015\/10\/Hardheim.jpg\" \/>\n\t<meta property=\"og:image:width\" content=\"650\" \/>\n\t<meta property=\"og:image:height\" content=\"373\" \/>\n\t<meta property=\"og:image:type\" content=\"image\/jpeg\" \/>\n<meta name=\"author\" content=\"Tobias Dorfer\" \/>\n<meta name=\"twitter:card\" content=\"summary_large_image\" \/>\n<meta name=\"twitter:creator\" content=\"@tobiasdorfer\" \/>\n<meta name=\"twitter:site\" content=\"@zeitonline\" \/>\n<meta name=\"twitter:label1\" content=\"Geschrieben von\" \/>\n\t<meta name=\"twitter:data1\" content=\"Tobias Dorfer\" \/>\n\t<meta name=\"twitter:label2\" content=\"Gesch\u00e4tzte Lesezeit\" \/>\n\t<meta name=\"twitter:data2\" content=\"2\u00a0Minuten\" \/>\n<script type=\"application\/ld+json\" class=\"yoast-schema-graph\">{\"@context\":\"https:\/\/schema.org\",\"@graph\":[{\"@type\":\"WebPage\",\"@id\":\"https:\/\/blog.zeit.de\/teilchen\/2015\/10\/08\/benimmregeln-fuer-fluechtlinge\/\",\"url\":\"https:\/\/blog.zeit.de\/teilchen\/2015\/10\/08\/benimmregeln-fuer-fluechtlinge\/\",\"name\":\"Benimmregeln f\u00fcr Fl\u00fcchtlinge\",\"isPartOf\":{\"@id\":\"https:\/\/blog.zeit.de\/teilchen\/#website\"},\"datePublished\":\"2015-10-08T08:58:52+00:00\",\"dateModified\":\"2015-10-08T12:09:08+00:00\",\"author\":{\"@id\":\"https:\/\/blog.zeit.de\/teilchen\/#\/schema\/person\/e90ba849254185115fd919d4fad07dc0\"},\"description\":\"Wie k\u00f6nnen Kommunen Fl\u00fcchtlinge ins Gemeindeleben integrieren? In Hardheim hat der B\u00fcrgermeister nun Benimmregeln f\u00fcr die G\u00e4ste ins Netz gestellt.\",\"breadcrumb\":{\"@id\":\"https:\/\/blog.zeit.de\/teilchen\/2015\/10\/08\/benimmregeln-fuer-fluechtlinge\/#breadcrumb\"},\"inLanguage\":\"de\",\"potentialAction\":[{\"@type\":\"ReadAction\",\"target\":[\"https:\/\/blog.zeit.de\/teilchen\/2015\/10\/08\/benimmregeln-fuer-fluechtlinge\/\"]}]},{\"@type\":\"BreadcrumbList\",\"@id\":\"https:\/\/blog.zeit.de\/teilchen\/2015\/10\/08\/benimmregeln-fuer-fluechtlinge\/#breadcrumb\",\"itemListElement\":[{\"@type\":\"ListItem\",\"position\":1,\"name\":\"Startseite\",\"item\":\"https:\/\/blog.zeit.de\/teilchen\/\"},{\"@type\":\"ListItem\",\"position\":2,\"name\":\"Benimm-Knigge f\u00fcr Fl\u00fcchtlinge\"}]},{\"@type\":\"WebSite\",\"@id\":\"https:\/\/blog.zeit.de\/teilchen\/#website\",\"url\":\"https:\/\/blog.zeit.de\/teilchen\/\",\"name\":\"Teilchen\",\"description\":\"Im Netz verstecken sich kleine Sch\u00e4tze - ZEIT ONLINE findet sie.\",\"potentialAction\":[{\"@type\":\"SearchAction\",\"target\":{\"@type\":\"EntryPoint\",\"urlTemplate\":\"https:\/\/blog.zeit.de\/teilchen\/?s={search_term_string}\"},\"query-input\":\"required name=search_term_string\"}],\"inLanguage\":\"de\"},{\"@type\":\"Person\",\"@id\":\"https:\/\/blog.zeit.de\/teilchen\/#\/schema\/person\/e90ba849254185115fd919d4fad07dc0\",\"name\":\"Tobias Dorfer\",\"image\":{\"@type\":\"ImageObject\",\"inLanguage\":\"de\",\"@id\":\"https:\/\/blog.zeit.de\/teilchen\/#\/schema\/person\/image\/\",\"url\":\"https:\/\/secure.gravatar.com\/avatar\/0021e1a3fe9f799912804bcca6f1bcbbe58ee3bf29c8f714a0f453695a888d0a?s=96&d=mm&r=g\",\"contentUrl\":\"https:\/\/secure.gravatar.com\/avatar\/0021e1a3fe9f799912804bcca6f1bcbbe58ee3bf29c8f714a0f453695a888d0a?s=96&d=mm&r=g\",\"caption\":\"Tobias Dorfer\"},\"description\":\"Teamleiter Social Media bei ZEIT ONLINE. Zuvor sieben Jahre bei S\u00fcddeutsche.de, als Redakteur im Wirtschafts- und Regional-Ressort sowie Editorial SEO. Ausbildung an der Deutschen Journalistenschule in M\u00fcnchen mit Hospitanzen bei S\u00fcddeutsche Zeitung, SPIEGEL und SPIEGEL Online.\",\"sameAs\":[\"https:\/\/twitter.com\/tobiasdorfer\"],\"url\":\"https:\/\/blog.zeit.de\/teilchen\/author\/tdorfer\/\"}]}<\/script>\n<!-- \/ Yoast SEO plugin. -->","yoast_head_json":{"title":"Benimmregeln f\u00fcr Fl\u00fcchtlinge","description":"Wie k\u00f6nnen Kommunen Fl\u00fcchtlinge ins Gemeindeleben integrieren? In Hardheim hat der B\u00fcrgermeister nun Benimmregeln f\u00fcr die G\u00e4ste ins Netz gestellt.","robots":{"index":"index","follow":"follow","max-snippet":"max-snippet:-1","max-image-preview":"max-image-preview:large","max-video-preview":"max-video-preview:-1"},"canonical":"https:\/\/blog.zeit.de\/teilchen\/2015\/10\/08\/benimmregeln-fuer-fluechtlinge\/","og_locale":"de_DE","og_type":"article","og_title":"Benimmregeln f\u00fcr Fl\u00fcchtlinge","og_description":"Wie k\u00f6nnen Kommunen Fl\u00fcchtlinge ins Gemeindeleben integrieren? In Hardheim hat der B\u00fcrgermeister nun Benimmregeln f\u00fcr die G\u00e4ste ins Netz gestellt.","og_url":"https:\/\/blog.zeit.de\/teilchen\/2015\/10\/08\/benimmregeln-fuer-fluechtlinge\/","og_site_name":"Teilchen","article_published_time":"2015-10-08T08:58:52+00:00","article_modified_time":"2015-10-08T12:09:08+00:00","og_image":[{"width":650,"height":373,"url":"https:\/\/blog.zeit.de\/teilchen\/files\/2015\/10\/Hardheim.jpg","type":"image\/jpeg"}],"author":"Tobias Dorfer","twitter_card":"summary_large_image","twitter_creator":"@tobiasdorfer","twitter_site":"@zeitonline","twitter_misc":{"Geschrieben von":"Tobias Dorfer","Gesch\u00e4tzte Lesezeit":"2\u00a0Minuten"},"schema":{"@context":"https:\/\/schema.org","@graph":[{"@type":"WebPage","@id":"https:\/\/blog.zeit.de\/teilchen\/2015\/10\/08\/benimmregeln-fuer-fluechtlinge\/","url":"https:\/\/blog.zeit.de\/teilchen\/2015\/10\/08\/benimmregeln-fuer-fluechtlinge\/","name":"Benimmregeln f\u00fcr Fl\u00fcchtlinge","isPartOf":{"@id":"https:\/\/blog.zeit.de\/teilchen\/#website"},"datePublished":"2015-10-08T08:58:52+00:00","dateModified":"2015-10-08T12:09:08+00:00","author":{"@id":"https:\/\/blog.zeit.de\/teilchen\/#\/schema\/person\/e90ba849254185115fd919d4fad07dc0"},"description":"Wie k\u00f6nnen Kommunen Fl\u00fcchtlinge ins Gemeindeleben integrieren? In Hardheim hat der B\u00fcrgermeister nun Benimmregeln f\u00fcr die G\u00e4ste ins Netz gestellt.","breadcrumb":{"@id":"https:\/\/blog.zeit.de\/teilchen\/2015\/10\/08\/benimmregeln-fuer-fluechtlinge\/#breadcrumb"},"inLanguage":"de","potentialAction":[{"@type":"ReadAction","target":["https:\/\/blog.zeit.de\/teilchen\/2015\/10\/08\/benimmregeln-fuer-fluechtlinge\/"]}]},{"@type":"BreadcrumbList","@id":"https:\/\/blog.zeit.de\/teilchen\/2015\/10\/08\/benimmregeln-fuer-fluechtlinge\/#breadcrumb","itemListElement":[{"@type":"ListItem","position":1,"name":"Startseite","item":"https:\/\/blog.zeit.de\/teilchen\/"},{"@type":"ListItem","position":2,"name":"Benimm-Knigge f\u00fcr Fl\u00fcchtlinge"}]},{"@type":"WebSite","@id":"https:\/\/blog.zeit.de\/teilchen\/#website","url":"https:\/\/blog.zeit.de\/teilchen\/","name":"Teilchen","description":"Im Netz verstecken sich kleine Sch\u00e4tze - ZEIT ONLINE findet sie.","potentialAction":[{"@type":"SearchAction","target":{"@type":"EntryPoint","urlTemplate":"https:\/\/blog.zeit.de\/teilchen\/?s={search_term_string}"},"query-input":"required name=search_term_string"}],"inLanguage":"de"},{"@type":"Person","@id":"https:\/\/blog.zeit.de\/teilchen\/#\/schema\/person\/e90ba849254185115fd919d4fad07dc0","name":"Tobias Dorfer","image":{"@type":"ImageObject","inLanguage":"de","@id":"https:\/\/blog.zeit.de\/teilchen\/#\/schema\/person\/image\/","url":"https:\/\/secure.gravatar.com\/avatar\/0021e1a3fe9f799912804bcca6f1bcbbe58ee3bf29c8f714a0f453695a888d0a?s=96&d=mm&r=g","contentUrl":"https:\/\/secure.gravatar.com\/avatar\/0021e1a3fe9f799912804bcca6f1bcbbe58ee3bf29c8f714a0f453695a888d0a?s=96&d=mm&r=g","caption":"Tobias Dorfer"},"description":"Teamleiter Social Media bei ZEIT ONLINE. Zuvor sieben Jahre bei S\u00fcddeutsche.de, als Redakteur im Wirtschafts- und Regional-Ressort sowie Editorial SEO. Ausbildung an der Deutschen Journalistenschule in M\u00fcnchen mit Hospitanzen bei S\u00fcddeutsche Zeitung, SPIEGEL und SPIEGEL Online.","sameAs":["https:\/\/twitter.com\/tobiasdorfer"],"url":"https:\/\/blog.zeit.de\/teilchen\/author\/tdorfer\/"}]}},"jetpack_featured_media_url":"https:\/\/blog.zeit.de\/teilchen\/files\/2015\/10\/Hardheim.jpg","jetpack_sharing_enabled":true,"_links":{"self":[{"href":"https:\/\/blog.zeit.de\/teilchen\/wp-json\/wp\/v2\/posts\/8545","targetHints":{"allow":["GET"]}}],"collection":[{"href":"https:\/\/blog.zeit.de\/teilchen\/wp-json\/wp\/v2\/posts"}],"about":[{"href":"https:\/\/blog.zeit.de\/teilchen\/wp-json\/wp\/v2\/types\/post"}],"author":[{"embeddable":true,"href":"https:\/\/blog.zeit.de\/teilchen\/wp-json\/wp\/v2\/users\/556"}],"replies":[{"embeddable":true,"href":"https:\/\/blog.zeit.de\/teilchen\/wp-json\/wp\/v2\/comments?post=8545"}],"version-history":[{"count":15,"href":"https:\/\/blog.zeit.de\/teilchen\/wp-json\/wp\/v2\/posts\/8545\/revisions"}],"predecessor-version":[{"id":8594,"href":"https:\/\/blog.zeit.de\/teilchen\/wp-json\/wp\/v2\/posts\/8545\/revisions\/8594"}],"wp:featuredmedia":[{"embeddable":true,"href":"https:\/\/blog.zeit.de\/teilchen\/wp-json\/wp\/v2\/media\/8546"}],"wp:attachment":[{"href":"https:\/\/blog.zeit.de\/teilchen\/wp-json\/wp\/v2\/media?parent=8545"}],"wp:term":[{"taxonomy":"category","embeddable":true,"href":"https:\/\/blog.zeit.de\/teilchen\/wp-json\/wp\/v2\/categories?post=8545"},{"taxonomy":"post_tag","embeddable":true,"href":"https:\/\/blog.zeit.de\/teilchen\/wp-json\/wp\/v2\/tags?post=8545"}],"curies":[{"name":"wp","href":"https:\/\/api.w.org\/{rel}","templated":true}]}}