{"id":862,"date":"2015-01-05T11:00:25","date_gmt":"2015-01-05T10:00:25","guid":{"rendered":"http:\/\/blog.zeit.de\/teilchen\/?p=862"},"modified":"2015-03-20T17:17:34","modified_gmt":"2015-03-20T16:17:34","slug":"ebola-virus-westafrika","status":"publish","type":"post","link":"https:\/\/blog.zeit.de\/teilchen\/2015\/01\/05\/ebola-virus-westafrika\/","title":{"rendered":"Wie Ebola zur untersch\u00e4tzten Gefahr wurde"},"content":{"rendered":"<p><a href=\"http:\/\/www.nytimes.com\/2014\/12\/30\/health\/how-ebola-roared-back.html?ref=science&amp;_r=1\"><img loading=\"lazy\" decoding=\"async\" class=\"alignnone size-medium wp-image-864\" src=\"https:\/\/blog.zeit.de\/teilchen\/files\/2014\/12\/Bildschirmfoto-2014-12-30-um-15.41.44-580x268.png\" alt=\"Bildschirmfoto 2014-12-30 um 15.41.44\" width=\"580\" height=\"268\" srcset=\"https:\/\/blog.zeit.de\/teilchen\/files\/2014\/12\/Bildschirmfoto-2014-12-30-um-15.41.44-580x268.png 580w, https:\/\/blog.zeit.de\/teilchen\/files\/2014\/12\/Bildschirmfoto-2014-12-30-um-15.41.44-1024x473.png 1024w, https:\/\/blog.zeit.de\/teilchen\/files\/2014\/12\/Bildschirmfoto-2014-12-30-um-15.41.44.png 1193w\" sizes=\"auto, (max-width: 580px) 100vw, 580px\" \/><\/a><\/p>\n<p>Auf dem R\u00fcckflug nach Atlanta d\u00f6ste Dr. Pierre Rollin auf Sitz 26C ein. Er hatte soeben einen f\u00fcnfw\u00f6chigen Einsatz in Westafrika beendet, dort war die gef\u00e4hrliche Infektionskrankheit <a href=\"http:\/\/www.zeit.de\/wissen\/gesundheit\/ebola-epidemie-uebersicht\">Ebola ausgebrochen<\/a>. F\u00fcr den Seuchen-Experten galt die Epidemie in Westafrika zur Zeit seines R\u00fcckflugs als so gut wie \u00fcberstanden, <a href=\"http:\/\/www.nytimes.com\/2014\/12\/30\/health\/how-ebola-roared-back.html?ref=science&amp;_r=2\">schreibt die<\/a> <em>New York Times<\/em>. Doch wie so viele seiner Kollegen hatte er diesen Ebola-Ausbruch untersch\u00e4tzt \u2013\u00a0sie hatten Hinweise \u00fcbersehen, die heute offensichtlich erscheinen.<\/p>\n<p>Der bislang gr\u00f6\u00dfte Ebola-Ausbruch aller Zeiten war eines der bestimmenden Themen im vergangenen Jahr. Weshalb Forschern und \u00c4rzten im Fr\u00fchjahr 2014 die Kontrolle \u00fcber das Ebola-Virus entglitt, zeichnet eine aufwendig gestaltete <a href=\"http:\/\/www.nytimes.com\/2014\/12\/30\/health\/how-ebola-roared-back.html?ref=science&amp;_r=1\" target=\"_blank\">Multimediareportage der <em>New York Times<\/em> nach<\/a>.<\/p>\n<p>Auch <a href=\"http:\/\/www.zeit.de\/2014\/44\/ebola-virus-krankheit-enstehung\" target=\"_blank\">ZEIT-Reporter waren dem Weg der Epidemie gefolgt<\/a> \u2013\u00a0und hatten danach <a href=\"http:\/\/www.zeit.de\/2014\/44\/ebola-virus-reportage-rueckkehr-deutschland\" target=\"_blank\">Probleme, sich in ihrem Alltag wieder einzufinden<\/a>. Mit <a title=\"Artikel auf ZEIT ONLINE\" href=\"http:\/\/www.zeit.de\/wissen\/gesundheit\/2014-10\/ebola-new-york-arzt\" target=\"_blank\">jedem Ebola-Fall<\/a> jenseits von Afrika scheint die <a href=\"http:\/\/www.zeit.de\/2014\/44\/ebola-epidemie-bedrohung-deutschland\">Bedrohung pers\u00f6nlicher zu werden<\/a>.<\/p>\n<p><em>Weitere Teilchen finden Sie <a href=\"https:\/\/blog.zeit.de\/teilchen\/\" target=\"_blank\">hier<\/a>.<\/em><\/p>\n","protected":false},"excerpt":{"rendered":"<p>Auf dem R\u00fcckflug nach Atlanta d\u00f6ste Dr. Pierre Rollin auf Sitz 26C ein. Er hatte soeben einen f\u00fcnfw\u00f6chigen Einsatz in Westafrika beendet, dort war [\u2026]<\/p>\n","protected":false},"author":528,"featured_media":0,"comment_status":"open","ping_status":"closed","sticky":false,"template":"","format":"standard","meta":{"_jetpack_memberships_contains_paid_content":false,"footnotes":""},"categories":[29747],"tags":[24013],"class_list":["post-862","post","type-post","status-publish","format-standard","hentry","category-geschichten","tag-ebola"],"yoast_head":"<!-- This site is optimized with the Yoast SEO plugin v21.0 - https:\/\/yoast.com\/wordpress\/plugins\/seo\/ -->\n<title>Wie Ebola zur untersch\u00e4tzten Gefahr wurde &#8902; Teilchen<\/title>\n<meta name=\"description\" content=\"Eine aufwendige Multimediareportage der New York Times zeigt, weshalb Forschern und \u00c4rzten im Fr\u00fchjahr 2014 die Kontrolle \u00fcber das Ebola-Virus entglitt.\" \/>\n<meta name=\"robots\" content=\"index, follow, max-snippet:-1, max-image-preview:large, max-video-preview:-1\" \/>\n<link rel=\"canonical\" href=\"https:\/\/blog.zeit.de\/teilchen\/2015\/01\/05\/ebola-virus-westafrika\/\" \/>\n<meta property=\"og:locale\" content=\"de_DE\" \/>\n<meta property=\"og:type\" content=\"article\" \/>\n<meta property=\"og:title\" content=\"Wie Ebola zur untersch\u00e4tzten Gefahr wurde &#8902; Teilchen\" \/>\n<meta property=\"og:description\" content=\"Eine aufwendige Multimediareportage der New York Times zeigt, weshalb Forschern und \u00c4rzten im Fr\u00fchjahr 2014 die Kontrolle \u00fcber das Ebola-Virus entglitt.\" \/>\n<meta property=\"og:url\" content=\"https:\/\/blog.zeit.de\/teilchen\/2015\/01\/05\/ebola-virus-westafrika\/\" \/>\n<meta property=\"og:site_name\" content=\"Teilchen\" \/>\n<meta property=\"article:published_time\" content=\"2015-01-05T10:00:25+00:00\" \/>\n<meta property=\"article:modified_time\" content=\"2015-03-20T16:17:34+00:00\" \/>\n<meta property=\"og:image\" content=\"https:\/\/blog.zeit.de\/teilchen\/files\/2014\/12\/Bildschirmfoto-2014-12-30-um-15.41.44-580x268.png\" \/>\n<meta name=\"author\" content=\"Bj\u00f6rn Maatz\" \/>\n<meta name=\"twitter:card\" content=\"summary_large_image\" \/>\n<meta name=\"twitter:creator\" content=\"@BjoernMaatz\" \/>\n<meta name=\"twitter:site\" content=\"@zeitonline\" \/>\n<meta name=\"twitter:label1\" content=\"Geschrieben von\" \/>\n\t<meta name=\"twitter:data1\" content=\"Bj\u00f6rn Maatz\" \/>\n\t<meta name=\"twitter:label2\" content=\"Gesch\u00e4tzte Lesezeit\" \/>\n\t<meta name=\"twitter:data2\" content=\"1\u00a0Minute\" \/>\n<script type=\"application\/ld+json\" class=\"yoast-schema-graph\">{\"@context\":\"https:\/\/schema.org\",\"@graph\":[{\"@type\":\"WebPage\",\"@id\":\"https:\/\/blog.zeit.de\/teilchen\/2015\/01\/05\/ebola-virus-westafrika\/\",\"url\":\"https:\/\/blog.zeit.de\/teilchen\/2015\/01\/05\/ebola-virus-westafrika\/\",\"name\":\"Wie Ebola zur untersch\u00e4tzten Gefahr wurde &#8902; Teilchen\",\"isPartOf\":{\"@id\":\"https:\/\/blog.zeit.de\/teilchen\/#website\"},\"datePublished\":\"2015-01-05T10:00:25+00:00\",\"dateModified\":\"2015-03-20T16:17:34+00:00\",\"author\":{\"@id\":\"https:\/\/blog.zeit.de\/teilchen\/#\/schema\/person\/20ae47479c9c6443ed61f03c9eac892f\"},\"description\":\"Eine aufwendige Multimediareportage der New York Times zeigt, weshalb Forschern und \u00c4rzten im Fr\u00fchjahr 2014 die Kontrolle \u00fcber das Ebola-Virus entglitt.\",\"breadcrumb\":{\"@id\":\"https:\/\/blog.zeit.de\/teilchen\/2015\/01\/05\/ebola-virus-westafrika\/#breadcrumb\"},\"inLanguage\":\"de\",\"potentialAction\":[{\"@type\":\"ReadAction\",\"target\":[\"https:\/\/blog.zeit.de\/teilchen\/2015\/01\/05\/ebola-virus-westafrika\/\"]}]},{\"@type\":\"BreadcrumbList\",\"@id\":\"https:\/\/blog.zeit.de\/teilchen\/2015\/01\/05\/ebola-virus-westafrika\/#breadcrumb\",\"itemListElement\":[{\"@type\":\"ListItem\",\"position\":1,\"name\":\"Startseite\",\"item\":\"https:\/\/blog.zeit.de\/teilchen\/\"},{\"@type\":\"ListItem\",\"position\":2,\"name\":\"Wie Ebola zur untersch\u00e4tzten Gefahr wurde\"}]},{\"@type\":\"WebSite\",\"@id\":\"https:\/\/blog.zeit.de\/teilchen\/#website\",\"url\":\"https:\/\/blog.zeit.de\/teilchen\/\",\"name\":\"Teilchen\",\"description\":\"Im Netz verstecken sich kleine Sch\u00e4tze - ZEIT ONLINE findet sie.\",\"potentialAction\":[{\"@type\":\"SearchAction\",\"target\":{\"@type\":\"EntryPoint\",\"urlTemplate\":\"https:\/\/blog.zeit.de\/teilchen\/?s={search_term_string}\"},\"query-input\":\"required name=search_term_string\"}],\"inLanguage\":\"de\"},{\"@type\":\"Person\",\"@id\":\"https:\/\/blog.zeit.de\/teilchen\/#\/schema\/person\/20ae47479c9c6443ed61f03c9eac892f\",\"name\":\"Bj\u00f6rn Maatz\",\"image\":{\"@type\":\"ImageObject\",\"inLanguage\":\"de\",\"@id\":\"https:\/\/blog.zeit.de\/teilchen\/#\/schema\/person\/image\/\",\"url\":\"https:\/\/secure.gravatar.com\/avatar\/4ed13ddffa21af7dcec9d6d36d2b36f05bfc49e1676e43abd84a80376d644278?s=96&d=mm&r=g\",\"contentUrl\":\"https:\/\/secure.gravatar.com\/avatar\/4ed13ddffa21af7dcec9d6d36d2b36f05bfc49e1676e43abd84a80376d644278?s=96&d=mm&r=g\",\"caption\":\"Bj\u00f6rn Maatz\"},\"description\":\"Leitet die Online-Redaktion der Kreativagentur Philipp und Keuntje. Zuvor Engagement-Redakteur bei ZEIT ONLINE und bei FINANCIAL TIMES DEUTSCHLAND, u.a. als Print-Redakteur im Unternehmensressort sowie als erster und letzter Social-Media-Redakteur. Studium der Wirtschaftsjournalistik in Bremen und Melbourne mit Hospitanzen beim NDR, der dpa und dem Hamburger Abendblatt.\",\"sameAs\":[\"https:\/\/twitter.com\/BjoernMaatz\"],\"url\":\"https:\/\/blog.zeit.de\/teilchen\/author\/bjoernmaatz\/\"}]}<\/script>\n<!-- \/ Yoast SEO plugin. -->","yoast_head_json":{"title":"Wie Ebola zur untersch\u00e4tzten Gefahr wurde &#8902; Teilchen","description":"Eine aufwendige Multimediareportage der New York Times zeigt, weshalb Forschern und \u00c4rzten im Fr\u00fchjahr 2014 die Kontrolle \u00fcber das Ebola-Virus entglitt.","robots":{"index":"index","follow":"follow","max-snippet":"max-snippet:-1","max-image-preview":"max-image-preview:large","max-video-preview":"max-video-preview:-1"},"canonical":"https:\/\/blog.zeit.de\/teilchen\/2015\/01\/05\/ebola-virus-westafrika\/","og_locale":"de_DE","og_type":"article","og_title":"Wie Ebola zur untersch\u00e4tzten Gefahr wurde &#8902; Teilchen","og_description":"Eine aufwendige Multimediareportage der New York Times zeigt, weshalb Forschern und \u00c4rzten im Fr\u00fchjahr 2014 die Kontrolle \u00fcber das Ebola-Virus entglitt.","og_url":"https:\/\/blog.zeit.de\/teilchen\/2015\/01\/05\/ebola-virus-westafrika\/","og_site_name":"Teilchen","article_published_time":"2015-01-05T10:00:25+00:00","article_modified_time":"2015-03-20T16:17:34+00:00","og_image":[{"url":"https:\/\/blog.zeit.de\/teilchen\/files\/2014\/12\/Bildschirmfoto-2014-12-30-um-15.41.44-580x268.png"}],"author":"Bj\u00f6rn Maatz","twitter_card":"summary_large_image","twitter_creator":"@BjoernMaatz","twitter_site":"@zeitonline","twitter_misc":{"Geschrieben von":"Bj\u00f6rn Maatz","Gesch\u00e4tzte Lesezeit":"1\u00a0Minute"},"schema":{"@context":"https:\/\/schema.org","@graph":[{"@type":"WebPage","@id":"https:\/\/blog.zeit.de\/teilchen\/2015\/01\/05\/ebola-virus-westafrika\/","url":"https:\/\/blog.zeit.de\/teilchen\/2015\/01\/05\/ebola-virus-westafrika\/","name":"Wie Ebola zur untersch\u00e4tzten Gefahr wurde &#8902; Teilchen","isPartOf":{"@id":"https:\/\/blog.zeit.de\/teilchen\/#website"},"datePublished":"2015-01-05T10:00:25+00:00","dateModified":"2015-03-20T16:17:34+00:00","author":{"@id":"https:\/\/blog.zeit.de\/teilchen\/#\/schema\/person\/20ae47479c9c6443ed61f03c9eac892f"},"description":"Eine aufwendige Multimediareportage der New York Times zeigt, weshalb Forschern und \u00c4rzten im Fr\u00fchjahr 2014 die Kontrolle \u00fcber das Ebola-Virus entglitt.","breadcrumb":{"@id":"https:\/\/blog.zeit.de\/teilchen\/2015\/01\/05\/ebola-virus-westafrika\/#breadcrumb"},"inLanguage":"de","potentialAction":[{"@type":"ReadAction","target":["https:\/\/blog.zeit.de\/teilchen\/2015\/01\/05\/ebola-virus-westafrika\/"]}]},{"@type":"BreadcrumbList","@id":"https:\/\/blog.zeit.de\/teilchen\/2015\/01\/05\/ebola-virus-westafrika\/#breadcrumb","itemListElement":[{"@type":"ListItem","position":1,"name":"Startseite","item":"https:\/\/blog.zeit.de\/teilchen\/"},{"@type":"ListItem","position":2,"name":"Wie Ebola zur untersch\u00e4tzten Gefahr wurde"}]},{"@type":"WebSite","@id":"https:\/\/blog.zeit.de\/teilchen\/#website","url":"https:\/\/blog.zeit.de\/teilchen\/","name":"Teilchen","description":"Im Netz verstecken sich kleine Sch\u00e4tze - ZEIT ONLINE findet sie.","potentialAction":[{"@type":"SearchAction","target":{"@type":"EntryPoint","urlTemplate":"https:\/\/blog.zeit.de\/teilchen\/?s={search_term_string}"},"query-input":"required name=search_term_string"}],"inLanguage":"de"},{"@type":"Person","@id":"https:\/\/blog.zeit.de\/teilchen\/#\/schema\/person\/20ae47479c9c6443ed61f03c9eac892f","name":"Bj\u00f6rn Maatz","image":{"@type":"ImageObject","inLanguage":"de","@id":"https:\/\/blog.zeit.de\/teilchen\/#\/schema\/person\/image\/","url":"https:\/\/secure.gravatar.com\/avatar\/4ed13ddffa21af7dcec9d6d36d2b36f05bfc49e1676e43abd84a80376d644278?s=96&d=mm&r=g","contentUrl":"https:\/\/secure.gravatar.com\/avatar\/4ed13ddffa21af7dcec9d6d36d2b36f05bfc49e1676e43abd84a80376d644278?s=96&d=mm&r=g","caption":"Bj\u00f6rn Maatz"},"description":"Leitet die Online-Redaktion der Kreativagentur Philipp und Keuntje. Zuvor Engagement-Redakteur bei ZEIT ONLINE und bei FINANCIAL TIMES DEUTSCHLAND, u.a. als Print-Redakteur im Unternehmensressort sowie als erster und letzter Social-Media-Redakteur. Studium der Wirtschaftsjournalistik in Bremen und Melbourne mit Hospitanzen beim NDR, der dpa und dem Hamburger Abendblatt.","sameAs":["https:\/\/twitter.com\/BjoernMaatz"],"url":"https:\/\/blog.zeit.de\/teilchen\/author\/bjoernmaatz\/"}]}},"jetpack_featured_media_url":"","jetpack_sharing_enabled":true,"_links":{"self":[{"href":"https:\/\/blog.zeit.de\/teilchen\/wp-json\/wp\/v2\/posts\/862","targetHints":{"allow":["GET"]}}],"collection":[{"href":"https:\/\/blog.zeit.de\/teilchen\/wp-json\/wp\/v2\/posts"}],"about":[{"href":"https:\/\/blog.zeit.de\/teilchen\/wp-json\/wp\/v2\/types\/post"}],"author":[{"embeddable":true,"href":"https:\/\/blog.zeit.de\/teilchen\/wp-json\/wp\/v2\/users\/528"}],"replies":[{"embeddable":true,"href":"https:\/\/blog.zeit.de\/teilchen\/wp-json\/wp\/v2\/comments?post=862"}],"version-history":[{"count":9,"href":"https:\/\/blog.zeit.de\/teilchen\/wp-json\/wp\/v2\/posts\/862\/revisions"}],"predecessor-version":[{"id":2448,"href":"https:\/\/blog.zeit.de\/teilchen\/wp-json\/wp\/v2\/posts\/862\/revisions\/2448"}],"wp:attachment":[{"href":"https:\/\/blog.zeit.de\/teilchen\/wp-json\/wp\/v2\/media?parent=862"}],"wp:term":[{"taxonomy":"category","embeddable":true,"href":"https:\/\/blog.zeit.de\/teilchen\/wp-json\/wp\/v2\/categories?post=862"},{"taxonomy":"post_tag","embeddable":true,"href":"https:\/\/blog.zeit.de\/teilchen\/wp-json\/wp\/v2\/tags?post=862"}],"curies":[{"name":"wp","href":"https:\/\/api.w.org\/{rel}","templated":true}]}}