{"id":8626,"date":"2015-10-08T17:21:03","date_gmt":"2015-10-08T15:21:03","guid":{"rendered":"http:\/\/blog.zeit.de\/teilchen\/?p=8626"},"modified":"2015-10-08T17:28:19","modified_gmt":"2015-10-08T15:28:19","slug":"still-ruht-der-stau","status":"publish","type":"post","link":"https:\/\/blog.zeit.de\/teilchen\/2015\/10\/08\/still-ruht-der-stau\/","title":{"rendered":"Still ruht der Stau"},"content":{"rendered":"<p>https:\/\/www.youtube.com\/watch?v=O3kL6nMap2s<\/p>\n<p>F\u00fcr fl\u00fcssig laufenden Verkehr ist Peking ebenso wenig bekannt wie f\u00fcr eine Tradition als Luftkurort (<a href=\"https:\/\/blog.zeit.de\/china\/2015\/05\/22\/blauer-himmel-ueber-peking\/\" target=\"_blank\">auch wenn sich die Werte zuletzt verbessert haben<\/a>). Aber das, was sich in den letzten Tagen an Fahrzeugen vor den Toren von Chinas Hauptstadt abspielte, ist mit dem Begriff Rush Hour definitiv unzureichend beschrieben.<!--more--><\/p>\n<p>Kilometerlang stauen sich die Autos vor einer Maut-Station \u2013 gefilmt von einer Drohne, <a href=\"https:\/\/www.youtube.com\/watch?v=O3kL6nMap2s\" target=\"_blank\">der Film ist auf dem YouTube-Kanal des Onlinemagazins <em>Sploid<\/em> zu sehen.<\/a> Was die wartenden Autofahrer da noch nicht wissen: Nach der Station geht der Stau weiter, w\u00e4hrend auf der Gegenseite die Autos v\u00f6llig staufrei stadtausw\u00e4rts fahren.<\/p>\n<p>Der Weg in die Millionenmetropole ist\u00a0ein richtiger Horrortrip. Doch dass die Stra\u00dfen derart \u00fcberf\u00fcllt sind, ist nicht erstaunlich. Am 7. Oktober endeten die einw\u00f6chigen Ferien um den chinesischen Nationalfeiertag herum. Viele Chinesen nutzen diese Zeit f\u00fcr einen Urlaubstrip.<\/p>\n<p>Bei einer Stadt wie Peking, die elf Millionen Einwohner z\u00e4hlt, kann der Urlaubsverkehr schon ganz andere Dimensionen erreichen, als wir es in Deutschland kennen.<\/p>\n<p><em>Weitere <a href=\"https:\/\/blog.zeit.de\/teilchen\/\">Teilchen finden Sie hier<\/a>.<\/em><\/p>\n","protected":false},"excerpt":{"rendered":"<p>https:\/\/www.youtube.com\/watch?v=O3kL6nMap2s F\u00fcr fl\u00fcssig laufenden Verkehr ist Peking ebenso wenig bekannt wie f\u00fcr eine Tradition als Luftkurort (auch wenn sich die Werte zuletzt verbessert haben). [\u2026]<\/p>\n","protected":false},"author":556,"featured_media":8630,"comment_status":"open","ping_status":"closed","sticky":false,"template":"","format":"standard","meta":{"_jetpack_memberships_contains_paid_content":false,"footnotes":""},"categories":[28],"tags":[],"class_list":["post-8626","post","type-post","status-publish","format-standard","has-post-thumbnail","hentry","category-video"],"yoast_head":"<!-- This site is optimized with the Yoast SEO plugin v21.0 - https:\/\/yoast.com\/wordpress\/plugins\/seo\/ -->\n<title>Still ruht der Stau<\/title>\n<meta name=\"description\" content=\"Wer hierzulande das n\u00e4chste mal im Stau steht, sollte sich lieber dieses Video aus China ansehen, bevor er sich aufregt.\" \/>\n<meta name=\"robots\" content=\"index, follow, max-snippet:-1, max-image-preview:large, max-video-preview:-1\" \/>\n<link rel=\"canonical\" href=\"https:\/\/blog.zeit.de\/teilchen\/2015\/10\/08\/still-ruht-der-stau\/\" \/>\n<meta property=\"og:locale\" content=\"de_DE\" \/>\n<meta property=\"og:type\" content=\"article\" \/>\n<meta property=\"og:title\" content=\"Still ruht der Stau\" \/>\n<meta property=\"og:description\" content=\"Wer hierzulande das n\u00e4chste mal im Stau steht, sollte sich lieber dieses Video aus China ansehen, bevor er sich aufregt.\" \/>\n<meta property=\"og:url\" content=\"https:\/\/blog.zeit.de\/teilchen\/2015\/10\/08\/still-ruht-der-stau\/\" \/>\n<meta property=\"og:site_name\" content=\"Teilchen\" \/>\n<meta property=\"article:published_time\" content=\"2015-10-08T15:21:03+00:00\" \/>\n<meta property=\"article:modified_time\" content=\"2015-10-08T15:28:19+00:00\" \/>\n<meta property=\"og:image\" content=\"https:\/\/blog.zeit.de\/teilchen\/files\/2015\/10\/stau.jpg\" \/>\n\t<meta property=\"og:image:width\" content=\"1920\" \/>\n\t<meta property=\"og:image:height\" content=\"1080\" \/>\n\t<meta property=\"og:image:type\" content=\"image\/jpeg\" \/>\n<meta name=\"author\" content=\"Tobias Dorfer\" \/>\n<meta name=\"twitter:card\" content=\"summary_large_image\" \/>\n<meta name=\"twitter:creator\" content=\"@tobiasdorfer\" \/>\n<meta name=\"twitter:site\" content=\"@zeitonline\" \/>\n<meta name=\"twitter:label1\" content=\"Geschrieben von\" \/>\n\t<meta name=\"twitter:data1\" content=\"Tobias Dorfer\" \/>\n\t<meta name=\"twitter:label2\" content=\"Gesch\u00e4tzte Lesezeit\" \/>\n\t<meta name=\"twitter:data2\" content=\"1\u00a0Minute\" \/>\n<script type=\"application\/ld+json\" class=\"yoast-schema-graph\">{\"@context\":\"https:\/\/schema.org\",\"@graph\":[{\"@type\":\"WebPage\",\"@id\":\"https:\/\/blog.zeit.de\/teilchen\/2015\/10\/08\/still-ruht-der-stau\/\",\"url\":\"https:\/\/blog.zeit.de\/teilchen\/2015\/10\/08\/still-ruht-der-stau\/\",\"name\":\"Still ruht der Stau\",\"isPartOf\":{\"@id\":\"https:\/\/blog.zeit.de\/teilchen\/#website\"},\"datePublished\":\"2015-10-08T15:21:03+00:00\",\"dateModified\":\"2015-10-08T15:28:19+00:00\",\"author\":{\"@id\":\"https:\/\/blog.zeit.de\/teilchen\/#\/schema\/person\/e90ba849254185115fd919d4fad07dc0\"},\"description\":\"Wer hierzulande das n\u00e4chste mal im Stau steht, sollte sich lieber dieses Video aus China ansehen, bevor er sich aufregt.\",\"breadcrumb\":{\"@id\":\"https:\/\/blog.zeit.de\/teilchen\/2015\/10\/08\/still-ruht-der-stau\/#breadcrumb\"},\"inLanguage\":\"de\",\"potentialAction\":[{\"@type\":\"ReadAction\",\"target\":[\"https:\/\/blog.zeit.de\/teilchen\/2015\/10\/08\/still-ruht-der-stau\/\"]}]},{\"@type\":\"BreadcrumbList\",\"@id\":\"https:\/\/blog.zeit.de\/teilchen\/2015\/10\/08\/still-ruht-der-stau\/#breadcrumb\",\"itemListElement\":[{\"@type\":\"ListItem\",\"position\":1,\"name\":\"Startseite\",\"item\":\"https:\/\/blog.zeit.de\/teilchen\/\"},{\"@type\":\"ListItem\",\"position\":2,\"name\":\"Still ruht der Stau\"}]},{\"@type\":\"WebSite\",\"@id\":\"https:\/\/blog.zeit.de\/teilchen\/#website\",\"url\":\"https:\/\/blog.zeit.de\/teilchen\/\",\"name\":\"Teilchen\",\"description\":\"Im Netz verstecken sich kleine Sch\u00e4tze - ZEIT ONLINE findet sie.\",\"potentialAction\":[{\"@type\":\"SearchAction\",\"target\":{\"@type\":\"EntryPoint\",\"urlTemplate\":\"https:\/\/blog.zeit.de\/teilchen\/?s={search_term_string}\"},\"query-input\":\"required name=search_term_string\"}],\"inLanguage\":\"de\"},{\"@type\":\"Person\",\"@id\":\"https:\/\/blog.zeit.de\/teilchen\/#\/schema\/person\/e90ba849254185115fd919d4fad07dc0\",\"name\":\"Tobias Dorfer\",\"image\":{\"@type\":\"ImageObject\",\"inLanguage\":\"de\",\"@id\":\"https:\/\/blog.zeit.de\/teilchen\/#\/schema\/person\/image\/\",\"url\":\"https:\/\/secure.gravatar.com\/avatar\/0021e1a3fe9f799912804bcca6f1bcbbe58ee3bf29c8f714a0f453695a888d0a?s=96&d=mm&r=g\",\"contentUrl\":\"https:\/\/secure.gravatar.com\/avatar\/0021e1a3fe9f799912804bcca6f1bcbbe58ee3bf29c8f714a0f453695a888d0a?s=96&d=mm&r=g\",\"caption\":\"Tobias Dorfer\"},\"description\":\"Teamleiter Social Media bei ZEIT ONLINE. Zuvor sieben Jahre bei S\u00fcddeutsche.de, als Redakteur im Wirtschafts- und Regional-Ressort sowie Editorial SEO. Ausbildung an der Deutschen Journalistenschule in M\u00fcnchen mit Hospitanzen bei S\u00fcddeutsche Zeitung, SPIEGEL und SPIEGEL Online.\",\"sameAs\":[\"https:\/\/twitter.com\/tobiasdorfer\"],\"url\":\"https:\/\/blog.zeit.de\/teilchen\/author\/tdorfer\/\"}]}<\/script>\n<!-- \/ Yoast SEO plugin. -->","yoast_head_json":{"title":"Still ruht der Stau","description":"Wer hierzulande das n\u00e4chste mal im Stau steht, sollte sich lieber dieses Video aus China ansehen, bevor er sich aufregt.","robots":{"index":"index","follow":"follow","max-snippet":"max-snippet:-1","max-image-preview":"max-image-preview:large","max-video-preview":"max-video-preview:-1"},"canonical":"https:\/\/blog.zeit.de\/teilchen\/2015\/10\/08\/still-ruht-der-stau\/","og_locale":"de_DE","og_type":"article","og_title":"Still ruht der Stau","og_description":"Wer hierzulande das n\u00e4chste mal im Stau steht, sollte sich lieber dieses Video aus China ansehen, bevor er sich aufregt.","og_url":"https:\/\/blog.zeit.de\/teilchen\/2015\/10\/08\/still-ruht-der-stau\/","og_site_name":"Teilchen","article_published_time":"2015-10-08T15:21:03+00:00","article_modified_time":"2015-10-08T15:28:19+00:00","og_image":[{"width":1920,"height":1080,"url":"https:\/\/blog.zeit.de\/teilchen\/files\/2015\/10\/stau.jpg","type":"image\/jpeg"}],"author":"Tobias Dorfer","twitter_card":"summary_large_image","twitter_creator":"@tobiasdorfer","twitter_site":"@zeitonline","twitter_misc":{"Geschrieben von":"Tobias Dorfer","Gesch\u00e4tzte Lesezeit":"1\u00a0Minute"},"schema":{"@context":"https:\/\/schema.org","@graph":[{"@type":"WebPage","@id":"https:\/\/blog.zeit.de\/teilchen\/2015\/10\/08\/still-ruht-der-stau\/","url":"https:\/\/blog.zeit.de\/teilchen\/2015\/10\/08\/still-ruht-der-stau\/","name":"Still ruht der Stau","isPartOf":{"@id":"https:\/\/blog.zeit.de\/teilchen\/#website"},"datePublished":"2015-10-08T15:21:03+00:00","dateModified":"2015-10-08T15:28:19+00:00","author":{"@id":"https:\/\/blog.zeit.de\/teilchen\/#\/schema\/person\/e90ba849254185115fd919d4fad07dc0"},"description":"Wer hierzulande das n\u00e4chste mal im Stau steht, sollte sich lieber dieses Video aus China ansehen, bevor er sich aufregt.","breadcrumb":{"@id":"https:\/\/blog.zeit.de\/teilchen\/2015\/10\/08\/still-ruht-der-stau\/#breadcrumb"},"inLanguage":"de","potentialAction":[{"@type":"ReadAction","target":["https:\/\/blog.zeit.de\/teilchen\/2015\/10\/08\/still-ruht-der-stau\/"]}]},{"@type":"BreadcrumbList","@id":"https:\/\/blog.zeit.de\/teilchen\/2015\/10\/08\/still-ruht-der-stau\/#breadcrumb","itemListElement":[{"@type":"ListItem","position":1,"name":"Startseite","item":"https:\/\/blog.zeit.de\/teilchen\/"},{"@type":"ListItem","position":2,"name":"Still ruht der Stau"}]},{"@type":"WebSite","@id":"https:\/\/blog.zeit.de\/teilchen\/#website","url":"https:\/\/blog.zeit.de\/teilchen\/","name":"Teilchen","description":"Im Netz verstecken sich kleine Sch\u00e4tze - ZEIT ONLINE findet sie.","potentialAction":[{"@type":"SearchAction","target":{"@type":"EntryPoint","urlTemplate":"https:\/\/blog.zeit.de\/teilchen\/?s={search_term_string}"},"query-input":"required name=search_term_string"}],"inLanguage":"de"},{"@type":"Person","@id":"https:\/\/blog.zeit.de\/teilchen\/#\/schema\/person\/e90ba849254185115fd919d4fad07dc0","name":"Tobias Dorfer","image":{"@type":"ImageObject","inLanguage":"de","@id":"https:\/\/blog.zeit.de\/teilchen\/#\/schema\/person\/image\/","url":"https:\/\/secure.gravatar.com\/avatar\/0021e1a3fe9f799912804bcca6f1bcbbe58ee3bf29c8f714a0f453695a888d0a?s=96&d=mm&r=g","contentUrl":"https:\/\/secure.gravatar.com\/avatar\/0021e1a3fe9f799912804bcca6f1bcbbe58ee3bf29c8f714a0f453695a888d0a?s=96&d=mm&r=g","caption":"Tobias Dorfer"},"description":"Teamleiter Social Media bei ZEIT ONLINE. Zuvor sieben Jahre bei S\u00fcddeutsche.de, als Redakteur im Wirtschafts- und Regional-Ressort sowie Editorial SEO. Ausbildung an der Deutschen Journalistenschule in M\u00fcnchen mit Hospitanzen bei S\u00fcddeutsche Zeitung, SPIEGEL und SPIEGEL Online.","sameAs":["https:\/\/twitter.com\/tobiasdorfer"],"url":"https:\/\/blog.zeit.de\/teilchen\/author\/tdorfer\/"}]}},"jetpack_featured_media_url":"https:\/\/blog.zeit.de\/teilchen\/files\/2015\/10\/stau.jpg","jetpack_sharing_enabled":true,"_links":{"self":[{"href":"https:\/\/blog.zeit.de\/teilchen\/wp-json\/wp\/v2\/posts\/8626","targetHints":{"allow":["GET"]}}],"collection":[{"href":"https:\/\/blog.zeit.de\/teilchen\/wp-json\/wp\/v2\/posts"}],"about":[{"href":"https:\/\/blog.zeit.de\/teilchen\/wp-json\/wp\/v2\/types\/post"}],"author":[{"embeddable":true,"href":"https:\/\/blog.zeit.de\/teilchen\/wp-json\/wp\/v2\/users\/556"}],"replies":[{"embeddable":true,"href":"https:\/\/blog.zeit.de\/teilchen\/wp-json\/wp\/v2\/comments?post=8626"}],"version-history":[{"count":4,"href":"https:\/\/blog.zeit.de\/teilchen\/wp-json\/wp\/v2\/posts\/8626\/revisions"}],"predecessor-version":[{"id":8637,"href":"https:\/\/blog.zeit.de\/teilchen\/wp-json\/wp\/v2\/posts\/8626\/revisions\/8637"}],"wp:featuredmedia":[{"embeddable":true,"href":"https:\/\/blog.zeit.de\/teilchen\/wp-json\/wp\/v2\/media\/8630"}],"wp:attachment":[{"href":"https:\/\/blog.zeit.de\/teilchen\/wp-json\/wp\/v2\/media?parent=8626"}],"wp:term":[{"taxonomy":"category","embeddable":true,"href":"https:\/\/blog.zeit.de\/teilchen\/wp-json\/wp\/v2\/categories?post=8626"},{"taxonomy":"post_tag","embeddable":true,"href":"https:\/\/blog.zeit.de\/teilchen\/wp-json\/wp\/v2\/tags?post=8626"}],"curies":[{"name":"wp","href":"https:\/\/api.w.org\/{rel}","templated":true}]}}