{"id":9151,"date":"2015-10-29T16:00:49","date_gmt":"2015-10-29T15:00:49","guid":{"rendered":"http:\/\/blog.zeit.de\/teilchen\/?p=9151"},"modified":"2015-10-30T14:50:46","modified_gmt":"2015-10-30T13:50:46","slug":"fluechtlinge-europa-syrien-deutschland","status":"publish","type":"post","link":"https:\/\/blog.zeit.de\/teilchen\/2015\/10\/29\/fluechtlinge-europa-syrien-deutschland\/","title":{"rendered":"In diese europ\u00e4ischen L\u00e4nder fliehen Fl\u00fcchtlinge"},"content":{"rendered":"<p><figure id=\"attachment_9152\" aria-describedby=\"caption-attachment-9152\" style=\"width: 799px\" class=\"wp-caption aligncenter\"><img loading=\"lazy\" decoding=\"async\" class=\"wp-image-9152 size-full\" src=\"https:\/\/blog.zeit.de\/teilchen\/files\/2015\/10\/FlowtowardsEurope.gif\" alt=\"FlowtowardsEurope\" width=\"799\" height=\"464\" \/><figcaption id=\"caption-attachment-9152\" class=\"wp-caption-text\">Lucify zeigt auf einer interaktiven Karte, in welche europ\u00e4ischen L\u00e4nder Fl\u00fcchtlinge fliehen. \u00a9 Lucify<\/figcaption><\/figure><\/p>\n<p>Wie k\u00f6nnen wir fassen, was die gro\u00dfe Zahl fliehender Menschen f\u00fcr Europa bedeutet? Nat\u00fcrlich indem wir Bilder von den langen M\u00e4rschen an den Grenzen und von den immer noch \u00fcberf\u00fcllten Booten anschauen, und vor allem indem wir in die ersch\u00f6pften Gesichter der M\u00e4nner, Frauen und Kinder sehen und ihre Geschichten h\u00f6ren.<\/p>\n<p><!--more--><\/p>\n<p>Die Zahlen selbst sind allerdings auch m\u00e4chtig: Etwa 10.000 Fl\u00fcchtlinge kommen jeden Tag in Griechenland an. Allein im vergangenen September erreichten laut UNHCR fast 40.500 syrische Asylsuchende Deutschland. Als Ziffern bleiben sie allerdings abstrakt, sie ber\u00fchren nicht. Wenn man jedoch wie die Firma Lucify aus Helsinki die gesch\u00e4tzten Daten der Vereinten Nationen fliegen l\u00e4sst, bekommen sie gro\u00dfe Wucht. <a href=\"http:\/\/www.lucify.com\/the-flow-towards-europe\/\">Auf einer Landkarte fliegen kleine P\u00fcnktchen aus den Herkunftsl\u00e4ndern in die Aufnahmel\u00e4nder<\/a> \u2013 ein Punkt steht f\u00fcr 25 Menschen, eine halbe Busladung etwa. Am Anfang der Z\u00e4hlung (im Jahr 2012) \u00e4hnelt der Strom der P\u00fcnktchen aus Syrien nach Deutschland noch einer Linie, in den letzten Monaten eher einem kr\u00e4ftigen Duschstrahl.<\/p>\n<p><figure id=\"attachment_9185\" aria-describedby=\"caption-attachment-9185\" style=\"width: 544px\" class=\"wp-caption aligncenter\"><img loading=\"lazy\" decoding=\"async\" class=\"wp-image-9185 size-full\" src=\"https:\/\/blog.zeit.de\/teilchen\/files\/2015\/10\/DeutschlandFlow.gif\" alt=\"DeutschlandFlow\" width=\"544\" height=\"363\" \/><figcaption id=\"caption-attachment-9185\" class=\"wp-caption-text\">\u00a9 Lucify<\/figcaption><\/figure><\/p>\n<p>Eine andere Grafik am Ende relativiert die Last der Europ\u00e4er: W\u00fcrde man die syrischen Fl\u00fcchtlinge alle in Fu\u00dfballfeldern zusammenquetschen, w\u00e4ren etwa acht Felder in Europa voll, aber 59 in den nicht-europ\u00e4ischen L\u00e4ndern, beispielsweise in der T\u00fcrkei, im Libanon, in Jordanien, im Irak und in Nordafrika.<\/p>\n<p>Das ist erhellend, kann aber nicht den Anblick der m\u00fcden Menschen ersetzen. Denn eine Dusche P\u00fcnktchen, die man mal schneller, mal langsamer einstellen kann, l\u00e4sst leicht vergessen, wie m\u00fchsam und voller Umwege eine Flucht ist. Dass es sich um Menschen handelt und nicht um einen Hurrikan, der \u00fcber Europa fegt.<\/p>\n<ul>\n<li>Wer gegen wen in Syrien k\u00e4mpft: <a href=\"https:\/\/blog.zeit.de\/teilchen\/2015\/10\/08\/wer-gegen-wen-in-syrien-kampft\/\" target=\"_blank\">ein Erkl\u00e4rvideo der <em>BBC<\/em>.<\/a><\/li>\n<li>Wo Russland bombt und wo die USA:\u00a0<a href=\"https:\/\/blog.zeit.de\/teilchen\/2015\/10\/06\/russland-usa-syrien-bomben\/\" target=\"_blank\">Infografiken der <em>New York Times<\/em>.<\/a><\/li>\n<li>Was\u00a0w\u00fcrden Sie tun, wenn Sie aus Syrien fl\u00fcchten m\u00fcssten?\u00a0<a href=\"https:\/\/blog.zeit.de\/teilchen\/2015\/04\/02\/wie-sie-aus-syrien-fluechten-wuerden\/\" target=\"_blank\">Ein News-Game der <em>BBC<\/em><\/a>.<\/li>\n<\/ul>\n<p><em><a href=\"https:\/\/blog.zeit.de\/teilchen\/\">Weitere Teilchen finden Sie\u00a0hier.<\/a><\/em><\/p>\n","protected":false},"excerpt":{"rendered":"<p>Wie k\u00f6nnen wir fassen, was die gro\u00dfe Zahl fliehender Menschen f\u00fcr Europa bedeutet? Nat\u00fcrlich indem wir Bilder von den langen M\u00e4rschen an den Grenzen [\u2026]<\/p>\n","protected":false},"author":142,"featured_media":9175,"comment_status":"open","ping_status":"closed","sticky":false,"template":"","format":"standard","meta":{"_jetpack_memberships_contains_paid_content":false,"footnotes":""},"categories":[9469,13657],"tags":[],"class_list":["post-9151","post","type-post","status-publish","format-standard","has-post-thumbnail","hentry","category-infografiken","category-interaktiv"],"yoast_head":"<!-- This site is optimized with the Yoast SEO plugin v21.0 - https:\/\/yoast.com\/wordpress\/plugins\/seo\/ -->\n<title>In diese europ\u00e4ischen L\u00e4nder fliehen Fl\u00fcchtlinge<\/title>\n<meta name=\"description\" content=\"Wie k\u00f6nnen wir fassen, was die gro\u00dfe Zahl Fl\u00fcchtlinge f\u00fcr Europa bedeutet? Eine Karte zeigt ihre Fluchtrouten.\" \/>\n<meta name=\"robots\" content=\"index, follow, max-snippet:-1, max-image-preview:large, max-video-preview:-1\" \/>\n<link rel=\"canonical\" href=\"https:\/\/blog.zeit.de\/teilchen\/2015\/10\/29\/fluechtlinge-europa-syrien-deutschland\/\" \/>\n<meta property=\"og:locale\" content=\"de_DE\" \/>\n<meta property=\"og:type\" content=\"article\" \/>\n<meta property=\"og:title\" content=\"In diese europ\u00e4ischen L\u00e4nder fliehen Fl\u00fcchtlinge\" \/>\n<meta property=\"og:description\" content=\"Wie k\u00f6nnen wir fassen, was die gro\u00dfe Zahl Fl\u00fcchtlinge f\u00fcr Europa bedeutet? Eine Karte zeigt ihre Fluchtrouten.\" \/>\n<meta property=\"og:url\" content=\"https:\/\/blog.zeit.de\/teilchen\/2015\/10\/29\/fluechtlinge-europa-syrien-deutschland\/\" \/>\n<meta property=\"og:site_name\" content=\"Teilchen\" \/>\n<meta property=\"article:published_time\" content=\"2015-10-29T15:00:49+00:00\" \/>\n<meta property=\"article:modified_time\" content=\"2015-10-30T13:50:46+00:00\" \/>\n<meta property=\"og:image\" content=\"https:\/\/blog.zeit.de\/teilchen\/files\/2015\/10\/Bildschirmfoto-2015-10-29-um-15.33.16.png\" \/>\n\t<meta property=\"og:image:width\" content=\"809\" \/>\n\t<meta property=\"og:image:height\" content=\"487\" \/>\n\t<meta property=\"og:image:type\" content=\"image\/png\" \/>\n<meta name=\"author\" content=\"Parvin Sadigh\" \/>\n<meta name=\"twitter:card\" content=\"summary_large_image\" \/>\n<meta name=\"twitter:image\" content=\"https:\/\/blog.zeit.de\/teilchen\/files\/2015\/10\/Bildschirmfoto-2015-10-29-um-15.33.16.png\" \/>\n<meta name=\"twitter:creator\" content=\"@zeitonline\" \/>\n<meta name=\"twitter:site\" content=\"@zeitonline\" \/>\n<meta name=\"twitter:label1\" content=\"Geschrieben von\" \/>\n\t<meta name=\"twitter:data1\" content=\"Parvin Sadigh\" \/>\n\t<meta name=\"twitter:label2\" content=\"Gesch\u00e4tzte Lesezeit\" \/>\n\t<meta name=\"twitter:data2\" content=\"2\u00a0Minuten\" \/>\n<script type=\"application\/ld+json\" class=\"yoast-schema-graph\">{\"@context\":\"https:\/\/schema.org\",\"@graph\":[{\"@type\":\"WebPage\",\"@id\":\"https:\/\/blog.zeit.de\/teilchen\/2015\/10\/29\/fluechtlinge-europa-syrien-deutschland\/\",\"url\":\"https:\/\/blog.zeit.de\/teilchen\/2015\/10\/29\/fluechtlinge-europa-syrien-deutschland\/\",\"name\":\"In diese europ\u00e4ischen L\u00e4nder fliehen Fl\u00fcchtlinge\",\"isPartOf\":{\"@id\":\"https:\/\/blog.zeit.de\/teilchen\/#website\"},\"datePublished\":\"2015-10-29T15:00:49+00:00\",\"dateModified\":\"2015-10-30T13:50:46+00:00\",\"author\":{\"@id\":\"https:\/\/blog.zeit.de\/teilchen\/#\/schema\/person\/bc0c18ab8f3886ad90daf1a52999389f\"},\"description\":\"Wie k\u00f6nnen wir fassen, was die gro\u00dfe Zahl Fl\u00fcchtlinge f\u00fcr Europa bedeutet? Eine Karte zeigt ihre Fluchtrouten.\",\"breadcrumb\":{\"@id\":\"https:\/\/blog.zeit.de\/teilchen\/2015\/10\/29\/fluechtlinge-europa-syrien-deutschland\/#breadcrumb\"},\"inLanguage\":\"de\",\"potentialAction\":[{\"@type\":\"ReadAction\",\"target\":[\"https:\/\/blog.zeit.de\/teilchen\/2015\/10\/29\/fluechtlinge-europa-syrien-deutschland\/\"]}]},{\"@type\":\"BreadcrumbList\",\"@id\":\"https:\/\/blog.zeit.de\/teilchen\/2015\/10\/29\/fluechtlinge-europa-syrien-deutschland\/#breadcrumb\",\"itemListElement\":[{\"@type\":\"ListItem\",\"position\":1,\"name\":\"Startseite\",\"item\":\"https:\/\/blog.zeit.de\/teilchen\/\"},{\"@type\":\"ListItem\",\"position\":2,\"name\":\"In diese europ\u00e4ischen L\u00e4nder fliehen Fl\u00fcchtlinge\"}]},{\"@type\":\"WebSite\",\"@id\":\"https:\/\/blog.zeit.de\/teilchen\/#website\",\"url\":\"https:\/\/blog.zeit.de\/teilchen\/\",\"name\":\"Teilchen\",\"description\":\"Im Netz verstecken sich kleine Sch\u00e4tze - ZEIT ONLINE findet sie.\",\"potentialAction\":[{\"@type\":\"SearchAction\",\"target\":{\"@type\":\"EntryPoint\",\"urlTemplate\":\"https:\/\/blog.zeit.de\/teilchen\/?s={search_term_string}\"},\"query-input\":\"required name=search_term_string\"}],\"inLanguage\":\"de\"},{\"@type\":\"Person\",\"@id\":\"https:\/\/blog.zeit.de\/teilchen\/#\/schema\/person\/bc0c18ab8f3886ad90daf1a52999389f\",\"name\":\"Parvin Sadigh\",\"image\":{\"@type\":\"ImageObject\",\"inLanguage\":\"de\",\"@id\":\"https:\/\/blog.zeit.de\/teilchen\/#\/schema\/person\/image\/\",\"url\":\"https:\/\/secure.gravatar.com\/avatar\/5e9f205f9e0e8000dec62e6b5e45d9c7f5bb6a76420bbf7553dac99205a6a594?s=96&d=mm&r=g\",\"contentUrl\":\"https:\/\/secure.gravatar.com\/avatar\/5e9f205f9e0e8000dec62e6b5e45d9c7f5bb6a76420bbf7553dac99205a6a594?s=96&d=mm&r=g\",\"caption\":\"Parvin Sadigh\"},\"description\":\"ist Redakteurin bei ZEIT ONLINE.\",\"url\":\"https:\/\/blog.zeit.de\/teilchen\/author\/parvin-sadigh\/\"}]}<\/script>\n<!-- \/ Yoast SEO plugin. -->","yoast_head_json":{"title":"In diese europ\u00e4ischen L\u00e4nder fliehen Fl\u00fcchtlinge","description":"Wie k\u00f6nnen wir fassen, was die gro\u00dfe Zahl Fl\u00fcchtlinge f\u00fcr Europa bedeutet? Eine Karte zeigt ihre Fluchtrouten.","robots":{"index":"index","follow":"follow","max-snippet":"max-snippet:-1","max-image-preview":"max-image-preview:large","max-video-preview":"max-video-preview:-1"},"canonical":"https:\/\/blog.zeit.de\/teilchen\/2015\/10\/29\/fluechtlinge-europa-syrien-deutschland\/","og_locale":"de_DE","og_type":"article","og_title":"In diese europ\u00e4ischen L\u00e4nder fliehen Fl\u00fcchtlinge","og_description":"Wie k\u00f6nnen wir fassen, was die gro\u00dfe Zahl Fl\u00fcchtlinge f\u00fcr Europa bedeutet? Eine Karte zeigt ihre Fluchtrouten.","og_url":"https:\/\/blog.zeit.de\/teilchen\/2015\/10\/29\/fluechtlinge-europa-syrien-deutschland\/","og_site_name":"Teilchen","article_published_time":"2015-10-29T15:00:49+00:00","article_modified_time":"2015-10-30T13:50:46+00:00","og_image":[{"width":809,"height":487,"url":"https:\/\/blog.zeit.de\/teilchen\/files\/2015\/10\/Bildschirmfoto-2015-10-29-um-15.33.16.png","type":"image\/png"}],"author":"Parvin Sadigh","twitter_card":"summary_large_image","twitter_image":"https:\/\/blog.zeit.de\/teilchen\/files\/2015\/10\/Bildschirmfoto-2015-10-29-um-15.33.16.png","twitter_creator":"@zeitonline","twitter_site":"@zeitonline","twitter_misc":{"Geschrieben von":"Parvin Sadigh","Gesch\u00e4tzte Lesezeit":"2\u00a0Minuten"},"schema":{"@context":"https:\/\/schema.org","@graph":[{"@type":"WebPage","@id":"https:\/\/blog.zeit.de\/teilchen\/2015\/10\/29\/fluechtlinge-europa-syrien-deutschland\/","url":"https:\/\/blog.zeit.de\/teilchen\/2015\/10\/29\/fluechtlinge-europa-syrien-deutschland\/","name":"In diese europ\u00e4ischen L\u00e4nder fliehen Fl\u00fcchtlinge","isPartOf":{"@id":"https:\/\/blog.zeit.de\/teilchen\/#website"},"datePublished":"2015-10-29T15:00:49+00:00","dateModified":"2015-10-30T13:50:46+00:00","author":{"@id":"https:\/\/blog.zeit.de\/teilchen\/#\/schema\/person\/bc0c18ab8f3886ad90daf1a52999389f"},"description":"Wie k\u00f6nnen wir fassen, was die gro\u00dfe Zahl Fl\u00fcchtlinge f\u00fcr Europa bedeutet? Eine Karte zeigt ihre Fluchtrouten.","breadcrumb":{"@id":"https:\/\/blog.zeit.de\/teilchen\/2015\/10\/29\/fluechtlinge-europa-syrien-deutschland\/#breadcrumb"},"inLanguage":"de","potentialAction":[{"@type":"ReadAction","target":["https:\/\/blog.zeit.de\/teilchen\/2015\/10\/29\/fluechtlinge-europa-syrien-deutschland\/"]}]},{"@type":"BreadcrumbList","@id":"https:\/\/blog.zeit.de\/teilchen\/2015\/10\/29\/fluechtlinge-europa-syrien-deutschland\/#breadcrumb","itemListElement":[{"@type":"ListItem","position":1,"name":"Startseite","item":"https:\/\/blog.zeit.de\/teilchen\/"},{"@type":"ListItem","position":2,"name":"In diese europ\u00e4ischen L\u00e4nder fliehen Fl\u00fcchtlinge"}]},{"@type":"WebSite","@id":"https:\/\/blog.zeit.de\/teilchen\/#website","url":"https:\/\/blog.zeit.de\/teilchen\/","name":"Teilchen","description":"Im Netz verstecken sich kleine Sch\u00e4tze - ZEIT ONLINE findet sie.","potentialAction":[{"@type":"SearchAction","target":{"@type":"EntryPoint","urlTemplate":"https:\/\/blog.zeit.de\/teilchen\/?s={search_term_string}"},"query-input":"required name=search_term_string"}],"inLanguage":"de"},{"@type":"Person","@id":"https:\/\/blog.zeit.de\/teilchen\/#\/schema\/person\/bc0c18ab8f3886ad90daf1a52999389f","name":"Parvin Sadigh","image":{"@type":"ImageObject","inLanguage":"de","@id":"https:\/\/blog.zeit.de\/teilchen\/#\/schema\/person\/image\/","url":"https:\/\/secure.gravatar.com\/avatar\/5e9f205f9e0e8000dec62e6b5e45d9c7f5bb6a76420bbf7553dac99205a6a594?s=96&d=mm&r=g","contentUrl":"https:\/\/secure.gravatar.com\/avatar\/5e9f205f9e0e8000dec62e6b5e45d9c7f5bb6a76420bbf7553dac99205a6a594?s=96&d=mm&r=g","caption":"Parvin Sadigh"},"description":"ist Redakteurin bei ZEIT ONLINE.","url":"https:\/\/blog.zeit.de\/teilchen\/author\/parvin-sadigh\/"}]}},"jetpack_featured_media_url":"https:\/\/blog.zeit.de\/teilchen\/files\/2015\/10\/Bildschirmfoto-2015-10-29-um-15.33.16.png","jetpack_sharing_enabled":true,"_links":{"self":[{"href":"https:\/\/blog.zeit.de\/teilchen\/wp-json\/wp\/v2\/posts\/9151","targetHints":{"allow":["GET"]}}],"collection":[{"href":"https:\/\/blog.zeit.de\/teilchen\/wp-json\/wp\/v2\/posts"}],"about":[{"href":"https:\/\/blog.zeit.de\/teilchen\/wp-json\/wp\/v2\/types\/post"}],"author":[{"embeddable":true,"href":"https:\/\/blog.zeit.de\/teilchen\/wp-json\/wp\/v2\/users\/142"}],"replies":[{"embeddable":true,"href":"https:\/\/blog.zeit.de\/teilchen\/wp-json\/wp\/v2\/comments?post=9151"}],"version-history":[{"count":14,"href":"https:\/\/blog.zeit.de\/teilchen\/wp-json\/wp\/v2\/posts\/9151\/revisions"}],"predecessor-version":[{"id":9246,"href":"https:\/\/blog.zeit.de\/teilchen\/wp-json\/wp\/v2\/posts\/9151\/revisions\/9246"}],"wp:featuredmedia":[{"embeddable":true,"href":"https:\/\/blog.zeit.de\/teilchen\/wp-json\/wp\/v2\/media\/9175"}],"wp:attachment":[{"href":"https:\/\/blog.zeit.de\/teilchen\/wp-json\/wp\/v2\/media?parent=9151"}],"wp:term":[{"taxonomy":"category","embeddable":true,"href":"https:\/\/blog.zeit.de\/teilchen\/wp-json\/wp\/v2\/categories?post=9151"},{"taxonomy":"post_tag","embeddable":true,"href":"https:\/\/blog.zeit.de\/teilchen\/wp-json\/wp\/v2\/tags?post=9151"}],"curies":[{"name":"wp","href":"https:\/\/api.w.org\/{rel}","templated":true}]}}