{"id":9201,"date":"2015-10-30T12:30:03","date_gmt":"2015-10-30T11:30:03","guid":{"rendered":"http:\/\/blog.zeit.de\/teilchen\/?p=9201"},"modified":"2015-10-30T15:07:25","modified_gmt":"2015-10-30T14:07:25","slug":"syrien-twitter-summer-in-syria","status":"publish","type":"post","link":"https:\/\/blog.zeit.de\/teilchen\/2015\/10\/30\/syrien-twitter-summer-in-syria\/","title":{"rendered":"#SummerInSyria: Die zynische Imagekampagne des syrischen Regimes"},"content":{"rendered":"\n<div class=\"embed-wrapper embed-wrapper--blocked js-embed-consent\" data-method=\"embed\">\n<script class=\"raw__source\" type=\"text\/template\"><div class=\"embed-twitter\"><blockquote class=\"twitter-tweet\" data-width=\"550\" data-dnt=\"true\"><p data-replace lang=\"en\" dir=\"ltr\">Now that <a href=\"https:\/\/twitter.com\/hashtag\/summer?src=hash&amp;ref_src=twsrc%5Etfw\">#summer<\/a> is upon us, snap us your moments of summer in <a href=\"https:\/\/twitter.com\/hashtag\/Syria?src=hash&amp;ref_src=twsrc%5Etfw\">#Syria<\/a> using the hashtag <a href=\"https:\/\/twitter.com\/hashtag\/SummerInSyria?src=hash&amp;ref_src=twsrc%5Etfw\">#SummerInSyria<\/a> <a href=\"http:\/\/t.co\/sutvUuZUoj\">pic.twitter.com\/sutvUuZUoj<\/a><\/p>&mdash; SANA English (@SANA_English) <a href=\"https:\/\/twitter.com\/SANA_English\/status\/612946184043413504?ref_src=twsrc%5Etfw\">June 22, 2015<\/a><\/blockquote><scr+ipt async src=\"https:\/\/platform.twitter.com\/widgets.js\" charset=\"utf-8\"><\/scr+ipt><\/div><\/script>\n<div class=\"embed-wrapper__inner\">\n<div class=\"embed-wrapper__text\">\n<h3>Empfohlener redaktioneller Inhalt<\/h3>\n<p data-replace=\"no\">An dieser Stelle finden Sie externen Inhalt, der den Artikel erg\u00e4nzt. Sie k\u00f6nnen sich externe Inhalte mit einem Klick anzeigen lassen und wieder ausblenden.<noscript>Bitte aktivieren Sie JavaScript damit Sie diesen Inhalt anzeigen k\u00f6nnen.<\/noscript><\/p>\n<\/div>\n<div class=\"embed-consent\">\n<label class=\"embed-consent__toggle\">\n<input class=\"js-embed-consent__toggle\" type=\"checkbox\" autocomplete=\"off\">\n<span><\/span>\nExterner Inhalt\n<\/label>\n<a href=\"https:\/\/www.zeit.de\/hilfe\/datenschutz\" target=\"_blank\" class=\"embed-consent__datalink-when-active\">Datenschutzerkl\u00e4rung<\/a>\n<\/div>\n<div class=\"embed-wrapper__footer\">\n<p data-replace=\"no\">\nIch bin damit einverstanden, dass mir externe Inhalte angezeigt werden. Damit k\u00f6nnen personenbezogene Daten an Drittplattformen \u00fcbermittelt werden. <a href=\"https:\/\/www.zeit.de\/hilfe\/datenschutz\" target=\"_blank\">Mehr dazu in unserer Datenschutzerkl\u00e4rung.<\/a>\n<\/p>\n<\/div>\n<\/div>\n<\/div>\n<p>&#8222;Knips uns deine Momente vom Sommer in Syrien!&#8220; lautete die zynische Aufforderung des syrischen Tourismusministers. Die B\u00fcrger machten mit \u2013 aber anders als gedacht.<\/p>\n<p>Wie es derzeit in Syrien aussieht, kann niemandem verborgen bleiben: Die Bilder von Fassbomben-Explosionen, zerst\u00f6rten H\u00e4usern und schwerverletzten B\u00fcrgern besch\u00e4ftigen die Menschen weltweit. Umso bizarrer wirkt eine Kampagne des syrischen Regimes unter Baschar al-Assad. Die staatliche Nachrichtenagentur Sana forderte die B\u00fcrger auf, unter dem Hashtag <a href=\"https:\/\/twitter.com\/hashtag\/summerinsyria?vertical=default&amp;src=hash\">#SummerInSyria<\/a>\u00a0Schnappsch\u00fcsse mit Impressionen ihres Sommers zu teilen. Alles anl\u00e4sslich der Er\u00f6ffnung einer Poolanlage in Homs Ende Juni, die nur wenige Kilometer von der Front entfernt liegt.<br \/>\n<!--more--><\/p>\n<p>W\u00e4hrend in Syrien weiterhin t\u00e4glich Zivilisten bei Luftangriffen get\u00f6tet werden und zuletzt auch Krankenh\u00e4user bombardiert wurden, versuchte Diktator Baschar al-Assad so, mit heiteren Urlaubsbildern aus Syrien das Netz zu fluten. Die Syrer lie\u00dfen den Zynismus nicht auf sich beruhen, sondern f\u00fchrten die Kampagne ad absurdum: Sie nutzten den Hashtag, um Bilder ins Netz zu stellen, die die syrische Realit\u00e4t zeigen.<\/p>\n<p>https:\/\/twitter.com\/abdullahes4\/status\/659348001781977088<\/p>\n<blockquote class=\"twitter-tweet\" lang=\"de\">\n<p dir=\"ltr\" lang=\"en\">Pool party in a barrel bomb crater in Aleppo. <a href=\"https:\/\/twitter.com\/hashtag\/SummerInSyria?src=hash\">#SummerInSyria<\/a> <a href=\"https:\/\/twitter.com\/SANA_English\">@SANA_English<\/a> <a href=\"http:\/\/t.co\/5M5nRdWKBj\">pic.twitter.com\/5M5nRdWKBj<\/a><\/p>\n<p>\u2014 Rami (@RamiSafadi93) <a href=\"https:\/\/twitter.com\/RamiSafadi93\/status\/614790064976064512\">27. Juni 2015<\/a><\/p><\/blockquote>\n<blockquote class=\"twitter-tweet\" lang=\"de\"><p>I hear parties in Syria are the bomb.. <a href=\"https:\/\/twitter.com\/hashtag\/SummerInSyria?src=hash\">#SummerInSyria<\/a> \u2014 Pete (@Pete770V8) <a href=\"https:\/\/twitter.com\/Pete770V8\/status\/659376949815480320\">28. Oktober 2015<\/a><\/p><\/blockquote>\n<p><script src=\"\/\/platform.twitter.com\/widgets.js\"><\/script><\/p>\n<blockquote class=\"twitter-tweet\" lang=\"de\"><p>\n<a href=\"https:\/\/twitter.com\/hashtag\/SummerInSyria?src=hash\">#SummerInSyria<\/a> <a href=\"https:\/\/twitter.com\/hashtag\/AssadWarCrimes?src=hash\">#AssadWarCrimes<\/a> Genocide depicted by <a href=\"https:\/\/twitter.com\/hashtag\/SyriasChildren?src=hash\">#SyriasChildren<\/a>. Bet you don&#8217;t see drawings like this <a href=\"https:\/\/twitter.com\/hashtag\/Humanity?src=hash\">#Humanity<\/a> <a href=\"http:\/\/t.co\/4VSMj3wLvT\">pic.twitter.com\/4VSMj3wLvT<\/a> \u2014 Sungmanitu59 (@Sungmanitu59) <a href=\"https:\/\/twitter.com\/Sungmanitu59\/status\/634101496406274049\">19. August 2015<\/a>\n<\/p><\/blockquote>\n<p><script src=\"\/\/platform.twitter.com\/widgets.js\"><\/script><\/p>\n<blockquote class=\"twitter-tweet\" lang=\"de\"><p>c&#8217;mon and enjoy <a href=\"https:\/\/twitter.com\/hashtag\/summerinsyria?src=hash\">#summerinsyria<\/a> .. it will be different experince <a href=\"http:\/\/t.co\/7QalihUfRX\">pic.twitter.com\/7QalihUfRX<\/a> \u2014 tarek abdul wahid (@tk90live) <a href=\"https:\/\/twitter.com\/tk90live\/status\/619483806945271808\">10. Juli 2015<\/a><\/p><\/blockquote>\n<p><script src=\"\/\/platform.twitter.com\/widgets.js\"><\/script><\/p>\n<p><span style=\"color: #2e2e31;\"><span style=\"font-family: Times-Roman,serif;\"><span style=\"font-size: large;\">Jetzt wurden auch Nachrichtenportale wie <em>YahooNews<\/em>, der britische <a href=\"http:\/\/www.theguardian.com\/world\/2015\/jun\/25\/summer-in-syria-tweet-photo-realities-war-hashtag\" target=\"_blank\"><i>Guardian<\/i><\/a> und die amerikanische Nachrichtensendung <a href=\"http:\/\/www.pbs.org\/wgbh\/pages\/frontline\/foreign-affairs-defense\/inside-assads-syria\/inside-the-assad-regimes-surreal-summer-in-syria-campaign\/\" target=\"_blank\"><i>Frontline<\/i><\/a> auf den bizarren Twitter-Trend aufmerksam. Der Hashtag trendete erneut, dieses Mal vor allem unter westlichen Nutzern.<\/span><\/span><\/span><\/p>\n<p><span style=\"color: #2e2e31;\"><span style=\"font-family: Times-Roman,serif;\"><span style=\"font-size: large;\"><br \/>\n <\/span><\/span><\/span><\/p>\n<blockquote class=\"twitter-tweet\" lang=\"de\"><p>\nPerhaps your social media marketing campaign needs a re-design &#8212; don&#8217;t ya think? <a href=\"https:\/\/twitter.com\/hashtag\/SummerInSyria?src=hash\">#SummerInSyria<\/a> \u2014 Christina Dillmann (@C_Dillmann) <a href=\"https:\/\/twitter.com\/C_Dillmann\/status\/659613700530114560\">29. Oktober 2015<\/a>\n<\/p><\/blockquote>\n<p><script src=\"\/\/platform.twitter.com\/widgets.js\"><\/script><\/p>\n<p>&nbsp;<\/p>\n\n<div class=\"embed-wrapper embed-wrapper--blocked js-embed-consent\" data-method=\"embed\">\n<script class=\"raw__source\" type=\"text\/template\"><div class=\"embed-twitter\"><blockquote class=\"twitter-tweet\" data-width=\"550\" data-dnt=\"true\"><p data-replace lang=\"de\" dir=\"ltr\">Jep, genau da, wo man sein will. NICHT. <a href=\"https:\/\/twitter.com\/hashtag\/SummerInSyria?src=hash&amp;ref_src=twsrc%5Etfw\">#SummerInSyria<\/a><\/p>&mdash; Anne-Katrin Schade (@Annena) <a href=\"https:\/\/twitter.com\/Annena\/status\/659857894226153476?ref_src=twsrc%5Etfw\">October 29, 2015<\/a><\/blockquote><scr+ipt async src=\"https:\/\/platform.twitter.com\/widgets.js\" charset=\"utf-8\"><\/scr+ipt><\/div><\/script>\n<div class=\"embed-wrapper__inner\">\n<div class=\"embed-wrapper__text\">\n<h3>Empfohlener redaktioneller Inhalt<\/h3>\n<p data-replace=\"no\">An dieser Stelle finden Sie externen Inhalt, der den Artikel erg\u00e4nzt. Sie k\u00f6nnen sich externe Inhalte mit einem Klick anzeigen lassen und wieder ausblenden.<noscript>Bitte aktivieren Sie JavaScript damit Sie diesen Inhalt anzeigen k\u00f6nnen.<\/noscript><\/p>\n<\/div>\n<div class=\"embed-consent\">\n<label class=\"embed-consent__toggle\">\n<input class=\"js-embed-consent__toggle\" type=\"checkbox\" autocomplete=\"off\">\n<span><\/span>\nExterner Inhalt\n<\/label>\n<a href=\"https:\/\/www.zeit.de\/hilfe\/datenschutz\" target=\"_blank\" class=\"embed-consent__datalink-when-active\">Datenschutzerkl\u00e4rung<\/a>\n<\/div>\n<div class=\"embed-wrapper__footer\">\n<p data-replace=\"no\">\nIch bin damit einverstanden, dass mir externe Inhalte angezeigt werden. Damit k\u00f6nnen personenbezogene Daten an Drittplattformen \u00fcbermittelt werden. <a href=\"https:\/\/www.zeit.de\/hilfe\/datenschutz\" target=\"_blank\">Mehr dazu in unserer Datenschutzerkl\u00e4rung.<\/a>\n<\/p>\n<\/div>\n<\/div>\n<\/div>\n<p>Die syrische Nachrichtenagentur Sana, die bis in den Herbst mit Partyempfehlungen an der Kampagne festgehalten hatte, postet unterdessen Bilder von Fu\u00dfballspielen und k\u00fcndigt Regenwetter an.<\/p>\n<p><em><a href=\"https:\/\/blog.zeit.de\/teilchen\/\">Weitere Teilchen finden Sie hie<\/a>r.<\/em><\/p>\n<p><script src=\"\/\/platform.twitter.com\/widgets.js\"><\/script><\/p>\n","protected":false},"excerpt":{"rendered":"<p>Empfohlener redaktioneller Inhalt An dieser Stelle finden Sie externen Inhalt, der den Artikel erg\u00e4nzt. Sie k\u00f6nnen sich externe Inhalte mit einem Klick anzeigen lassen [\u2026]<\/p>\n","protected":false},"author":615,"featured_media":9205,"comment_status":"open","ping_status":"closed","sticky":false,"template":"","format":"standard","meta":{"_jetpack_memberships_contains_paid_content":false,"footnotes":""},"categories":[29747],"tags":[],"class_list":["post-9201","post","type-post","status-publish","format-standard","has-post-thumbnail","hentry","category-geschichten"],"yoast_head":"<!-- This site is optimized with the Yoast SEO plugin v21.0 - https:\/\/yoast.com\/wordpress\/plugins\/seo\/ -->\n<title>#SummerInSyria: Syriens zynische Imagekampagne<\/title>\n<meta name=\"description\" content=\"In Syrien fordert die Regierung, Sommerimpressionen unter dem Hashtag #SummerInSyria zu posten. Die B\u00fcrger machten mit \u2013 aber anders als gedacht.\" \/>\n<meta name=\"robots\" content=\"index, follow, max-snippet:-1, max-image-preview:large, max-video-preview:-1\" \/>\n<link rel=\"canonical\" href=\"https:\/\/blog.zeit.de\/teilchen\/2015\/10\/30\/syrien-twitter-summer-in-syria\/\" \/>\n<meta property=\"og:locale\" content=\"de_DE\" \/>\n<meta property=\"og:type\" content=\"article\" \/>\n<meta property=\"og:title\" content=\"#SummerInSyria: Syriens zynische Imagekampagne\" \/>\n<meta property=\"og:description\" content=\"In Syrien fordert die Regierung, Sommerimpressionen unter dem Hashtag #SummerInSyria zu posten. Die B\u00fcrger machten mit \u2013 aber anders als gedacht.\" \/>\n<meta property=\"og:url\" content=\"https:\/\/blog.zeit.de\/teilchen\/2015\/10\/30\/syrien-twitter-summer-in-syria\/\" \/>\n<meta property=\"og:site_name\" content=\"Teilchen\" \/>\n<meta property=\"article:published_time\" content=\"2015-10-30T11:30:03+00:00\" \/>\n<meta property=\"article:modified_time\" content=\"2015-10-30T14:07:25+00:00\" \/>\n<meta property=\"og:image\" content=\"https:\/\/blog.zeit.de\/teilchen\/files\/2015\/10\/Summer-in-Syria-Screenshot.png\" \/>\n\t<meta property=\"og:image:width\" content=\"694\" \/>\n\t<meta property=\"og:image:height\" content=\"546\" \/>\n\t<meta property=\"og:image:type\" content=\"image\/png\" \/>\n<meta name=\"author\" content=\"Eva Steinlein\" \/>\n<meta name=\"twitter:card\" content=\"summary_large_image\" \/>\n<meta name=\"twitter:image\" content=\"https:\/\/blog.zeit.de\/teilchen\/files\/2015\/10\/Summer-in-Syria-Screenshot.png\" \/>\n<meta name=\"twitter:creator\" content=\"@zeitonline\" \/>\n<meta name=\"twitter:site\" content=\"@zeitonline\" \/>\n<meta name=\"twitter:label1\" content=\"Geschrieben von\" \/>\n\t<meta name=\"twitter:data1\" content=\"Eva Steinlein\" \/>\n\t<meta name=\"twitter:label2\" content=\"Gesch\u00e4tzte Lesezeit\" \/>\n\t<meta name=\"twitter:data2\" content=\"2\u00a0Minuten\" \/>\n<script type=\"application\/ld+json\" class=\"yoast-schema-graph\">{\"@context\":\"https:\/\/schema.org\",\"@graph\":[{\"@type\":\"WebPage\",\"@id\":\"https:\/\/blog.zeit.de\/teilchen\/2015\/10\/30\/syrien-twitter-summer-in-syria\/\",\"url\":\"https:\/\/blog.zeit.de\/teilchen\/2015\/10\/30\/syrien-twitter-summer-in-syria\/\",\"name\":\"#SummerInSyria: Syriens zynische Imagekampagne\",\"isPartOf\":{\"@id\":\"https:\/\/blog.zeit.de\/teilchen\/#website\"},\"datePublished\":\"2015-10-30T11:30:03+00:00\",\"dateModified\":\"2015-10-30T14:07:25+00:00\",\"author\":{\"@id\":\"https:\/\/blog.zeit.de\/teilchen\/#\/schema\/person\/4fade61c7fab2317ad5218d6642231a2\"},\"description\":\"In Syrien fordert die Regierung, Sommerimpressionen unter dem Hashtag #SummerInSyria zu posten. Die B\u00fcrger machten mit \u2013 aber anders als gedacht.\",\"breadcrumb\":{\"@id\":\"https:\/\/blog.zeit.de\/teilchen\/2015\/10\/30\/syrien-twitter-summer-in-syria\/#breadcrumb\"},\"inLanguage\":\"de\",\"potentialAction\":[{\"@type\":\"ReadAction\",\"target\":[\"https:\/\/blog.zeit.de\/teilchen\/2015\/10\/30\/syrien-twitter-summer-in-syria\/\"]}]},{\"@type\":\"BreadcrumbList\",\"@id\":\"https:\/\/blog.zeit.de\/teilchen\/2015\/10\/30\/syrien-twitter-summer-in-syria\/#breadcrumb\",\"itemListElement\":[{\"@type\":\"ListItem\",\"position\":1,\"name\":\"Startseite\",\"item\":\"https:\/\/blog.zeit.de\/teilchen\/\"},{\"@type\":\"ListItem\",\"position\":2,\"name\":\"#SummerInSyria: Die zynische Imagekampagne des syrischen Regimes\"}]},{\"@type\":\"WebSite\",\"@id\":\"https:\/\/blog.zeit.de\/teilchen\/#website\",\"url\":\"https:\/\/blog.zeit.de\/teilchen\/\",\"name\":\"Teilchen\",\"description\":\"Im Netz verstecken sich kleine Sch\u00e4tze - ZEIT ONLINE findet sie.\",\"potentialAction\":[{\"@type\":\"SearchAction\",\"target\":{\"@type\":\"EntryPoint\",\"urlTemplate\":\"https:\/\/blog.zeit.de\/teilchen\/?s={search_term_string}\"},\"query-input\":\"required name=search_term_string\"}],\"inLanguage\":\"de\"},{\"@type\":\"Person\",\"@id\":\"https:\/\/blog.zeit.de\/teilchen\/#\/schema\/person\/4fade61c7fab2317ad5218d6642231a2\",\"name\":\"Eva Steinlein\",\"image\":{\"@type\":\"ImageObject\",\"inLanguage\":\"de\",\"@id\":\"https:\/\/blog.zeit.de\/teilchen\/#\/schema\/person\/image\/\",\"url\":\"https:\/\/secure.gravatar.com\/avatar\/0f94e9b14f93a72afcb034a5a4dc19358b32386c08fd81e2f37c524507cadad9?s=96&d=mm&r=g\",\"contentUrl\":\"https:\/\/secure.gravatar.com\/avatar\/0f94e9b14f93a72afcb034a5a4dc19358b32386c08fd81e2f37c524507cadad9?s=96&d=mm&r=g\",\"caption\":\"Eva Steinlein\"},\"description\":\"ist Autorin bei ZEIT ONLINE.\",\"url\":\"https:\/\/blog.zeit.de\/teilchen\/author\/esteinlein\/\"}]}<\/script>\n<!-- \/ Yoast SEO plugin. -->","yoast_head_json":{"title":"#SummerInSyria: Syriens zynische Imagekampagne","description":"In Syrien fordert die Regierung, Sommerimpressionen unter dem Hashtag #SummerInSyria zu posten. Die B\u00fcrger machten mit \u2013 aber anders als gedacht.","robots":{"index":"index","follow":"follow","max-snippet":"max-snippet:-1","max-image-preview":"max-image-preview:large","max-video-preview":"max-video-preview:-1"},"canonical":"https:\/\/blog.zeit.de\/teilchen\/2015\/10\/30\/syrien-twitter-summer-in-syria\/","og_locale":"de_DE","og_type":"article","og_title":"#SummerInSyria: Syriens zynische Imagekampagne","og_description":"In Syrien fordert die Regierung, Sommerimpressionen unter dem Hashtag #SummerInSyria zu posten. Die B\u00fcrger machten mit \u2013 aber anders als gedacht.","og_url":"https:\/\/blog.zeit.de\/teilchen\/2015\/10\/30\/syrien-twitter-summer-in-syria\/","og_site_name":"Teilchen","article_published_time":"2015-10-30T11:30:03+00:00","article_modified_time":"2015-10-30T14:07:25+00:00","og_image":[{"width":694,"height":546,"url":"https:\/\/blog.zeit.de\/teilchen\/files\/2015\/10\/Summer-in-Syria-Screenshot.png","type":"image\/png"}],"author":"Eva Steinlein","twitter_card":"summary_large_image","twitter_image":"https:\/\/blog.zeit.de\/teilchen\/files\/2015\/10\/Summer-in-Syria-Screenshot.png","twitter_creator":"@zeitonline","twitter_site":"@zeitonline","twitter_misc":{"Geschrieben von":"Eva Steinlein","Gesch\u00e4tzte Lesezeit":"2\u00a0Minuten"},"schema":{"@context":"https:\/\/schema.org","@graph":[{"@type":"WebPage","@id":"https:\/\/blog.zeit.de\/teilchen\/2015\/10\/30\/syrien-twitter-summer-in-syria\/","url":"https:\/\/blog.zeit.de\/teilchen\/2015\/10\/30\/syrien-twitter-summer-in-syria\/","name":"#SummerInSyria: Syriens zynische Imagekampagne","isPartOf":{"@id":"https:\/\/blog.zeit.de\/teilchen\/#website"},"datePublished":"2015-10-30T11:30:03+00:00","dateModified":"2015-10-30T14:07:25+00:00","author":{"@id":"https:\/\/blog.zeit.de\/teilchen\/#\/schema\/person\/4fade61c7fab2317ad5218d6642231a2"},"description":"In Syrien fordert die Regierung, Sommerimpressionen unter dem Hashtag #SummerInSyria zu posten. Die B\u00fcrger machten mit \u2013 aber anders als gedacht.","breadcrumb":{"@id":"https:\/\/blog.zeit.de\/teilchen\/2015\/10\/30\/syrien-twitter-summer-in-syria\/#breadcrumb"},"inLanguage":"de","potentialAction":[{"@type":"ReadAction","target":["https:\/\/blog.zeit.de\/teilchen\/2015\/10\/30\/syrien-twitter-summer-in-syria\/"]}]},{"@type":"BreadcrumbList","@id":"https:\/\/blog.zeit.de\/teilchen\/2015\/10\/30\/syrien-twitter-summer-in-syria\/#breadcrumb","itemListElement":[{"@type":"ListItem","position":1,"name":"Startseite","item":"https:\/\/blog.zeit.de\/teilchen\/"},{"@type":"ListItem","position":2,"name":"#SummerInSyria: Die zynische Imagekampagne des syrischen Regimes"}]},{"@type":"WebSite","@id":"https:\/\/blog.zeit.de\/teilchen\/#website","url":"https:\/\/blog.zeit.de\/teilchen\/","name":"Teilchen","description":"Im Netz verstecken sich kleine Sch\u00e4tze - ZEIT ONLINE findet sie.","potentialAction":[{"@type":"SearchAction","target":{"@type":"EntryPoint","urlTemplate":"https:\/\/blog.zeit.de\/teilchen\/?s={search_term_string}"},"query-input":"required name=search_term_string"}],"inLanguage":"de"},{"@type":"Person","@id":"https:\/\/blog.zeit.de\/teilchen\/#\/schema\/person\/4fade61c7fab2317ad5218d6642231a2","name":"Eva Steinlein","image":{"@type":"ImageObject","inLanguage":"de","@id":"https:\/\/blog.zeit.de\/teilchen\/#\/schema\/person\/image\/","url":"https:\/\/secure.gravatar.com\/avatar\/0f94e9b14f93a72afcb034a5a4dc19358b32386c08fd81e2f37c524507cadad9?s=96&d=mm&r=g","contentUrl":"https:\/\/secure.gravatar.com\/avatar\/0f94e9b14f93a72afcb034a5a4dc19358b32386c08fd81e2f37c524507cadad9?s=96&d=mm&r=g","caption":"Eva Steinlein"},"description":"ist Autorin bei ZEIT ONLINE.","url":"https:\/\/blog.zeit.de\/teilchen\/author\/esteinlein\/"}]}},"jetpack_featured_media_url":"https:\/\/blog.zeit.de\/teilchen\/files\/2015\/10\/Summer-in-Syria-Screenshot.png","jetpack_sharing_enabled":true,"_links":{"self":[{"href":"https:\/\/blog.zeit.de\/teilchen\/wp-json\/wp\/v2\/posts\/9201","targetHints":{"allow":["GET"]}}],"collection":[{"href":"https:\/\/blog.zeit.de\/teilchen\/wp-json\/wp\/v2\/posts"}],"about":[{"href":"https:\/\/blog.zeit.de\/teilchen\/wp-json\/wp\/v2\/types\/post"}],"author":[{"embeddable":true,"href":"https:\/\/blog.zeit.de\/teilchen\/wp-json\/wp\/v2\/users\/615"}],"replies":[{"embeddable":true,"href":"https:\/\/blog.zeit.de\/teilchen\/wp-json\/wp\/v2\/comments?post=9201"}],"version-history":[{"count":16,"href":"https:\/\/blog.zeit.de\/teilchen\/wp-json\/wp\/v2\/posts\/9201\/revisions"}],"predecessor-version":[{"id":9251,"href":"https:\/\/blog.zeit.de\/teilchen\/wp-json\/wp\/v2\/posts\/9201\/revisions\/9251"}],"wp:featuredmedia":[{"embeddable":true,"href":"https:\/\/blog.zeit.de\/teilchen\/wp-json\/wp\/v2\/media\/9205"}],"wp:attachment":[{"href":"https:\/\/blog.zeit.de\/teilchen\/wp-json\/wp\/v2\/media?parent=9201"}],"wp:term":[{"taxonomy":"category","embeddable":true,"href":"https:\/\/blog.zeit.de\/teilchen\/wp-json\/wp\/v2\/categories?post=9201"},{"taxonomy":"post_tag","embeddable":true,"href":"https:\/\/blog.zeit.de\/teilchen\/wp-json\/wp\/v2\/tags?post=9201"}],"curies":[{"name":"wp","href":"https:\/\/api.w.org\/{rel}","templated":true}]}}