{"id":969,"date":"2015-01-13T11:23:55","date_gmt":"2015-01-13T10:23:55","guid":{"rendered":"http:\/\/blog.zeit.de\/teilchen\/?p=969"},"modified":"2015-03-20T17:14:35","modified_gmt":"2015-03-20T16:14:35","slug":"smartphone-gebrauch","status":"publish","type":"post","link":"https:\/\/blog.zeit.de\/teilchen\/2015\/01\/13\/smartphone-gebrauch\/","title":{"rendered":"Wohin unser Smartphone-Gebrauch f\u00fchren kann"},"content":{"rendered":"\n<div class=\"embed-wrapper embed-wrapper--blocked js-embed-consent\" data-method=\"iframe\">\n<script class=\"raw__source\" type=\"text\/template\"><iframe loading=\"lazy\" frameborder=\"0\" height=\"281\" src=\"\/\/player.vimeo.com\/video\/116099110\" width=\"500\"><\/iframe><\/script>\n<div class=\"embed-wrapper__inner\">\n<div class=\"embed-wrapper__text\">\n<h3>Empfohlener redaktioneller Inhalt<\/h3>\n<p data-replace=\"no\">An dieser Stelle finden Sie externen Inhalt, der den Artikel erg\u00e4nzt. Sie k\u00f6nnen sich externe Inhalte mit einem Klick anzeigen lassen und wieder ausblenden.<noscript>Bitte aktivieren Sie JavaScript damit Sie diesen Inhalt anzeigen k\u00f6nnen.<\/noscript><\/p>\n<\/div>\n<div class=\"embed-consent\">\n<label class=\"embed-consent__toggle\">\n<input class=\"js-embed-consent__toggle\" type=\"checkbox\" autocomplete=\"off\">\n<span><\/span>\nExterner Inhalt\n<\/label>\n<a href=\"https:\/\/www.zeit.de\/hilfe\/datenschutz\" target=\"_blank\" class=\"embed-consent__datalink-when-active\">Datenschutzerkl\u00e4rung<\/a>\n<\/div>\n<div class=\"embed-wrapper__footer\">\n<p data-replace=\"no\">\nIch bin damit einverstanden, dass mir externe Inhalte angezeigt werden. Damit k\u00f6nnen personenbezogene Daten an Drittplattformen \u00fcbermittelt werden. <a href=\"https:\/\/www.zeit.de\/hilfe\/datenschutz\" target=\"_blank\">Mehr dazu in unserer Datenschutzerkl\u00e4rung.<\/a>\n<\/p>\n<\/div>\n<\/div>\n<\/div>\n<p>Der franz\u00f6sische Philosoph <a href=\"%20http:\/\/www.zeit.de\/kultur\/literatur\/2013-11\/michel-serres-erfindet-euch-neu\">Michel Serres<\/a> huldigt der vernetzten Generation und nennt sie liebevoll &#8222;kleine D\u00e4umlinge&#8220;. Die Abh\u00e4ngigkeit vom Smartphone unter jungen Menschen steigt auch in Deutschland. <a href=\"http:\/\/www3.uni-bonn.de\/Pressemitteilungen\/009-2014\">Wissenschaftler der Uni Bonn<\/a> haben deshalb im vergangenen Jahr eine App vorgestellt, die die eigene Nutzung misst und bei sehr zeitintensivem Konsum warnt. In S\u00fcdkorea, einem der L\u00e4nder mit der h\u00f6chsten Smartphonedichte der Welt, ist ein <a href=\"http:\/\/www.zeit.de\/digital\/mobil\/2013-10\/suedkorea-smartphone-internet-sucht\">F\u00fcnftel aller Teenager<\/a> einer Regierungsumfrage zufolge s\u00fcchtig.<\/p>\n<p>Der chinesische Animations-K\u00fcnstler Yukai Du hat in diesem Kurzfilm die verh\u00e4ngnisvolle Symbiose von Mensch und Smartphone bis zum Ende durchgespielt. Die Menschen l\u00f6sen sich auf und leben als Geist in ihrem Ger\u00e4t fort.<\/p>\n<p><em>Weitere Teilchen finden Sie <a href=\"https:\/\/blog.zeit.de\/teilchen\/\">hier<\/a>.<\/em><\/p>\n","protected":false},"excerpt":{"rendered":"<p>Empfohlener redaktioneller Inhalt An dieser Stelle finden Sie externen Inhalt, der den Artikel erg\u00e4nzt. Sie k\u00f6nnen sich externe Inhalte mit einem Klick anzeigen lassen [\u2026]<\/p>\n","protected":false},"author":512,"featured_media":0,"comment_status":"open","ping_status":"closed","sticky":false,"template":"","format":"standard","meta":{"_jetpack_memberships_contains_paid_content":false,"footnotes":""},"categories":[28],"tags":[],"class_list":["post-969","post","type-post","status-publish","format-standard","hentry","category-video"],"yoast_head":"<!-- This site is optimized with the Yoast SEO plugin v21.0 - https:\/\/yoast.com\/wordpress\/plugins\/seo\/ -->\n<title>Wohin unser Smartphone-Gebrauch f\u00fchren kann &#8902; Teilchen<\/title>\n<meta name=\"description\" content=\"Machen Smartphones s\u00fcchtig? Der Animations-K\u00fcnstler Yukai Du hat in einem Kurzfilm die verh\u00e4ngnisvolle Symbiose von Mensch und Smartphone durchgespielt.\" \/>\n<meta name=\"robots\" content=\"index, follow, max-snippet:-1, max-image-preview:large, max-video-preview:-1\" \/>\n<link rel=\"canonical\" href=\"https:\/\/blog.zeit.de\/teilchen\/2015\/01\/13\/smartphone-gebrauch\/\" \/>\n<meta property=\"og:locale\" content=\"de_DE\" \/>\n<meta property=\"og:type\" content=\"article\" \/>\n<meta property=\"og:title\" content=\"Wohin unser Smartphone-Gebrauch f\u00fchren kann &#8902; Teilchen\" \/>\n<meta property=\"og:description\" content=\"Machen Smartphones s\u00fcchtig? Der Animations-K\u00fcnstler Yukai Du hat in einem Kurzfilm die verh\u00e4ngnisvolle Symbiose von Mensch und Smartphone durchgespielt.\" \/>\n<meta property=\"og:url\" content=\"https:\/\/blog.zeit.de\/teilchen\/2015\/01\/13\/smartphone-gebrauch\/\" \/>\n<meta property=\"og:site_name\" content=\"Teilchen\" \/>\n<meta property=\"article:published_time\" content=\"2015-01-13T10:23:55+00:00\" \/>\n<meta property=\"article:modified_time\" content=\"2015-03-20T16:14:35+00:00\" \/>\n<meta property=\"og:image\" content=\"https:\/\/blog.zeit.de\/teilchen\/files\/2015\/03\/teilchen-facebook-fallback.jpg\" \/>\n\t<meta property=\"og:image:width\" content=\"1200\" \/>\n\t<meta property=\"og:image:height\" content=\"900\" \/>\n\t<meta property=\"og:image:type\" content=\"image\/jpeg\" \/>\n<meta name=\"author\" content=\"Ute Brandenburger\" \/>\n<meta name=\"twitter:card\" content=\"summary_large_image\" \/>\n<meta name=\"twitter:creator\" content=\"@zeitonline\" \/>\n<meta name=\"twitter:site\" content=\"@zeitonline\" \/>\n<meta name=\"twitter:label1\" content=\"Geschrieben von\" \/>\n\t<meta name=\"twitter:data1\" content=\"Ute Brandenburger\" \/>\n\t<meta name=\"twitter:label2\" content=\"Gesch\u00e4tzte Lesezeit\" \/>\n\t<meta name=\"twitter:data2\" content=\"1\u00a0Minute\" \/>\n<script type=\"application\/ld+json\" class=\"yoast-schema-graph\">{\"@context\":\"https:\/\/schema.org\",\"@graph\":[{\"@type\":\"WebPage\",\"@id\":\"https:\/\/blog.zeit.de\/teilchen\/2015\/01\/13\/smartphone-gebrauch\/\",\"url\":\"https:\/\/blog.zeit.de\/teilchen\/2015\/01\/13\/smartphone-gebrauch\/\",\"name\":\"Wohin unser Smartphone-Gebrauch f\u00fchren kann &#8902; Teilchen\",\"isPartOf\":{\"@id\":\"https:\/\/blog.zeit.de\/teilchen\/#website\"},\"datePublished\":\"2015-01-13T10:23:55+00:00\",\"dateModified\":\"2015-03-20T16:14:35+00:00\",\"author\":{\"@id\":\"https:\/\/blog.zeit.de\/teilchen\/#\/schema\/person\/3599364aa80e33724066a76409d02a81\"},\"description\":\"Machen Smartphones s\u00fcchtig? Der Animations-K\u00fcnstler Yukai Du hat in einem Kurzfilm die verh\u00e4ngnisvolle Symbiose von Mensch und Smartphone durchgespielt.\",\"breadcrumb\":{\"@id\":\"https:\/\/blog.zeit.de\/teilchen\/2015\/01\/13\/smartphone-gebrauch\/#breadcrumb\"},\"inLanguage\":\"de\",\"potentialAction\":[{\"@type\":\"ReadAction\",\"target\":[\"https:\/\/blog.zeit.de\/teilchen\/2015\/01\/13\/smartphone-gebrauch\/\"]}]},{\"@type\":\"BreadcrumbList\",\"@id\":\"https:\/\/blog.zeit.de\/teilchen\/2015\/01\/13\/smartphone-gebrauch\/#breadcrumb\",\"itemListElement\":[{\"@type\":\"ListItem\",\"position\":1,\"name\":\"Startseite\",\"item\":\"https:\/\/blog.zeit.de\/teilchen\/\"},{\"@type\":\"ListItem\",\"position\":2,\"name\":\"Wohin unser Smartphone-Gebrauch f\u00fchren kann\"}]},{\"@type\":\"WebSite\",\"@id\":\"https:\/\/blog.zeit.de\/teilchen\/#website\",\"url\":\"https:\/\/blog.zeit.de\/teilchen\/\",\"name\":\"Teilchen\",\"description\":\"Im Netz verstecken sich kleine Sch\u00e4tze - ZEIT ONLINE findet sie.\",\"potentialAction\":[{\"@type\":\"SearchAction\",\"target\":{\"@type\":\"EntryPoint\",\"urlTemplate\":\"https:\/\/blog.zeit.de\/teilchen\/?s={search_term_string}\"},\"query-input\":\"required name=search_term_string\"}],\"inLanguage\":\"de\"},{\"@type\":\"Person\",\"@id\":\"https:\/\/blog.zeit.de\/teilchen\/#\/schema\/person\/3599364aa80e33724066a76409d02a81\",\"name\":\"Ute Brandenburger\",\"image\":{\"@type\":\"ImageObject\",\"inLanguage\":\"de\",\"@id\":\"https:\/\/blog.zeit.de\/teilchen\/#\/schema\/person\/image\/\",\"url\":\"https:\/\/secure.gravatar.com\/avatar\/3ae1b71ab9eac8344bcb58029669bed2b7885f48c244759bdd77bab578bee5dc?s=96&d=mm&r=g\",\"contentUrl\":\"https:\/\/secure.gravatar.com\/avatar\/3ae1b71ab9eac8344bcb58029669bed2b7885f48c244759bdd77bab578bee5dc?s=96&d=mm&r=g\",\"caption\":\"Ute Brandenburger\"},\"description\":\"ist Redakteurin bei ZEIT ONLINE.\",\"url\":\"https:\/\/blog.zeit.de\/teilchen\/author\/ubrandenburger\/\"}]}<\/script>\n<!-- \/ Yoast SEO plugin. -->","yoast_head_json":{"title":"Wohin unser Smartphone-Gebrauch f\u00fchren kann &#8902; Teilchen","description":"Machen Smartphones s\u00fcchtig? Der Animations-K\u00fcnstler Yukai Du hat in einem Kurzfilm die verh\u00e4ngnisvolle Symbiose von Mensch und Smartphone durchgespielt.","robots":{"index":"index","follow":"follow","max-snippet":"max-snippet:-1","max-image-preview":"max-image-preview:large","max-video-preview":"max-video-preview:-1"},"canonical":"https:\/\/blog.zeit.de\/teilchen\/2015\/01\/13\/smartphone-gebrauch\/","og_locale":"de_DE","og_type":"article","og_title":"Wohin unser Smartphone-Gebrauch f\u00fchren kann &#8902; Teilchen","og_description":"Machen Smartphones s\u00fcchtig? Der Animations-K\u00fcnstler Yukai Du hat in einem Kurzfilm die verh\u00e4ngnisvolle Symbiose von Mensch und Smartphone durchgespielt.","og_url":"https:\/\/blog.zeit.de\/teilchen\/2015\/01\/13\/smartphone-gebrauch\/","og_site_name":"Teilchen","article_published_time":"2015-01-13T10:23:55+00:00","article_modified_time":"2015-03-20T16:14:35+00:00","og_image":[{"width":1200,"height":900,"url":"https:\/\/blog.zeit.de\/teilchen\/files\/2015\/03\/teilchen-facebook-fallback.jpg","type":"image\/jpeg"}],"author":"Ute Brandenburger","twitter_card":"summary_large_image","twitter_creator":"@zeitonline","twitter_site":"@zeitonline","twitter_misc":{"Geschrieben von":"Ute Brandenburger","Gesch\u00e4tzte Lesezeit":"1\u00a0Minute"},"schema":{"@context":"https:\/\/schema.org","@graph":[{"@type":"WebPage","@id":"https:\/\/blog.zeit.de\/teilchen\/2015\/01\/13\/smartphone-gebrauch\/","url":"https:\/\/blog.zeit.de\/teilchen\/2015\/01\/13\/smartphone-gebrauch\/","name":"Wohin unser Smartphone-Gebrauch f\u00fchren kann &#8902; Teilchen","isPartOf":{"@id":"https:\/\/blog.zeit.de\/teilchen\/#website"},"datePublished":"2015-01-13T10:23:55+00:00","dateModified":"2015-03-20T16:14:35+00:00","author":{"@id":"https:\/\/blog.zeit.de\/teilchen\/#\/schema\/person\/3599364aa80e33724066a76409d02a81"},"description":"Machen Smartphones s\u00fcchtig? Der Animations-K\u00fcnstler Yukai Du hat in einem Kurzfilm die verh\u00e4ngnisvolle Symbiose von Mensch und Smartphone durchgespielt.","breadcrumb":{"@id":"https:\/\/blog.zeit.de\/teilchen\/2015\/01\/13\/smartphone-gebrauch\/#breadcrumb"},"inLanguage":"de","potentialAction":[{"@type":"ReadAction","target":["https:\/\/blog.zeit.de\/teilchen\/2015\/01\/13\/smartphone-gebrauch\/"]}]},{"@type":"BreadcrumbList","@id":"https:\/\/blog.zeit.de\/teilchen\/2015\/01\/13\/smartphone-gebrauch\/#breadcrumb","itemListElement":[{"@type":"ListItem","position":1,"name":"Startseite","item":"https:\/\/blog.zeit.de\/teilchen\/"},{"@type":"ListItem","position":2,"name":"Wohin unser Smartphone-Gebrauch f\u00fchren kann"}]},{"@type":"WebSite","@id":"https:\/\/blog.zeit.de\/teilchen\/#website","url":"https:\/\/blog.zeit.de\/teilchen\/","name":"Teilchen","description":"Im Netz verstecken sich kleine Sch\u00e4tze - ZEIT ONLINE findet sie.","potentialAction":[{"@type":"SearchAction","target":{"@type":"EntryPoint","urlTemplate":"https:\/\/blog.zeit.de\/teilchen\/?s={search_term_string}"},"query-input":"required name=search_term_string"}],"inLanguage":"de"},{"@type":"Person","@id":"https:\/\/blog.zeit.de\/teilchen\/#\/schema\/person\/3599364aa80e33724066a76409d02a81","name":"Ute Brandenburger","image":{"@type":"ImageObject","inLanguage":"de","@id":"https:\/\/blog.zeit.de\/teilchen\/#\/schema\/person\/image\/","url":"https:\/\/secure.gravatar.com\/avatar\/3ae1b71ab9eac8344bcb58029669bed2b7885f48c244759bdd77bab578bee5dc?s=96&d=mm&r=g","contentUrl":"https:\/\/secure.gravatar.com\/avatar\/3ae1b71ab9eac8344bcb58029669bed2b7885f48c244759bdd77bab578bee5dc?s=96&d=mm&r=g","caption":"Ute Brandenburger"},"description":"ist Redakteurin bei ZEIT ONLINE.","url":"https:\/\/blog.zeit.de\/teilchen\/author\/ubrandenburger\/"}]}},"jetpack_featured_media_url":"","jetpack_sharing_enabled":true,"_links":{"self":[{"href":"https:\/\/blog.zeit.de\/teilchen\/wp-json\/wp\/v2\/posts\/969","targetHints":{"allow":["GET"]}}],"collection":[{"href":"https:\/\/blog.zeit.de\/teilchen\/wp-json\/wp\/v2\/posts"}],"about":[{"href":"https:\/\/blog.zeit.de\/teilchen\/wp-json\/wp\/v2\/types\/post"}],"author":[{"embeddable":true,"href":"https:\/\/blog.zeit.de\/teilchen\/wp-json\/wp\/v2\/users\/512"}],"replies":[{"embeddable":true,"href":"https:\/\/blog.zeit.de\/teilchen\/wp-json\/wp\/v2\/comments?post=969"}],"version-history":[{"count":12,"href":"https:\/\/blog.zeit.de\/teilchen\/wp-json\/wp\/v2\/posts\/969\/revisions"}],"predecessor-version":[{"id":2442,"href":"https:\/\/blog.zeit.de\/teilchen\/wp-json\/wp\/v2\/posts\/969\/revisions\/2442"}],"wp:attachment":[{"href":"https:\/\/blog.zeit.de\/teilchen\/wp-json\/wp\/v2\/media?parent=969"}],"wp:term":[{"taxonomy":"category","embeddable":true,"href":"https:\/\/blog.zeit.de\/teilchen\/wp-json\/wp\/v2\/categories?post=969"},{"taxonomy":"post_tag","embeddable":true,"href":"https:\/\/blog.zeit.de\/teilchen\/wp-json\/wp\/v2\/tags?post=969"}],"curies":[{"name":"wp","href":"https:\/\/api.w.org\/{rel}","templated":true}]}}