{"id":9741,"date":"2015-11-20T14:52:01","date_gmt":"2015-11-20T13:52:01","guid":{"rendered":"http:\/\/blog.zeit.de\/teilchen\/?p=9741"},"modified":"2015-11-23T18:56:09","modified_gmt":"2015-11-23T17:56:09","slug":"windows-microsoft-30-jahre-zeitreise","status":"publish","type":"post","link":"https:\/\/blog.zeit.de\/teilchen\/2015\/11\/20\/windows-microsoft-30-jahre-zeitreise\/","title":{"rendered":"30 Jahre Windows \u2013 eine visuelle Zeitreise"},"content":{"rendered":"<p><figure id=\"attachment_9742\" aria-describedby=\"caption-attachment-9742\" style=\"width: 620px\" class=\"wp-caption alignnone\"><img loading=\"lazy\" decoding=\"async\" class=\"wp-image-9742 size-medium\" src=\"https:\/\/blog.zeit.de\/teilchen\/files\/2015\/11\/RTXFTID-620x473.jpg\" alt=\"Windows: Eine visuelle Zeitreise von 1985 bis heute\" width=\"620\" height=\"473\" srcset=\"https:\/\/blog.zeit.de\/teilchen\/files\/2015\/11\/RTXFTID-620x473.jpg 620w, https:\/\/blog.zeit.de\/teilchen\/files\/2015\/11\/RTXFTID-1024x782.jpg 1024w, https:\/\/blog.zeit.de\/teilchen\/files\/2015\/11\/RTXFTID.jpg 2033w\" sizes=\"auto, (max-width: 620px) 100vw, 620px\" \/><figcaption id=\"caption-attachment-9742\" class=\"wp-caption-text\">Microsoft-Gr\u00fcnder Bill Gates hat mit dem Betriebssystem Windows die PC-Welt revolutioniert. \u00a9 Jeff Vinnick\/Reuters<\/figcaption><\/figure><\/p>\n<p>Das indianische Wort f\u00fcr Windows? &#8222;Wei\u00dfer-Mann-starrt-wartend-auf-Sanduhr&#8220;. Es d\u00fcrfte unter allen Menschen, die schon mal einen Computer bedient haben, kaum jemanden geben, der keine Flachwitze wie diesen \u00fcber das bekannteste Produkt von Microsoft rei\u00dfen kann. Oder einen Windows-Nutzer, der niemals w\u00fctend war. Oder frustriert. Oder der die wirren Fehlermeldungen deuten konnte.<!--more--><\/p>\n<p>Aber: <a href=\"http:\/\/www.zeit.de\/thema\/windows\" target=\"_blank\">Windows<\/a> ist immer noch da, heute auf den Tag genau seit 30 Jahren. Die <a href=\"http:\/\/www.theverge.com\/2015\/11\/19\/9759874\/microsoft-windows-visual-history-30-years\" target=\"_blank\">Online-Plattform <em>The Verge<\/em> schickt Sie auf eine visuelle Zeitreise<\/a>.<\/p>\n\n<div class=\"embed-wrapper embed-wrapper--blocked js-embed-consent\" data-method=\"embed\">\n<script class=\"raw__source\" type=\"text\/template\"><iframe loading=\"lazy\" title=\"Chain of Fools : Upgrading through every version of windows (HQ)\" width=\"640\" height=\"480\" src=\"https:\/\/www.youtube-nocookie.com\/embed\/vPnehDhGa14?feature=oembed\" frameborder=\"0\" allow=\"accelerometer; autoplay; clipboard-write; encrypted-media; gyroscope; picture-in-picture; web-share\" referrerpolicy=\"strict-origin-when-cross-origin\" allowfullscreen><\/iframe><\/script>\n<div class=\"embed-wrapper__inner\">\n<div class=\"embed-wrapper__text\">\n<h3>Empfohlener redaktioneller Inhalt<\/h3>\n<p data-replace=\"no\">An dieser Stelle finden Sie externen Inhalt, der den Artikel erg\u00e4nzt. Sie k\u00f6nnen sich externe Inhalte mit einem Klick anzeigen lassen und wieder ausblenden.<noscript>Bitte aktivieren Sie JavaScript damit Sie diesen Inhalt anzeigen k\u00f6nnen.<\/noscript><\/p>\n<\/div>\n<div class=\"embed-consent\">\n<label class=\"embed-consent__toggle\">\n<input class=\"js-embed-consent__toggle\" type=\"checkbox\" autocomplete=\"off\">\n<span><\/span>\nExterner Inhalt\n<\/label>\n<a href=\"https:\/\/www.zeit.de\/hilfe\/datenschutz\" target=\"_blank\" class=\"embed-consent__datalink-when-active\">Datenschutzerkl\u00e4rung<\/a>\n<\/div>\n<div class=\"embed-wrapper__footer\">\n<p data-replace=\"no\">\nIch bin damit einverstanden, dass mir externe Inhalte angezeigt werden. Damit k\u00f6nnen personenbezogene Daten an Drittplattformen \u00fcbermittelt werden. <a href=\"https:\/\/www.zeit.de\/hilfe\/datenschutz\" target=\"_blank\">Mehr dazu in unserer Datenschutzerkl\u00e4rung.<\/a>\n<\/p>\n<\/div>\n<\/div>\n<\/div>\n<p>Haben Sie bei der Arbeit auch noch bis vor Kurzem mit <a href=\"http:\/\/www.zeit.de\/digital\/internet\/2014-04\/reactos-alternative-windows-xp\" target=\"_blank\">Windows XP<\/a> arbeiten m\u00fcssen? Wie archaisch muss Ihnen da erst die allererste Windows-Version vorkommen, die 1985 MS-DOS abl\u00f6ste.<\/p>\n<p>Aber wie innovativ Windows 1.0 gleichzeitig war: Das Betriebssystem machte den Maus-Einsatz \u00fcberhaupt erst m\u00f6glich. MS-DOS lebte noch ausschlie\u00dflich von Befehlen \u00fcber die Tastatureingabe. Erforderlich war ein Arbeitsspeicher von mindestens 256 Kilobyte. F\u00fcr <a href=\"http:\/\/www.zeit.de\/digital\/internet\/2015-07\/microsoft-windows-10-update-test-wechsel\" target=\"_blank\">die neueste Version Windows 10<\/a> ist etwas mehr Platz vonn\u00f6ten.<\/p>\n<p><em>Weitere <a href=\"https:\/\/blog.zeit.de\/teilchen\/\" target=\"_blank\">Teilchen finden Sie hier<\/a>.<\/em><\/p>\n<p>&nbsp;<\/p>\n","protected":false},"excerpt":{"rendered":"<p>Das indianische Wort f\u00fcr Windows? &#8222;Wei\u00dfer-Mann-starrt-wartend-auf-Sanduhr&#8220;. Es d\u00fcrfte unter allen Menschen, die schon mal einen Computer bedient haben, kaum jemanden geben, der keine Flachwitze [\u2026]<\/p>\n","protected":false},"author":528,"featured_media":9742,"comment_status":"open","ping_status":"closed","sticky":false,"template":"","format":"standard","meta":{"_jetpack_memberships_contains_paid_content":false,"footnotes":""},"categories":[28],"tags":[],"class_list":["post-9741","post","type-post","status-publish","format-standard","has-post-thumbnail","hentry","category-video"],"yoast_head":"<!-- This site is optimized with the Yoast SEO plugin v21.0 - https:\/\/yoast.com\/wordpress\/plugins\/seo\/ -->\n<title>Windows: Eine visuelle Zeitreise von 1985 bis heute<\/title>\n<meta name=\"description\" content=\"Windows ist immer noch da, trotz Sanduhr und Fehlermeldungen. Heute auf den Tag genau seit 30 Jahren.\" \/>\n<meta name=\"robots\" content=\"index, follow, max-snippet:-1, max-image-preview:large, max-video-preview:-1\" \/>\n<link rel=\"canonical\" href=\"https:\/\/blog.zeit.de\/teilchen\/2015\/11\/20\/windows-microsoft-30-jahre-zeitreise\/\" \/>\n<meta property=\"og:locale\" content=\"de_DE\" \/>\n<meta property=\"og:type\" content=\"article\" \/>\n<meta property=\"og:title\" content=\"Windows: Eine visuelle Zeitreise von 1985 bis heute\" \/>\n<meta property=\"og:description\" content=\"Windows ist immer noch da, trotz Sanduhr und Fehlermeldungen. Heute auf den Tag genau seit 30 Jahren.\" \/>\n<meta property=\"og:url\" content=\"https:\/\/blog.zeit.de\/teilchen\/2015\/11\/20\/windows-microsoft-30-jahre-zeitreise\/\" \/>\n<meta property=\"og:site_name\" content=\"Teilchen\" \/>\n<meta property=\"article:published_time\" content=\"2015-11-20T13:52:01+00:00\" \/>\n<meta property=\"article:modified_time\" content=\"2015-11-23T17:56:09+00:00\" \/>\n<meta property=\"og:image\" content=\"https:\/\/blog.zeit.de\/teilchen\/files\/2015\/11\/RTXFTID.jpg\" \/>\n\t<meta property=\"og:image:width\" content=\"2033\" \/>\n\t<meta property=\"og:image:height\" content=\"1552\" \/>\n\t<meta property=\"og:image:type\" content=\"image\/jpeg\" \/>\n<meta name=\"author\" content=\"Bj\u00f6rn Maatz\" \/>\n<meta name=\"twitter:card\" content=\"summary_large_image\" \/>\n<meta name=\"twitter:creator\" content=\"@BjoernMaatz\" \/>\n<meta name=\"twitter:site\" content=\"@zeitonline\" \/>\n<meta name=\"twitter:label1\" content=\"Geschrieben von\" \/>\n\t<meta name=\"twitter:data1\" content=\"Bj\u00f6rn Maatz\" \/>\n\t<meta name=\"twitter:label2\" content=\"Gesch\u00e4tzte Lesezeit\" \/>\n\t<meta name=\"twitter:data2\" content=\"1\u00a0Minute\" \/>\n<script type=\"application\/ld+json\" class=\"yoast-schema-graph\">{\"@context\":\"https:\/\/schema.org\",\"@graph\":[{\"@type\":\"WebPage\",\"@id\":\"https:\/\/blog.zeit.de\/teilchen\/2015\/11\/20\/windows-microsoft-30-jahre-zeitreise\/\",\"url\":\"https:\/\/blog.zeit.de\/teilchen\/2015\/11\/20\/windows-microsoft-30-jahre-zeitreise\/\",\"name\":\"Windows: Eine visuelle Zeitreise von 1985 bis heute\",\"isPartOf\":{\"@id\":\"https:\/\/blog.zeit.de\/teilchen\/#website\"},\"datePublished\":\"2015-11-20T13:52:01+00:00\",\"dateModified\":\"2015-11-23T17:56:09+00:00\",\"author\":{\"@id\":\"https:\/\/blog.zeit.de\/teilchen\/#\/schema\/person\/20ae47479c9c6443ed61f03c9eac892f\"},\"description\":\"Windows ist immer noch da, trotz Sanduhr und Fehlermeldungen. Heute auf den Tag genau seit 30 Jahren.\",\"breadcrumb\":{\"@id\":\"https:\/\/blog.zeit.de\/teilchen\/2015\/11\/20\/windows-microsoft-30-jahre-zeitreise\/#breadcrumb\"},\"inLanguage\":\"de\",\"potentialAction\":[{\"@type\":\"ReadAction\",\"target\":[\"https:\/\/blog.zeit.de\/teilchen\/2015\/11\/20\/windows-microsoft-30-jahre-zeitreise\/\"]}]},{\"@type\":\"BreadcrumbList\",\"@id\":\"https:\/\/blog.zeit.de\/teilchen\/2015\/11\/20\/windows-microsoft-30-jahre-zeitreise\/#breadcrumb\",\"itemListElement\":[{\"@type\":\"ListItem\",\"position\":1,\"name\":\"Startseite\",\"item\":\"https:\/\/blog.zeit.de\/teilchen\/\"},{\"@type\":\"ListItem\",\"position\":2,\"name\":\"30 Jahre Windows \u2013 eine visuelle Zeitreise\"}]},{\"@type\":\"WebSite\",\"@id\":\"https:\/\/blog.zeit.de\/teilchen\/#website\",\"url\":\"https:\/\/blog.zeit.de\/teilchen\/\",\"name\":\"Teilchen\",\"description\":\"Im Netz verstecken sich kleine Sch\u00e4tze - ZEIT ONLINE findet sie.\",\"potentialAction\":[{\"@type\":\"SearchAction\",\"target\":{\"@type\":\"EntryPoint\",\"urlTemplate\":\"https:\/\/blog.zeit.de\/teilchen\/?s={search_term_string}\"},\"query-input\":\"required name=search_term_string\"}],\"inLanguage\":\"de\"},{\"@type\":\"Person\",\"@id\":\"https:\/\/blog.zeit.de\/teilchen\/#\/schema\/person\/20ae47479c9c6443ed61f03c9eac892f\",\"name\":\"Bj\u00f6rn Maatz\",\"image\":{\"@type\":\"ImageObject\",\"inLanguage\":\"de\",\"@id\":\"https:\/\/blog.zeit.de\/teilchen\/#\/schema\/person\/image\/\",\"url\":\"https:\/\/secure.gravatar.com\/avatar\/4ed13ddffa21af7dcec9d6d36d2b36f05bfc49e1676e43abd84a80376d644278?s=96&d=mm&r=g\",\"contentUrl\":\"https:\/\/secure.gravatar.com\/avatar\/4ed13ddffa21af7dcec9d6d36d2b36f05bfc49e1676e43abd84a80376d644278?s=96&d=mm&r=g\",\"caption\":\"Bj\u00f6rn Maatz\"},\"description\":\"Leitet die Online-Redaktion der Kreativagentur Philipp und Keuntje. Zuvor Engagement-Redakteur bei ZEIT ONLINE und bei FINANCIAL TIMES DEUTSCHLAND, u.a. als Print-Redakteur im Unternehmensressort sowie als erster und letzter Social-Media-Redakteur. Studium der Wirtschaftsjournalistik in Bremen und Melbourne mit Hospitanzen beim NDR, der dpa und dem Hamburger Abendblatt.\",\"sameAs\":[\"https:\/\/twitter.com\/BjoernMaatz\"],\"url\":\"https:\/\/blog.zeit.de\/teilchen\/author\/bjoernmaatz\/\"}]}<\/script>\n<!-- \/ Yoast SEO plugin. -->","yoast_head_json":{"title":"Windows: Eine visuelle Zeitreise von 1985 bis heute","description":"Windows ist immer noch da, trotz Sanduhr und Fehlermeldungen. Heute auf den Tag genau seit 30 Jahren.","robots":{"index":"index","follow":"follow","max-snippet":"max-snippet:-1","max-image-preview":"max-image-preview:large","max-video-preview":"max-video-preview:-1"},"canonical":"https:\/\/blog.zeit.de\/teilchen\/2015\/11\/20\/windows-microsoft-30-jahre-zeitreise\/","og_locale":"de_DE","og_type":"article","og_title":"Windows: Eine visuelle Zeitreise von 1985 bis heute","og_description":"Windows ist immer noch da, trotz Sanduhr und Fehlermeldungen. Heute auf den Tag genau seit 30 Jahren.","og_url":"https:\/\/blog.zeit.de\/teilchen\/2015\/11\/20\/windows-microsoft-30-jahre-zeitreise\/","og_site_name":"Teilchen","article_published_time":"2015-11-20T13:52:01+00:00","article_modified_time":"2015-11-23T17:56:09+00:00","og_image":[{"width":2033,"height":1552,"url":"https:\/\/blog.zeit.de\/teilchen\/files\/2015\/11\/RTXFTID.jpg","type":"image\/jpeg"}],"author":"Bj\u00f6rn Maatz","twitter_card":"summary_large_image","twitter_creator":"@BjoernMaatz","twitter_site":"@zeitonline","twitter_misc":{"Geschrieben von":"Bj\u00f6rn Maatz","Gesch\u00e4tzte Lesezeit":"1\u00a0Minute"},"schema":{"@context":"https:\/\/schema.org","@graph":[{"@type":"WebPage","@id":"https:\/\/blog.zeit.de\/teilchen\/2015\/11\/20\/windows-microsoft-30-jahre-zeitreise\/","url":"https:\/\/blog.zeit.de\/teilchen\/2015\/11\/20\/windows-microsoft-30-jahre-zeitreise\/","name":"Windows: Eine visuelle Zeitreise von 1985 bis heute","isPartOf":{"@id":"https:\/\/blog.zeit.de\/teilchen\/#website"},"datePublished":"2015-11-20T13:52:01+00:00","dateModified":"2015-11-23T17:56:09+00:00","author":{"@id":"https:\/\/blog.zeit.de\/teilchen\/#\/schema\/person\/20ae47479c9c6443ed61f03c9eac892f"},"description":"Windows ist immer noch da, trotz Sanduhr und Fehlermeldungen. Heute auf den Tag genau seit 30 Jahren.","breadcrumb":{"@id":"https:\/\/blog.zeit.de\/teilchen\/2015\/11\/20\/windows-microsoft-30-jahre-zeitreise\/#breadcrumb"},"inLanguage":"de","potentialAction":[{"@type":"ReadAction","target":["https:\/\/blog.zeit.de\/teilchen\/2015\/11\/20\/windows-microsoft-30-jahre-zeitreise\/"]}]},{"@type":"BreadcrumbList","@id":"https:\/\/blog.zeit.de\/teilchen\/2015\/11\/20\/windows-microsoft-30-jahre-zeitreise\/#breadcrumb","itemListElement":[{"@type":"ListItem","position":1,"name":"Startseite","item":"https:\/\/blog.zeit.de\/teilchen\/"},{"@type":"ListItem","position":2,"name":"30 Jahre Windows \u2013 eine visuelle Zeitreise"}]},{"@type":"WebSite","@id":"https:\/\/blog.zeit.de\/teilchen\/#website","url":"https:\/\/blog.zeit.de\/teilchen\/","name":"Teilchen","description":"Im Netz verstecken sich kleine Sch\u00e4tze - ZEIT ONLINE findet sie.","potentialAction":[{"@type":"SearchAction","target":{"@type":"EntryPoint","urlTemplate":"https:\/\/blog.zeit.de\/teilchen\/?s={search_term_string}"},"query-input":"required name=search_term_string"}],"inLanguage":"de"},{"@type":"Person","@id":"https:\/\/blog.zeit.de\/teilchen\/#\/schema\/person\/20ae47479c9c6443ed61f03c9eac892f","name":"Bj\u00f6rn Maatz","image":{"@type":"ImageObject","inLanguage":"de","@id":"https:\/\/blog.zeit.de\/teilchen\/#\/schema\/person\/image\/","url":"https:\/\/secure.gravatar.com\/avatar\/4ed13ddffa21af7dcec9d6d36d2b36f05bfc49e1676e43abd84a80376d644278?s=96&d=mm&r=g","contentUrl":"https:\/\/secure.gravatar.com\/avatar\/4ed13ddffa21af7dcec9d6d36d2b36f05bfc49e1676e43abd84a80376d644278?s=96&d=mm&r=g","caption":"Bj\u00f6rn Maatz"},"description":"Leitet die Online-Redaktion der Kreativagentur Philipp und Keuntje. Zuvor Engagement-Redakteur bei ZEIT ONLINE und bei FINANCIAL TIMES DEUTSCHLAND, u.a. als Print-Redakteur im Unternehmensressort sowie als erster und letzter Social-Media-Redakteur. Studium der Wirtschaftsjournalistik in Bremen und Melbourne mit Hospitanzen beim NDR, der dpa und dem Hamburger Abendblatt.","sameAs":["https:\/\/twitter.com\/BjoernMaatz"],"url":"https:\/\/blog.zeit.de\/teilchen\/author\/bjoernmaatz\/"}]}},"jetpack_featured_media_url":"https:\/\/blog.zeit.de\/teilchen\/files\/2015\/11\/RTXFTID.jpg","jetpack_sharing_enabled":true,"_links":{"self":[{"href":"https:\/\/blog.zeit.de\/teilchen\/wp-json\/wp\/v2\/posts\/9741","targetHints":{"allow":["GET"]}}],"collection":[{"href":"https:\/\/blog.zeit.de\/teilchen\/wp-json\/wp\/v2\/posts"}],"about":[{"href":"https:\/\/blog.zeit.de\/teilchen\/wp-json\/wp\/v2\/types\/post"}],"author":[{"embeddable":true,"href":"https:\/\/blog.zeit.de\/teilchen\/wp-json\/wp\/v2\/users\/528"}],"replies":[{"embeddable":true,"href":"https:\/\/blog.zeit.de\/teilchen\/wp-json\/wp\/v2\/comments?post=9741"}],"version-history":[{"count":9,"href":"https:\/\/blog.zeit.de\/teilchen\/wp-json\/wp\/v2\/posts\/9741\/revisions"}],"predecessor-version":[{"id":9778,"href":"https:\/\/blog.zeit.de\/teilchen\/wp-json\/wp\/v2\/posts\/9741\/revisions\/9778"}],"wp:featuredmedia":[{"embeddable":true,"href":"https:\/\/blog.zeit.de\/teilchen\/wp-json\/wp\/v2\/media\/9742"}],"wp:attachment":[{"href":"https:\/\/blog.zeit.de\/teilchen\/wp-json\/wp\/v2\/media?parent=9741"}],"wp:term":[{"taxonomy":"category","embeddable":true,"href":"https:\/\/blog.zeit.de\/teilchen\/wp-json\/wp\/v2\/categories?post=9741"},{"taxonomy":"post_tag","embeddable":true,"href":"https:\/\/blog.zeit.de\/teilchen\/wp-json\/wp\/v2\/tags?post=9741"}],"curies":[{"name":"wp","href":"https:\/\/api.w.org\/{rel}","templated":true}]}}