{"id":9747,"date":"2015-11-20T15:05:39","date_gmt":"2015-11-20T14:05:39","guid":{"rendered":"http:\/\/blog.zeit.de\/teilchen\/?p=9747"},"modified":"2015-11-20T15:05:39","modified_gmt":"2015-11-20T14:05:39","slug":"schnuersenkel-binden-richtig-bloomberg-business","status":"publish","type":"post","link":"https:\/\/blog.zeit.de\/teilchen\/2015\/11\/20\/schnuersenkel-binden-richtig-bloomberg-business\/","title":{"rendered":"So binden Sie Schn\u00fcrsenkel richtig"},"content":{"rendered":"<p><figure id=\"attachment_9748\" aria-describedby=\"caption-attachment-9748\" style=\"width: 620px\" class=\"wp-caption alignnone\"><img loading=\"lazy\" decoding=\"async\" class=\"wp-image-9748 size-medium\" src=\"https:\/\/blog.zeit.de\/teilchen\/files\/2015\/11\/Bildschirmfoto-2015-11-20-um-12.45.56-620x410.png\" alt=\"So binden Sie Schn\u00fcrsenkel richtig\" width=\"620\" height=\"410\" srcset=\"https:\/\/blog.zeit.de\/teilchen\/files\/2015\/11\/Bildschirmfoto-2015-11-20-um-12.45.56-620x410.png 620w, https:\/\/blog.zeit.de\/teilchen\/files\/2015\/11\/Bildschirmfoto-2015-11-20-um-12.45.56.png 865w\" sizes=\"auto, (max-width: 620px) 100vw, 620px\" \/><figcaption id=\"caption-attachment-9748\" class=\"wp-caption-text\">Die Schn\u00fcrung bei formalem Schuhwerk unterscheidet sich von der bei Sneakers. Screenshot: bloomberg.com<\/figcaption><\/figure><\/p>\n<p>Liebe Freunde unseres Teilchen-Blogs, eventuell wird Sie dieses Thema irritieren. Wom\u00f6glich wollen Sie gar nicht weiterlesen, weil Sie bislang ohne zu stolpern gut durchs Leben gekommen sind und die Schuhschn\u00fcrung f\u00fcr Sie so selbstverst\u00e4ndlich ist <a href=\"https:\/\/blog.zeit.de\/teilchen\/2015\/11\/04\/zaehneputzen-karies-zahnbuerste\/\" target=\"_blank\">wie das Z\u00e4hneputzen<\/a>. Aber wenn sich schon <a href=\"http:\/\/www.bloomberg.com\/news\/features\/2015-11-12\/how-to-tie-your-shoes-and-lace-your-shoes-the-best-way?utm_source=nextdraft&amp;utm_medium=email\" target=\"_blank\"><em>Bloomberg Business<\/em> der Sache annimmt<\/a>, muss die Lage ernst sein. Hier erfahren Sie, wie Sie Ihre Schuhe effektiver \u2013 und attraktiver \u2013 schn\u00fcren.<!--more--><\/p>\n<p>Wahrscheinlich haben Sie schon im Kindergarten gelernt, sich die <a href=\"http:\/\/www.zeit.de\/zeit-magazin\/2015\/09\/wundertuete-schnuersenkel-binden\" target=\"_blank\">Schn\u00fcrsenkel zu binden<\/a>. Aber seien Sie ehrlich: Dann und wann platzt auch bei Ihnen der Knoten \u2013 und in den unm\u00f6glichsten Momenten m\u00fcssen Sie sich b\u00fccken und das morgendliche Werk erneut verrichten.<\/p>\n<p>Mit dem Windsor-Knoten wird Ihnen das nie wieder passieren. <em>Bloomberg Business<\/em> verr\u00e4t Ihnen auch, warum Sie Sneakers anders zusammenschn\u00fcren als formales Schuhwerk f\u00fcr die Arbeit. Und warum Sie Ihre Schuhe am besten auf B\u00e4umen lagern.<\/p>\n<p><em>Weitere <a href=\"https:\/\/blog.zeit.de\/teilchen\/\" target=\"_blank\">Teilchen finden Sie hier<\/a>.<\/em><\/p>\n","protected":false},"excerpt":{"rendered":"<p>Liebe Freunde unseres Teilchen-Blogs, eventuell wird Sie dieses Thema irritieren. Wom\u00f6glich wollen Sie gar nicht weiterlesen, weil Sie bislang ohne zu stolpern gut durchs [\u2026]<\/p>\n","protected":false},"author":528,"featured_media":9748,"comment_status":"open","ping_status":"closed","sticky":false,"template":"","format":"standard","meta":{"_jetpack_memberships_contains_paid_content":false,"footnotes":""},"categories":[13657],"tags":[],"class_list":["post-9747","post","type-post","status-publish","format-standard","has-post-thumbnail","hentry","category-interaktiv"],"yoast_head":"<!-- This site is optimized with the Yoast SEO plugin v21.0 - https:\/\/yoast.com\/wordpress\/plugins\/seo\/ -->\n<title>So binden Sie Schn\u00fcrsenkel richtig &#8902; Teilchen<\/title>\n<meta name=\"description\" content=\"Bloomberg Business verr\u00e4t Ihnen wie Sie Ihre Schn\u00fcrsenkel effektiver \u2013 und attraktiver \u2013 binden.\" \/>\n<meta name=\"robots\" content=\"index, follow, max-snippet:-1, max-image-preview:large, max-video-preview:-1\" \/>\n<link rel=\"canonical\" href=\"https:\/\/blog.zeit.de\/teilchen\/2015\/11\/20\/schnuersenkel-binden-richtig-bloomberg-business\/\" \/>\n<meta property=\"og:locale\" content=\"de_DE\" \/>\n<meta property=\"og:type\" content=\"article\" \/>\n<meta property=\"og:title\" content=\"So binden Sie Schn\u00fcrsenkel richtig &#8902; Teilchen\" \/>\n<meta property=\"og:description\" content=\"Bloomberg Business verr\u00e4t Ihnen wie Sie Ihre Schn\u00fcrsenkel effektiver \u2013 und attraktiver \u2013 binden.\" \/>\n<meta property=\"og:url\" content=\"https:\/\/blog.zeit.de\/teilchen\/2015\/11\/20\/schnuersenkel-binden-richtig-bloomberg-business\/\" \/>\n<meta property=\"og:site_name\" content=\"Teilchen\" \/>\n<meta property=\"article:published_time\" content=\"2015-11-20T14:05:39+00:00\" \/>\n<meta property=\"og:image\" content=\"https:\/\/blog.zeit.de\/teilchen\/files\/2015\/11\/Bildschirmfoto-2015-11-20-um-12.45.56.png\" \/>\n\t<meta property=\"og:image:width\" content=\"865\" \/>\n\t<meta property=\"og:image:height\" content=\"572\" \/>\n\t<meta property=\"og:image:type\" content=\"image\/png\" \/>\n<meta name=\"author\" content=\"Bj\u00f6rn Maatz\" \/>\n<meta name=\"twitter:card\" content=\"summary_large_image\" \/>\n<meta name=\"twitter:creator\" content=\"@BjoernMaatz\" \/>\n<meta name=\"twitter:site\" content=\"@zeitonline\" \/>\n<meta name=\"twitter:label1\" content=\"Geschrieben von\" \/>\n\t<meta name=\"twitter:data1\" content=\"Bj\u00f6rn Maatz\" \/>\n\t<meta name=\"twitter:label2\" content=\"Gesch\u00e4tzte Lesezeit\" \/>\n\t<meta name=\"twitter:data2\" content=\"1\u00a0Minute\" \/>\n<script type=\"application\/ld+json\" class=\"yoast-schema-graph\">{\"@context\":\"https:\/\/schema.org\",\"@graph\":[{\"@type\":\"WebPage\",\"@id\":\"https:\/\/blog.zeit.de\/teilchen\/2015\/11\/20\/schnuersenkel-binden-richtig-bloomberg-business\/\",\"url\":\"https:\/\/blog.zeit.de\/teilchen\/2015\/11\/20\/schnuersenkel-binden-richtig-bloomberg-business\/\",\"name\":\"So binden Sie Schn\u00fcrsenkel richtig &#8902; Teilchen\",\"isPartOf\":{\"@id\":\"https:\/\/blog.zeit.de\/teilchen\/#website\"},\"datePublished\":\"2015-11-20T14:05:39+00:00\",\"dateModified\":\"2015-11-20T14:05:39+00:00\",\"author\":{\"@id\":\"https:\/\/blog.zeit.de\/teilchen\/#\/schema\/person\/20ae47479c9c6443ed61f03c9eac892f\"},\"description\":\"Bloomberg Business verr\u00e4t Ihnen wie Sie Ihre Schn\u00fcrsenkel effektiver \u2013 und attraktiver \u2013 binden.\",\"breadcrumb\":{\"@id\":\"https:\/\/blog.zeit.de\/teilchen\/2015\/11\/20\/schnuersenkel-binden-richtig-bloomberg-business\/#breadcrumb\"},\"inLanguage\":\"de\",\"potentialAction\":[{\"@type\":\"ReadAction\",\"target\":[\"https:\/\/blog.zeit.de\/teilchen\/2015\/11\/20\/schnuersenkel-binden-richtig-bloomberg-business\/\"]}]},{\"@type\":\"BreadcrumbList\",\"@id\":\"https:\/\/blog.zeit.de\/teilchen\/2015\/11\/20\/schnuersenkel-binden-richtig-bloomberg-business\/#breadcrumb\",\"itemListElement\":[{\"@type\":\"ListItem\",\"position\":1,\"name\":\"Startseite\",\"item\":\"https:\/\/blog.zeit.de\/teilchen\/\"},{\"@type\":\"ListItem\",\"position\":2,\"name\":\"So binden Sie Schn\u00fcrsenkel richtig\"}]},{\"@type\":\"WebSite\",\"@id\":\"https:\/\/blog.zeit.de\/teilchen\/#website\",\"url\":\"https:\/\/blog.zeit.de\/teilchen\/\",\"name\":\"Teilchen\",\"description\":\"Im Netz verstecken sich kleine Sch\u00e4tze - ZEIT ONLINE findet sie.\",\"potentialAction\":[{\"@type\":\"SearchAction\",\"target\":{\"@type\":\"EntryPoint\",\"urlTemplate\":\"https:\/\/blog.zeit.de\/teilchen\/?s={search_term_string}\"},\"query-input\":\"required name=search_term_string\"}],\"inLanguage\":\"de\"},{\"@type\":\"Person\",\"@id\":\"https:\/\/blog.zeit.de\/teilchen\/#\/schema\/person\/20ae47479c9c6443ed61f03c9eac892f\",\"name\":\"Bj\u00f6rn Maatz\",\"image\":{\"@type\":\"ImageObject\",\"inLanguage\":\"de\",\"@id\":\"https:\/\/blog.zeit.de\/teilchen\/#\/schema\/person\/image\/\",\"url\":\"https:\/\/secure.gravatar.com\/avatar\/4ed13ddffa21af7dcec9d6d36d2b36f05bfc49e1676e43abd84a80376d644278?s=96&d=mm&r=g\",\"contentUrl\":\"https:\/\/secure.gravatar.com\/avatar\/4ed13ddffa21af7dcec9d6d36d2b36f05bfc49e1676e43abd84a80376d644278?s=96&d=mm&r=g\",\"caption\":\"Bj\u00f6rn Maatz\"},\"description\":\"Leitet die Online-Redaktion der Kreativagentur Philipp und Keuntje. Zuvor Engagement-Redakteur bei ZEIT ONLINE und bei FINANCIAL TIMES DEUTSCHLAND, u.a. als Print-Redakteur im Unternehmensressort sowie als erster und letzter Social-Media-Redakteur. Studium der Wirtschaftsjournalistik in Bremen und Melbourne mit Hospitanzen beim NDR, der dpa und dem Hamburger Abendblatt.\",\"sameAs\":[\"https:\/\/twitter.com\/BjoernMaatz\"],\"url\":\"https:\/\/blog.zeit.de\/teilchen\/author\/bjoernmaatz\/\"}]}<\/script>\n<!-- \/ Yoast SEO plugin. -->","yoast_head_json":{"title":"So binden Sie Schn\u00fcrsenkel richtig &#8902; Teilchen","description":"Bloomberg Business verr\u00e4t Ihnen wie Sie Ihre Schn\u00fcrsenkel effektiver \u2013 und attraktiver \u2013 binden.","robots":{"index":"index","follow":"follow","max-snippet":"max-snippet:-1","max-image-preview":"max-image-preview:large","max-video-preview":"max-video-preview:-1"},"canonical":"https:\/\/blog.zeit.de\/teilchen\/2015\/11\/20\/schnuersenkel-binden-richtig-bloomberg-business\/","og_locale":"de_DE","og_type":"article","og_title":"So binden Sie Schn\u00fcrsenkel richtig &#8902; Teilchen","og_description":"Bloomberg Business verr\u00e4t Ihnen wie Sie Ihre Schn\u00fcrsenkel effektiver \u2013 und attraktiver \u2013 binden.","og_url":"https:\/\/blog.zeit.de\/teilchen\/2015\/11\/20\/schnuersenkel-binden-richtig-bloomberg-business\/","og_site_name":"Teilchen","article_published_time":"2015-11-20T14:05:39+00:00","og_image":[{"width":865,"height":572,"url":"https:\/\/blog.zeit.de\/teilchen\/files\/2015\/11\/Bildschirmfoto-2015-11-20-um-12.45.56.png","type":"image\/png"}],"author":"Bj\u00f6rn Maatz","twitter_card":"summary_large_image","twitter_creator":"@BjoernMaatz","twitter_site":"@zeitonline","twitter_misc":{"Geschrieben von":"Bj\u00f6rn Maatz","Gesch\u00e4tzte Lesezeit":"1\u00a0Minute"},"schema":{"@context":"https:\/\/schema.org","@graph":[{"@type":"WebPage","@id":"https:\/\/blog.zeit.de\/teilchen\/2015\/11\/20\/schnuersenkel-binden-richtig-bloomberg-business\/","url":"https:\/\/blog.zeit.de\/teilchen\/2015\/11\/20\/schnuersenkel-binden-richtig-bloomberg-business\/","name":"So binden Sie Schn\u00fcrsenkel richtig &#8902; Teilchen","isPartOf":{"@id":"https:\/\/blog.zeit.de\/teilchen\/#website"},"datePublished":"2015-11-20T14:05:39+00:00","dateModified":"2015-11-20T14:05:39+00:00","author":{"@id":"https:\/\/blog.zeit.de\/teilchen\/#\/schema\/person\/20ae47479c9c6443ed61f03c9eac892f"},"description":"Bloomberg Business verr\u00e4t Ihnen wie Sie Ihre Schn\u00fcrsenkel effektiver \u2013 und attraktiver \u2013 binden.","breadcrumb":{"@id":"https:\/\/blog.zeit.de\/teilchen\/2015\/11\/20\/schnuersenkel-binden-richtig-bloomberg-business\/#breadcrumb"},"inLanguage":"de","potentialAction":[{"@type":"ReadAction","target":["https:\/\/blog.zeit.de\/teilchen\/2015\/11\/20\/schnuersenkel-binden-richtig-bloomberg-business\/"]}]},{"@type":"BreadcrumbList","@id":"https:\/\/blog.zeit.de\/teilchen\/2015\/11\/20\/schnuersenkel-binden-richtig-bloomberg-business\/#breadcrumb","itemListElement":[{"@type":"ListItem","position":1,"name":"Startseite","item":"https:\/\/blog.zeit.de\/teilchen\/"},{"@type":"ListItem","position":2,"name":"So binden Sie Schn\u00fcrsenkel richtig"}]},{"@type":"WebSite","@id":"https:\/\/blog.zeit.de\/teilchen\/#website","url":"https:\/\/blog.zeit.de\/teilchen\/","name":"Teilchen","description":"Im Netz verstecken sich kleine Sch\u00e4tze - ZEIT ONLINE findet sie.","potentialAction":[{"@type":"SearchAction","target":{"@type":"EntryPoint","urlTemplate":"https:\/\/blog.zeit.de\/teilchen\/?s={search_term_string}"},"query-input":"required name=search_term_string"}],"inLanguage":"de"},{"@type":"Person","@id":"https:\/\/blog.zeit.de\/teilchen\/#\/schema\/person\/20ae47479c9c6443ed61f03c9eac892f","name":"Bj\u00f6rn Maatz","image":{"@type":"ImageObject","inLanguage":"de","@id":"https:\/\/blog.zeit.de\/teilchen\/#\/schema\/person\/image\/","url":"https:\/\/secure.gravatar.com\/avatar\/4ed13ddffa21af7dcec9d6d36d2b36f05bfc49e1676e43abd84a80376d644278?s=96&d=mm&r=g","contentUrl":"https:\/\/secure.gravatar.com\/avatar\/4ed13ddffa21af7dcec9d6d36d2b36f05bfc49e1676e43abd84a80376d644278?s=96&d=mm&r=g","caption":"Bj\u00f6rn Maatz"},"description":"Leitet die Online-Redaktion der Kreativagentur Philipp und Keuntje. Zuvor Engagement-Redakteur bei ZEIT ONLINE und bei FINANCIAL TIMES DEUTSCHLAND, u.a. als Print-Redakteur im Unternehmensressort sowie als erster und letzter Social-Media-Redakteur. Studium der Wirtschaftsjournalistik in Bremen und Melbourne mit Hospitanzen beim NDR, der dpa und dem Hamburger Abendblatt.","sameAs":["https:\/\/twitter.com\/BjoernMaatz"],"url":"https:\/\/blog.zeit.de\/teilchen\/author\/bjoernmaatz\/"}]}},"jetpack_featured_media_url":"https:\/\/blog.zeit.de\/teilchen\/files\/2015\/11\/Bildschirmfoto-2015-11-20-um-12.45.56.png","jetpack_sharing_enabled":true,"_links":{"self":[{"href":"https:\/\/blog.zeit.de\/teilchen\/wp-json\/wp\/v2\/posts\/9747","targetHints":{"allow":["GET"]}}],"collection":[{"href":"https:\/\/blog.zeit.de\/teilchen\/wp-json\/wp\/v2\/posts"}],"about":[{"href":"https:\/\/blog.zeit.de\/teilchen\/wp-json\/wp\/v2\/types\/post"}],"author":[{"embeddable":true,"href":"https:\/\/blog.zeit.de\/teilchen\/wp-json\/wp\/v2\/users\/528"}],"replies":[{"embeddable":true,"href":"https:\/\/blog.zeit.de\/teilchen\/wp-json\/wp\/v2\/comments?post=9747"}],"version-history":[{"count":8,"href":"https:\/\/blog.zeit.de\/teilchen\/wp-json\/wp\/v2\/posts\/9747\/revisions"}],"predecessor-version":[{"id":9761,"href":"https:\/\/blog.zeit.de\/teilchen\/wp-json\/wp\/v2\/posts\/9747\/revisions\/9761"}],"wp:featuredmedia":[{"embeddable":true,"href":"https:\/\/blog.zeit.de\/teilchen\/wp-json\/wp\/v2\/media\/9748"}],"wp:attachment":[{"href":"https:\/\/blog.zeit.de\/teilchen\/wp-json\/wp\/v2\/media?parent=9747"}],"wp:term":[{"taxonomy":"category","embeddable":true,"href":"https:\/\/blog.zeit.de\/teilchen\/wp-json\/wp\/v2\/categories?post=9747"},{"taxonomy":"post_tag","embeddable":true,"href":"https:\/\/blog.zeit.de\/teilchen\/wp-json\/wp\/v2\/tags?post=9747"}],"curies":[{"name":"wp","href":"https:\/\/api.w.org\/{rel}","templated":true}]}}