{"id":9783,"date":"2015-11-25T09:01:27","date_gmt":"2015-11-25T08:01:27","guid":{"rendered":"http:\/\/blog.zeit.de\/teilchen\/?p=9783"},"modified":"2015-11-25T10:03:24","modified_gmt":"2015-11-25T09:03:24","slug":"albert-einstein-relativitaetstheorie-100-jahre","status":"publish","type":"post","link":"https:\/\/blog.zeit.de\/teilchen\/2015\/11\/25\/albert-einstein-relativitaetstheorie-100-jahre\/","title":{"rendered":"Alles relativ!"},"content":{"rendered":"\n<div class=\"embed-wrapper embed-wrapper--blocked js-embed-consent\" data-method=\"iframe\">\n<script class=\"raw__source\" type=\"text\/template\"><iframe loading=\"lazy\" frameborder=\"580\" height=\"315\" src=\"https:\/\/www.youtube.com\/embed\/05L5F4GwOqM\" width=\"580\"><\/iframe><\/script>\n<div class=\"embed-wrapper__inner\">\n<div class=\"embed-wrapper__text\">\n<h3>Empfohlener redaktioneller Inhalt<\/h3>\n<p data-replace=\"no\">An dieser Stelle finden Sie externen Inhalt, der den Artikel erg\u00e4nzt. Sie k\u00f6nnen sich externe Inhalte mit einem Klick anzeigen lassen und wieder ausblenden.<noscript>Bitte aktivieren Sie JavaScript damit Sie diesen Inhalt anzeigen k\u00f6nnen.<\/noscript><\/p>\n<\/div>\n<div class=\"embed-consent\">\n<label class=\"embed-consent__toggle\">\n<input class=\"js-embed-consent__toggle\" type=\"checkbox\" autocomplete=\"off\">\n<span><\/span>\nExterner Inhalt\n<\/label>\n<a href=\"https:\/\/www.zeit.de\/hilfe\/datenschutz\" target=\"_blank\" class=\"embed-consent__datalink-when-active\">Datenschutzerkl\u00e4rung<\/a>\n<\/div>\n<div class=\"embed-wrapper__footer\">\n<p data-replace=\"no\">\nIch bin damit einverstanden, dass mir externe Inhalte angezeigt werden. Damit k\u00f6nnen personenbezogene Daten an Drittplattformen \u00fcbermittelt werden. <a href=\"https:\/\/www.zeit.de\/hilfe\/datenschutz\" target=\"_blank\">Mehr dazu in unserer Datenschutzerkl\u00e4rung.<\/a>\n<\/p>\n<\/div>\n<\/div>\n<\/div>\n<p>Es sei der gl\u00fccklichste Gedanke seines Lebens gewesen sein, soll <a href=\"http:\/\/www.zeit.de\/thema\/albert-einstein-relativitaetstheorie\">Albert Einstein<\/a> gesagt haben. Mag sein. Fest steht: Als er am 25. November 1915 letztlich den Kern seiner Relativit\u00e4tstheorie an der Preu\u00dfischen Akademie der Wissenschaften in Berlin zum Besten gab, l\u00e4utete der Forscher eine Revolution der Physik ein. Fest steht auch: Es dauerte eine Weile, der Welt seine Ideen zu vermitteln.<\/p>\n<p>Weniger als drei Minuten braucht dazu Walter Isaacson, Autor von <em>Einstein: His Life and Universe<\/em>. <a href=\"https:\/\/www.youtube.com\/watch?v=05L5F4GwOqM\" target=\"_blank\">Im Video erkl\u00e4rt er die &#8222;eleganteste Theorie in der Geschichte der Wissenschaft&#8220;<\/a> mithilfe von B\u00e4llen, Billard- und Bowlingkugeln sowie einem Aufzug im All.<!--more--><\/p>\n<p>Den Grundstein f\u00fcr seine revolution\u00e4re Theorie hatte Einstein bereits <a href=\"http:\/\/users.physik.fu-berlin.de\/~kleinert\/files\/1905_17_891-921.pdf\" target=\"_blank\">1905 mit der speziellen Relativit\u00e4tstheorie<\/a> gelegt. Demnach lassen sich Raum und Zeit nicht getrennt voneinander messen. Die wesentliche Erkenntnis: Zwei r\u00e4umlich getrennte Ereignisse, die dem einen als gleichzeitig erscheinen, k\u00f6nnen f\u00fcr einen anderen nacheinander ablaufen. Nur am selben Ort ist die Gleichzeitigkeit zweier Ereignisse eindeutig. Die spezielle Relativit\u00e4tstheorie f\u00fchrt \u00fcber die Vereinigung von Raum und Zeit zu einer vierdimensionalen Raumzeit. Die Zeit verlor damit ihren Status als absolute Gr\u00f6\u00dfe.<\/p>\n<p><strong>Schwerkraft als Folge der verkr\u00fcmmten Raumzeit<\/strong><\/p>\n<p>1915 ging Einstein dann einen Schritt weiter. Seine allgemeine Relativit\u00e4tstheorie umfasst nicht nur Raum und Zeit, sondern auch die Schwerkraft. Die Theorie besagt, dass die Raumzeit durch Masse verzerrt wird \u2013 \u00e4hnlich wie eine Bowlingkugel den dehnbaren Stoff eines Trampolins einbeule, beschreibt es<a href=\"https:\/\/www.youtube.com\/watch?v=05L5F4GwOqM\" target=\"_blank\"> Isaacson im Video<\/a>. Dieser Effekt ist umso st\u00e4rker, je gr\u00f6\u00dfer die Masse ist. &#8222;L\u00e4sst man nun Billardkugeln hinterherrollen, bewegen sie sich gewisserma\u00dfen auf die Bowlingkugel zu&#8220;, sagt Isaacson. Aber nicht, weil diese eine Anziehung haben, sondern weil der Raum verformt ist. Die Schwerkraft ist also eine Folge der verkr\u00fcmmten Geometrie von Raum und Zeit.<\/p>\n<p>Was sich mit der Erkenntnis anfangen lie\u00df? Zun\u00e4chst nicht viel. Doch f\u00fcr Astrophysiker ist Einsteins Theorie von wesentlicher Bedeutung. Schwarze L\u00f6cher, der Urknall, die stetige Ausdehnung des Universums \u2013 das alles l\u00e4sst sich mit der allgemeinen Relativit\u00e4tstheorie erkl\u00e4ren. Und auch f\u00fcr den Alltag ist das relevant: Navigationsger\u00e4te g\u00e4be es ohne den gro\u00dfen Denker der Physik zum Beispiel nicht.<\/p>\n<p>Sie sind noch immer nicht sicher, ob Sie das verstanden haben? Gut, dass sich schon andere an der Erkl\u00e4rung von Einsteins Theorie versucht haben. Das <em>Science-<\/em>Magazin etwa hat den <a href=\"http:\/\/spark.sciencemag.org\/generalrelativity\/\" target=\"_blank\">Nobelpreistr\u00e4ger zum Physik-Superhelden<\/a> erkoren und einen interaktiven Comic \u00fcber die Relativit\u00e4tstheorie verfasst.<\/p>\n<p><em>Die Themenseite \u00fcber <a href=\"http:\/\/www.zeit.de\/thema\/albert-einstein-relativitaetstheorie\">100 Jahre allgemeine Relativit\u00e4tstheorie \u2013 Revolution in der Physik <\/a>finden Sie hier. Weitere <\/em><em><a href=\"https:\/\/blog.zeit.de\/teilchen\/\" target=\"_blank\">Teilchen k\u00f6nnen Sie hier lesen.<\/a><\/em><\/p>\n<p><em>Quelle: ZEIT ONLINE, dpa<\/em><\/p>\n","protected":false},"excerpt":{"rendered":"<p>Empfohlener redaktioneller Inhalt An dieser Stelle finden Sie externen Inhalt, der den Artikel erg\u00e4nzt. Sie k\u00f6nnen sich externe Inhalte mit einem Klick anzeigen lassen [\u2026]<\/p>\n","protected":false},"author":448,"featured_media":9799,"comment_status":"open","ping_status":"closed","sticky":false,"template":"","format":"standard","meta":{"_jetpack_memberships_contains_paid_content":false,"footnotes":""},"categories":[28],"tags":[],"class_list":["post-9783","post","type-post","status-publish","format-standard","has-post-thumbnail","hentry","category-video"],"yoast_head":"<!-- This site is optimized with the Yoast SEO plugin v21.0 - https:\/\/yoast.com\/wordpress\/plugins\/seo\/ -->\n<title>Die Relativit\u00e4tstheorie machte Einstein zum Popstar<\/title>\n<meta name=\"description\" content=\"Ohne die Relativit\u00e4tstheorie g\u00e4be es keine Erkl\u00e4rung f\u00fcr schwarze L\u00f6cher. Und keine Navis.\" \/>\n<meta name=\"robots\" content=\"index, follow, max-snippet:-1, max-image-preview:large, max-video-preview:-1\" \/>\n<link rel=\"canonical\" href=\"https:\/\/blog.zeit.de\/teilchen\/2015\/11\/25\/albert-einstein-relativitaetstheorie-100-jahre\/\" \/>\n<meta property=\"og:locale\" content=\"de_DE\" \/>\n<meta property=\"og:type\" content=\"article\" \/>\n<meta property=\"og:title\" content=\"Die Relativit\u00e4tstheorie machte Einstein zum Popstar\" \/>\n<meta property=\"og:description\" content=\"Ohne die Relativit\u00e4tstheorie g\u00e4be es keine Erkl\u00e4rung f\u00fcr schwarze L\u00f6cher. Und keine Navis.\" \/>\n<meta property=\"og:url\" content=\"https:\/\/blog.zeit.de\/teilchen\/2015\/11\/25\/albert-einstein-relativitaetstheorie-100-jahre\/\" \/>\n<meta property=\"og:site_name\" content=\"Teilchen\" \/>\n<meta property=\"article:published_time\" content=\"2015-11-25T08:01:27+00:00\" \/>\n<meta property=\"article:modified_time\" content=\"2015-11-25T09:03:24+00:00\" \/>\n<meta property=\"og:image\" content=\"https:\/\/blog.zeit.de\/teilchen\/files\/2015\/11\/GettyImages-53177425.jpg\" \/>\n\t<meta property=\"og:image:width\" content=\"3000\" \/>\n\t<meta property=\"og:image:height\" content=\"1977\" \/>\n\t<meta property=\"og:image:type\" content=\"image\/jpeg\" \/>\n<meta name=\"author\" content=\"Alina Schadwinkel\" \/>\n<meta name=\"twitter:card\" content=\"summary_large_image\" \/>\n<meta name=\"twitter:creator\" content=\"@zeitonline\" \/>\n<meta name=\"twitter:site\" content=\"@zeitonline\" \/>\n<meta name=\"twitter:label1\" content=\"Geschrieben von\" \/>\n\t<meta name=\"twitter:data1\" content=\"Alina Schadwinkel\" \/>\n\t<meta name=\"twitter:label2\" content=\"Gesch\u00e4tzte Lesezeit\" \/>\n\t<meta name=\"twitter:data2\" content=\"2\u00a0Minuten\" \/>\n<script type=\"application\/ld+json\" class=\"yoast-schema-graph\">{\"@context\":\"https:\/\/schema.org\",\"@graph\":[{\"@type\":\"WebPage\",\"@id\":\"https:\/\/blog.zeit.de\/teilchen\/2015\/11\/25\/albert-einstein-relativitaetstheorie-100-jahre\/\",\"url\":\"https:\/\/blog.zeit.de\/teilchen\/2015\/11\/25\/albert-einstein-relativitaetstheorie-100-jahre\/\",\"name\":\"Die Relativit\u00e4tstheorie machte Einstein zum Popstar\",\"isPartOf\":{\"@id\":\"https:\/\/blog.zeit.de\/teilchen\/#website\"},\"datePublished\":\"2015-11-25T08:01:27+00:00\",\"dateModified\":\"2015-11-25T09:03:24+00:00\",\"author\":{\"@id\":\"https:\/\/blog.zeit.de\/teilchen\/#\/schema\/person\/4f8819497f3cb8c40a48cea72d06a55a\"},\"description\":\"Ohne die Relativit\u00e4tstheorie g\u00e4be es keine Erkl\u00e4rung f\u00fcr schwarze L\u00f6cher. Und keine Navis.\",\"breadcrumb\":{\"@id\":\"https:\/\/blog.zeit.de\/teilchen\/2015\/11\/25\/albert-einstein-relativitaetstheorie-100-jahre\/#breadcrumb\"},\"inLanguage\":\"de\",\"potentialAction\":[{\"@type\":\"ReadAction\",\"target\":[\"https:\/\/blog.zeit.de\/teilchen\/2015\/11\/25\/albert-einstein-relativitaetstheorie-100-jahre\/\"]}]},{\"@type\":\"BreadcrumbList\",\"@id\":\"https:\/\/blog.zeit.de\/teilchen\/2015\/11\/25\/albert-einstein-relativitaetstheorie-100-jahre\/#breadcrumb\",\"itemListElement\":[{\"@type\":\"ListItem\",\"position\":1,\"name\":\"Startseite\",\"item\":\"https:\/\/blog.zeit.de\/teilchen\/\"},{\"@type\":\"ListItem\",\"position\":2,\"name\":\"Alles relativ!\"}]},{\"@type\":\"WebSite\",\"@id\":\"https:\/\/blog.zeit.de\/teilchen\/#website\",\"url\":\"https:\/\/blog.zeit.de\/teilchen\/\",\"name\":\"Teilchen\",\"description\":\"Im Netz verstecken sich kleine Sch\u00e4tze - ZEIT ONLINE findet sie.\",\"potentialAction\":[{\"@type\":\"SearchAction\",\"target\":{\"@type\":\"EntryPoint\",\"urlTemplate\":\"https:\/\/blog.zeit.de\/teilchen\/?s={search_term_string}\"},\"query-input\":\"required name=search_term_string\"}],\"inLanguage\":\"de\"},{\"@type\":\"Person\",\"@id\":\"https:\/\/blog.zeit.de\/teilchen\/#\/schema\/person\/4f8819497f3cb8c40a48cea72d06a55a\",\"name\":\"Alina Schadwinkel\",\"image\":{\"@type\":\"ImageObject\",\"inLanguage\":\"de\",\"@id\":\"https:\/\/blog.zeit.de\/teilchen\/#\/schema\/person\/image\/\",\"url\":\"https:\/\/secure.gravatar.com\/avatar\/b3f312ac40fdb8c9c6e85125cbe44a5ef6e3f0f1dad2fe630dcdb7e956a183e4?s=96&d=mm&r=g\",\"contentUrl\":\"https:\/\/secure.gravatar.com\/avatar\/b3f312ac40fdb8c9c6e85125cbe44a5ef6e3f0f1dad2fe630dcdb7e956a183e4?s=96&d=mm&r=g\",\"caption\":\"Alina Schadwinkel\"},\"description\":\"ist Redakteurin bei ZEIT ONLINE.\",\"url\":\"https:\/\/blog.zeit.de\/teilchen\/author\/aschadwinkel\/\"}]}<\/script>\n<!-- \/ Yoast SEO plugin. -->","yoast_head_json":{"title":"Die Relativit\u00e4tstheorie machte Einstein zum Popstar","description":"Ohne die Relativit\u00e4tstheorie g\u00e4be es keine Erkl\u00e4rung f\u00fcr schwarze L\u00f6cher. Und keine Navis.","robots":{"index":"index","follow":"follow","max-snippet":"max-snippet:-1","max-image-preview":"max-image-preview:large","max-video-preview":"max-video-preview:-1"},"canonical":"https:\/\/blog.zeit.de\/teilchen\/2015\/11\/25\/albert-einstein-relativitaetstheorie-100-jahre\/","og_locale":"de_DE","og_type":"article","og_title":"Die Relativit\u00e4tstheorie machte Einstein zum Popstar","og_description":"Ohne die Relativit\u00e4tstheorie g\u00e4be es keine Erkl\u00e4rung f\u00fcr schwarze L\u00f6cher. Und keine Navis.","og_url":"https:\/\/blog.zeit.de\/teilchen\/2015\/11\/25\/albert-einstein-relativitaetstheorie-100-jahre\/","og_site_name":"Teilchen","article_published_time":"2015-11-25T08:01:27+00:00","article_modified_time":"2015-11-25T09:03:24+00:00","og_image":[{"width":3000,"height":1977,"url":"https:\/\/blog.zeit.de\/teilchen\/files\/2015\/11\/GettyImages-53177425.jpg","type":"image\/jpeg"}],"author":"Alina Schadwinkel","twitter_card":"summary_large_image","twitter_creator":"@zeitonline","twitter_site":"@zeitonline","twitter_misc":{"Geschrieben von":"Alina Schadwinkel","Gesch\u00e4tzte Lesezeit":"2\u00a0Minuten"},"schema":{"@context":"https:\/\/schema.org","@graph":[{"@type":"WebPage","@id":"https:\/\/blog.zeit.de\/teilchen\/2015\/11\/25\/albert-einstein-relativitaetstheorie-100-jahre\/","url":"https:\/\/blog.zeit.de\/teilchen\/2015\/11\/25\/albert-einstein-relativitaetstheorie-100-jahre\/","name":"Die Relativit\u00e4tstheorie machte Einstein zum Popstar","isPartOf":{"@id":"https:\/\/blog.zeit.de\/teilchen\/#website"},"datePublished":"2015-11-25T08:01:27+00:00","dateModified":"2015-11-25T09:03:24+00:00","author":{"@id":"https:\/\/blog.zeit.de\/teilchen\/#\/schema\/person\/4f8819497f3cb8c40a48cea72d06a55a"},"description":"Ohne die Relativit\u00e4tstheorie g\u00e4be es keine Erkl\u00e4rung f\u00fcr schwarze L\u00f6cher. Und keine Navis.","breadcrumb":{"@id":"https:\/\/blog.zeit.de\/teilchen\/2015\/11\/25\/albert-einstein-relativitaetstheorie-100-jahre\/#breadcrumb"},"inLanguage":"de","potentialAction":[{"@type":"ReadAction","target":["https:\/\/blog.zeit.de\/teilchen\/2015\/11\/25\/albert-einstein-relativitaetstheorie-100-jahre\/"]}]},{"@type":"BreadcrumbList","@id":"https:\/\/blog.zeit.de\/teilchen\/2015\/11\/25\/albert-einstein-relativitaetstheorie-100-jahre\/#breadcrumb","itemListElement":[{"@type":"ListItem","position":1,"name":"Startseite","item":"https:\/\/blog.zeit.de\/teilchen\/"},{"@type":"ListItem","position":2,"name":"Alles relativ!"}]},{"@type":"WebSite","@id":"https:\/\/blog.zeit.de\/teilchen\/#website","url":"https:\/\/blog.zeit.de\/teilchen\/","name":"Teilchen","description":"Im Netz verstecken sich kleine Sch\u00e4tze - ZEIT ONLINE findet sie.","potentialAction":[{"@type":"SearchAction","target":{"@type":"EntryPoint","urlTemplate":"https:\/\/blog.zeit.de\/teilchen\/?s={search_term_string}"},"query-input":"required name=search_term_string"}],"inLanguage":"de"},{"@type":"Person","@id":"https:\/\/blog.zeit.de\/teilchen\/#\/schema\/person\/4f8819497f3cb8c40a48cea72d06a55a","name":"Alina Schadwinkel","image":{"@type":"ImageObject","inLanguage":"de","@id":"https:\/\/blog.zeit.de\/teilchen\/#\/schema\/person\/image\/","url":"https:\/\/secure.gravatar.com\/avatar\/b3f312ac40fdb8c9c6e85125cbe44a5ef6e3f0f1dad2fe630dcdb7e956a183e4?s=96&d=mm&r=g","contentUrl":"https:\/\/secure.gravatar.com\/avatar\/b3f312ac40fdb8c9c6e85125cbe44a5ef6e3f0f1dad2fe630dcdb7e956a183e4?s=96&d=mm&r=g","caption":"Alina Schadwinkel"},"description":"ist Redakteurin bei ZEIT ONLINE.","url":"https:\/\/blog.zeit.de\/teilchen\/author\/aschadwinkel\/"}]}},"jetpack_featured_media_url":"https:\/\/blog.zeit.de\/teilchen\/files\/2015\/11\/GettyImages-53177425.jpg","jetpack_sharing_enabled":true,"_links":{"self":[{"href":"https:\/\/blog.zeit.de\/teilchen\/wp-json\/wp\/v2\/posts\/9783","targetHints":{"allow":["GET"]}}],"collection":[{"href":"https:\/\/blog.zeit.de\/teilchen\/wp-json\/wp\/v2\/posts"}],"about":[{"href":"https:\/\/blog.zeit.de\/teilchen\/wp-json\/wp\/v2\/types\/post"}],"author":[{"embeddable":true,"href":"https:\/\/blog.zeit.de\/teilchen\/wp-json\/wp\/v2\/users\/448"}],"replies":[{"embeddable":true,"href":"https:\/\/blog.zeit.de\/teilchen\/wp-json\/wp\/v2\/comments?post=9783"}],"version-history":[{"count":14,"href":"https:\/\/blog.zeit.de\/teilchen\/wp-json\/wp\/v2\/posts\/9783\/revisions"}],"predecessor-version":[{"id":9874,"href":"https:\/\/blog.zeit.de\/teilchen\/wp-json\/wp\/v2\/posts\/9783\/revisions\/9874"}],"wp:featuredmedia":[{"embeddable":true,"href":"https:\/\/blog.zeit.de\/teilchen\/wp-json\/wp\/v2\/media\/9799"}],"wp:attachment":[{"href":"https:\/\/blog.zeit.de\/teilchen\/wp-json\/wp\/v2\/media?parent=9783"}],"wp:term":[{"taxonomy":"category","embeddable":true,"href":"https:\/\/blog.zeit.de\/teilchen\/wp-json\/wp\/v2\/categories?post=9783"},{"taxonomy":"post_tag","embeddable":true,"href":"https:\/\/blog.zeit.de\/teilchen\/wp-json\/wp\/v2\/tags?post=9783"}],"curies":[{"name":"wp","href":"https:\/\/api.w.org\/{rel}","templated":true}]}}