{"id":9840,"date":"2015-11-24T23:50:06","date_gmt":"2015-11-24T22:50:06","guid":{"rendered":"http:\/\/blog.zeit.de\/teilchen\/?p=9840"},"modified":"2015-11-25T09:44:39","modified_gmt":"2015-11-25T08:44:39","slug":"autofahrt-mit-kindern-tipps","status":"publish","type":"post","link":"https:\/\/blog.zeit.de\/teilchen\/2015\/11\/24\/autofahrt-mit-kindern-tipps\/","title":{"rendered":"So \u00fcberstehen Sie eine Autofahrt mit Kindern"},"content":{"rendered":"<p><figure id=\"attachment_9849\" aria-describedby=\"caption-attachment-9849\" style=\"width: 620px\" class=\"wp-caption aligncenter\"><img loading=\"lazy\" decoding=\"async\" class=\"wp-image-9849 size-medium\" src=\"https:\/\/blog.zeit.de\/teilchen\/files\/2015\/11\/kinderimauto-620x412.jpg\" alt=\"So \u00fcberleben Sie eine Autofahrt mit Kindern\" width=\"620\" height=\"412\" srcset=\"https:\/\/blog.zeit.de\/teilchen\/files\/2015\/11\/kinderimauto-620x412.jpg 620w, https:\/\/blog.zeit.de\/teilchen\/files\/2015\/11\/kinderimauto.jpg 1000w\" sizes=\"auto, (max-width: 620px) 100vw, 620px\" \/><figcaption id=\"caption-attachment-9849\" class=\"wp-caption-text\">Stress pur? Eine lange Autofahrt mit Kindern erfordert eine gewisse Vorbereitung. \u00a9 dpa<\/figcaption><\/figure><\/p>\n<p>Meine Eltern m\u00f6gen mir das verzeihen, aber ich plaudere mal aus dem N\u00e4hk\u00e4stchen. Auf unseren Urlaubsfahrten (von Stuttgart!) an die Nordsee lagen mein Bruder und ich (nat\u00fcrlich unangeschnallt!!) in liebevoll auf dem Gep\u00e4ck improvisierten Betten, die Vorh\u00e4nge an den Kofferraumfenstern unseres Opel Kadett waren geschlossen, die Pumuckl-Kassetten unter Verschluss bis W\u00fcrzburg (die Schl\u00fcmpfe-Kassette war vor der Fahrt aus unerkl\u00e4rbaren Gr\u00fcnden verschwunden!!!), Fr\u00fchst\u00fcck gab es am ersten Parkplatz (nicht Rastst\u00e4tte, da werden nur W\u00fcnsche formuliert!!!!) nach Fulda (!!!!!). Eine Frage war verboten und wurde allerdings genau deshalb schon vor der Auffahrt auf die Autobahn gestellt: &#8222;Mama, wann sind wir da?&#8220; Ich gebe zu, wir machten es meinen Eltern damals vor 30 Jahren nicht gerade leicht, mit uns in Urlaub zu fahren. Aber die konnten damals auch noch nicht mit den Tipps von Geoffrey Redick gegensteuern.<!--more--><\/p>\n<p>Der hat auf <a href=\"http:\/\/adequateman.deadspin.com\/how-to-survive-a-road-trip-with-your-kids-1743554290?utm_source=recirculation&amp;utm_medium=recirculation&amp;utm_campaign=fridayPM\" target=\"_blank\"><em>Dadspin<\/em> einen \u00dcberlebensratgeber mit Tipps f\u00fcr Auto fahrende Eltern<\/a> aufgeschrieben. Und wer denkt, dieser Ratgeber ist mit dem Einpacken eines iPads auserz\u00e4hlt, hat sich get\u00e4uscht. Denn selbst f\u00fcr digital gebildete Kinder ist es unzumutbar, zehn Stunden am St\u00fcck auf einen Bildschirm zu schauen. So empfiehlt Redick Malb\u00fccher, Sudoku, Rubik-Cube und, Sie lesen richtig: N\u00e4hzeug. Das Ganze muss neu sein (\u00dcberraschungseffekt!) und sollte vorher so gut versteckt werden, dass der Nachwuchs nicht schon vor dem Reiseantritt die Lust am neuen Spielzeug verloren hat.\u00a0Damit kriegen Sie vielleicht zwei Stunden rum.<\/p>\n<p>Redick empfiehlt danach\u00a0B\u00fccher (es sei denn, Ihren Kindern wird beim Lesen im Auto schlecht \u2013 <a href=\"http:\/\/www.zeit.de\/2015\/27\/uebelkeit-autofahren-erklaerung\" target=\"_blank\">falls dem so ist, lesen Sie besser hier weiter<\/a>). Oder H\u00f6rb\u00fccher, die bringen bis zu f\u00fcnf Stunden Ruhe. Da H\u00f6rb\u00fccher teuer sind, r\u00e4t der Autor, die CDs gratis bei der B\u00fccherei auszuleihen, sie f\u00fcr die Fahrt zu kopieren und von einer Selbstanzeige bei der Polizei abzusehen.<\/p>\n<p>Anschlie\u00dfend\u00a0sollten Sie eine Playlist an Musik anlegen, die jegliche Laune (zumindest die Ihrer Kinder) so lange steigert, bis zwei Drittel der Fahrt \u00fcberstanden sind. (Alternativen zu den nervigsten Kinderlieder-CDs <a href=\"http:\/\/www.zeit.de\/reisen\/2010-10\/kolumne-kind-auto\" target=\"_blank\">finden Sie hier.<\/a>) Schlie\u00dflich k\u00f6nnen Sie dem Nachwuchs noch einen Film auf dem iPad genehmigen. Dann fallen die Kids ins Video-Koma. Problem: Anschlie\u00dfend sind sie eventuell noch aufgekratzter als vor dem Film.<\/p>\n<p>Bliebe noch die Vesperpause. Klar wollen die Kinder lieber ein Happy-Meal verputzen, als an mitgebrachten Karottensticks nagen. Umso wichtiger, dass die Essenspausen fernab jeglicher Fastfood-Reize stattfinden. Redick r\u00e4t zu einem Park, einer Wiese, einer Waldlichtung. Wer einen Fu\u00dfball (oder zumindest ein Frisbee) mitnimmt, erh\u00f6ht zumindest die Chancen darauf, dass sich die Kids ordentlich auspowern. Bei Regen empfiehlt sich dem Autor zufolge ein Stopp in einem kindgerechten Museum.<\/p>\n<p>H\u00f6ren Sie dann von der R\u00fcckbank ein leises Schnarchen, gilt die Forrest-Gump-Methode: Fahren Sie, was das Zeug h\u00e4lt. Und wecken Sie niemals ein schlafendes Kind auf.<\/p>\n<p>Mein Bruder und ich spielten damals \u00fcbrigens immer Autokennzeichen-Raten, &#8222;Ich sehe was, was du nicht siehst&#8220;, Automarkenz\u00e4hlen und, sehr zur Freude meiner Eltern, Stofftiere-aus-dem-Fenster-halten. Geschlafen haben wir nie auf unseren improvisierten Betten. In der Zeit, in der wir still sein mussten (bis 7 Uhr), z\u00e4hlten wir die Kilometer bis W\u00fcrzburg.<\/p>\n<p><em>Wenn Ihnen dieses Teilchen gefallen hat, <a href=\"https:\/\/blog.zeit.de\/teilchen\/\" target=\"_blank\">finden Sie hier weitere<\/a>.<\/em><\/p>\n","protected":false},"excerpt":{"rendered":"<p>Meine Eltern m\u00f6gen mir das verzeihen, aber ich plaudere mal aus dem N\u00e4hk\u00e4stchen. Auf unseren Urlaubsfahrten (von Stuttgart!) an die Nordsee lagen mein Bruder [\u2026]<\/p>\n","protected":false},"author":556,"featured_media":9849,"comment_status":"open","ping_status":"closed","sticky":false,"template":"","format":"standard","meta":{"_jetpack_memberships_contains_paid_content":false,"footnotes":""},"categories":[29747],"tags":[],"class_list":["post-9840","post","type-post","status-publish","format-standard","has-post-thumbnail","hentry","category-geschichten"],"yoast_head":"<!-- This site is optimized with the Yoast SEO plugin v21.0 - https:\/\/yoast.com\/wordpress\/plugins\/seo\/ -->\n<title>So \u00fcberleben Sie eine Autofahrt mit Kindern<\/title>\n<meta name=\"description\" content=\"Mit diesen Tipps von Geoffrey Redick f\u00fcr eine entspannte Autofahrt mit Kindern haben Sie nie wieder Angst vor langen Reisen.\" \/>\n<meta name=\"robots\" content=\"index, follow, max-snippet:-1, max-image-preview:large, max-video-preview:-1\" \/>\n<link rel=\"canonical\" href=\"https:\/\/blog.zeit.de\/teilchen\/2015\/11\/24\/autofahrt-mit-kindern-tipps\/\" \/>\n<meta property=\"og:locale\" content=\"de_DE\" \/>\n<meta property=\"og:type\" content=\"article\" \/>\n<meta property=\"og:title\" content=\"So \u00fcberleben Sie eine Autofahrt mit Kindern\" \/>\n<meta property=\"og:description\" content=\"Mit diesen Tipps von Geoffrey Redick f\u00fcr eine entspannte Autofahrt mit Kindern haben Sie nie wieder Angst vor langen Reisen.\" \/>\n<meta property=\"og:url\" content=\"https:\/\/blog.zeit.de\/teilchen\/2015\/11\/24\/autofahrt-mit-kindern-tipps\/\" \/>\n<meta property=\"og:site_name\" content=\"Teilchen\" \/>\n<meta property=\"article:published_time\" content=\"2015-11-24T22:50:06+00:00\" \/>\n<meta property=\"article:modified_time\" content=\"2015-11-25T08:44:39+00:00\" \/>\n<meta property=\"og:image\" content=\"https:\/\/blog.zeit.de\/teilchen\/files\/2015\/11\/kinderimauto.jpg\" \/>\n\t<meta property=\"og:image:width\" content=\"1000\" \/>\n\t<meta property=\"og:image:height\" content=\"665\" \/>\n\t<meta property=\"og:image:type\" content=\"image\/jpeg\" \/>\n<meta name=\"author\" content=\"Tobias Dorfer\" \/>\n<meta name=\"twitter:card\" content=\"summary_large_image\" \/>\n<meta name=\"twitter:creator\" content=\"@tobiasdorfer\" \/>\n<meta name=\"twitter:site\" content=\"@zeitonline\" \/>\n<meta name=\"twitter:label1\" content=\"Geschrieben von\" \/>\n\t<meta name=\"twitter:data1\" content=\"Tobias Dorfer\" \/>\n\t<meta name=\"twitter:label2\" content=\"Gesch\u00e4tzte Lesezeit\" \/>\n\t<meta name=\"twitter:data2\" content=\"3\u00a0Minuten\" \/>\n<script type=\"application\/ld+json\" class=\"yoast-schema-graph\">{\"@context\":\"https:\/\/schema.org\",\"@graph\":[{\"@type\":\"WebPage\",\"@id\":\"https:\/\/blog.zeit.de\/teilchen\/2015\/11\/24\/autofahrt-mit-kindern-tipps\/\",\"url\":\"https:\/\/blog.zeit.de\/teilchen\/2015\/11\/24\/autofahrt-mit-kindern-tipps\/\",\"name\":\"So \u00fcberleben Sie eine Autofahrt mit Kindern\",\"isPartOf\":{\"@id\":\"https:\/\/blog.zeit.de\/teilchen\/#website\"},\"datePublished\":\"2015-11-24T22:50:06+00:00\",\"dateModified\":\"2015-11-25T08:44:39+00:00\",\"author\":{\"@id\":\"https:\/\/blog.zeit.de\/teilchen\/#\/schema\/person\/e90ba849254185115fd919d4fad07dc0\"},\"description\":\"Mit diesen Tipps von Geoffrey Redick f\u00fcr eine entspannte Autofahrt mit Kindern haben Sie nie wieder Angst vor langen Reisen.\",\"breadcrumb\":{\"@id\":\"https:\/\/blog.zeit.de\/teilchen\/2015\/11\/24\/autofahrt-mit-kindern-tipps\/#breadcrumb\"},\"inLanguage\":\"de\",\"potentialAction\":[{\"@type\":\"ReadAction\",\"target\":[\"https:\/\/blog.zeit.de\/teilchen\/2015\/11\/24\/autofahrt-mit-kindern-tipps\/\"]}]},{\"@type\":\"BreadcrumbList\",\"@id\":\"https:\/\/blog.zeit.de\/teilchen\/2015\/11\/24\/autofahrt-mit-kindern-tipps\/#breadcrumb\",\"itemListElement\":[{\"@type\":\"ListItem\",\"position\":1,\"name\":\"Startseite\",\"item\":\"https:\/\/blog.zeit.de\/teilchen\/\"},{\"@type\":\"ListItem\",\"position\":2,\"name\":\"So \u00fcberstehen Sie eine Autofahrt mit Kindern\"}]},{\"@type\":\"WebSite\",\"@id\":\"https:\/\/blog.zeit.de\/teilchen\/#website\",\"url\":\"https:\/\/blog.zeit.de\/teilchen\/\",\"name\":\"Teilchen\",\"description\":\"Im Netz verstecken sich kleine Sch\u00e4tze - ZEIT ONLINE findet sie.\",\"potentialAction\":[{\"@type\":\"SearchAction\",\"target\":{\"@type\":\"EntryPoint\",\"urlTemplate\":\"https:\/\/blog.zeit.de\/teilchen\/?s={search_term_string}\"},\"query-input\":\"required name=search_term_string\"}],\"inLanguage\":\"de\"},{\"@type\":\"Person\",\"@id\":\"https:\/\/blog.zeit.de\/teilchen\/#\/schema\/person\/e90ba849254185115fd919d4fad07dc0\",\"name\":\"Tobias Dorfer\",\"image\":{\"@type\":\"ImageObject\",\"inLanguage\":\"de\",\"@id\":\"https:\/\/blog.zeit.de\/teilchen\/#\/schema\/person\/image\/\",\"url\":\"https:\/\/secure.gravatar.com\/avatar\/0021e1a3fe9f799912804bcca6f1bcbbe58ee3bf29c8f714a0f453695a888d0a?s=96&d=mm&r=g\",\"contentUrl\":\"https:\/\/secure.gravatar.com\/avatar\/0021e1a3fe9f799912804bcca6f1bcbbe58ee3bf29c8f714a0f453695a888d0a?s=96&d=mm&r=g\",\"caption\":\"Tobias Dorfer\"},\"description\":\"Teamleiter Social Media bei ZEIT ONLINE. Zuvor sieben Jahre bei S\u00fcddeutsche.de, als Redakteur im Wirtschafts- und Regional-Ressort sowie Editorial SEO. Ausbildung an der Deutschen Journalistenschule in M\u00fcnchen mit Hospitanzen bei S\u00fcddeutsche Zeitung, SPIEGEL und SPIEGEL Online.\",\"sameAs\":[\"https:\/\/twitter.com\/tobiasdorfer\"],\"url\":\"https:\/\/blog.zeit.de\/teilchen\/author\/tdorfer\/\"}]}<\/script>\n<!-- \/ Yoast SEO plugin. -->","yoast_head_json":{"title":"So \u00fcberleben Sie eine Autofahrt mit Kindern","description":"Mit diesen Tipps von Geoffrey Redick f\u00fcr eine entspannte Autofahrt mit Kindern haben Sie nie wieder Angst vor langen Reisen.","robots":{"index":"index","follow":"follow","max-snippet":"max-snippet:-1","max-image-preview":"max-image-preview:large","max-video-preview":"max-video-preview:-1"},"canonical":"https:\/\/blog.zeit.de\/teilchen\/2015\/11\/24\/autofahrt-mit-kindern-tipps\/","og_locale":"de_DE","og_type":"article","og_title":"So \u00fcberleben Sie eine Autofahrt mit Kindern","og_description":"Mit diesen Tipps von Geoffrey Redick f\u00fcr eine entspannte Autofahrt mit Kindern haben Sie nie wieder Angst vor langen Reisen.","og_url":"https:\/\/blog.zeit.de\/teilchen\/2015\/11\/24\/autofahrt-mit-kindern-tipps\/","og_site_name":"Teilchen","article_published_time":"2015-11-24T22:50:06+00:00","article_modified_time":"2015-11-25T08:44:39+00:00","og_image":[{"width":1000,"height":665,"url":"https:\/\/blog.zeit.de\/teilchen\/files\/2015\/11\/kinderimauto.jpg","type":"image\/jpeg"}],"author":"Tobias Dorfer","twitter_card":"summary_large_image","twitter_creator":"@tobiasdorfer","twitter_site":"@zeitonline","twitter_misc":{"Geschrieben von":"Tobias Dorfer","Gesch\u00e4tzte Lesezeit":"3\u00a0Minuten"},"schema":{"@context":"https:\/\/schema.org","@graph":[{"@type":"WebPage","@id":"https:\/\/blog.zeit.de\/teilchen\/2015\/11\/24\/autofahrt-mit-kindern-tipps\/","url":"https:\/\/blog.zeit.de\/teilchen\/2015\/11\/24\/autofahrt-mit-kindern-tipps\/","name":"So \u00fcberleben Sie eine Autofahrt mit Kindern","isPartOf":{"@id":"https:\/\/blog.zeit.de\/teilchen\/#website"},"datePublished":"2015-11-24T22:50:06+00:00","dateModified":"2015-11-25T08:44:39+00:00","author":{"@id":"https:\/\/blog.zeit.de\/teilchen\/#\/schema\/person\/e90ba849254185115fd919d4fad07dc0"},"description":"Mit diesen Tipps von Geoffrey Redick f\u00fcr eine entspannte Autofahrt mit Kindern haben Sie nie wieder Angst vor langen Reisen.","breadcrumb":{"@id":"https:\/\/blog.zeit.de\/teilchen\/2015\/11\/24\/autofahrt-mit-kindern-tipps\/#breadcrumb"},"inLanguage":"de","potentialAction":[{"@type":"ReadAction","target":["https:\/\/blog.zeit.de\/teilchen\/2015\/11\/24\/autofahrt-mit-kindern-tipps\/"]}]},{"@type":"BreadcrumbList","@id":"https:\/\/blog.zeit.de\/teilchen\/2015\/11\/24\/autofahrt-mit-kindern-tipps\/#breadcrumb","itemListElement":[{"@type":"ListItem","position":1,"name":"Startseite","item":"https:\/\/blog.zeit.de\/teilchen\/"},{"@type":"ListItem","position":2,"name":"So \u00fcberstehen Sie eine Autofahrt mit Kindern"}]},{"@type":"WebSite","@id":"https:\/\/blog.zeit.de\/teilchen\/#website","url":"https:\/\/blog.zeit.de\/teilchen\/","name":"Teilchen","description":"Im Netz verstecken sich kleine Sch\u00e4tze - ZEIT ONLINE findet sie.","potentialAction":[{"@type":"SearchAction","target":{"@type":"EntryPoint","urlTemplate":"https:\/\/blog.zeit.de\/teilchen\/?s={search_term_string}"},"query-input":"required name=search_term_string"}],"inLanguage":"de"},{"@type":"Person","@id":"https:\/\/blog.zeit.de\/teilchen\/#\/schema\/person\/e90ba849254185115fd919d4fad07dc0","name":"Tobias Dorfer","image":{"@type":"ImageObject","inLanguage":"de","@id":"https:\/\/blog.zeit.de\/teilchen\/#\/schema\/person\/image\/","url":"https:\/\/secure.gravatar.com\/avatar\/0021e1a3fe9f799912804bcca6f1bcbbe58ee3bf29c8f714a0f453695a888d0a?s=96&d=mm&r=g","contentUrl":"https:\/\/secure.gravatar.com\/avatar\/0021e1a3fe9f799912804bcca6f1bcbbe58ee3bf29c8f714a0f453695a888d0a?s=96&d=mm&r=g","caption":"Tobias Dorfer"},"description":"Teamleiter Social Media bei ZEIT ONLINE. Zuvor sieben Jahre bei S\u00fcddeutsche.de, als Redakteur im Wirtschafts- und Regional-Ressort sowie Editorial SEO. Ausbildung an der Deutschen Journalistenschule in M\u00fcnchen mit Hospitanzen bei S\u00fcddeutsche Zeitung, SPIEGEL und SPIEGEL Online.","sameAs":["https:\/\/twitter.com\/tobiasdorfer"],"url":"https:\/\/blog.zeit.de\/teilchen\/author\/tdorfer\/"}]}},"jetpack_featured_media_url":"https:\/\/blog.zeit.de\/teilchen\/files\/2015\/11\/kinderimauto.jpg","jetpack_sharing_enabled":true,"_links":{"self":[{"href":"https:\/\/blog.zeit.de\/teilchen\/wp-json\/wp\/v2\/posts\/9840","targetHints":{"allow":["GET"]}}],"collection":[{"href":"https:\/\/blog.zeit.de\/teilchen\/wp-json\/wp\/v2\/posts"}],"about":[{"href":"https:\/\/blog.zeit.de\/teilchen\/wp-json\/wp\/v2\/types\/post"}],"author":[{"embeddable":true,"href":"https:\/\/blog.zeit.de\/teilchen\/wp-json\/wp\/v2\/users\/556"}],"replies":[{"embeddable":true,"href":"https:\/\/blog.zeit.de\/teilchen\/wp-json\/wp\/v2\/comments?post=9840"}],"version-history":[{"count":14,"href":"https:\/\/blog.zeit.de\/teilchen\/wp-json\/wp\/v2\/posts\/9840\/revisions"}],"predecessor-version":[{"id":9873,"href":"https:\/\/blog.zeit.de\/teilchen\/wp-json\/wp\/v2\/posts\/9840\/revisions\/9873"}],"wp:featuredmedia":[{"embeddable":true,"href":"https:\/\/blog.zeit.de\/teilchen\/wp-json\/wp\/v2\/media\/9849"}],"wp:attachment":[{"href":"https:\/\/blog.zeit.de\/teilchen\/wp-json\/wp\/v2\/media?parent=9840"}],"wp:term":[{"taxonomy":"category","embeddable":true,"href":"https:\/\/blog.zeit.de\/teilchen\/wp-json\/wp\/v2\/categories?post=9840"},{"taxonomy":"post_tag","embeddable":true,"href":"https:\/\/blog.zeit.de\/teilchen\/wp-json\/wp\/v2\/tags?post=9840"}],"curies":[{"name":"wp","href":"https:\/\/api.w.org\/{rel}","templated":true}]}}