{"id":9929,"date":"2015-11-26T17:01:53","date_gmt":"2015-11-26T16:01:53","guid":{"rendered":"http:\/\/blog.zeit.de\/teilchen\/?p=9929"},"modified":"2015-11-27T17:33:39","modified_gmt":"2015-11-27T16:33:39","slug":"rakka-islamischer-staat","status":"publish","type":"post","link":"https:\/\/blog.zeit.de\/teilchen\/2015\/11\/26\/rakka-islamischer-staat\/","title":{"rendered":"Eine Tour durch die Stadt des Schreckens"},"content":{"rendered":"<p><figure id=\"attachment_9996\" aria-describedby=\"caption-attachment-9996\" style=\"width: 642px\" class=\"wp-caption aligncenter\"><img loading=\"lazy\" decoding=\"async\" class=\"wp-image-9996 size-full\" src=\"https:\/\/blog.zeit.de\/teilchen\/files\/2015\/11\/newraqqa.gif\" alt=\"Raqqa_NYT\" width=\"642\" height=\"366\" \/><figcaption id=\"caption-attachment-9996\" class=\"wp-caption-text\">Screenshot vom <a href=\"http:\/\/www.nytimes.com\/interactive\/2015\/11\/21\/world\/middleeast\/inside-raqqa-capital-of-isis.html?_r=0\">Interactive der New York Times<\/a><\/figcaption><\/figure><\/p>\n<p>Ein Staat braucht eine Hauptstadt, dachte sich wohl der IS\u00a0\u2013 und w\u00e4hlte das syrische\u00a0<a href=\"http:\/\/www.zeit.de\/politik\/ausland\/2015-11\/rakka-islamischer-staat-syrien-terror-intervention\" target=\"_blank\">Rakka<\/a>, einst ein Symbol f\u00fcr Multikulturalit\u00e4t und Freiheit. Noch vor einigen Jahren lebten hier Gl\u00e4ubige friedlich neben Laizisten. Heute werden Ehebrecherinnen gesteinigt, ihre Leichen mitten in der Stadt zur Schau gestellt. Die Rakkawis, die Einwohner Rakkas, m\u00fcssen sich den Islamisten f\u00fcgen.<\/p>\n<p><!--more--><\/p>\n<p>F\u00fcnfmal am Tag m\u00fcssen alle beten, daf\u00fcr sorgen die Milizion\u00e4re, die an jeder Stra\u00dfenecke stehen, eine Hand um ihr Sturmgewehr gelegt und eine Rute f\u00fcr Pr\u00fcgelstrafen in der anderen. Im syrischen B\u00fcrgerkrieg galt Rakka zeitweise als eine der wenigen St\u00e4dte, in denen es einigerma\u00dfen sicher war. Seitdem der IS Anfang 2014 die Stadt einnahm, herrscht ein so brutales Regime, wird die Stadt so oft angegriffen, dass viele ihr Leben aufs Spiel setzen, um dem Terror zu entfliehen.<\/p>\n<p>Es ist nahezu unm\u00f6glich, Rakka zu besuchen. IS-Einheiten kontrollieren jeden, der hineinwill. Die <em>New York Times<\/em> hat deshalb eine <a href=\"http:\/\/www.nytimes.com\/interactive\/2015\/11\/21\/world\/middleeast\/inside-raqqa-capital-of-isis.html?_r=0\" target=\"_blank\">interaktive Reportage<\/a>\u00a0erstellt, mit der man virtuell \u00fcber die Stadt fliegen kann \u2013 und die verbleibenden Sehensw\u00fcrdigkeiten besichtigen.\u00a0Auf dem Stadtplan kann man sehen, wo fr\u00fcher das beliebteste Burger-Restaurant Rakkas war, und wo heute \u00f6ffentliche Pl\u00e4tze als B\u00fchnen f\u00fcr Hinrichtungen dienen.\u00a0Beliebte Parks sind verwaist, Einkaufszentren geschlossen.<\/p>\n<p>Die Tour \u00fcber eine\u00a0Stadt, die von Terror und Schrecken gepr\u00e4gt ist, bedr\u00fcckt. Aber: Es gibt Lebenszeichen. Einige\u00a0ehemalige Einwohner Rakkas haben sich zu einer Widerstandsorganisation gegen den IS <a href=\"http:\/\/www.zeit.de\/politik\/ausland\/2015-11\/rakka-islamischer-staat-terror-unterdrueckung\" target=\"_blank\">zusammengeschlossen<\/a>. Sie nennen sich &#8222;Raqqa is being slaughtered silently&#8220; (RIBSS) und beschreiben in der Reportage, wie ihr Leben in Rakka fr\u00fcher war.<\/p>\n<p>Immerhin eine Sehensw\u00fcrdigkeit haben die Islamisten in Rakka noch nicht zerst\u00f6ren k\u00f6nnen: das Bagdad-Tor, einen steinernen Bogen aus dem 12. Jahrhundert. &#8222;<span class=\"g-intro\">This is the symbol of the city. Thank God it\u2019s still standing&#8220;, sagt<\/span>\u00a0einer der Anti-IS-Aktivisten.<\/p>\n<p><em><a href=\"https:\/\/blog.zeit.de\/teilchen\/\">Hier geht&#8217;s zu weiteren Teilchen.<\/a><\/em><\/p>\n","protected":false},"excerpt":{"rendered":"<p>Ein Staat braucht eine Hauptstadt, dachte sich wohl der IS\u00a0\u2013 und w\u00e4hlte das syrische\u00a0Rakka, einst ein Symbol f\u00fcr Multikulturalit\u00e4t und Freiheit. Noch vor einigen [\u2026]<\/p>\n","protected":false},"author":621,"featured_media":9986,"comment_status":"open","ping_status":"closed","sticky":false,"template":"","format":"standard","meta":{"_jetpack_memberships_contains_paid_content":false,"footnotes":""},"categories":[13657],"tags":[],"class_list":["post-9929","post","type-post","status-publish","format-standard","has-post-thumbnail","hentry","category-interaktiv"],"yoast_head":"<!-- This site is optimized with the Yoast SEO plugin v21.0 - https:\/\/yoast.com\/wordpress\/plugins\/seo\/ -->\n<title>Rakka: Eine Tour durch die Stadt des Schreckens<\/title>\n<meta name=\"description\" content=\"Ein Staat braucht eine Hauptstadt, dachte sich wohl der IS - und w\u00e4hlte Rakka, einst ein Symbol f\u00fcr Multikulturalit\u00e4t und Freiheit.\" \/>\n<meta name=\"robots\" content=\"index, follow, max-snippet:-1, max-image-preview:large, max-video-preview:-1\" \/>\n<link rel=\"canonical\" href=\"https:\/\/blog.zeit.de\/teilchen\/2015\/11\/26\/rakka-islamischer-staat\/\" \/>\n<meta property=\"og:locale\" content=\"de_DE\" \/>\n<meta property=\"og:type\" content=\"article\" \/>\n<meta property=\"og:title\" content=\"Rakka: Eine Tour durch die Stadt des Schreckens\" \/>\n<meta property=\"og:description\" content=\"Ein Staat braucht eine Hauptstadt, dachte sich wohl der IS - und w\u00e4hlte Rakka, einst ein Symbol f\u00fcr Multikulturalit\u00e4t und Freiheit.\" \/>\n<meta property=\"og:url\" content=\"https:\/\/blog.zeit.de\/teilchen\/2015\/11\/26\/rakka-islamischer-staat\/\" \/>\n<meta property=\"og:site_name\" content=\"Teilchen\" \/>\n<meta property=\"article:published_time\" content=\"2015-11-26T16:01:53+00:00\" \/>\n<meta property=\"article:modified_time\" content=\"2015-11-27T16:33:39+00:00\" \/>\n<meta property=\"og:image\" content=\"https:\/\/blog.zeit.de\/teilchen\/files\/2015\/11\/Rakka_NYT_Screenshot-1024x668.png\" \/>\n\t<meta property=\"og:image:width\" content=\"1024\" \/>\n\t<meta property=\"og:image:height\" content=\"668\" \/>\n\t<meta property=\"og:image:type\" content=\"image\/png\" \/>\n<meta name=\"author\" content=\"Johanna Roth\" \/>\n<meta name=\"twitter:card\" content=\"summary_large_image\" \/>\n<meta name=\"twitter:image\" content=\"https:\/\/blog.zeit.de\/teilchen\/files\/2015\/11\/Rakka_NYT_Screenshot.png\" \/>\n<meta name=\"twitter:creator\" content=\"@joha_roth\" \/>\n<meta name=\"twitter:site\" content=\"@zeitonline\" \/>\n<meta name=\"twitter:label1\" content=\"Geschrieben von\" \/>\n\t<meta name=\"twitter:data1\" content=\"Johanna Roth\" \/>\n\t<meta name=\"twitter:label2\" content=\"Gesch\u00e4tzte Lesezeit\" \/>\n\t<meta name=\"twitter:data2\" content=\"2\u00a0Minuten\" \/>\n<script type=\"application\/ld+json\" class=\"yoast-schema-graph\">{\"@context\":\"https:\/\/schema.org\",\"@graph\":[{\"@type\":\"WebPage\",\"@id\":\"https:\/\/blog.zeit.de\/teilchen\/2015\/11\/26\/rakka-islamischer-staat\/\",\"url\":\"https:\/\/blog.zeit.de\/teilchen\/2015\/11\/26\/rakka-islamischer-staat\/\",\"name\":\"Rakka: Eine Tour durch die Stadt des Schreckens\",\"isPartOf\":{\"@id\":\"https:\/\/blog.zeit.de\/teilchen\/#website\"},\"datePublished\":\"2015-11-26T16:01:53+00:00\",\"dateModified\":\"2015-11-27T16:33:39+00:00\",\"author\":{\"@id\":\"https:\/\/blog.zeit.de\/teilchen\/#\/schema\/person\/d51ba88e2052fb9d287a0a1b5a4ae560\"},\"description\":\"Ein Staat braucht eine Hauptstadt, dachte sich wohl der IS - und w\u00e4hlte Rakka, einst ein Symbol f\u00fcr Multikulturalit\u00e4t und Freiheit.\",\"breadcrumb\":{\"@id\":\"https:\/\/blog.zeit.de\/teilchen\/2015\/11\/26\/rakka-islamischer-staat\/#breadcrumb\"},\"inLanguage\":\"de\",\"potentialAction\":[{\"@type\":\"ReadAction\",\"target\":[\"https:\/\/blog.zeit.de\/teilchen\/2015\/11\/26\/rakka-islamischer-staat\/\"]}]},{\"@type\":\"BreadcrumbList\",\"@id\":\"https:\/\/blog.zeit.de\/teilchen\/2015\/11\/26\/rakka-islamischer-staat\/#breadcrumb\",\"itemListElement\":[{\"@type\":\"ListItem\",\"position\":1,\"name\":\"Startseite\",\"item\":\"https:\/\/blog.zeit.de\/teilchen\/\"},{\"@type\":\"ListItem\",\"position\":2,\"name\":\"Eine Tour durch die Stadt des Schreckens\"}]},{\"@type\":\"WebSite\",\"@id\":\"https:\/\/blog.zeit.de\/teilchen\/#website\",\"url\":\"https:\/\/blog.zeit.de\/teilchen\/\",\"name\":\"Teilchen\",\"description\":\"Im Netz verstecken sich kleine Sch\u00e4tze - ZEIT ONLINE findet sie.\",\"potentialAction\":[{\"@type\":\"SearchAction\",\"target\":{\"@type\":\"EntryPoint\",\"urlTemplate\":\"https:\/\/blog.zeit.de\/teilchen\/?s={search_term_string}\"},\"query-input\":\"required name=search_term_string\"}],\"inLanguage\":\"de\"},{\"@type\":\"Person\",\"@id\":\"https:\/\/blog.zeit.de\/teilchen\/#\/schema\/person\/d51ba88e2052fb9d287a0a1b5a4ae560\",\"name\":\"Johanna Roth\",\"image\":{\"@type\":\"ImageObject\",\"inLanguage\":\"de\",\"@id\":\"https:\/\/blog.zeit.de\/teilchen\/#\/schema\/person\/image\/\",\"url\":\"https:\/\/secure.gravatar.com\/avatar\/5dcb01d8d102a097621eea5159a6b3fc3549ff898456e3487fd3d2bac9411772?s=96&d=mm&r=g\",\"contentUrl\":\"https:\/\/secure.gravatar.com\/avatar\/5dcb01d8d102a097621eea5159a6b3fc3549ff898456e3487fd3d2bac9411772?s=96&d=mm&r=g\",\"caption\":\"Johanna Roth\"},\"description\":\"ist Autorin bei ZEIT ONLINE.\",\"sameAs\":[\"https:\/\/twitter.com\/joha_roth\"],\"url\":\"https:\/\/blog.zeit.de\/teilchen\/author\/jroth\/\"}]}<\/script>\n<!-- \/ Yoast SEO plugin. -->","yoast_head_json":{"title":"Rakka: Eine Tour durch die Stadt des Schreckens","description":"Ein Staat braucht eine Hauptstadt, dachte sich wohl der IS - und w\u00e4hlte Rakka, einst ein Symbol f\u00fcr Multikulturalit\u00e4t und Freiheit.","robots":{"index":"index","follow":"follow","max-snippet":"max-snippet:-1","max-image-preview":"max-image-preview:large","max-video-preview":"max-video-preview:-1"},"canonical":"https:\/\/blog.zeit.de\/teilchen\/2015\/11\/26\/rakka-islamischer-staat\/","og_locale":"de_DE","og_type":"article","og_title":"Rakka: Eine Tour durch die Stadt des Schreckens","og_description":"Ein Staat braucht eine Hauptstadt, dachte sich wohl der IS - und w\u00e4hlte Rakka, einst ein Symbol f\u00fcr Multikulturalit\u00e4t und Freiheit.","og_url":"https:\/\/blog.zeit.de\/teilchen\/2015\/11\/26\/rakka-islamischer-staat\/","og_site_name":"Teilchen","article_published_time":"2015-11-26T16:01:53+00:00","article_modified_time":"2015-11-27T16:33:39+00:00","og_image":[{"width":1024,"height":668,"url":"https:\/\/blog.zeit.de\/teilchen\/files\/2015\/11\/Rakka_NYT_Screenshot-1024x668.png","type":"image\/png"}],"author":"Johanna Roth","twitter_card":"summary_large_image","twitter_image":"https:\/\/blog.zeit.de\/teilchen\/files\/2015\/11\/Rakka_NYT_Screenshot.png","twitter_creator":"@joha_roth","twitter_site":"@zeitonline","twitter_misc":{"Geschrieben von":"Johanna Roth","Gesch\u00e4tzte Lesezeit":"2\u00a0Minuten"},"schema":{"@context":"https:\/\/schema.org","@graph":[{"@type":"WebPage","@id":"https:\/\/blog.zeit.de\/teilchen\/2015\/11\/26\/rakka-islamischer-staat\/","url":"https:\/\/blog.zeit.de\/teilchen\/2015\/11\/26\/rakka-islamischer-staat\/","name":"Rakka: Eine Tour durch die Stadt des Schreckens","isPartOf":{"@id":"https:\/\/blog.zeit.de\/teilchen\/#website"},"datePublished":"2015-11-26T16:01:53+00:00","dateModified":"2015-11-27T16:33:39+00:00","author":{"@id":"https:\/\/blog.zeit.de\/teilchen\/#\/schema\/person\/d51ba88e2052fb9d287a0a1b5a4ae560"},"description":"Ein Staat braucht eine Hauptstadt, dachte sich wohl der IS - und w\u00e4hlte Rakka, einst ein Symbol f\u00fcr Multikulturalit\u00e4t und Freiheit.","breadcrumb":{"@id":"https:\/\/blog.zeit.de\/teilchen\/2015\/11\/26\/rakka-islamischer-staat\/#breadcrumb"},"inLanguage":"de","potentialAction":[{"@type":"ReadAction","target":["https:\/\/blog.zeit.de\/teilchen\/2015\/11\/26\/rakka-islamischer-staat\/"]}]},{"@type":"BreadcrumbList","@id":"https:\/\/blog.zeit.de\/teilchen\/2015\/11\/26\/rakka-islamischer-staat\/#breadcrumb","itemListElement":[{"@type":"ListItem","position":1,"name":"Startseite","item":"https:\/\/blog.zeit.de\/teilchen\/"},{"@type":"ListItem","position":2,"name":"Eine Tour durch die Stadt des Schreckens"}]},{"@type":"WebSite","@id":"https:\/\/blog.zeit.de\/teilchen\/#website","url":"https:\/\/blog.zeit.de\/teilchen\/","name":"Teilchen","description":"Im Netz verstecken sich kleine Sch\u00e4tze - ZEIT ONLINE findet sie.","potentialAction":[{"@type":"SearchAction","target":{"@type":"EntryPoint","urlTemplate":"https:\/\/blog.zeit.de\/teilchen\/?s={search_term_string}"},"query-input":"required name=search_term_string"}],"inLanguage":"de"},{"@type":"Person","@id":"https:\/\/blog.zeit.de\/teilchen\/#\/schema\/person\/d51ba88e2052fb9d287a0a1b5a4ae560","name":"Johanna Roth","image":{"@type":"ImageObject","inLanguage":"de","@id":"https:\/\/blog.zeit.de\/teilchen\/#\/schema\/person\/image\/","url":"https:\/\/secure.gravatar.com\/avatar\/5dcb01d8d102a097621eea5159a6b3fc3549ff898456e3487fd3d2bac9411772?s=96&d=mm&r=g","contentUrl":"https:\/\/secure.gravatar.com\/avatar\/5dcb01d8d102a097621eea5159a6b3fc3549ff898456e3487fd3d2bac9411772?s=96&d=mm&r=g","caption":"Johanna Roth"},"description":"ist Autorin bei ZEIT ONLINE.","sameAs":["https:\/\/twitter.com\/joha_roth"],"url":"https:\/\/blog.zeit.de\/teilchen\/author\/jroth\/"}]}},"jetpack_featured_media_url":"https:\/\/blog.zeit.de\/teilchen\/files\/2015\/11\/Rakka_NYT_Screenshot.png","jetpack_sharing_enabled":true,"_links":{"self":[{"href":"https:\/\/blog.zeit.de\/teilchen\/wp-json\/wp\/v2\/posts\/9929","targetHints":{"allow":["GET"]}}],"collection":[{"href":"https:\/\/blog.zeit.de\/teilchen\/wp-json\/wp\/v2\/posts"}],"about":[{"href":"https:\/\/blog.zeit.de\/teilchen\/wp-json\/wp\/v2\/types\/post"}],"author":[{"embeddable":true,"href":"https:\/\/blog.zeit.de\/teilchen\/wp-json\/wp\/v2\/users\/621"}],"replies":[{"embeddable":true,"href":"https:\/\/blog.zeit.de\/teilchen\/wp-json\/wp\/v2\/comments?post=9929"}],"version-history":[{"count":20,"href":"https:\/\/blog.zeit.de\/teilchen\/wp-json\/wp\/v2\/posts\/9929\/revisions"}],"predecessor-version":[{"id":10028,"href":"https:\/\/blog.zeit.de\/teilchen\/wp-json\/wp\/v2\/posts\/9929\/revisions\/10028"}],"wp:featuredmedia":[{"embeddable":true,"href":"https:\/\/blog.zeit.de\/teilchen\/wp-json\/wp\/v2\/media\/9986"}],"wp:attachment":[{"href":"https:\/\/blog.zeit.de\/teilchen\/wp-json\/wp\/v2\/media?parent=9929"}],"wp:term":[{"taxonomy":"category","embeddable":true,"href":"https:\/\/blog.zeit.de\/teilchen\/wp-json\/wp\/v2\/categories?post=9929"},{"taxonomy":"post_tag","embeddable":true,"href":"https:\/\/blog.zeit.de\/teilchen\/wp-json\/wp\/v2\/tags?post=9929"}],"curies":[{"name":"wp","href":"https:\/\/api.w.org\/{rel}","templated":true}]}}