{"id":1130,"name":"Judith Luig","url":"","description":"Judith Luig schreibt haupts\u00e4chlich \u00fcber alle Arten gesellschaftlicher Entwicklung, aktuell vor allem \u00fcber Schule. Sie kommt von der \"taz\", war lange bei der \"Welt am Sonntag\". Sie hat Literaturwissenschaften studiert, unterrichtet und ein paar B\u00fccher geschrieben.","link":"https:\/\/blog.zeit.de\/teilchen\/author\/jluig\/","slug":"jluig","avatar_urls":{"24":"https:\/\/secure.gravatar.com\/avatar\/f043e1419832da98d83e832b917c47b56c61d64fe080f2fa807802f0580e41be?s=24&d=mm&r=g","48":"https:\/\/secure.gravatar.com\/avatar\/f043e1419832da98d83e832b917c47b56c61d64fe080f2fa807802f0580e41be?s=48&d=mm&r=g","96":"https:\/\/secure.gravatar.com\/avatar\/f043e1419832da98d83e832b917c47b56c61d64fe080f2fa807802f0580e41be?s=96&d=mm&r=g"},"meta":{"jetpack_donation_warning_dismissed":false},"yoast_head":"<!-- This site is optimized with the Yoast SEO plugin v21.0 - https:\/\/yoast.com\/wordpress\/plugins\/seo\/ -->\n<title>Judith Luig, Autor bei Teilchen<\/title>\n<meta name=\"robots\" content=\"noindex, follow\" \/>\n<meta property=\"og:locale\" content=\"de_DE\" \/>\n<meta property=\"og:type\" content=\"profile\" \/>\n<meta property=\"og:title\" content=\"Judith Luig, Autor bei Teilchen\" \/>\n<meta property=\"og:url\" content=\"https:\/\/blog.zeit.de\/teilchen\/author\/jluig\/\" \/>\n<meta property=\"og:site_name\" content=\"Teilchen\" \/>\n<meta property=\"og:image\" content=\"https:\/\/blog.zeit.de\/teilchen\/files\/2020\/07\/judith_quadrat.png\" \/>\n\t<meta property=\"og:image:width\" content=\"772\" \/>\n\t<meta property=\"og:image:height\" content=\"772\" \/>\n\t<meta property=\"og:image:type\" content=\"image\/png\" \/>\n<meta name=\"twitter:card\" content=\"summary_large_image\" \/>\n<meta name=\"twitter:site\" content=\"@zeitonline\" \/>\n<script type=\"application\/ld+json\" class=\"yoast-schema-graph\">{\"@context\":\"https:\/\/schema.org\",\"@graph\":[{\"@type\":\"ProfilePage\",\"@id\":\"https:\/\/blog.zeit.de\/teilchen\/author\/jluig\/\",\"url\":\"https:\/\/blog.zeit.de\/teilchen\/author\/jluig\/\",\"name\":\"Judith Luig, Autor bei Teilchen\",\"isPartOf\":{\"@id\":\"https:\/\/blog.zeit.de\/teilchen\/#website\"},\"breadcrumb\":{\"@id\":\"https:\/\/blog.zeit.de\/teilchen\/author\/jluig\/#breadcrumb\"},\"inLanguage\":\"de\",\"potentialAction\":[{\"@type\":\"ReadAction\",\"target\":[\"https:\/\/blog.zeit.de\/teilchen\/author\/jluig\/\"]}]},{\"@type\":\"BreadcrumbList\",\"@id\":\"https:\/\/blog.zeit.de\/teilchen\/author\/jluig\/#breadcrumb\",\"itemListElement\":[{\"@type\":\"ListItem\",\"position\":1,\"name\":\"Startseite\",\"item\":\"https:\/\/blog.zeit.de\/teilchen\/\"},{\"@type\":\"ListItem\",\"position\":2,\"name\":\"Archive f\u00fcr Judith Luig\"}]},{\"@type\":\"WebSite\",\"@id\":\"https:\/\/blog.zeit.de\/teilchen\/#website\",\"url\":\"https:\/\/blog.zeit.de\/teilchen\/\",\"name\":\"Teilchen\",\"description\":\"Im Netz verstecken sich kleine Sch\u00e4tze - ZEIT ONLINE findet sie.\",\"potentialAction\":[{\"@type\":\"SearchAction\",\"target\":{\"@type\":\"EntryPoint\",\"urlTemplate\":\"https:\/\/blog.zeit.de\/teilchen\/?s={search_term_string}\"},\"query-input\":\"required name=search_term_string\"}],\"inLanguage\":\"de\"},{\"@type\":\"Person\",\"@id\":\"https:\/\/blog.zeit.de\/teilchen\/#\/schema\/person\/234a71dacd69ef5f11f64756edf7f68c\",\"name\":\"Judith Luig\",\"image\":{\"@type\":\"ImageObject\",\"inLanguage\":\"de\",\"@id\":\"https:\/\/blog.zeit.de\/teilchen\/#\/schema\/person\/image\/\",\"url\":\"https:\/\/secure.gravatar.com\/avatar\/f043e1419832da98d83e832b917c47b56c61d64fe080f2fa807802f0580e41be?s=96&d=mm&r=g\",\"contentUrl\":\"https:\/\/secure.gravatar.com\/avatar\/f043e1419832da98d83e832b917c47b56c61d64fe080f2fa807802f0580e41be?s=96&d=mm&r=g\",\"caption\":\"Judith Luig\"},\"description\":\"Judith Luig schreibt haupts\u00e4chlich \u00fcber alle Arten gesellschaftlicher Entwicklung, aktuell vor allem \u00fcber Schule. Sie kommt von der \\\"taz\\\", war lange bei der \\\"Welt am Sonntag\\\". Sie hat Literaturwissenschaften studiert, unterrichtet und ein paar B\u00fccher geschrieben.\",\"sameAs\":[\"https:\/\/twitter.com\/luigologie\"],\"mainEntityOfPage\":{\"@id\":\"https:\/\/blog.zeit.de\/teilchen\/author\/jluig\/\"}}]}<\/script>\n<!-- \/ Yoast SEO plugin. -->","yoast_head_json":{"title":"Judith Luig, Autor bei Teilchen","robots":{"index":"noindex","follow":"follow"},"og_locale":"de_DE","og_type":"profile","og_title":"Judith Luig, Autor bei Teilchen","og_url":"https:\/\/blog.zeit.de\/teilchen\/author\/jluig\/","og_site_name":"Teilchen","og_image":[{"width":772,"height":772,"url":"https:\/\/blog.zeit.de\/teilchen\/files\/2020\/07\/judith_quadrat.png","type":"image\/png"}],"twitter_card":"summary_large_image","twitter_site":"@zeitonline","schema":{"@context":"https:\/\/schema.org","@graph":[{"@type":"ProfilePage","@id":"https:\/\/blog.zeit.de\/teilchen\/author\/jluig\/","url":"https:\/\/blog.zeit.de\/teilchen\/author\/jluig\/","name":"Judith Luig, Autor bei Teilchen","isPartOf":{"@id":"https:\/\/blog.zeit.de\/teilchen\/#website"},"breadcrumb":{"@id":"https:\/\/blog.zeit.de\/teilchen\/author\/jluig\/#breadcrumb"},"inLanguage":"de","potentialAction":[{"@type":"ReadAction","target":["https:\/\/blog.zeit.de\/teilchen\/author\/jluig\/"]}]},{"@type":"BreadcrumbList","@id":"https:\/\/blog.zeit.de\/teilchen\/author\/jluig\/#breadcrumb","itemListElement":[{"@type":"ListItem","position":1,"name":"Startseite","item":"https:\/\/blog.zeit.de\/teilchen\/"},{"@type":"ListItem","position":2,"name":"Archive f\u00fcr Judith Luig"}]},{"@type":"WebSite","@id":"https:\/\/blog.zeit.de\/teilchen\/#website","url":"https:\/\/blog.zeit.de\/teilchen\/","name":"Teilchen","description":"Im Netz verstecken sich kleine Sch\u00e4tze - ZEIT ONLINE findet sie.","potentialAction":[{"@type":"SearchAction","target":{"@type":"EntryPoint","urlTemplate":"https:\/\/blog.zeit.de\/teilchen\/?s={search_term_string}"},"query-input":"required name=search_term_string"}],"inLanguage":"de"},{"@type":"Person","@id":"https:\/\/blog.zeit.de\/teilchen\/#\/schema\/person\/234a71dacd69ef5f11f64756edf7f68c","name":"Judith Luig","image":{"@type":"ImageObject","inLanguage":"de","@id":"https:\/\/blog.zeit.de\/teilchen\/#\/schema\/person\/image\/","url":"https:\/\/secure.gravatar.com\/avatar\/f043e1419832da98d83e832b917c47b56c61d64fe080f2fa807802f0580e41be?s=96&d=mm&r=g","contentUrl":"https:\/\/secure.gravatar.com\/avatar\/f043e1419832da98d83e832b917c47b56c61d64fe080f2fa807802f0580e41be?s=96&d=mm&r=g","caption":"Judith Luig"},"description":"Judith Luig schreibt haupts\u00e4chlich \u00fcber alle Arten gesellschaftlicher Entwicklung, aktuell vor allem \u00fcber Schule. Sie kommt von der \"taz\", war lange bei der \"Welt am Sonntag\". Sie hat Literaturwissenschaften studiert, unterrichtet und ein paar B\u00fccher geschrieben.","sameAs":["https:\/\/twitter.com\/luigologie"],"mainEntityOfPage":{"@id":"https:\/\/blog.zeit.de\/teilchen\/author\/jluig\/"}}]}},"_links":{"self":[{"href":"https:\/\/blog.zeit.de\/teilchen\/wp-json\/wp\/v2\/users\/1130","targetHints":{"allow":["GET"]}}],"collection":[{"href":"https:\/\/blog.zeit.de\/teilchen\/wp-json\/wp\/v2\/users"}]}}