{"id":111,"date":"2006-07-19T00:10:55","date_gmt":"2006-07-18T22:10:55","guid":{"rendered":"http:\/\/blog.zeit.de\/tontraeger\/2006\/07\/21\/die-schwarz-orange-revolution_111"},"modified":"2006-07-19T00:10:55","modified_gmt":"2006-07-18T22:10:55","slug":"die-schwarz-orange-revolution","status":"publish","type":"post","link":"https:\/\/blog.zeit.de\/tontraeger\/2006\/07\/19\/die-schwarz-orange-revolution_111","title":{"rendered":"Die schwarz-orangene Revolution"},"content":{"rendered":"<p><strong>45. Geburtstag oder 30. Todestag? Egal, die Plattenfirma Impulse! feiert die eigene, stolze Geschichte mit der Zusammenstellung \u201eThe House That Trane Built\u201c<\/strong><\/p>\n<p><\/p>\n<div>\n<div style=\"border: 1px solid black; float: left; margin-right: 6px\"><img decoding=\"async\" alt=\"Cover Impulse\" src=\"https:\/\/blog.zeit.de\/tontraeger\/files\/2006\/07\/impulse210.jpg\" \/><\/div>\n<p>Eine Tonspur in orange und schwarz schl\u00e4ngelt sich durch die 1960er und 1970er Jahre. Als das Jazzplattenlabel Impulse! gegr\u00fcndet wurde, wollte man Signalfarbe bekennen, ein Ausrufezeichen setzen. F\u00fcnfzehn Jahre lang war es immer ganz dicht dran am unruhigen musikalischen Zeitgeist. Dass Orange und Schwarz sp\u00e4ter auch f\u00fcr \u201eFeuer und Ebenholz\u201c oder \u201eZorn und Stolz\u201c standen, war vor allem einem Musiker zu verdanken: dem genialen und charismatischen Saxofonisten John Coltrane.<\/p>\n<p>\u201eTrane\u201c war bekannt geworden als Begleitung des Startrompeters Miles Davis. Mit seinem eigenen Quartett und einer Unmenge neuer Ideen im Kopf wurde er der erste und pr\u00e4gende K\u00fcnstler bei Impulse!. Der Jazzhistoriker und <a target=\"_blank\" href=\"http:\/\/www.jazzthing.de\/news\/060713\/index.shtml\">Label-Biograph<\/a> Ashley Kahn sieht in Impulse! sogar \u201edas Haus, das &#8218;Trane&#8216; baute\u201c.<\/p>\n<p>Und was f\u00fcr ein Haus: eins mit tausend T\u00fcren, schiefen Ebenen, durchl\u00e4ssigen W\u00e4nden, wo sich Session scheinbar nahtlos an Session reihte, wo man stetig auf der Suche nach Neuem war, wo Jazz alles M\u00f6gliche sein konnte: eleganter Swing, rauer Hardbop, grooviger Funk, politisches Aussage, Happening, Gottesdienst. Coltrane engagierte junge, unbekannte Talente, schaffte die Freir\u00e4ume, in denen dann alles m\u00f6glich war \u2013 sogar das Harfenspiel seiner Frau Alice. Coltrane starb 1967, die Firma wurde neun Jahre sp\u00e4ter verkauft. Heute geh\u00f6rt sie zur Verve Music Group von Universal. Das reiche Erbe wird dort gepflegt, neue Einspielungen erscheinen \u00e4u\u00dferst selten.<\/p>\n<p>Eine opulente, vier CDs umfassende Jubil\u00e4umssammlung erz\u00e4hlt nun die Geschichte der Jahre 1961 bis 1976. Die Aufnahmen sind lose chronologisch sortiert, viele bekannte \u2013 allen voran die Saxofonisten wie Coltrane, Sonny Rollins, Oliver Nelson, Archie Shepp, Pharoah Sanders \u2013 und auch ein paar weniger bekannte Jazzmusiker sind vertreten. Die Aufnahmen zeigen, dass Impulse! weit mehr war, als das leicht abgedrehte <a target=\"_blank\" href=\"http:\/\/www.zeit.de\/musik\/genreuebersichten\/freejazz\">Freejazz<\/a>-Label, als das es sp\u00e4ter galt. Sie zeigen auch, was k\u00fcnstlerischer Mut und eine liberale Aufnahmepolitik bewirken k\u00f6nnen. Die Musiker durften mitreden. Der Produzent Bob Thiele schlich sich noch in tiefer Nacht in die Studios, damit die Konzernf\u00fchrung nicht mitbekam, wie viele Platten tats\u00e4chlich eingespielt wurden.<\/p>\n<p>Die vierst\u00fcndige Reise durch die Impulse!-Geschichte ist bis auf wenige Missgriffe (das kitschige <em>Chocolate Shake<\/em> von Trompeter Freddie Hubbard, das zum G\u00e4hnen langweilige<em> Gypsy Queen<\/em> von Gitarrist Gabor Szabo) ein grandioses H\u00f6rerlebnis. Ein freier, schwebender Klang und ein abenteuerlustiger Geist verbinden die wegweisenden Aufnahmen. Wer Zusammenstellungen sonst ablehnt, sollte diese mal anh\u00f6ren.<\/p>\n<p><em>\u201eThe House That Trane Built\u201c ist als 4-CD-Box erschienen bei <a target=\"_blank\" href=\"http:\/\/www.vervemusicgroup.com\/impulse\">Impulse!<\/a><\/em><\/p>\n<p><em>H\u00f6ren Sie hier <img decoding=\"async\" border=\"0\" src=\"http:\/\/zeus.zeit.de\/bilder\/elemente\/tonicon_sw1_16x16.gif\" \/> <\/em><em><a class=\"textlink\" href=\"javascript:openme('http:\/\/apollo.zeit.de\/redirects\/cc.php?to=http:\/\/medien.zeit.de\/medialinks\/shepp_mama.mov',400,200,'middle','archie_shepp');\"><em>\u201eMama Too Tight\u201c<\/em><\/a> von dem Tenorsaxofonisten Archie Shepp<\/em><\/p>\n<p>&#8230;<\/p>\n<p><strong>Weitere Beitr\u00e4ge aus der Kategorie JAZZ<br \/>\n<\/strong><a href=\"https:\/\/blog.zeit.de\/tontraeger\/2006\/07\/10\/nach-dem-sturm_96\">Kidd Jordan: \u201ePalm Of Soul\u201c<\/a> (AUM 2006)<br \/>\n<a href=\"https:\/\/blog.zeit.de\/tontraeger\/2006\/06\/26\/welche-lust-am-klang_89\">Root 70: \u201eHeaps Dub\u201c<\/a> (Nonplace 2006)<br \/>\n<a href=\"https:\/\/blog.zeit.de\/tontraeger\/2006\/06\/16\/hauptsache-es-swingt_76\">Hank Mobley: \u201eDippin&#8217;\u201c<\/a> (Blue Note 2006)<br \/>\n<a href=\"https:\/\/blog.zeit.de\/tontraeger\/?p=33\">Andrew McCormack: \u201eTelescope\u201c<\/a> (Dune 2006)<br \/>\n<a href=\"https:\/\/blog.zeit.de\/tontraeger\/?p=20\">Nick B\u00e4rtsch&#8217;s Ronin: \u201eStoa\u201c<\/a> (ECM 2006)<\/p>\n<p><em>Alle Musikangebote von ZEIT online finden Sie unter <a target=\"_blank\" href=\"http:\/\/www.zeit.de\/musik\">www.zeit.de\/musik<\/a><\/em><\/div>\n","protected":false},"excerpt":{"rendered":"<p>45. Geburtstag oder 30. Todestag? Egal, die Plattenfirma Impulse! feiert die eigene, stolze Geschichte mit der Zusammenstellung \u201eThe House That Trane Built\u201c Eine Tonspur in orange und schwarz schl\u00e4ngelt sich durch die 1960er und 1970er Jahre. Als das Jazzplattenlabel Impulse! gegr\u00fcndet wurde, wollte man Signalfarbe bekennen, ein Ausrufezeichen setzen. F\u00fcnfzehn Jahre lang war es immer [&hellip;]<\/p>\n","protected":false},"author":102,"featured_media":0,"comment_status":"open","ping_status":"open","sticky":false,"template":"","format":"standard","meta":{"_jetpack_memberships_contains_paid_content":false,"footnotes":""},"categories":[865],"tags":[],"class_list":["post-111","post","type-post","status-publish","format-standard","hentry","category-jazz"],"yoast_head":"<!-- This site is optimized with the Yoast SEO plugin v21.0 - https:\/\/yoast.com\/wordpress\/plugins\/seo\/ -->\n<title>Die schwarz-orangene Revolution - Musikblog<\/title>\n<meta name=\"robots\" content=\"index, follow, max-snippet:-1, max-image-preview:large, max-video-preview:-1\" \/>\n<link rel=\"canonical\" href=\"https:\/\/blog.zeit.de\/tontraeger\/2006\/07\/19\/die-schwarz-orange-revolution_111\" \/>\n<meta property=\"og:locale\" content=\"de_DE\" \/>\n<meta property=\"og:type\" content=\"article\" \/>\n<meta property=\"og:title\" content=\"Die schwarz-orangene Revolution - Musikblog\" \/>\n<meta property=\"og:description\" content=\"45. Geburtstag oder 30. Todestag? Egal, die Plattenfirma Impulse! feiert die eigene, stolze Geschichte mit der Zusammenstellung \u201eThe House That Trane Built\u201c Eine Tonspur in orange und schwarz schl\u00e4ngelt sich durch die 1960er und 1970er Jahre. Als das Jazzplattenlabel Impulse! gegr\u00fcndet wurde, wollte man Signalfarbe bekennen, ein Ausrufezeichen setzen. F\u00fcnfzehn Jahre lang war es immer [&hellip;]\" \/>\n<meta property=\"og:url\" content=\"https:\/\/blog.zeit.de\/tontraeger\/2006\/07\/19\/die-schwarz-orange-revolution_111\" \/>\n<meta property=\"og:site_name\" content=\"Tontr\u00e4ger\" \/>\n<meta property=\"article:published_time\" content=\"2006-07-18T22:10:55+00:00\" \/>\n<meta property=\"og:image\" content=\"https:\/\/blog.zeit.de\/tontraeger\/files\/2006\/07\/impulse210.jpg\" \/>\n<meta name=\"author\" content=\"Henning Hoff\" \/>\n<meta name=\"twitter:card\" content=\"summary_large_image\" \/>\n<meta name=\"twitter:creator\" content=\"@zeitonline\" \/>\n<meta name=\"twitter:site\" content=\"@zeitonline\" \/>\n<meta name=\"twitter:label1\" content=\"Geschrieben von\" \/>\n\t<meta name=\"twitter:data1\" content=\"Henning Hoff\" \/>\n\t<meta name=\"twitter:label2\" content=\"Gesch\u00e4tzte Lesezeit\" \/>\n\t<meta name=\"twitter:data2\" content=\"2\u00a0Minuten\" \/>\n<script type=\"application\/ld+json\" class=\"yoast-schema-graph\">{\"@context\":\"https:\/\/schema.org\",\"@graph\":[{\"@type\":\"WebPage\",\"@id\":\"https:\/\/blog.zeit.de\/tontraeger\/2006\/07\/19\/die-schwarz-orange-revolution_111\",\"url\":\"https:\/\/blog.zeit.de\/tontraeger\/2006\/07\/19\/die-schwarz-orange-revolution_111\",\"name\":\"Die schwarz-orangene Revolution - Musikblog\",\"isPartOf\":{\"@id\":\"https:\/\/blog.zeit.de\/tontraeger\/#website\"},\"datePublished\":\"2006-07-18T22:10:55+00:00\",\"dateModified\":\"2006-07-18T22:10:55+00:00\",\"author\":{\"@id\":\"https:\/\/blog.zeit.de\/tontraeger\/#\/schema\/person\/cb7c73172b0225635da8f00015f06e92\"},\"breadcrumb\":{\"@id\":\"https:\/\/blog.zeit.de\/tontraeger\/2006\/07\/19\/die-schwarz-orange-revolution_111#breadcrumb\"},\"inLanguage\":\"de\",\"potentialAction\":[{\"@type\":\"ReadAction\",\"target\":[\"https:\/\/blog.zeit.de\/tontraeger\/2006\/07\/19\/die-schwarz-orange-revolution_111\"]}]},{\"@type\":\"BreadcrumbList\",\"@id\":\"https:\/\/blog.zeit.de\/tontraeger\/2006\/07\/19\/die-schwarz-orange-revolution_111#breadcrumb\",\"itemListElement\":[{\"@type\":\"ListItem\",\"position\":1,\"name\":\"Startseite\",\"item\":\"https:\/\/blog.zeit.de\/tontraeger\"},{\"@type\":\"ListItem\",\"position\":2,\"name\":\"Die schwarz-orangene Revolution\"}]},{\"@type\":\"WebSite\",\"@id\":\"https:\/\/blog.zeit.de\/tontraeger\/#website\",\"url\":\"https:\/\/blog.zeit.de\/tontraeger\/\",\"name\":\"Tontr\u00e4ger\",\"description\":\"Zwischen Disko und Diskurs\",\"potentialAction\":[{\"@type\":\"SearchAction\",\"target\":{\"@type\":\"EntryPoint\",\"urlTemplate\":\"https:\/\/blog.zeit.de\/tontraeger\/?s={search_term_string}\"},\"query-input\":\"required name=search_term_string\"}],\"inLanguage\":\"de\"},{\"@type\":\"Person\",\"@id\":\"https:\/\/blog.zeit.de\/tontraeger\/#\/schema\/person\/cb7c73172b0225635da8f00015f06e92\",\"name\":\"Henning Hoff\",\"image\":{\"@type\":\"ImageObject\",\"inLanguage\":\"de\",\"@id\":\"https:\/\/blog.zeit.de\/tontraeger\/#\/schema\/person\/image\/\",\"url\":\"https:\/\/secure.gravatar.com\/avatar\/?s=96&d=mm&r=g\",\"contentUrl\":\"https:\/\/secure.gravatar.com\/avatar\/?s=96&d=mm&r=g\",\"caption\":\"Henning Hoff\"},\"url\":\"https:\/\/blog.zeit.de\/tontraeger\/author\/henning-hoff\"}]}<\/script>\n<!-- \/ Yoast SEO plugin. -->","yoast_head_json":{"title":"Die schwarz-orangene Revolution - Musikblog","robots":{"index":"index","follow":"follow","max-snippet":"max-snippet:-1","max-image-preview":"max-image-preview:large","max-video-preview":"max-video-preview:-1"},"canonical":"https:\/\/blog.zeit.de\/tontraeger\/2006\/07\/19\/die-schwarz-orange-revolution_111","og_locale":"de_DE","og_type":"article","og_title":"Die schwarz-orangene Revolution - Musikblog","og_description":"45. Geburtstag oder 30. Todestag? Egal, die Plattenfirma Impulse! feiert die eigene, stolze Geschichte mit der Zusammenstellung \u201eThe House That Trane Built\u201c Eine Tonspur in orange und schwarz schl\u00e4ngelt sich durch die 1960er und 1970er Jahre. Als das Jazzplattenlabel Impulse! gegr\u00fcndet wurde, wollte man Signalfarbe bekennen, ein Ausrufezeichen setzen. F\u00fcnfzehn Jahre lang war es immer [&hellip;]","og_url":"https:\/\/blog.zeit.de\/tontraeger\/2006\/07\/19\/die-schwarz-orange-revolution_111","og_site_name":"Tontr\u00e4ger","article_published_time":"2006-07-18T22:10:55+00:00","og_image":[{"url":"https:\/\/blog.zeit.de\/tontraeger\/files\/2006\/07\/impulse210.jpg"}],"author":"Henning Hoff","twitter_card":"summary_large_image","twitter_creator":"@zeitonline","twitter_site":"@zeitonline","twitter_misc":{"Geschrieben von":"Henning Hoff","Gesch\u00e4tzte Lesezeit":"2\u00a0Minuten"},"schema":{"@context":"https:\/\/schema.org","@graph":[{"@type":"WebPage","@id":"https:\/\/blog.zeit.de\/tontraeger\/2006\/07\/19\/die-schwarz-orange-revolution_111","url":"https:\/\/blog.zeit.de\/tontraeger\/2006\/07\/19\/die-schwarz-orange-revolution_111","name":"Die schwarz-orangene Revolution - Musikblog","isPartOf":{"@id":"https:\/\/blog.zeit.de\/tontraeger\/#website"},"datePublished":"2006-07-18T22:10:55+00:00","dateModified":"2006-07-18T22:10:55+00:00","author":{"@id":"https:\/\/blog.zeit.de\/tontraeger\/#\/schema\/person\/cb7c73172b0225635da8f00015f06e92"},"breadcrumb":{"@id":"https:\/\/blog.zeit.de\/tontraeger\/2006\/07\/19\/die-schwarz-orange-revolution_111#breadcrumb"},"inLanguage":"de","potentialAction":[{"@type":"ReadAction","target":["https:\/\/blog.zeit.de\/tontraeger\/2006\/07\/19\/die-schwarz-orange-revolution_111"]}]},{"@type":"BreadcrumbList","@id":"https:\/\/blog.zeit.de\/tontraeger\/2006\/07\/19\/die-schwarz-orange-revolution_111#breadcrumb","itemListElement":[{"@type":"ListItem","position":1,"name":"Startseite","item":"https:\/\/blog.zeit.de\/tontraeger"},{"@type":"ListItem","position":2,"name":"Die schwarz-orangene Revolution"}]},{"@type":"WebSite","@id":"https:\/\/blog.zeit.de\/tontraeger\/#website","url":"https:\/\/blog.zeit.de\/tontraeger\/","name":"Tontr\u00e4ger","description":"Zwischen Disko und Diskurs","potentialAction":[{"@type":"SearchAction","target":{"@type":"EntryPoint","urlTemplate":"https:\/\/blog.zeit.de\/tontraeger\/?s={search_term_string}"},"query-input":"required name=search_term_string"}],"inLanguage":"de"},{"@type":"Person","@id":"https:\/\/blog.zeit.de\/tontraeger\/#\/schema\/person\/cb7c73172b0225635da8f00015f06e92","name":"Henning Hoff","image":{"@type":"ImageObject","inLanguage":"de","@id":"https:\/\/blog.zeit.de\/tontraeger\/#\/schema\/person\/image\/","url":"https:\/\/secure.gravatar.com\/avatar\/?s=96&d=mm&r=g","contentUrl":"https:\/\/secure.gravatar.com\/avatar\/?s=96&d=mm&r=g","caption":"Henning Hoff"},"url":"https:\/\/blog.zeit.de\/tontraeger\/author\/henning-hoff"}]}},"jetpack_featured_media_url":"","jetpack_sharing_enabled":true,"_links":{"self":[{"href":"https:\/\/blog.zeit.de\/tontraeger\/wp-json\/wp\/v2\/posts\/111","targetHints":{"allow":["GET"]}}],"collection":[{"href":"https:\/\/blog.zeit.de\/tontraeger\/wp-json\/wp\/v2\/posts"}],"about":[{"href":"https:\/\/blog.zeit.de\/tontraeger\/wp-json\/wp\/v2\/types\/post"}],"author":[{"embeddable":true,"href":"https:\/\/blog.zeit.de\/tontraeger\/wp-json\/wp\/v2\/users\/102"}],"replies":[{"embeddable":true,"href":"https:\/\/blog.zeit.de\/tontraeger\/wp-json\/wp\/v2\/comments?post=111"}],"version-history":[{"count":0,"href":"https:\/\/blog.zeit.de\/tontraeger\/wp-json\/wp\/v2\/posts\/111\/revisions"}],"wp:attachment":[{"href":"https:\/\/blog.zeit.de\/tontraeger\/wp-json\/wp\/v2\/media?parent=111"}],"wp:term":[{"taxonomy":"category","embeddable":true,"href":"https:\/\/blog.zeit.de\/tontraeger\/wp-json\/wp\/v2\/categories?post=111"},{"taxonomy":"post_tag","embeddable":true,"href":"https:\/\/blog.zeit.de\/tontraeger\/wp-json\/wp\/v2\/tags?post=111"}],"curies":[{"name":"wp","href":"https:\/\/api.w.org\/{rel}","templated":true}]}}