{"id":12804,"date":"2012-05-21T17:24:51","date_gmt":"2012-05-21T15:24:51","guid":{"rendered":"http:\/\/blog.zeit.de\/tontraeger\/?p=12804"},"modified":"2012-05-22T12:07:58","modified_gmt":"2012-05-22T10:07:58","slug":"hendrik-weber-ursprung","status":"publish","type":"post","link":"https:\/\/blog.zeit.de\/tontraeger\/2012\/05\/21\/hendrik-weber-ursprung_12804","title":{"rendered":"Kl\u00e4nge, die wie Eiskristalle glitzern"},"content":{"rendered":"<p><strong>Hendrik Weber alias Pantha du Prince ist der kluge \u00dcberflieger der deutschen Technoszene. Sein neues Duett &#8222;Ursprung&#8220; mit Stephan Abry erinnert an Krautrock und Ambient.<\/strong><\/p>\n<p><figure id=\"attachment_12815\" aria-describedby=\"caption-attachment-12815\" style=\"width: 540px\" class=\"wp-caption alignleft\"><img loading=\"lazy\" decoding=\"async\" src=\"https:\/\/blog.zeit.de\/tontraeger\/files\/2012\/05\/ursprung-540x304.jpg\" alt=\"\" title=\"ursprung-540x304\" width=\"540\" height=\"304\" class=\"size-full wp-image-12815\" srcset=\"https:\/\/blog.zeit.de\/tontraeger\/files\/2012\/05\/ursprung-540x304.jpg 540w, https:\/\/blog.zeit.de\/tontraeger\/files\/2012\/05\/ursprung-540x304-300x168.jpg 300w\" sizes=\"auto, (max-width: 540px) 100vw, 540px\" \/><figcaption id=\"caption-attachment-12815\" class=\"wp-caption-text\">\u00a9 Dial Records<\/figcaption><\/figure><\/p>\n<p>Am Anfang war das Feuer. <em>Ursprung<\/em> \u2013 ein Schriftzug in Flammen auf der Plattenh\u00fclle, dahinter ein br\u00fcchiges Eismeer. Die K\u00fcnstler hinter fremdartigen Masken. Offensichtlich wird hier Geheimnisvolles, Elementares und Umw\u00e4lzendes geschehen. Es geschieht dann vor allem erstmal etwas sehr Sch\u00f6nes. <!--more--><\/p>\n<p>Ursprung, das sind Stephan Abry und Hendrik Weber. W\u00e4hrend letzterer als <a href=\"http:\/\/www.zeit.de\/kultur\/musik\/2010-02\/pantha-du-prince-hendrik-weber\" target=\"_blank\">Pantha du Prince<\/a> mit <a href=\"https:\/\/blog.zeit.de\/tontraeger\/2007\/02\/21\/unters-eis_317\" target=\"_blank\"><em>This Bliss<\/em><\/a> und <em>Black Noise<\/em> zwei der sch\u00f6nsten Alben elektronischer Musik der vergangenen Jahre ver\u00f6ffentlicht hat, spielte Stephan Abry in den neunziger Jahren in der <a href=\"http:\/\/www.youtube.com\/watch?v=Pg5adBYdqnc\" target=\"_blank\">Krautrock-Experimentalband Workshop<\/a>. Auch auf <em>Black Noise<\/em> war er als Instrumentalist zu h\u00f6ren. <\/p>\n<p>Dass sich beide nun f\u00fcr ein gemeinsames Album zusammengefunden haben, erscheint da nur logisch, wagte sich Weber mit seinen Klangforschungen und Auftritten wie mit dem Kirchenglocken-Ensemble <a href=\"http:\/\/www.youtube.com\/watch?v=g4OwXijuZN8\" target=\"_blank\">The Bell Laboratory<\/a> doch immer weiter vor in experimentelles Fahrwasser.<\/p>\n\n<div class=\"embed-wrapper embed-wrapper--blocked js-embed-consent\" data-method=\"iframe\">\n<script class=\"raw__source\" type=\"text\/template\"><iframe loading=\"lazy\" width=\"540\" height=\"330\" src=\"http:\/\/www.youtube.com\/embed\/tFDvS1XMkZM\" frameborder=\"0\" allowfullscreen><\/iframe><\/script>\n<div class=\"embed-wrapper__inner\">\n<div class=\"embed-wrapper__text\">\n<h3>Empfohlener redaktioneller Inhalt<\/h3>\n<p data-replace=\"no\">An dieser Stelle finden Sie externen Inhalt, der den Artikel erg\u00e4nzt. Sie k\u00f6nnen sich externe Inhalte mit einem Klick anzeigen lassen und wieder ausblenden.<noscript>Bitte aktivieren Sie JavaScript damit Sie diesen Inhalt anzeigen k\u00f6nnen.<\/noscript><\/p>\n<\/div>\n<div class=\"embed-consent\">\n<label class=\"embed-consent__toggle\">\n<input class=\"js-embed-consent__toggle\" type=\"checkbox\" autocomplete=\"off\">\n<span><\/span>\nExterner Inhalt\n<\/label>\n<a href=\"https:\/\/www.zeit.de\/hilfe\/datenschutz\" target=\"_blank\" class=\"embed-consent__datalink-when-active\">Datenschutzerkl\u00e4rung<\/a>\n<\/div>\n<div class=\"embed-wrapper__footer\">\n<p data-replace=\"no\">\nIch bin damit einverstanden, dass mir externe Inhalte angezeigt werden. Damit k\u00f6nnen personenbezogene Daten an Drittplattformen \u00fcbermittelt werden. <a href=\"https:\/\/www.zeit.de\/hilfe\/datenschutz\" target=\"_blank\">Mehr dazu in unserer Datenschutzerkl\u00e4rung.<\/a>\n<\/p>\n<\/div>\n<\/div>\n<\/div>\n<p>Wie es Hendrik Weber f\u00fcr seine eigenen Platten zu tun pflegt, haben auch Ursprung f\u00fcr die Aufnahmen zu ihrem ersten Album den R\u00fcckzug in die naturbelassene Abgeschiedenheit ge\u00fcbt. In den Schweizer Voralpen entstand ein Gro\u00dfteil der Musik. Auch deshalb klingt Ursprung zun\u00e4chst einmal ganz nach Webers typischer Handschrift.<\/p>\n<p>Da ist die <a href=\"http:\/\/www.youtube.com\/watch?v=tFDvS1XMkZM&#038;feature=player_embedded\" target=\"_blank\">Vielzahl der schwebenden Kl\u00e4nge<\/a>, die wie Eiskristalle glitzern. Da ist die melancholische Weite des Sounds, die Bilder von magischen Landschaften heraufbeschw\u00f6rt. Und unter allem pulsiert sanft und sacht eine elektronische Basstrommel. Dabei fehlt Ursprung jedoch alles technoide. Es ist ein vollkommen organischer Klang, den <a href=\"http:\/\/www.indiepedia.de\/index.php?title=Tobias_Levin\" target=\"_blank\">Tobias Levin<\/a> reichhaltig abgemischt hat. Stimmungen entstehen wie Wolkenfelder und ziehen ebenso vor\u00fcber. Einmal f\u00fchrt die Musik wie auf einem verschlungenen Pfad hinab ins Dunkel, um sich kurz darauf umso klarer und heller zu weiten.<\/p>\n<p>Nicht nur der Name des Duos weist in Richtung <a href=\"https:\/\/blog.zeit.de\/tontraeger\/2009\/12\/18\/krautrock-masters-echoes_4286\" target=\"_blank\">Krautrock<\/a> und Kosmische Musik. Wichtige Formationen wie Cluster und Harmonia sind in St\u00fccken wie <em>Mummenschanz<\/em>, <em>Chr\u00fczegg<\/em> oder <em>Seiland<\/em> herauszuh\u00f6ren. Daneben spielen <a href=\"http:\/\/www.youtube.com\/watch?v=AWP7CchR4WQ\" target=\"_blank\">Brian Enos wegweisende Ambient-Musik<\/a> und die Innovationen des Gitarristen <a href=\"http:\/\/www.youtube.com\/watch?v=eX_GaAhTSGs&#038;feature=related\" target=\"_blank\">Robert Fripp<\/a> eine wichtige Rolle. <\/p>\n<div class=\"zol_video aud_narrow aud756874324665\"><\/div>\n<p>\u00dcberhaupt, diese Gitarre: Zwischen all den fl\u00fcchtigen und mikroskopischen Texturen schafft Stephan Abry eine wunderbar flie\u00dfende Balance und formuliert das Thema jedes St\u00fccks. Auch das haben Ursprung von gro\u00dfen Krautrock-Bands wie <a href=\"https:\/\/blog.zeit.de\/tontraeger\/2011\/06\/29\/popol-vuh-remixed_9541\" target=\"_blank\">Popol Vuh<\/a> gelernt. <\/p>\n<p>Anders als auf seinen penibel konstruierten Solo-Alben atmet die Musik von Ursprung eine Freiheit, die sich Hendrik Weber als Pantha du Prince nicht g\u00f6nnt. So klingen besonders die ruhigen Ambient-St\u00fccke der Platte beinahe improvisiert und ausufernd in ihrer Kreativit\u00e4t.<\/p>\n<p>Da tut es stellenweise schon sehr gut, einen einigerma\u00dfen rund laufenden Bass wie in <em>Lizzy<\/em> zu h\u00f6ren. Denn streckenweise \u00fcbertreiben es Weber und Abry auch einfach. Darin sind sie ihren oft endlos gniedelnden Vorbildern aus den siebziger Jahren \u00e4hnlich. Kosmische Wahrheiten sind eben nicht unter 50 Minuten zu haben.<br \/>\n<em><br \/>\nDas gleichnamige Deb\u00fctalbum von Ursprung ist bei Dial Records erschienen.<\/em><\/p>\n<p><img loading=\"lazy\" decoding=\"async\" src=\"http:\/\/vg05.met.vgwort.de\/na\/dbc3789eaa334fb7ab17efd68b5047f3\" width=\"1\" height=\"1\" alt=\"\"><\/p>\n","protected":false},"excerpt":{"rendered":"<p>Hendrik Weber alias Pantha du Prince ist der kluge \u00dcberflieger der deutschen Technoszene. Sein neues Duett &#8222;Ursprung&#8220; mit Stephan Abry erinnert an Krautrock und Ambient. Am Anfang war das Feuer. Ursprung \u2013 ein Schriftzug in Flammen auf der Plattenh\u00fclle, dahinter ein br\u00fcchiges Eismeer. Die K\u00fcnstler hinter fremdartigen Masken. Offensichtlich wird hier Geheimnisvolles, Elementares und Umw\u00e4lzendes [&hellip;]<\/p>\n","protected":false},"author":116,"featured_media":0,"comment_status":"open","ping_status":"closed","sticky":false,"template":"","format":"standard","meta":{"_jetpack_memberships_contains_paid_content":false,"footnotes":""},"categories":[860,876],"tags":[],"class_list":["post-12804","post","type-post","status-publish","format-standard","hentry","category-elektronika","category-techno"],"yoast_head":"<!-- This site is optimized with the Yoast SEO plugin v21.0 - https:\/\/yoast.com\/wordpress\/plugins\/seo\/ -->\n<title>Kl\u00e4nge, die wie Eiskristalle glitzern - Musikblog<\/title>\n<meta name=\"robots\" content=\"index, follow, max-snippet:-1, max-image-preview:large, max-video-preview:-1\" \/>\n<link rel=\"canonical\" href=\"https:\/\/blog.zeit.de\/tontraeger\/2012\/05\/21\/hendrik-weber-ursprung_12804\" \/>\n<meta property=\"og:locale\" content=\"de_DE\" \/>\n<meta property=\"og:type\" content=\"article\" \/>\n<meta property=\"og:title\" content=\"Kl\u00e4nge, die wie Eiskristalle glitzern - Musikblog\" \/>\n<meta property=\"og:description\" content=\"Hendrik Weber alias Pantha du Prince ist der kluge \u00dcberflieger der deutschen Technoszene. Sein neues Duett &#8222;Ursprung&#8220; mit Stephan Abry erinnert an Krautrock und Ambient. Am Anfang war das Feuer. Ursprung \u2013 ein Schriftzug in Flammen auf der Plattenh\u00fclle, dahinter ein br\u00fcchiges Eismeer. Die K\u00fcnstler hinter fremdartigen Masken. Offensichtlich wird hier Geheimnisvolles, Elementares und Umw\u00e4lzendes [&hellip;]\" \/>\n<meta property=\"og:url\" content=\"https:\/\/blog.zeit.de\/tontraeger\/2012\/05\/21\/hendrik-weber-ursprung_12804\" \/>\n<meta property=\"og:site_name\" content=\"Tontr\u00e4ger\" \/>\n<meta property=\"article:published_time\" content=\"2012-05-21T15:24:51+00:00\" \/>\n<meta property=\"article:modified_time\" content=\"2012-05-22T10:07:58+00:00\" \/>\n<meta property=\"og:image\" content=\"https:\/\/blog.zeit.de\/tontraeger\/files\/2012\/05\/ursprung-540x304.jpg\" \/>\n<meta name=\"author\" content=\"Matthias Sch\u00f6neb\u00e4umer\" \/>\n<meta name=\"twitter:card\" content=\"summary_large_image\" \/>\n<meta name=\"twitter:creator\" content=\"@zeitonline\" \/>\n<meta name=\"twitter:site\" content=\"@zeitonline\" \/>\n<meta name=\"twitter:label1\" content=\"Geschrieben von\" \/>\n\t<meta name=\"twitter:data1\" content=\"Matthias Sch\u00f6neb\u00e4umer\" \/>\n\t<meta name=\"twitter:label2\" content=\"Gesch\u00e4tzte Lesezeit\" \/>\n\t<meta name=\"twitter:data2\" content=\"3\u00a0Minuten\" \/>\n<script type=\"application\/ld+json\" class=\"yoast-schema-graph\">{\"@context\":\"https:\/\/schema.org\",\"@graph\":[{\"@type\":\"WebPage\",\"@id\":\"https:\/\/blog.zeit.de\/tontraeger\/2012\/05\/21\/hendrik-weber-ursprung_12804\",\"url\":\"https:\/\/blog.zeit.de\/tontraeger\/2012\/05\/21\/hendrik-weber-ursprung_12804\",\"name\":\"Kl\u00e4nge, die wie Eiskristalle glitzern - Musikblog\",\"isPartOf\":{\"@id\":\"https:\/\/blog.zeit.de\/tontraeger\/#website\"},\"datePublished\":\"2012-05-21T15:24:51+00:00\",\"dateModified\":\"2012-05-22T10:07:58+00:00\",\"author\":{\"@id\":\"https:\/\/blog.zeit.de\/tontraeger\/#\/schema\/person\/8766a74212a86fa84bf925b1071fb45b\"},\"breadcrumb\":{\"@id\":\"https:\/\/blog.zeit.de\/tontraeger\/2012\/05\/21\/hendrik-weber-ursprung_12804#breadcrumb\"},\"inLanguage\":\"de\",\"potentialAction\":[{\"@type\":\"ReadAction\",\"target\":[\"https:\/\/blog.zeit.de\/tontraeger\/2012\/05\/21\/hendrik-weber-ursprung_12804\"]}]},{\"@type\":\"BreadcrumbList\",\"@id\":\"https:\/\/blog.zeit.de\/tontraeger\/2012\/05\/21\/hendrik-weber-ursprung_12804#breadcrumb\",\"itemListElement\":[{\"@type\":\"ListItem\",\"position\":1,\"name\":\"Startseite\",\"item\":\"https:\/\/blog.zeit.de\/tontraeger\"},{\"@type\":\"ListItem\",\"position\":2,\"name\":\"Kl\u00e4nge, die wie Eiskristalle glitzern\"}]},{\"@type\":\"WebSite\",\"@id\":\"https:\/\/blog.zeit.de\/tontraeger\/#website\",\"url\":\"https:\/\/blog.zeit.de\/tontraeger\/\",\"name\":\"Tontr\u00e4ger\",\"description\":\"Zwischen Disko und Diskurs\",\"potentialAction\":[{\"@type\":\"SearchAction\",\"target\":{\"@type\":\"EntryPoint\",\"urlTemplate\":\"https:\/\/blog.zeit.de\/tontraeger\/?s={search_term_string}\"},\"query-input\":\"required name=search_term_string\"}],\"inLanguage\":\"de\"},{\"@type\":\"Person\",\"@id\":\"https:\/\/blog.zeit.de\/tontraeger\/#\/schema\/person\/8766a74212a86fa84bf925b1071fb45b\",\"name\":\"Matthias Sch\u00f6neb\u00e4umer\",\"image\":{\"@type\":\"ImageObject\",\"inLanguage\":\"de\",\"@id\":\"https:\/\/blog.zeit.de\/tontraeger\/#\/schema\/person\/image\/\",\"url\":\"https:\/\/secure.gravatar.com\/avatar\/?s=96&d=mm&r=g\",\"contentUrl\":\"https:\/\/secure.gravatar.com\/avatar\/?s=96&d=mm&r=g\",\"caption\":\"Matthias Sch\u00f6neb\u00e4umer\"},\"url\":\"https:\/\/blog.zeit.de\/tontraeger\/author\/matthias-schoenebaeumer\"}]}<\/script>\n<!-- \/ Yoast SEO plugin. -->","yoast_head_json":{"title":"Kl\u00e4nge, die wie Eiskristalle glitzern - Musikblog","robots":{"index":"index","follow":"follow","max-snippet":"max-snippet:-1","max-image-preview":"max-image-preview:large","max-video-preview":"max-video-preview:-1"},"canonical":"https:\/\/blog.zeit.de\/tontraeger\/2012\/05\/21\/hendrik-weber-ursprung_12804","og_locale":"de_DE","og_type":"article","og_title":"Kl\u00e4nge, die wie Eiskristalle glitzern - Musikblog","og_description":"Hendrik Weber alias Pantha du Prince ist der kluge \u00dcberflieger der deutschen Technoszene. Sein neues Duett &#8222;Ursprung&#8220; mit Stephan Abry erinnert an Krautrock und Ambient. Am Anfang war das Feuer. Ursprung \u2013 ein Schriftzug in Flammen auf der Plattenh\u00fclle, dahinter ein br\u00fcchiges Eismeer. Die K\u00fcnstler hinter fremdartigen Masken. Offensichtlich wird hier Geheimnisvolles, Elementares und Umw\u00e4lzendes [&hellip;]","og_url":"https:\/\/blog.zeit.de\/tontraeger\/2012\/05\/21\/hendrik-weber-ursprung_12804","og_site_name":"Tontr\u00e4ger","article_published_time":"2012-05-21T15:24:51+00:00","article_modified_time":"2012-05-22T10:07:58+00:00","og_image":[{"url":"https:\/\/blog.zeit.de\/tontraeger\/files\/2012\/05\/ursprung-540x304.jpg"}],"author":"Matthias Sch\u00f6neb\u00e4umer","twitter_card":"summary_large_image","twitter_creator":"@zeitonline","twitter_site":"@zeitonline","twitter_misc":{"Geschrieben von":"Matthias Sch\u00f6neb\u00e4umer","Gesch\u00e4tzte Lesezeit":"3\u00a0Minuten"},"schema":{"@context":"https:\/\/schema.org","@graph":[{"@type":"WebPage","@id":"https:\/\/blog.zeit.de\/tontraeger\/2012\/05\/21\/hendrik-weber-ursprung_12804","url":"https:\/\/blog.zeit.de\/tontraeger\/2012\/05\/21\/hendrik-weber-ursprung_12804","name":"Kl\u00e4nge, die wie Eiskristalle glitzern - Musikblog","isPartOf":{"@id":"https:\/\/blog.zeit.de\/tontraeger\/#website"},"datePublished":"2012-05-21T15:24:51+00:00","dateModified":"2012-05-22T10:07:58+00:00","author":{"@id":"https:\/\/blog.zeit.de\/tontraeger\/#\/schema\/person\/8766a74212a86fa84bf925b1071fb45b"},"breadcrumb":{"@id":"https:\/\/blog.zeit.de\/tontraeger\/2012\/05\/21\/hendrik-weber-ursprung_12804#breadcrumb"},"inLanguage":"de","potentialAction":[{"@type":"ReadAction","target":["https:\/\/blog.zeit.de\/tontraeger\/2012\/05\/21\/hendrik-weber-ursprung_12804"]}]},{"@type":"BreadcrumbList","@id":"https:\/\/blog.zeit.de\/tontraeger\/2012\/05\/21\/hendrik-weber-ursprung_12804#breadcrumb","itemListElement":[{"@type":"ListItem","position":1,"name":"Startseite","item":"https:\/\/blog.zeit.de\/tontraeger"},{"@type":"ListItem","position":2,"name":"Kl\u00e4nge, die wie Eiskristalle glitzern"}]},{"@type":"WebSite","@id":"https:\/\/blog.zeit.de\/tontraeger\/#website","url":"https:\/\/blog.zeit.de\/tontraeger\/","name":"Tontr\u00e4ger","description":"Zwischen Disko und Diskurs","potentialAction":[{"@type":"SearchAction","target":{"@type":"EntryPoint","urlTemplate":"https:\/\/blog.zeit.de\/tontraeger\/?s={search_term_string}"},"query-input":"required name=search_term_string"}],"inLanguage":"de"},{"@type":"Person","@id":"https:\/\/blog.zeit.de\/tontraeger\/#\/schema\/person\/8766a74212a86fa84bf925b1071fb45b","name":"Matthias Sch\u00f6neb\u00e4umer","image":{"@type":"ImageObject","inLanguage":"de","@id":"https:\/\/blog.zeit.de\/tontraeger\/#\/schema\/person\/image\/","url":"https:\/\/secure.gravatar.com\/avatar\/?s=96&d=mm&r=g","contentUrl":"https:\/\/secure.gravatar.com\/avatar\/?s=96&d=mm&r=g","caption":"Matthias Sch\u00f6neb\u00e4umer"},"url":"https:\/\/blog.zeit.de\/tontraeger\/author\/matthias-schoenebaeumer"}]}},"jetpack_featured_media_url":"","jetpack_sharing_enabled":true,"_links":{"self":[{"href":"https:\/\/blog.zeit.de\/tontraeger\/wp-json\/wp\/v2\/posts\/12804","targetHints":{"allow":["GET"]}}],"collection":[{"href":"https:\/\/blog.zeit.de\/tontraeger\/wp-json\/wp\/v2\/posts"}],"about":[{"href":"https:\/\/blog.zeit.de\/tontraeger\/wp-json\/wp\/v2\/types\/post"}],"author":[{"embeddable":true,"href":"https:\/\/blog.zeit.de\/tontraeger\/wp-json\/wp\/v2\/users\/116"}],"replies":[{"embeddable":true,"href":"https:\/\/blog.zeit.de\/tontraeger\/wp-json\/wp\/v2\/comments?post=12804"}],"version-history":[{"count":17,"href":"https:\/\/blog.zeit.de\/tontraeger\/wp-json\/wp\/v2\/posts\/12804\/revisions"}],"predecessor-version":[{"id":12822,"href":"https:\/\/blog.zeit.de\/tontraeger\/wp-json\/wp\/v2\/posts\/12804\/revisions\/12822"}],"wp:attachment":[{"href":"https:\/\/blog.zeit.de\/tontraeger\/wp-json\/wp\/v2\/media?parent=12804"}],"wp:term":[{"taxonomy":"category","embeddable":true,"href":"https:\/\/blog.zeit.de\/tontraeger\/wp-json\/wp\/v2\/categories?post=12804"},{"taxonomy":"post_tag","embeddable":true,"href":"https:\/\/blog.zeit.de\/tontraeger\/wp-json\/wp\/v2\/tags?post=12804"}],"curies":[{"name":"wp","href":"https:\/\/api.w.org\/{rel}","templated":true}]}}