{"id":13141,"date":"2012-06-16T14:23:12","date_gmt":"2012-06-16T12:23:12","guid":{"rendered":"http:\/\/blog.zeit.de\/tontraeger\/?p=13141"},"modified":"2012-06-16T14:24:11","modified_gmt":"2012-06-16T12:24:11","slug":"lana-del-rey-sonar","status":"publish","type":"post","link":"https:\/\/blog.zeit.de\/tontraeger\/2012\/06\/16\/lana-del-rey-sonar_13141","title":{"rendered":"Kleine Lana, gro\u00dfe Bilder"},"content":{"rendered":"<p><strong>Beim S\u00f3nar in Barcelona tritt Lana Del Rey im abendlichen Vorprogramm auf. Wei\u00dfes Kleid, wei\u00dfe Schuhe, wei\u00dfes Hollywood. Irgendwie nicht ganz \u00fcberzeugend. <\/strong><\/p>\n<p><figure id=\"attachment_13173\" aria-describedby=\"caption-attachment-13173\" style=\"width: 540px\" class=\"wp-caption alignleft\"><img loading=\"lazy\" decoding=\"async\" src=\"https:\/\/blog.zeit.de\/tontraeger\/files\/2012\/06\/delrey1.jpg\" alt=\"\" title=\"\" width=\"540\" height=\"303\" class=\"size-full wp-image-13173\" srcset=\"https:\/\/blog.zeit.de\/tontraeger\/files\/2012\/06\/delrey1.jpg 540w, https:\/\/blog.zeit.de\/tontraeger\/files\/2012\/06\/delrey1-300x168.jpg 300w\" sizes=\"auto, (max-width: 540px) 100vw, 540px\" \/><figcaption id=\"caption-attachment-13173\" class=\"wp-caption-text\">\u00a9 Rabea Weihser<\/figcaption><\/figure><\/p>\n<p>Es ist 23 Uhr und das Messegel\u00e4nde von Gran Via f\u00fcllt sich sehr langsam. Noch l\u00e4uft das Vorprogramm, Autoscooter fahren, Pizza bestellen, antizyklisch auf Toilette gehen. <!--more-->In der gro\u00dfen Halle, dem SonarClub, ballert schon zu so fr\u00fcher Stunde der Brasilianer Amon Tobin aus Technokanonen. Zu hart? Dann das pl\u00fcschige Kontrastprogramm bei Lana Del Rey.<\/p>\n<p>Das SonarPub ist etwa zur H\u00e4lfte voll, als sie um 23.45 Uhr auf die B\u00fchne st\u00f6ckelt. Wei\u00dfes Kleid, wei\u00dfe High Heels, kunstvoll angesteckte Haarteile. Im R\u00fccken ein Streichquartett, einen Konzertfl\u00fcgel, ein Bassist und nat\u00fcrlich ihre ber\u00fchmten Videoclip-Collagen. Lana del Reys \u00c4sthetik hat ungef\u00e4hr die Sinnlichkeit einer Ballantines-Werbung. Das reicht, um eine Menge M\u00e4dchen und Jungen zu begeistern. Sie singen jede Textzeile mit. &#8222;<em>I Love you<\/em>&#8222;, kreischen sie, die Herren wohlgemerkt, als Lana sich in den B\u00fchnengraben heben l\u00e4sst, um Teil dieser unglaublichen Energie zu werden. Als k\u00f6nne sie nicht begreifen, dass sie sie selbst erzeugt. <\/p>\n<p><figure id=\"attachment_13174\" aria-describedby=\"caption-attachment-13174\" style=\"width: 540px\" class=\"wp-caption alignleft\"><img loading=\"lazy\" decoding=\"async\" src=\"https:\/\/blog.zeit.de\/tontraeger\/files\/2012\/06\/delreyvideo.jpg\" alt=\"\" title=\"\" width=\"540\" height=\"303\" class=\"size-full wp-image-13174\" srcset=\"https:\/\/blog.zeit.de\/tontraeger\/files\/2012\/06\/delreyvideo.jpg 540w, https:\/\/blog.zeit.de\/tontraeger\/files\/2012\/06\/delreyvideo-300x168.jpg 300w\" sizes=\"auto, (max-width: 540px) 100vw, 540px\" \/><figcaption id=\"caption-attachment-13174\" class=\"wp-caption-text\">\u00a9 Screenshot\/Rabea Weihser<\/figcaption><\/figure><\/p>\n<p>Nat\u00fcrlich m\u00f6chte man ihr diesen Glamourtrash glauben, dieses Stilgef\u00fchl muss echt sein, und nat\u00fcrlich hat sie besten Sex auf der Welt. Aber irgendwie ist die Inszenierung vom kaputten Hollywoodgirl doch zu perfekt, um wahr zu sein. Lana Del Rey ist immer kleiner als ihre Bilder. Das Publikum ger\u00e4t in Rage, wenn sie im wei\u00dfen Badeanzug in Gro\u00dfaufnahme im Leinwandvideo erscheint.<br \/>\nNicht wenige allerdings wenden sich ab und quatschen: &#8222;Boring!&#8220; Sie haben nicht ganz unrecht.<\/p>\n<p><figure id=\"attachment_13175\" aria-describedby=\"caption-attachment-13175\" style=\"width: 540px\" class=\"wp-caption alignleft\"><img loading=\"lazy\" decoding=\"async\" src=\"https:\/\/blog.zeit.de\/tontraeger\/files\/2012\/06\/delrexflag.jpg\" alt=\"\" title=\"\" width=\"540\" height=\"303\" class=\"size-full wp-image-13175\" srcset=\"https:\/\/blog.zeit.de\/tontraeger\/files\/2012\/06\/delrexflag.jpg 540w, https:\/\/blog.zeit.de\/tontraeger\/files\/2012\/06\/delrexflag-300x168.jpg 300w\" sizes=\"auto, (max-width: 540px) 100vw, 540px\" \/><figcaption id=\"caption-attachment-13175\" class=\"wp-caption-text\">\u00a9 Rabea Weihser<\/figcaption><\/figure><\/p>\n","protected":false},"excerpt":{"rendered":"<p>Beim S\u00f3nar in Barcelona tritt Lana Del Rey im abendlichen Vorprogramm auf. Wei\u00dfes Kleid, wei\u00dfe Schuhe, wei\u00dfes Hollywood. Irgendwie nicht ganz \u00fcberzeugend. Es ist 23 Uhr und das Messegel\u00e4nde von Gran Via f\u00fcllt sich sehr langsam. Noch l\u00e4uft das Vorprogramm, Autoscooter fahren, Pizza bestellen, antizyklisch auf Toilette gehen.<\/p>\n","protected":false},"author":99,"featured_media":0,"comment_status":"open","ping_status":"closed","sticky":false,"template":"","format":"standard","meta":{"_jetpack_memberships_contains_paid_content":false,"footnotes":""},"categories":[11932],"tags":[],"class_list":["post-13141","post","type-post","status-publish","format-standard","hentry","category-sonar-2012"],"yoast_head":"<!-- This site is optimized with the Yoast SEO plugin v21.0 - https:\/\/yoast.com\/wordpress\/plugins\/seo\/ -->\n<title>Kleine Lana, gro\u00dfe Bilder - Musikblog<\/title>\n<meta name=\"robots\" content=\"index, follow, max-snippet:-1, max-image-preview:large, max-video-preview:-1\" \/>\n<link rel=\"canonical\" href=\"https:\/\/blog.zeit.de\/tontraeger\/2012\/06\/16\/lana-del-rey-sonar_13141\" \/>\n<meta property=\"og:locale\" content=\"de_DE\" \/>\n<meta property=\"og:type\" content=\"article\" \/>\n<meta property=\"og:title\" content=\"Kleine Lana, gro\u00dfe Bilder - Musikblog\" \/>\n<meta property=\"og:description\" content=\"Beim S\u00f3nar in Barcelona tritt Lana Del Rey im abendlichen Vorprogramm auf. Wei\u00dfes Kleid, wei\u00dfe Schuhe, wei\u00dfes Hollywood. Irgendwie nicht ganz \u00fcberzeugend. Es ist 23 Uhr und das Messegel\u00e4nde von Gran Via f\u00fcllt sich sehr langsam. Noch l\u00e4uft das Vorprogramm, Autoscooter fahren, Pizza bestellen, antizyklisch auf Toilette gehen.\" \/>\n<meta property=\"og:url\" content=\"https:\/\/blog.zeit.de\/tontraeger\/2012\/06\/16\/lana-del-rey-sonar_13141\" \/>\n<meta property=\"og:site_name\" content=\"Tontr\u00e4ger\" \/>\n<meta property=\"article:published_time\" content=\"2012-06-16T12:23:12+00:00\" \/>\n<meta property=\"article:modified_time\" content=\"2012-06-16T12:24:11+00:00\" \/>\n<meta property=\"og:image\" content=\"https:\/\/blog.zeit.de\/tontraeger\/files\/2012\/06\/delrey1.jpg\" \/>\n<meta name=\"author\" content=\"Rabea Weihser\" \/>\n<meta name=\"twitter:card\" content=\"summary_large_image\" \/>\n<meta name=\"twitter:creator\" content=\"@zeitonline\" \/>\n<meta name=\"twitter:site\" content=\"@zeitonline\" \/>\n<meta name=\"twitter:label1\" content=\"Geschrieben von\" \/>\n\t<meta name=\"twitter:data1\" content=\"Rabea Weihser\" \/>\n\t<meta name=\"twitter:label2\" content=\"Gesch\u00e4tzte Lesezeit\" \/>\n\t<meta name=\"twitter:data2\" content=\"2\u00a0Minuten\" \/>\n<script type=\"application\/ld+json\" class=\"yoast-schema-graph\">{\"@context\":\"https:\/\/schema.org\",\"@graph\":[{\"@type\":\"WebPage\",\"@id\":\"https:\/\/blog.zeit.de\/tontraeger\/2012\/06\/16\/lana-del-rey-sonar_13141\",\"url\":\"https:\/\/blog.zeit.de\/tontraeger\/2012\/06\/16\/lana-del-rey-sonar_13141\",\"name\":\"Kleine Lana, gro\u00dfe Bilder - Musikblog\",\"isPartOf\":{\"@id\":\"https:\/\/blog.zeit.de\/tontraeger\/#website\"},\"datePublished\":\"2012-06-16T12:23:12+00:00\",\"dateModified\":\"2012-06-16T12:24:11+00:00\",\"author\":{\"@id\":\"https:\/\/blog.zeit.de\/tontraeger\/#\/schema\/person\/c3eb4893bce2dbdb5cf44786e9c3ef07\"},\"breadcrumb\":{\"@id\":\"https:\/\/blog.zeit.de\/tontraeger\/2012\/06\/16\/lana-del-rey-sonar_13141#breadcrumb\"},\"inLanguage\":\"de\",\"potentialAction\":[{\"@type\":\"ReadAction\",\"target\":[\"https:\/\/blog.zeit.de\/tontraeger\/2012\/06\/16\/lana-del-rey-sonar_13141\"]}]},{\"@type\":\"BreadcrumbList\",\"@id\":\"https:\/\/blog.zeit.de\/tontraeger\/2012\/06\/16\/lana-del-rey-sonar_13141#breadcrumb\",\"itemListElement\":[{\"@type\":\"ListItem\",\"position\":1,\"name\":\"Startseite\",\"item\":\"https:\/\/blog.zeit.de\/tontraeger\"},{\"@type\":\"ListItem\",\"position\":2,\"name\":\"Kleine Lana, gro\u00dfe Bilder\"}]},{\"@type\":\"WebSite\",\"@id\":\"https:\/\/blog.zeit.de\/tontraeger\/#website\",\"url\":\"https:\/\/blog.zeit.de\/tontraeger\/\",\"name\":\"Tontr\u00e4ger\",\"description\":\"Zwischen Disko und Diskurs\",\"potentialAction\":[{\"@type\":\"SearchAction\",\"target\":{\"@type\":\"EntryPoint\",\"urlTemplate\":\"https:\/\/blog.zeit.de\/tontraeger\/?s={search_term_string}\"},\"query-input\":\"required name=search_term_string\"}],\"inLanguage\":\"de\"},{\"@type\":\"Person\",\"@id\":\"https:\/\/blog.zeit.de\/tontraeger\/#\/schema\/person\/c3eb4893bce2dbdb5cf44786e9c3ef07\",\"name\":\"Rabea Weihser\",\"image\":{\"@type\":\"ImageObject\",\"inLanguage\":\"de\",\"@id\":\"https:\/\/blog.zeit.de\/tontraeger\/#\/schema\/person\/image\/\",\"url\":\"https:\/\/secure.gravatar.com\/avatar\/d9166a0f062e3cd9b3540e7066b2c0a45c3ea9398e7041ca02cc3196caa85290?s=96&d=mm&r=g\",\"contentUrl\":\"https:\/\/secure.gravatar.com\/avatar\/d9166a0f062e3cd9b3540e7066b2c0a45c3ea9398e7041ca02cc3196caa85290?s=96&d=mm&r=g\",\"caption\":\"Rabea Weihser\"},\"description\":\"Ressortleiterin Kultur von ZEIT ONLINE\",\"url\":\"https:\/\/blog.zeit.de\/tontraeger\/author\/rabea-weihser\"}]}<\/script>\n<!-- \/ Yoast SEO plugin. -->","yoast_head_json":{"title":"Kleine Lana, gro\u00dfe Bilder - Musikblog","robots":{"index":"index","follow":"follow","max-snippet":"max-snippet:-1","max-image-preview":"max-image-preview:large","max-video-preview":"max-video-preview:-1"},"canonical":"https:\/\/blog.zeit.de\/tontraeger\/2012\/06\/16\/lana-del-rey-sonar_13141","og_locale":"de_DE","og_type":"article","og_title":"Kleine Lana, gro\u00dfe Bilder - Musikblog","og_description":"Beim S\u00f3nar in Barcelona tritt Lana Del Rey im abendlichen Vorprogramm auf. Wei\u00dfes Kleid, wei\u00dfe Schuhe, wei\u00dfes Hollywood. Irgendwie nicht ganz \u00fcberzeugend. Es ist 23 Uhr und das Messegel\u00e4nde von Gran Via f\u00fcllt sich sehr langsam. Noch l\u00e4uft das Vorprogramm, Autoscooter fahren, Pizza bestellen, antizyklisch auf Toilette gehen.","og_url":"https:\/\/blog.zeit.de\/tontraeger\/2012\/06\/16\/lana-del-rey-sonar_13141","og_site_name":"Tontr\u00e4ger","article_published_time":"2012-06-16T12:23:12+00:00","article_modified_time":"2012-06-16T12:24:11+00:00","og_image":[{"url":"https:\/\/blog.zeit.de\/tontraeger\/files\/2012\/06\/delrey1.jpg"}],"author":"Rabea Weihser","twitter_card":"summary_large_image","twitter_creator":"@zeitonline","twitter_site":"@zeitonline","twitter_misc":{"Geschrieben von":"Rabea Weihser","Gesch\u00e4tzte Lesezeit":"2\u00a0Minuten"},"schema":{"@context":"https:\/\/schema.org","@graph":[{"@type":"WebPage","@id":"https:\/\/blog.zeit.de\/tontraeger\/2012\/06\/16\/lana-del-rey-sonar_13141","url":"https:\/\/blog.zeit.de\/tontraeger\/2012\/06\/16\/lana-del-rey-sonar_13141","name":"Kleine Lana, gro\u00dfe Bilder - Musikblog","isPartOf":{"@id":"https:\/\/blog.zeit.de\/tontraeger\/#website"},"datePublished":"2012-06-16T12:23:12+00:00","dateModified":"2012-06-16T12:24:11+00:00","author":{"@id":"https:\/\/blog.zeit.de\/tontraeger\/#\/schema\/person\/c3eb4893bce2dbdb5cf44786e9c3ef07"},"breadcrumb":{"@id":"https:\/\/blog.zeit.de\/tontraeger\/2012\/06\/16\/lana-del-rey-sonar_13141#breadcrumb"},"inLanguage":"de","potentialAction":[{"@type":"ReadAction","target":["https:\/\/blog.zeit.de\/tontraeger\/2012\/06\/16\/lana-del-rey-sonar_13141"]}]},{"@type":"BreadcrumbList","@id":"https:\/\/blog.zeit.de\/tontraeger\/2012\/06\/16\/lana-del-rey-sonar_13141#breadcrumb","itemListElement":[{"@type":"ListItem","position":1,"name":"Startseite","item":"https:\/\/blog.zeit.de\/tontraeger"},{"@type":"ListItem","position":2,"name":"Kleine Lana, gro\u00dfe Bilder"}]},{"@type":"WebSite","@id":"https:\/\/blog.zeit.de\/tontraeger\/#website","url":"https:\/\/blog.zeit.de\/tontraeger\/","name":"Tontr\u00e4ger","description":"Zwischen Disko und Diskurs","potentialAction":[{"@type":"SearchAction","target":{"@type":"EntryPoint","urlTemplate":"https:\/\/blog.zeit.de\/tontraeger\/?s={search_term_string}"},"query-input":"required name=search_term_string"}],"inLanguage":"de"},{"@type":"Person","@id":"https:\/\/blog.zeit.de\/tontraeger\/#\/schema\/person\/c3eb4893bce2dbdb5cf44786e9c3ef07","name":"Rabea Weihser","image":{"@type":"ImageObject","inLanguage":"de","@id":"https:\/\/blog.zeit.de\/tontraeger\/#\/schema\/person\/image\/","url":"https:\/\/secure.gravatar.com\/avatar\/d9166a0f062e3cd9b3540e7066b2c0a45c3ea9398e7041ca02cc3196caa85290?s=96&d=mm&r=g","contentUrl":"https:\/\/secure.gravatar.com\/avatar\/d9166a0f062e3cd9b3540e7066b2c0a45c3ea9398e7041ca02cc3196caa85290?s=96&d=mm&r=g","caption":"Rabea Weihser"},"description":"Ressortleiterin Kultur von ZEIT ONLINE","url":"https:\/\/blog.zeit.de\/tontraeger\/author\/rabea-weihser"}]}},"jetpack_featured_media_url":"","jetpack_sharing_enabled":true,"_links":{"self":[{"href":"https:\/\/blog.zeit.de\/tontraeger\/wp-json\/wp\/v2\/posts\/13141","targetHints":{"allow":["GET"]}}],"collection":[{"href":"https:\/\/blog.zeit.de\/tontraeger\/wp-json\/wp\/v2\/posts"}],"about":[{"href":"https:\/\/blog.zeit.de\/tontraeger\/wp-json\/wp\/v2\/types\/post"}],"author":[{"embeddable":true,"href":"https:\/\/blog.zeit.de\/tontraeger\/wp-json\/wp\/v2\/users\/99"}],"replies":[{"embeddable":true,"href":"https:\/\/blog.zeit.de\/tontraeger\/wp-json\/wp\/v2\/comments?post=13141"}],"version-history":[{"count":14,"href":"https:\/\/blog.zeit.de\/tontraeger\/wp-json\/wp\/v2\/posts\/13141\/revisions"}],"predecessor-version":[{"id":13183,"href":"https:\/\/blog.zeit.de\/tontraeger\/wp-json\/wp\/v2\/posts\/13141\/revisions\/13183"}],"wp:attachment":[{"href":"https:\/\/blog.zeit.de\/tontraeger\/wp-json\/wp\/v2\/media?parent=13141"}],"wp:term":[{"taxonomy":"category","embeddable":true,"href":"https:\/\/blog.zeit.de\/tontraeger\/wp-json\/wp\/v2\/categories?post=13141"},{"taxonomy":"post_tag","embeddable":true,"href":"https:\/\/blog.zeit.de\/tontraeger\/wp-json\/wp\/v2\/tags?post=13141"}],"curies":[{"name":"wp","href":"https:\/\/api.w.org\/{rel}","templated":true}]}}