{"id":155,"date":"2006-10-02T00:18:29","date_gmt":"2006-10-01T22:18:29","guid":{"rendered":"http:\/\/blog.zeit.de\/tontraeger\/2006\/10\/02\/keine-tina-keine-nina_155"},"modified":"2006-10-02T00:18:29","modified_gmt":"2006-10-01T22:18:29","slug":"keine-tina-keine-nina","status":"publish","type":"post","link":"https:\/\/blog.zeit.de\/tontraeger\/2006\/10\/02\/keine-tina-keine-nina_155","title":{"rendered":"Keine Tina, keine Nina"},"content":{"rendered":"<p><strong>Kurz hinter Hamburg stieg Julia Guther zu, ich habe ihr den ganzen Urlaub \u00fcber zugeh\u00f6rt. Ihre Stimme hallt noch jetzt durch meinen Kopf, immer wieder summe ich mit ihr<\/strong><\/p>\n<p><\/p>\n<div>\n<div style=\"float: left; margin-right: 6px\"><a class=\"textlink\" href=\"javascript:openme('http:\/\/apollo.zeit.de\/redirects\/cc.php?to=http:\/\/medien.zeit.de\/medialinks\/guther-first.mov',400,200,'middle','guther-first');\"><img decoding=\"async\" style=\"border: 1px solid black\" alt=\"Cover Sundet\" src=\"https:\/\/blog.zeit.de\/tontraeger\/files\/2006\/09\/guther-sundet210.jpg\" \/><\/a><\/div>\n<p>Drei Wochen fuhr ich in diesem Sommer kreuz und quer durch Schleswig-Holstein und die Ostsee rauf und runter. Wo es mir gefiel, blieb ich mit meinem Camping-Bus stehen, wenn ich mich langweilte, fuhr ich weiter. Etliche Souvenirs habe ich mir mitgebracht, einige unfreiwillig. Ein endlich abklingender Sonnenbrand auf der Nase und im Nacken. Immer noch Sand im ganzen Auto, unter den Sitzen, im Bett. Eine neue Sonnenbrille. Und dann, ja, Julia Guthers Stimme. Ich nahm sie mit, irgendwo zwischen Hamburg und Kiel. Ich drehte meinen alten CD-Spieler lauter und lauter, bis es lauter nicht mehr ging. Ich lauschte ihr Mal um Mal, und auch jetzt hallt sie noch durch meinen Kopf, bringt mich wieder zum Summen.<\/p>\n<p>Julia Guther ist die S\u00e4ngerin einer Band, die ihren Nachnamen tr\u00e4gt. Gesprochen nicht mit englischem Ti-\u00c4itsch, sondern so, als w\u00e4re das h gar nicht da. Ihr neues Album <em>Sundet<\/em> hatte ich nur dabei, weil es auf dem Weg in den Urlaub aus meinem Briefkasten fiel und ich keine Lust mehr hatte, noch einmal in die Wohnung zu gehen. <em>Sundet<\/em> ist norwegisch und hei\u00dft \u201eDer Sund\u201c, passt ja irgendwie nach Schleswig-Holstein.<\/p>\n<p>Sie hat eigentlich gar nicht so eine Stimme, von der man einander raunend erz\u00e4hlt. Sie klingt nicht nach Ina Deter oder Tina Turner, weder nach Nina Simone noch nach Nina Hagen. Sie ist nicht rauchig, br\u00fcchig, d\u00fcster, schafft aber auch keine f\u00fcnf Oktaven. Sie ist keine sagenhafte Rockr\u00f6hre oder Vokalakrobatin und auch kein sch\u00fcchtern-m\u00fcdes Indiepop-Stimmchen. Sie liegt so zwischen allem. Was ist also das Besondere an Julia Guther? Keine Ahnung.<\/p>\n<p><em>Who Was First<\/em> war das St\u00fcck, mit dem sie mich erwischte, der Daumen, der mich zum Anhalten zwang. <em>\u201eFaintly recalling myself, the strength of your voice, how could I convince you, you don&#8217;t have to fall silent\u201c<\/em>, sie singt diese ersten Zeilen zu einer sanft gezupften akustischen Gitarre, gehaucht, aber nicht albern. Eine warme Orgel kommt hinzu, ein Schlagzeug und andere Instrumente. Hinterher erinnert man sich nur an die gesungene Melodie der ersten Zeilen und des Refrains. So ging es mir bei fast jedem St\u00fcck. Die Melodien, die h\u00e4ngen bleiben, sind die von ihr gesungenen. Ich singe sie mit und vor mich hin, frage mich zum Gl\u00fcck nur selten, was das alles bedeuten soll.<\/p>\n<p>Sie singt ihre Zeilen, als sei ihr die Musik v\u00f6llig egal. Hat ihr eigenes Tempo, manchmal h\u00e4ngen die Zeilen hinten scheinbar \u00fcber, sie verz\u00f6gert und beschleunigt, wie es ihr gef\u00e4llt. Singt in <em>Trick Or Treat<\/em> mit sich selbst, k\u00fcmmert sich hier und da einfach gar nicht um die Melodie. In <em>A Brief Encounter<\/em> pausiert die Musik zwischendurch, um der Stimme Raum zu geben. Meistens folgen ihr die Instrumente, manchmal auch nicht.<\/p>\n<p>Das erste Album von Guther, vor ein, zwei Jahren, war mir nicht aufgefallen. Das waren sch\u00f6ne Popliedchen, klasse Melodien, das schon. Aber nichts wirklich Herausragendes, zu glatt insgesamt. Und jetzt das. Da sind Ecken und Kanten, ein auch mal grummelnder Bass, das Vibrato einer Steel-Gitarre, diverse kleine Blasinstrumente, ein oft jazziges Schlagzeug. Vielleicht macht die Gelassenheit den Unterschied, vielleicht sind die St\u00fccke einfach nur zur\u00fcckhaltender arrangiert oder produziert.<\/p>\n<p>Indiepop dieser Sorte gibt es mittlerweile wie Sand am Meer. Hier aber macht die Stimme einen Unterschied. <em>Sundet<\/em> k\u00f6nnte f\u00fcr noch einen Sommer gut sein.<\/p>\n<p><em>\u201eSundet\u201c von <a target=\"_blank\" href=\"http:\/\/www.guthermusic.de\/\">Guther<\/a> ist als LP und CD erschienen bei <a target=\"_blank\" href=\"http:\/\/www.morrmusic.com\/\">Morr Music<\/a><\/em><\/p>\n<p><em>H\u00f6ren Sie hier <img decoding=\"async\" border=\"0\" src=\"http:\/\/zeus.zeit.de\/bilder\/elemente\/tonicon_sw1_16x16.gif\" \/> <a class=\"textlink\" href=\"javascript:openme('http:\/\/apollo.zeit.de\/redirects\/cc.php?to=http:\/\/medien.zeit.de\/medialinks\/guther-first.mov',400,200,'middle','guther-first');\">\u201eWho Was First\u201c<\/a> und <a class=\"textlink\" href=\"javascript:openme('http:\/\/apollo.zeit.de\/redirects\/cc.php?to=http:\/\/medien.zeit.de\/medialinks\/guther-statements.mov',400,200,'middle','guther-statements');\">\u201eStatement\u201c<\/a><br \/>\n<\/em><\/p>\n<p>&#8230;<\/p>\n<p><strong>Weitere Beitr\u00e4ge aus der Kategorie POP<\/strong><br \/>\n<a href=\"https:\/\/blog.zeit.de\/tontraeger\/2006\/09\/27\/amerika-ist-ein-vorort-von-paris_183\">Dillinger Girl &#038; &#8222;Baby Face&#8220; Nelson: \u201eBang!\u201c<\/a> (Emarcy\/Universal 2006)<br \/>\n<a href=\"https:\/\/blog.zeit.de\/tontraeger\/2006\/09\/25\/schreib-auf-meinen-po_182\">Trost: \u201eTrust Me\u201c<\/a> (Four Music 2006)<br \/>\n<a href=\"https:\/\/blog.zeit.de\/tontraeger\/2006\/09\/15\/schuhkauf-hilft-immer_166\">Soffy O.: \u201eThe Beauty Of It\u201c<\/a> (Virgin\/EMI 2006)<br \/>\n<a href=\"https:\/\/blog.zeit.de\/tontraeger\/2006\/09\/06\/der-duft-von-umkleidekabinen_165\">I&#8217;m From Barcelona: \u201eLet Me Introduce My Friends\u201c<\/a> (Labels 2006)<br \/>\n<a href=\"https:\/\/blog.zeit.de\/tontraeger\/2006\/09\/06\/ist-das-nicht-der-typ-von_158\">The Whitest Boy Alive: \u201eDreams\u201c<\/a> (Bubbles 2006)<\/p>\n<p>Alle Musikangebote von ZEIT online finden Sie unter <a target=\"_blank\" href=\"http:\/\/www.zeit.de\/musik\">www.zeit.de\/musik<\/a><\/div>\n","protected":false},"excerpt":{"rendered":"<p>Kurz hinter Hamburg stieg Julia Guther zu, ich habe ihr den ganzen Urlaub \u00fcber zugeh\u00f6rt. Ihre Stimme hallt noch jetzt durch meinen Kopf, immer wieder summe ich mit ihr Drei Wochen fuhr ich in diesem Sommer kreuz und quer durch Schleswig-Holstein und die Ostsee rauf und runter. Wo es mir gefiel, blieb ich mit meinem [&hellip;]<\/p>\n","protected":false},"author":100,"featured_media":0,"comment_status":"open","ping_status":"open","sticky":false,"template":"","format":"standard","meta":{"_jetpack_memberships_contains_paid_content":false,"footnotes":""},"categories":[869],"tags":[],"class_list":["post-155","post","type-post","status-publish","format-standard","hentry","category-pop"],"yoast_head":"<!-- This site is optimized with the Yoast SEO plugin v21.0 - https:\/\/yoast.com\/wordpress\/plugins\/seo\/ -->\n<title>Keine Tina, keine Nina - Musikblog<\/title>\n<meta name=\"robots\" content=\"index, follow, max-snippet:-1, max-image-preview:large, max-video-preview:-1\" \/>\n<link rel=\"canonical\" href=\"https:\/\/blog.zeit.de\/tontraeger\/2006\/10\/02\/keine-tina-keine-nina_155\" \/>\n<meta property=\"og:locale\" content=\"de_DE\" \/>\n<meta property=\"og:type\" content=\"article\" \/>\n<meta property=\"og:title\" content=\"Keine Tina, keine Nina - Musikblog\" \/>\n<meta property=\"og:description\" content=\"Kurz hinter Hamburg stieg Julia Guther zu, ich habe ihr den ganzen Urlaub \u00fcber zugeh\u00f6rt. Ihre Stimme hallt noch jetzt durch meinen Kopf, immer wieder summe ich mit ihr Drei Wochen fuhr ich in diesem Sommer kreuz und quer durch Schleswig-Holstein und die Ostsee rauf und runter. Wo es mir gefiel, blieb ich mit meinem [&hellip;]\" \/>\n<meta property=\"og:url\" content=\"https:\/\/blog.zeit.de\/tontraeger\/2006\/10\/02\/keine-tina-keine-nina_155\" \/>\n<meta property=\"og:site_name\" content=\"Tontr\u00e4ger\" \/>\n<meta property=\"article:published_time\" content=\"2006-10-01T22:18:29+00:00\" \/>\n<meta property=\"og:image\" content=\"https:\/\/blog.zeit.de\/tontraeger\/files\/2006\/09\/guther-sundet210.jpg\" \/>\n<meta name=\"author\" content=\"Jan K\u00fchnemund\" \/>\n<meta name=\"twitter:card\" content=\"summary_large_image\" \/>\n<meta name=\"twitter:creator\" content=\"@zeitonline\" \/>\n<meta name=\"twitter:site\" content=\"@zeitonline\" \/>\n<meta name=\"twitter:label1\" content=\"Geschrieben von\" \/>\n\t<meta name=\"twitter:data1\" content=\"Jan K\u00fchnemund\" \/>\n\t<meta name=\"twitter:label2\" content=\"Gesch\u00e4tzte Lesezeit\" \/>\n\t<meta name=\"twitter:data2\" content=\"3\u00a0Minuten\" \/>\n<script type=\"application\/ld+json\" class=\"yoast-schema-graph\">{\"@context\":\"https:\/\/schema.org\",\"@graph\":[{\"@type\":\"WebPage\",\"@id\":\"https:\/\/blog.zeit.de\/tontraeger\/2006\/10\/02\/keine-tina-keine-nina_155\",\"url\":\"https:\/\/blog.zeit.de\/tontraeger\/2006\/10\/02\/keine-tina-keine-nina_155\",\"name\":\"Keine Tina, keine Nina - Musikblog\",\"isPartOf\":{\"@id\":\"https:\/\/blog.zeit.de\/tontraeger\/#website\"},\"datePublished\":\"2006-10-01T22:18:29+00:00\",\"dateModified\":\"2006-10-01T22:18:29+00:00\",\"author\":{\"@id\":\"https:\/\/blog.zeit.de\/tontraeger\/#\/schema\/person\/5a21745a0f4e7a7e293d59846b4d4782\"},\"breadcrumb\":{\"@id\":\"https:\/\/blog.zeit.de\/tontraeger\/2006\/10\/02\/keine-tina-keine-nina_155#breadcrumb\"},\"inLanguage\":\"de\",\"potentialAction\":[{\"@type\":\"ReadAction\",\"target\":[\"https:\/\/blog.zeit.de\/tontraeger\/2006\/10\/02\/keine-tina-keine-nina_155\"]}]},{\"@type\":\"BreadcrumbList\",\"@id\":\"https:\/\/blog.zeit.de\/tontraeger\/2006\/10\/02\/keine-tina-keine-nina_155#breadcrumb\",\"itemListElement\":[{\"@type\":\"ListItem\",\"position\":1,\"name\":\"Startseite\",\"item\":\"https:\/\/blog.zeit.de\/tontraeger\"},{\"@type\":\"ListItem\",\"position\":2,\"name\":\"Keine Tina, keine Nina\"}]},{\"@type\":\"WebSite\",\"@id\":\"https:\/\/blog.zeit.de\/tontraeger\/#website\",\"url\":\"https:\/\/blog.zeit.de\/tontraeger\/\",\"name\":\"Tontr\u00e4ger\",\"description\":\"Zwischen Disko und Diskurs\",\"potentialAction\":[{\"@type\":\"SearchAction\",\"target\":{\"@type\":\"EntryPoint\",\"urlTemplate\":\"https:\/\/blog.zeit.de\/tontraeger\/?s={search_term_string}\"},\"query-input\":\"required name=search_term_string\"}],\"inLanguage\":\"de\"},{\"@type\":\"Person\",\"@id\":\"https:\/\/blog.zeit.de\/tontraeger\/#\/schema\/person\/5a21745a0f4e7a7e293d59846b4d4782\",\"name\":\"Jan K\u00fchnemund\",\"image\":{\"@type\":\"ImageObject\",\"inLanguage\":\"de\",\"@id\":\"https:\/\/blog.zeit.de\/tontraeger\/#\/schema\/person\/image\/\",\"url\":\"https:\/\/secure.gravatar.com\/avatar\/e6e144657de78a5c2f0676b1b02dc1a07859c2f74ce0a07f90f1f478920ae260?s=96&d=mm&r=g\",\"contentUrl\":\"https:\/\/secure.gravatar.com\/avatar\/e6e144657de78a5c2f0676b1b02dc1a07859c2f74ce0a07f90f1f478920ae260?s=96&d=mm&r=g\",\"caption\":\"Jan K\u00fchnemund\"},\"url\":\"https:\/\/blog.zeit.de\/tontraeger\/author\/jan-kuehnemund\"}]}<\/script>\n<!-- \/ Yoast SEO plugin. -->","yoast_head_json":{"title":"Keine Tina, keine Nina - Musikblog","robots":{"index":"index","follow":"follow","max-snippet":"max-snippet:-1","max-image-preview":"max-image-preview:large","max-video-preview":"max-video-preview:-1"},"canonical":"https:\/\/blog.zeit.de\/tontraeger\/2006\/10\/02\/keine-tina-keine-nina_155","og_locale":"de_DE","og_type":"article","og_title":"Keine Tina, keine Nina - Musikblog","og_description":"Kurz hinter Hamburg stieg Julia Guther zu, ich habe ihr den ganzen Urlaub \u00fcber zugeh\u00f6rt. Ihre Stimme hallt noch jetzt durch meinen Kopf, immer wieder summe ich mit ihr Drei Wochen fuhr ich in diesem Sommer kreuz und quer durch Schleswig-Holstein und die Ostsee rauf und runter. Wo es mir gefiel, blieb ich mit meinem [&hellip;]","og_url":"https:\/\/blog.zeit.de\/tontraeger\/2006\/10\/02\/keine-tina-keine-nina_155","og_site_name":"Tontr\u00e4ger","article_published_time":"2006-10-01T22:18:29+00:00","og_image":[{"url":"https:\/\/blog.zeit.de\/tontraeger\/files\/2006\/09\/guther-sundet210.jpg"}],"author":"Jan K\u00fchnemund","twitter_card":"summary_large_image","twitter_creator":"@zeitonline","twitter_site":"@zeitonline","twitter_misc":{"Geschrieben von":"Jan K\u00fchnemund","Gesch\u00e4tzte Lesezeit":"3\u00a0Minuten"},"schema":{"@context":"https:\/\/schema.org","@graph":[{"@type":"WebPage","@id":"https:\/\/blog.zeit.de\/tontraeger\/2006\/10\/02\/keine-tina-keine-nina_155","url":"https:\/\/blog.zeit.de\/tontraeger\/2006\/10\/02\/keine-tina-keine-nina_155","name":"Keine Tina, keine Nina - Musikblog","isPartOf":{"@id":"https:\/\/blog.zeit.de\/tontraeger\/#website"},"datePublished":"2006-10-01T22:18:29+00:00","dateModified":"2006-10-01T22:18:29+00:00","author":{"@id":"https:\/\/blog.zeit.de\/tontraeger\/#\/schema\/person\/5a21745a0f4e7a7e293d59846b4d4782"},"breadcrumb":{"@id":"https:\/\/blog.zeit.de\/tontraeger\/2006\/10\/02\/keine-tina-keine-nina_155#breadcrumb"},"inLanguage":"de","potentialAction":[{"@type":"ReadAction","target":["https:\/\/blog.zeit.de\/tontraeger\/2006\/10\/02\/keine-tina-keine-nina_155"]}]},{"@type":"BreadcrumbList","@id":"https:\/\/blog.zeit.de\/tontraeger\/2006\/10\/02\/keine-tina-keine-nina_155#breadcrumb","itemListElement":[{"@type":"ListItem","position":1,"name":"Startseite","item":"https:\/\/blog.zeit.de\/tontraeger"},{"@type":"ListItem","position":2,"name":"Keine Tina, keine Nina"}]},{"@type":"WebSite","@id":"https:\/\/blog.zeit.de\/tontraeger\/#website","url":"https:\/\/blog.zeit.de\/tontraeger\/","name":"Tontr\u00e4ger","description":"Zwischen Disko und Diskurs","potentialAction":[{"@type":"SearchAction","target":{"@type":"EntryPoint","urlTemplate":"https:\/\/blog.zeit.de\/tontraeger\/?s={search_term_string}"},"query-input":"required name=search_term_string"}],"inLanguage":"de"},{"@type":"Person","@id":"https:\/\/blog.zeit.de\/tontraeger\/#\/schema\/person\/5a21745a0f4e7a7e293d59846b4d4782","name":"Jan K\u00fchnemund","image":{"@type":"ImageObject","inLanguage":"de","@id":"https:\/\/blog.zeit.de\/tontraeger\/#\/schema\/person\/image\/","url":"https:\/\/secure.gravatar.com\/avatar\/e6e144657de78a5c2f0676b1b02dc1a07859c2f74ce0a07f90f1f478920ae260?s=96&d=mm&r=g","contentUrl":"https:\/\/secure.gravatar.com\/avatar\/e6e144657de78a5c2f0676b1b02dc1a07859c2f74ce0a07f90f1f478920ae260?s=96&d=mm&r=g","caption":"Jan K\u00fchnemund"},"url":"https:\/\/blog.zeit.de\/tontraeger\/author\/jan-kuehnemund"}]}},"jetpack_featured_media_url":"","jetpack_sharing_enabled":true,"_links":{"self":[{"href":"https:\/\/blog.zeit.de\/tontraeger\/wp-json\/wp\/v2\/posts\/155","targetHints":{"allow":["GET"]}}],"collection":[{"href":"https:\/\/blog.zeit.de\/tontraeger\/wp-json\/wp\/v2\/posts"}],"about":[{"href":"https:\/\/blog.zeit.de\/tontraeger\/wp-json\/wp\/v2\/types\/post"}],"author":[{"embeddable":true,"href":"https:\/\/blog.zeit.de\/tontraeger\/wp-json\/wp\/v2\/users\/100"}],"replies":[{"embeddable":true,"href":"https:\/\/blog.zeit.de\/tontraeger\/wp-json\/wp\/v2\/comments?post=155"}],"version-history":[{"count":0,"href":"https:\/\/blog.zeit.de\/tontraeger\/wp-json\/wp\/v2\/posts\/155\/revisions"}],"wp:attachment":[{"href":"https:\/\/blog.zeit.de\/tontraeger\/wp-json\/wp\/v2\/media?parent=155"}],"wp:term":[{"taxonomy":"category","embeddable":true,"href":"https:\/\/blog.zeit.de\/tontraeger\/wp-json\/wp\/v2\/categories?post=155"},{"taxonomy":"post_tag","embeddable":true,"href":"https:\/\/blog.zeit.de\/tontraeger\/wp-json\/wp\/v2\/tags?post=155"}],"curies":[{"name":"wp","href":"https:\/\/api.w.org\/{rel}","templated":true}]}}