{"id":15545,"date":"2013-04-10T09:07:29","date_gmt":"2013-04-10T07:07:29","guid":{"rendered":"http:\/\/blog.zeit.de\/tontraeger\/?p=15545"},"modified":"2013-04-10T12:10:17","modified_gmt":"2013-04-10T10:10:17","slug":"kvelertak-meir","status":"publish","type":"post","link":"https:\/\/blog.zeit.de\/tontraeger\/2013\/04\/10\/kvelertak-meir_15545","title":{"rendered":"Jukebox im Fegefeuer"},"content":{"rendered":"<p><strong>Obacht, wenn der Tyrann mit der Snilepisk knallt! Die norwegische Truppe Kvelertak l\u00e4sst den Black Metal auflodern, wie es lange nicht mehr zu erleben war. <\/strong><\/p>\n<p><figure id=\"attachment_15548\" aria-describedby=\"caption-attachment-15548\" style=\"width: 580px\" class=\"wp-caption alignleft\"><img loading=\"lazy\" decoding=\"async\" src=\"https:\/\/blog.zeit.de\/tontraeger\/files\/2013\/04\/kvelertak-2-540x304.jpg\" alt=\"\u00a9 Stian Andersen\" width=\"580\" height=\"326\" class=\"size-full wp-image-15548\" srcset=\"https:\/\/blog.zeit.de\/tontraeger\/files\/2013\/04\/kvelertak-2-540x304.jpg 580w, https:\/\/blog.zeit.de\/tontraeger\/files\/2013\/04\/kvelertak-2-540x304-300x168.jpg 300w\" sizes=\"auto, (max-width: 580px) 100vw, 580px\" \/><figcaption id=\"caption-attachment-15548\" class=\"wp-caption-text\">\u00a9 Stian Andersen<\/figcaption><\/figure><\/p>\n<p>Das Cover hat in der Redaktion einige Verwirrung ausgel\u00f6st. Die kunstbeflissenen Kollegen waren sich uneins, ob die nackte Frau inmitten von Tauben und Narzissen <!--more--> eher an die floralen Krisen von Alfred Mucha erinnert oder doch an pr\u00e4raffaelitische Gestalten. Was vorab schon ziemlich viele Worte sind f\u00fcr eine Platte, auf der \u00c4\u00e4\u00e4rgh oder Eeeee\u00e4rrrk oft ausreichen, um alles zu sagen.<\/p>\n<p>Aus Gr\u00fcnden der Fairness sei erw\u00e4hnt, dass die Band Kvelertak wom\u00f6glich gar nicht \u00c4\u00e4\u00e4rgh meint, sondern etwas ganz anderes. Aber a) muss man ja nicht jede musikalische \u00c4u\u00dferung mit Tiefsinn unterkellern und b) singt die Band auf Norwegisch. Oder faucht und gurgelt mit rostigen Vokalen, je nachdem. Und c) ist es im Heavy Metal oft sowieso besser, man versteht so wenig wie m\u00f6glich vom Gesungenen. Es gen\u00fcgt ja, wenn der S\u00e4nger den Eindruck erweckt, als sollte man ihn im Park besser anleinen.<\/p>\n<div class=\"zol_video aud_narrow aud907175994413\"><\/div>\n<p>Immerhin war die Gruppe so freundlich, dem H\u00f6rer zumindest im Groben entgegenzukommen: Jedem der elf Songs ihres Albums <em>Meir<\/em> hat die Band einige knappe Erkl\u00e4rzeilen vorangestellt. <em>Snilepisk<\/em> zum Beispiel meint die Peitsche des dunklen Tyrannen, geschaffen aus Fleisch und Haaren, da fragen wir besser nicht weiter nach. <\/p>\n<p>Bei <em>Trepan<\/em> haben wir es mit einer chirurgischen, exorzistisch gedachten Sch\u00e4delbohrung zu tun. In diesem Lied empf\u00e4ngt einen auch sogleich ein atemberaubendes Schmirgelgebrumm, Gitarre, Bass und Schlagzeug in Tateinheit. So gut, so perfekt durchgearbeitet war das lange nicht mehr zu h\u00f6ren. <\/p>\n<p>Kvelertak kommen aus Stavanger. Ihr Name bedeutet \u00fcbrigens W\u00fcrgegriff, was durchaus leitmotivisch f\u00fcr ihre Musik zu verstehen ist. Das vorliegende Album ist ihr zweites. Bereits das erste entz\u00fcckte selbst konservative Veteranen mit seiner ausget\u00fcftelten Raserei: die flirrenden Terzgitarren der alten <a href=\"https:\/\/blog.zeit.de\/tontraeger\/2010\/08\/16\/iron-maiden-final-frontier_6128\" target=\"_blank\">Iron Maiden<\/a>, die Gnadenlosigkeit des Black Metal und sehr viel bierbetriebener Lederundnietenrock. <\/p>\n<p>Als die Band j\u00fcngst Deutschland bereiste, mussten die Konzerte in gr\u00f6\u00dfere Hallen verlegt werden. Selbst der norwegische Konzern Statoil, Spezialist f\u00fcr schweres Bohrger\u00e4t, war vom K\u00f6nnen der Band so begeistert, dass er Kvelertak mit knapp 100.000 Euro unterst\u00fctzte. <\/p>\n<p>Und es ist erstaunlich, wie m\u00fchelos die Gruppe zwischen den Subgenres wechselt, ohne dabei selbstgef\u00e4llig im Alten zu schwelgen oder ihre Referenzen karnevalesk zu umspielen. Da wandeln sich komplex aufgeschichtete, brutal verzerrte Gitarrenl\u00e4ufe pl\u00f6tzlich zu Punk. Dunkles, alle Sinne vernebelndes Bollern l\u00f6st sich in schnauzb\u00e4rtigem Rock&#8217;n&#8217;Roll auf und man wei\u00df nicht mehr, wie die Band dahin gekommen ist. Bis wenige Takte sp\u00e4ter hinter loderndem Gefauche und Ges\u00e4ge das verschwindet, was einst mal Melodie genannt wurde. Auch wenn das zu Beginn bisweilen gew\u00f6hnungsbed\u00fcrftig ist: Man muss diese Register erst einmal so beherrschen wie diese f\u00fcnf Musiker.<\/p>\n<p>Die infernalische Energie und die Intensit\u00e4t, mit der hier Welten abgefackelt werden, entfachen einfach eine gro\u00dfe Freude. Kein intellektueller, kein durch Post-Theorie und Popsuhaeli herbeigeredeter Genuss, sondern ein wildes Vergn\u00fcgen. <em>Meir<\/em> h\u00f6rt sich in seinen besten Momenten an, als habe man eine Jukebox im Fegefeuer aufgestellt und daneben h\u00e4tten sich <a href=\"http:\/\/www.zeit.de\/kultur\/musik\/2010-12\/lemmy-motorhead-abc\" target=\"_blank\">Mot\u00f6rhead<\/a> mit Talent und Benzin \u00fcbergossen und auf den Grill gelegt. Fern knallt die Knute des dunklen Tyrannen \u00fcbers Land. Der weiteren Fantasie sind da keine Grenzen undsoweiter.<br \/>\n<em><br \/>\n&#8222;Meir&#8220; von Kvelertak ist erschienen bei Roadrunner Records\/Warner.<\/em><\/p>\n","protected":false},"excerpt":{"rendered":"<p>Obacht, wenn der Tyrann mit der Snilepisk knallt! Die norwegische Truppe Kvelertak l\u00e4sst den Black Metal auflodern, wie es lange nicht mehr zu erleben war. Das Cover hat in der Redaktion einige Verwirrung ausgel\u00f6st. Die kunstbeflissenen Kollegen waren sich uneins, ob die nackte Frau inmitten von Tauben und Narzissen<\/p>\n","protected":false},"author":97,"featured_media":0,"comment_status":"open","ping_status":"closed","sticky":false,"template":"","format":"standard","meta":{"_jetpack_memberships_contains_paid_content":false,"footnotes":""},"categories":[868,872],"tags":[],"class_list":["post-15545","post","type-post","status-publish","format-standard","hentry","category-metal","category-rock"],"yoast_head":"<!-- This site is optimized with the Yoast SEO plugin v21.0 - https:\/\/yoast.com\/wordpress\/plugins\/seo\/ -->\n<title>Jukebox im Fegefeuer - Musikblog<\/title>\n<meta name=\"robots\" content=\"index, follow, max-snippet:-1, max-image-preview:large, max-video-preview:-1\" \/>\n<link rel=\"canonical\" href=\"https:\/\/blog.zeit.de\/tontraeger\/2013\/04\/10\/kvelertak-meir_15545\" \/>\n<meta property=\"og:locale\" content=\"de_DE\" \/>\n<meta property=\"og:type\" content=\"article\" \/>\n<meta property=\"og:title\" content=\"Jukebox im Fegefeuer - Musikblog\" \/>\n<meta property=\"og:description\" content=\"Obacht, wenn der Tyrann mit der Snilepisk knallt! Die norwegische Truppe Kvelertak l\u00e4sst den Black Metal auflodern, wie es lange nicht mehr zu erleben war. Das Cover hat in der Redaktion einige Verwirrung ausgel\u00f6st. Die kunstbeflissenen Kollegen waren sich uneins, ob die nackte Frau inmitten von Tauben und Narzissen\" \/>\n<meta property=\"og:url\" content=\"https:\/\/blog.zeit.de\/tontraeger\/2013\/04\/10\/kvelertak-meir_15545\" \/>\n<meta property=\"og:site_name\" content=\"Tontr\u00e4ger\" \/>\n<meta property=\"article:published_time\" content=\"2013-04-10T07:07:29+00:00\" \/>\n<meta property=\"article:modified_time\" content=\"2013-04-10T10:10:17+00:00\" \/>\n<meta property=\"og:image\" content=\"https:\/\/blog.zeit.de\/tontraeger\/files\/2013\/04\/kvelertak-2-540x304.jpg\" \/>\n<meta name=\"author\" content=\"David Hugendick\" \/>\n<meta name=\"twitter:card\" content=\"summary_large_image\" \/>\n<meta name=\"twitter:creator\" content=\"@zeitonline\" \/>\n<meta name=\"twitter:site\" content=\"@zeitonline\" \/>\n<meta name=\"twitter:label1\" content=\"Geschrieben von\" \/>\n\t<meta name=\"twitter:data1\" content=\"David Hugendick\" \/>\n\t<meta name=\"twitter:label2\" content=\"Gesch\u00e4tzte Lesezeit\" \/>\n\t<meta name=\"twitter:data2\" content=\"3\u00a0Minuten\" \/>\n<script type=\"application\/ld+json\" class=\"yoast-schema-graph\">{\"@context\":\"https:\/\/schema.org\",\"@graph\":[{\"@type\":\"WebPage\",\"@id\":\"https:\/\/blog.zeit.de\/tontraeger\/2013\/04\/10\/kvelertak-meir_15545\",\"url\":\"https:\/\/blog.zeit.de\/tontraeger\/2013\/04\/10\/kvelertak-meir_15545\",\"name\":\"Jukebox im Fegefeuer - Musikblog\",\"isPartOf\":{\"@id\":\"https:\/\/blog.zeit.de\/tontraeger\/#website\"},\"datePublished\":\"2013-04-10T07:07:29+00:00\",\"dateModified\":\"2013-04-10T10:10:17+00:00\",\"author\":{\"@id\":\"https:\/\/blog.zeit.de\/tontraeger\/#\/schema\/person\/28241e3d80db2ae9e78200ba8b488a40\"},\"breadcrumb\":{\"@id\":\"https:\/\/blog.zeit.de\/tontraeger\/2013\/04\/10\/kvelertak-meir_15545#breadcrumb\"},\"inLanguage\":\"de\",\"potentialAction\":[{\"@type\":\"ReadAction\",\"target\":[\"https:\/\/blog.zeit.de\/tontraeger\/2013\/04\/10\/kvelertak-meir_15545\"]}]},{\"@type\":\"BreadcrumbList\",\"@id\":\"https:\/\/blog.zeit.de\/tontraeger\/2013\/04\/10\/kvelertak-meir_15545#breadcrumb\",\"itemListElement\":[{\"@type\":\"ListItem\",\"position\":1,\"name\":\"Startseite\",\"item\":\"https:\/\/blog.zeit.de\/tontraeger\"},{\"@type\":\"ListItem\",\"position\":2,\"name\":\"Jukebox im Fegefeuer\"}]},{\"@type\":\"WebSite\",\"@id\":\"https:\/\/blog.zeit.de\/tontraeger\/#website\",\"url\":\"https:\/\/blog.zeit.de\/tontraeger\/\",\"name\":\"Tontr\u00e4ger\",\"description\":\"Zwischen Disko und Diskurs\",\"potentialAction\":[{\"@type\":\"SearchAction\",\"target\":{\"@type\":\"EntryPoint\",\"urlTemplate\":\"https:\/\/blog.zeit.de\/tontraeger\/?s={search_term_string}\"},\"query-input\":\"required name=search_term_string\"}],\"inLanguage\":\"de\"},{\"@type\":\"Person\",\"@id\":\"https:\/\/blog.zeit.de\/tontraeger\/#\/schema\/person\/28241e3d80db2ae9e78200ba8b488a40\",\"name\":\"David Hugendick\",\"image\":{\"@type\":\"ImageObject\",\"inLanguage\":\"de\",\"@id\":\"https:\/\/blog.zeit.de\/tontraeger\/#\/schema\/person\/image\/\",\"url\":\"https:\/\/secure.gravatar.com\/avatar\/3b86b7850ff9d45e21bc8ed011d3ec7b830dfcc982b17dbc03b10074452d44cc?s=96&d=mm&r=g\",\"contentUrl\":\"https:\/\/secure.gravatar.com\/avatar\/3b86b7850ff9d45e21bc8ed011d3ec7b830dfcc982b17dbc03b10074452d44cc?s=96&d=mm&r=g\",\"caption\":\"David Hugendick\"},\"description\":\"ist Redakteur bei ZEIT ONLINE.\",\"url\":\"https:\/\/blog.zeit.de\/tontraeger\/author\/david-hugendick\"}]}<\/script>\n<!-- \/ Yoast SEO plugin. -->","yoast_head_json":{"title":"Jukebox im Fegefeuer - Musikblog","robots":{"index":"index","follow":"follow","max-snippet":"max-snippet:-1","max-image-preview":"max-image-preview:large","max-video-preview":"max-video-preview:-1"},"canonical":"https:\/\/blog.zeit.de\/tontraeger\/2013\/04\/10\/kvelertak-meir_15545","og_locale":"de_DE","og_type":"article","og_title":"Jukebox im Fegefeuer - Musikblog","og_description":"Obacht, wenn der Tyrann mit der Snilepisk knallt! Die norwegische Truppe Kvelertak l\u00e4sst den Black Metal auflodern, wie es lange nicht mehr zu erleben war. Das Cover hat in der Redaktion einige Verwirrung ausgel\u00f6st. Die kunstbeflissenen Kollegen waren sich uneins, ob die nackte Frau inmitten von Tauben und Narzissen","og_url":"https:\/\/blog.zeit.de\/tontraeger\/2013\/04\/10\/kvelertak-meir_15545","og_site_name":"Tontr\u00e4ger","article_published_time":"2013-04-10T07:07:29+00:00","article_modified_time":"2013-04-10T10:10:17+00:00","og_image":[{"url":"https:\/\/blog.zeit.de\/tontraeger\/files\/2013\/04\/kvelertak-2-540x304.jpg"}],"author":"David Hugendick","twitter_card":"summary_large_image","twitter_creator":"@zeitonline","twitter_site":"@zeitonline","twitter_misc":{"Geschrieben von":"David Hugendick","Gesch\u00e4tzte Lesezeit":"3\u00a0Minuten"},"schema":{"@context":"https:\/\/schema.org","@graph":[{"@type":"WebPage","@id":"https:\/\/blog.zeit.de\/tontraeger\/2013\/04\/10\/kvelertak-meir_15545","url":"https:\/\/blog.zeit.de\/tontraeger\/2013\/04\/10\/kvelertak-meir_15545","name":"Jukebox im Fegefeuer - Musikblog","isPartOf":{"@id":"https:\/\/blog.zeit.de\/tontraeger\/#website"},"datePublished":"2013-04-10T07:07:29+00:00","dateModified":"2013-04-10T10:10:17+00:00","author":{"@id":"https:\/\/blog.zeit.de\/tontraeger\/#\/schema\/person\/28241e3d80db2ae9e78200ba8b488a40"},"breadcrumb":{"@id":"https:\/\/blog.zeit.de\/tontraeger\/2013\/04\/10\/kvelertak-meir_15545#breadcrumb"},"inLanguage":"de","potentialAction":[{"@type":"ReadAction","target":["https:\/\/blog.zeit.de\/tontraeger\/2013\/04\/10\/kvelertak-meir_15545"]}]},{"@type":"BreadcrumbList","@id":"https:\/\/blog.zeit.de\/tontraeger\/2013\/04\/10\/kvelertak-meir_15545#breadcrumb","itemListElement":[{"@type":"ListItem","position":1,"name":"Startseite","item":"https:\/\/blog.zeit.de\/tontraeger"},{"@type":"ListItem","position":2,"name":"Jukebox im Fegefeuer"}]},{"@type":"WebSite","@id":"https:\/\/blog.zeit.de\/tontraeger\/#website","url":"https:\/\/blog.zeit.de\/tontraeger\/","name":"Tontr\u00e4ger","description":"Zwischen Disko und Diskurs","potentialAction":[{"@type":"SearchAction","target":{"@type":"EntryPoint","urlTemplate":"https:\/\/blog.zeit.de\/tontraeger\/?s={search_term_string}"},"query-input":"required name=search_term_string"}],"inLanguage":"de"},{"@type":"Person","@id":"https:\/\/blog.zeit.de\/tontraeger\/#\/schema\/person\/28241e3d80db2ae9e78200ba8b488a40","name":"David Hugendick","image":{"@type":"ImageObject","inLanguage":"de","@id":"https:\/\/blog.zeit.de\/tontraeger\/#\/schema\/person\/image\/","url":"https:\/\/secure.gravatar.com\/avatar\/3b86b7850ff9d45e21bc8ed011d3ec7b830dfcc982b17dbc03b10074452d44cc?s=96&d=mm&r=g","contentUrl":"https:\/\/secure.gravatar.com\/avatar\/3b86b7850ff9d45e21bc8ed011d3ec7b830dfcc982b17dbc03b10074452d44cc?s=96&d=mm&r=g","caption":"David Hugendick"},"description":"ist Redakteur bei ZEIT ONLINE.","url":"https:\/\/blog.zeit.de\/tontraeger\/author\/david-hugendick"}]}},"jetpack_featured_media_url":"","jetpack_sharing_enabled":true,"_links":{"self":[{"href":"https:\/\/blog.zeit.de\/tontraeger\/wp-json\/wp\/v2\/posts\/15545","targetHints":{"allow":["GET"]}}],"collection":[{"href":"https:\/\/blog.zeit.de\/tontraeger\/wp-json\/wp\/v2\/posts"}],"about":[{"href":"https:\/\/blog.zeit.de\/tontraeger\/wp-json\/wp\/v2\/types\/post"}],"author":[{"embeddable":true,"href":"https:\/\/blog.zeit.de\/tontraeger\/wp-json\/wp\/v2\/users\/97"}],"replies":[{"embeddable":true,"href":"https:\/\/blog.zeit.de\/tontraeger\/wp-json\/wp\/v2\/comments?post=15545"}],"version-history":[{"count":36,"href":"https:\/\/blog.zeit.de\/tontraeger\/wp-json\/wp\/v2\/posts\/15545\/revisions"}],"predecessor-version":[{"id":15588,"href":"https:\/\/blog.zeit.de\/tontraeger\/wp-json\/wp\/v2\/posts\/15545\/revisions\/15588"}],"wp:attachment":[{"href":"https:\/\/blog.zeit.de\/tontraeger\/wp-json\/wp\/v2\/media?parent=15545"}],"wp:term":[{"taxonomy":"category","embeddable":true,"href":"https:\/\/blog.zeit.de\/tontraeger\/wp-json\/wp\/v2\/categories?post=15545"},{"taxonomy":"post_tag","embeddable":true,"href":"https:\/\/blog.zeit.de\/tontraeger\/wp-json\/wp\/v2\/tags?post=15545"}],"curies":[{"name":"wp","href":"https:\/\/api.w.org\/{rel}","templated":true}]}}