{"id":16284,"date":"2013-08-02T08:00:03","date_gmt":"2013-08-02T06:00:03","guid":{"rendered":"http:\/\/blog.zeit.de\/tontraeger\/?p=16284"},"modified":"2013-08-02T08:00:19","modified_gmt":"2013-08-02T06:00:19","slug":"moderat-2","status":"publish","type":"post","link":"https:\/\/blog.zeit.de\/tontraeger\/2013\/08\/02\/moderat-2_16284","title":{"rendered":"Und die Clubt\u00fcr \u00f6ffnet sich"},"content":{"rendered":"<p><strong>Modeselektor und Apparat f\u00fchren sich und das Beste ihrer Stile zusammen: Als Moderat machen sie elektronische Musik f\u00fcr den Raum zwischen Tag und Nacht.<\/strong><\/p>\n<p><figure id=\"attachment_16362\" aria-describedby=\"caption-attachment-16362\" style=\"width: 580px\" class=\"wp-caption alignleft\"><img loading=\"lazy\" decoding=\"async\" class=\"size-full wp-image-16362\" alt=\"\u00a9 Olaf Heine\" src=\"https:\/\/blog.zeit.de\/tontraeger\/files\/2013\/07\/moderat580.jpg\" width=\"580\" height=\"326\" srcset=\"https:\/\/blog.zeit.de\/tontraeger\/files\/2013\/07\/moderat580.jpg 580w, https:\/\/blog.zeit.de\/tontraeger\/files\/2013\/07\/moderat580-300x168.jpg 300w\" sizes=\"auto, (max-width: 580px) 100vw, 580px\" \/><figcaption id=\"caption-attachment-16362\" class=\"wp-caption-text\">\u00a9 Olaf Heine<\/figcaption><\/figure><\/p>\n<p>Vor ein paar Tagen waren Gernot Bronsert und Sebastian Szary noch auf der anderen Seite des Erdballs und brachten beim Fuji Rock, dem gr\u00f6\u00dften Open-Air-Festival in Japan, die Massen zum Schwitzen. In heimischen Gefilden haben sie gerade mit ihrem Kumpel Sascha Ring im tiefsten Sachsen-Anhalt beim Melt!-Festival mehrere Zehntausend in Bewegung versetzt.<!--more--> Ebenfalls zu dritt machten sie sich auf den Weg in die Ukraine und legten auf der Krim beim KaZantip-Festival auf. Demn\u00e4chst geht es nach England, in die Niederlande, nach Polen, New York, Kroatien, Italien und Belgien.<\/p>\n<p>Ja, <a href=\"\/\/blog.zeit.de\/tontraeger\/2011\/09\/28\/apparat-devils-walk_10614\" target=\"_blank\">Ring, alias Apparat<\/a>, und Bronsert und Szary, die sonst als <a href=\"http:\/\/www.zeit.de\/2013\/30\/traum-modeselektor\" target=\"_blank\">Modeselektor<\/a> unterwegs sind, kommen ganz sch\u00f6n rum. In fernen L\u00e4ndern spielen sie nicht nur auf, sondern auch ein wenig den Propheten, der zu Hause nicht ganz dieselbe Wertsch\u00e4tzung erf\u00e4hrt. Im Verbund, unter dem zusammengeschmolzenen Namen Moderat, kann man die drei Berliner also getrost als eine Supergroup der elektronischen Musik bezeichnen. Das zweite Album der All-Star-Kapelle tr\u00e4gt denn auch verdienterma\u00dfen einen ebenso schlichten wie sich der eigenen Gr\u00f6\u00dfe bewussten Titel in r\u00f6mischen Ziffern: <em>II<\/em>.<\/p>\n\n<div class=\"embed-wrapper embed-wrapper--blocked js-embed-consent\" data-method=\"iframe\">\n<script class=\"raw__source\" type=\"text\/template\"><iframe loading=\"lazy\" frameborder=\"0\" height=\"330\" src=\"\/\/www.youtube.com\/embed\/3NPxqXMZq7o\" width=\"580\"><\/iframe><\/script>\n<div class=\"embed-wrapper__inner\">\n<div class=\"embed-wrapper__text\">\n<h3>Empfohlener redaktioneller Inhalt<\/h3>\n<p data-replace=\"no\">An dieser Stelle finden Sie externen Inhalt, der den Artikel erg\u00e4nzt. Sie k\u00f6nnen sich externe Inhalte mit einem Klick anzeigen lassen und wieder ausblenden.<noscript>Bitte aktivieren Sie JavaScript damit Sie diesen Inhalt anzeigen k\u00f6nnen.<\/noscript><\/p>\n<\/div>\n<div class=\"embed-consent\">\n<label class=\"embed-consent__toggle\">\n<input class=\"js-embed-consent__toggle\" type=\"checkbox\" autocomplete=\"off\">\n<span><\/span>\nExterner Inhalt\n<\/label>\n<a href=\"https:\/\/www.zeit.de\/hilfe\/datenschutz\" target=\"_blank\" class=\"embed-consent__datalink-when-active\">Datenschutzerkl\u00e4rung<\/a>\n<\/div>\n<div class=\"embed-wrapper__footer\">\n<p data-replace=\"no\">\nIch bin damit einverstanden, dass mir externe Inhalte angezeigt werden. Damit k\u00f6nnen personenbezogene Daten an Drittplattformen \u00fcbermittelt werden. <a href=\"https:\/\/www.zeit.de\/hilfe\/datenschutz\" target=\"_blank\">Mehr dazu in unserer Datenschutzerkl\u00e4rung.<\/a>\n<\/p>\n<\/div>\n<\/div>\n<\/div>\n<p>Das erste Moderat-Album war vor allem eine \u00dcberraschung, weil es dem Trio gelungen war, Linien zu finden, die ihre so unterschiedlichen musikalischen Ausgangspunkte logisch miteinander verbanden. Mitten zwischen der introspektiven, vertr\u00e4umten Electronica von Apparat und dem vorw\u00e4rts jagenden, elektizistischen Party-Geboller von Modeselektor hatte Moderat einen Sound gefunden, der das Beste aus beiden Welten zusammenf\u00fchrte.<\/p>\n<p>W\u00e4hrend auf dem Deb\u00fct dieser Clash der Electro-Kulturen bisweilen noch holperte, finden die beiden doch so gegens\u00e4tzlichen Entw\u00fcrfe nun auf <em>II<\/em> endg\u00fcltig und erstaunlich m\u00fchelos zueinander. Das bedeutet vor allem, dass sich in den Tracks zwar immer wieder m\u00e4chtige Beats erheben, sich schnell wieder verlieren in traum\u00e4hnlichen Klanglandschaften, aber dann auch zur\u00fcckkehren wie eine sch\u00f6ne Erinnerung. Dass Stimmen erscheinen wie aus dem Nichts und Synthesizer klingen wie eingesponnen. Dass Tracks beginnen k\u00f6nnen als Minimal Techno, sich verwandeln in verschachtelte Electronica, bevor sie pl\u00f6tzlich, vor allem wenn Sascha Ring zu singen beginnt, ihren Soul entdecken und dann doch als Klangskulptur enden.<\/p>\n<p>Es gibt St\u00fccke wie <em>Milk<\/em>, die voller Energie losspringen als Club-Tracks, dann jedoch letztlich der eigenen Courage nicht trauen. Aber auch tr\u00e4ge Popsongs wie <em>Bad Kingdom<\/em>, die, bevor sie in ihrer eigenen Wohligkeit versinken, von seltsamem Tr\u00f6ten gest\u00f6rt werden. Kein Klischee ist verboten, aber keine Konvention ist sicher, vor allem nicht die, dass elektronische Musik zum Tanzen taugen muss. Daf\u00fcr aber haben die Herren von Moderat ihr Album mit Hingabe zum kleinsten Detail konstruiert, als wollten sie f\u00fcr jenen extrem scharfsinnigen Sinneszustand zwischen Tag und Nacht, Wachen und Schlafen eine musikalische Entsprechung finden.<\/p>\n<p>Es ist dieser Zustand, aus dem heraus <em>II<\/em> vornehmlich erz\u00e4hlt wird. Dieses gro\u00dfartige Album gie\u00dft genau jenen Moment in T\u00f6ne, in dem die Party zu Ende geht und der Heimweg beginnt, jenen Augenblick, in dem die T\u00fcr des Klubs sich \u00f6ffnet, der erste Sonnenstrahl hereinf\u00e4llt und das Leben wieder beginnen muss.<\/p>\n<p><em>&#8222;II&#8220; von Moderat ist erschienen bei Monkeytown Records\/Rough Trade.<\/em><\/p>\n","protected":false},"excerpt":{"rendered":"<p>Modeselektor und Apparat f\u00fchren sich und das Beste ihrer Stile zusammen: Als Moderat machen sie elektronische Musik f\u00fcr den Raum zwischen Tag und Nacht. Vor ein paar Tagen waren Gernot Bronsert und Sebastian Szary noch auf der anderen Seite des Erdballs und brachten beim Fuji Rock, dem gr\u00f6\u00dften Open-Air-Festival in Japan, die Massen zum Schwitzen. [&hellip;]<\/p>\n","protected":false},"author":127,"featured_media":0,"comment_status":"open","ping_status":"closed","sticky":false,"template":"","format":"standard","meta":{"_jetpack_memberships_contains_paid_content":false,"footnotes":""},"categories":[860,876],"tags":[],"class_list":["post-16284","post","type-post","status-publish","format-standard","hentry","category-elektronika","category-techno"],"yoast_head":"<!-- This site is optimized with the Yoast SEO plugin v21.0 - https:\/\/yoast.com\/wordpress\/plugins\/seo\/ -->\n<title>Und die Clubt\u00fcr \u00f6ffnet sich - Musikblog<\/title>\n<meta name=\"robots\" content=\"index, follow, max-snippet:-1, max-image-preview:large, max-video-preview:-1\" \/>\n<link rel=\"canonical\" href=\"https:\/\/blog.zeit.de\/tontraeger\/2013\/08\/02\/moderat-2_16284\" \/>\n<meta property=\"og:locale\" content=\"de_DE\" \/>\n<meta property=\"og:type\" content=\"article\" \/>\n<meta property=\"og:title\" content=\"Und die Clubt\u00fcr \u00f6ffnet sich - Musikblog\" \/>\n<meta property=\"og:description\" content=\"Modeselektor und Apparat f\u00fchren sich und das Beste ihrer Stile zusammen: Als Moderat machen sie elektronische Musik f\u00fcr den Raum zwischen Tag und Nacht. Vor ein paar Tagen waren Gernot Bronsert und Sebastian Szary noch auf der anderen Seite des Erdballs und brachten beim Fuji Rock, dem gr\u00f6\u00dften Open-Air-Festival in Japan, die Massen zum Schwitzen. [&hellip;]\" \/>\n<meta property=\"og:url\" content=\"https:\/\/blog.zeit.de\/tontraeger\/2013\/08\/02\/moderat-2_16284\" \/>\n<meta property=\"og:site_name\" content=\"Tontr\u00e4ger\" \/>\n<meta property=\"article:published_time\" content=\"2013-08-02T06:00:03+00:00\" \/>\n<meta property=\"article:modified_time\" content=\"2013-08-02T06:00:19+00:00\" \/>\n<meta property=\"og:image\" content=\"https:\/\/blog.zeit.de\/tontraeger\/files\/2013\/07\/moderat580.jpg\" \/>\n<meta name=\"author\" content=\"Thomas Winkler\" \/>\n<meta name=\"twitter:card\" content=\"summary_large_image\" \/>\n<meta name=\"twitter:creator\" content=\"@zeitonline\" \/>\n<meta name=\"twitter:site\" content=\"@zeitonline\" \/>\n<meta name=\"twitter:label1\" content=\"Geschrieben von\" \/>\n\t<meta name=\"twitter:data1\" content=\"Thomas Winkler\" \/>\n\t<meta name=\"twitter:label2\" content=\"Gesch\u00e4tzte Lesezeit\" \/>\n\t<meta name=\"twitter:data2\" content=\"3\u00a0Minuten\" \/>\n<script type=\"application\/ld+json\" class=\"yoast-schema-graph\">{\"@context\":\"https:\/\/schema.org\",\"@graph\":[{\"@type\":\"WebPage\",\"@id\":\"https:\/\/blog.zeit.de\/tontraeger\/2013\/08\/02\/moderat-2_16284\",\"url\":\"https:\/\/blog.zeit.de\/tontraeger\/2013\/08\/02\/moderat-2_16284\",\"name\":\"Und die Clubt\u00fcr \u00f6ffnet sich - Musikblog\",\"isPartOf\":{\"@id\":\"https:\/\/blog.zeit.de\/tontraeger\/#website\"},\"datePublished\":\"2013-08-02T06:00:03+00:00\",\"dateModified\":\"2013-08-02T06:00:19+00:00\",\"author\":{\"@id\":\"https:\/\/blog.zeit.de\/tontraeger\/#\/schema\/person\/344c9e0834471a725c92eff62f56d609\"},\"breadcrumb\":{\"@id\":\"https:\/\/blog.zeit.de\/tontraeger\/2013\/08\/02\/moderat-2_16284#breadcrumb\"},\"inLanguage\":\"de\",\"potentialAction\":[{\"@type\":\"ReadAction\",\"target\":[\"https:\/\/blog.zeit.de\/tontraeger\/2013\/08\/02\/moderat-2_16284\"]}]},{\"@type\":\"BreadcrumbList\",\"@id\":\"https:\/\/blog.zeit.de\/tontraeger\/2013\/08\/02\/moderat-2_16284#breadcrumb\",\"itemListElement\":[{\"@type\":\"ListItem\",\"position\":1,\"name\":\"Startseite\",\"item\":\"https:\/\/blog.zeit.de\/tontraeger\"},{\"@type\":\"ListItem\",\"position\":2,\"name\":\"Und die Clubt\u00fcr \u00f6ffnet sich\"}]},{\"@type\":\"WebSite\",\"@id\":\"https:\/\/blog.zeit.de\/tontraeger\/#website\",\"url\":\"https:\/\/blog.zeit.de\/tontraeger\/\",\"name\":\"Tontr\u00e4ger\",\"description\":\"Zwischen Disko und Diskurs\",\"potentialAction\":[{\"@type\":\"SearchAction\",\"target\":{\"@type\":\"EntryPoint\",\"urlTemplate\":\"https:\/\/blog.zeit.de\/tontraeger\/?s={search_term_string}\"},\"query-input\":\"required name=search_term_string\"}],\"inLanguage\":\"de\"},{\"@type\":\"Person\",\"@id\":\"https:\/\/blog.zeit.de\/tontraeger\/#\/schema\/person\/344c9e0834471a725c92eff62f56d609\",\"name\":\"Thomas Winkler\",\"image\":{\"@type\":\"ImageObject\",\"inLanguage\":\"de\",\"@id\":\"https:\/\/blog.zeit.de\/tontraeger\/#\/schema\/person\/image\/\",\"url\":\"https:\/\/secure.gravatar.com\/avatar\/?s=96&d=mm&r=g\",\"contentUrl\":\"https:\/\/secure.gravatar.com\/avatar\/?s=96&d=mm&r=g\",\"caption\":\"Thomas Winkler\"},\"url\":\"https:\/\/blog.zeit.de\/tontraeger\/author\/thomas-winkler\"}]}<\/script>\n<!-- \/ Yoast SEO plugin. -->","yoast_head_json":{"title":"Und die Clubt\u00fcr \u00f6ffnet sich - Musikblog","robots":{"index":"index","follow":"follow","max-snippet":"max-snippet:-1","max-image-preview":"max-image-preview:large","max-video-preview":"max-video-preview:-1"},"canonical":"https:\/\/blog.zeit.de\/tontraeger\/2013\/08\/02\/moderat-2_16284","og_locale":"de_DE","og_type":"article","og_title":"Und die Clubt\u00fcr \u00f6ffnet sich - Musikblog","og_description":"Modeselektor und Apparat f\u00fchren sich und das Beste ihrer Stile zusammen: Als Moderat machen sie elektronische Musik f\u00fcr den Raum zwischen Tag und Nacht. Vor ein paar Tagen waren Gernot Bronsert und Sebastian Szary noch auf der anderen Seite des Erdballs und brachten beim Fuji Rock, dem gr\u00f6\u00dften Open-Air-Festival in Japan, die Massen zum Schwitzen. [&hellip;]","og_url":"https:\/\/blog.zeit.de\/tontraeger\/2013\/08\/02\/moderat-2_16284","og_site_name":"Tontr\u00e4ger","article_published_time":"2013-08-02T06:00:03+00:00","article_modified_time":"2013-08-02T06:00:19+00:00","og_image":[{"url":"https:\/\/blog.zeit.de\/tontraeger\/files\/2013\/07\/moderat580.jpg"}],"author":"Thomas Winkler","twitter_card":"summary_large_image","twitter_creator":"@zeitonline","twitter_site":"@zeitonline","twitter_misc":{"Geschrieben von":"Thomas Winkler","Gesch\u00e4tzte Lesezeit":"3\u00a0Minuten"},"schema":{"@context":"https:\/\/schema.org","@graph":[{"@type":"WebPage","@id":"https:\/\/blog.zeit.de\/tontraeger\/2013\/08\/02\/moderat-2_16284","url":"https:\/\/blog.zeit.de\/tontraeger\/2013\/08\/02\/moderat-2_16284","name":"Und die Clubt\u00fcr \u00f6ffnet sich - Musikblog","isPartOf":{"@id":"https:\/\/blog.zeit.de\/tontraeger\/#website"},"datePublished":"2013-08-02T06:00:03+00:00","dateModified":"2013-08-02T06:00:19+00:00","author":{"@id":"https:\/\/blog.zeit.de\/tontraeger\/#\/schema\/person\/344c9e0834471a725c92eff62f56d609"},"breadcrumb":{"@id":"https:\/\/blog.zeit.de\/tontraeger\/2013\/08\/02\/moderat-2_16284#breadcrumb"},"inLanguage":"de","potentialAction":[{"@type":"ReadAction","target":["https:\/\/blog.zeit.de\/tontraeger\/2013\/08\/02\/moderat-2_16284"]}]},{"@type":"BreadcrumbList","@id":"https:\/\/blog.zeit.de\/tontraeger\/2013\/08\/02\/moderat-2_16284#breadcrumb","itemListElement":[{"@type":"ListItem","position":1,"name":"Startseite","item":"https:\/\/blog.zeit.de\/tontraeger"},{"@type":"ListItem","position":2,"name":"Und die Clubt\u00fcr \u00f6ffnet sich"}]},{"@type":"WebSite","@id":"https:\/\/blog.zeit.de\/tontraeger\/#website","url":"https:\/\/blog.zeit.de\/tontraeger\/","name":"Tontr\u00e4ger","description":"Zwischen Disko und Diskurs","potentialAction":[{"@type":"SearchAction","target":{"@type":"EntryPoint","urlTemplate":"https:\/\/blog.zeit.de\/tontraeger\/?s={search_term_string}"},"query-input":"required name=search_term_string"}],"inLanguage":"de"},{"@type":"Person","@id":"https:\/\/blog.zeit.de\/tontraeger\/#\/schema\/person\/344c9e0834471a725c92eff62f56d609","name":"Thomas Winkler","image":{"@type":"ImageObject","inLanguage":"de","@id":"https:\/\/blog.zeit.de\/tontraeger\/#\/schema\/person\/image\/","url":"https:\/\/secure.gravatar.com\/avatar\/?s=96&d=mm&r=g","contentUrl":"https:\/\/secure.gravatar.com\/avatar\/?s=96&d=mm&r=g","caption":"Thomas Winkler"},"url":"https:\/\/blog.zeit.de\/tontraeger\/author\/thomas-winkler"}]}},"jetpack_featured_media_url":"","jetpack_sharing_enabled":true,"_links":{"self":[{"href":"https:\/\/blog.zeit.de\/tontraeger\/wp-json\/wp\/v2\/posts\/16284","targetHints":{"allow":["GET"]}}],"collection":[{"href":"https:\/\/blog.zeit.de\/tontraeger\/wp-json\/wp\/v2\/posts"}],"about":[{"href":"https:\/\/blog.zeit.de\/tontraeger\/wp-json\/wp\/v2\/types\/post"}],"author":[{"embeddable":true,"href":"https:\/\/blog.zeit.de\/tontraeger\/wp-json\/wp\/v2\/users\/127"}],"replies":[{"embeddable":true,"href":"https:\/\/blog.zeit.de\/tontraeger\/wp-json\/wp\/v2\/comments?post=16284"}],"version-history":[{"count":19,"href":"https:\/\/blog.zeit.de\/tontraeger\/wp-json\/wp\/v2\/posts\/16284\/revisions"}],"predecessor-version":[{"id":16397,"href":"https:\/\/blog.zeit.de\/tontraeger\/wp-json\/wp\/v2\/posts\/16284\/revisions\/16397"}],"wp:attachment":[{"href":"https:\/\/blog.zeit.de\/tontraeger\/wp-json\/wp\/v2\/media?parent=16284"}],"wp:term":[{"taxonomy":"category","embeddable":true,"href":"https:\/\/blog.zeit.de\/tontraeger\/wp-json\/wp\/v2\/categories?post=16284"},{"taxonomy":"post_tag","embeddable":true,"href":"https:\/\/blog.zeit.de\/tontraeger\/wp-json\/wp\/v2\/tags?post=16284"}],"curies":[{"name":"wp","href":"https:\/\/api.w.org\/{rel}","templated":true}]}}