{"id":16471,"date":"2013-08-20T09:53:26","date_gmt":"2013-08-20T07:53:26","guid":{"rendered":"http:\/\/blog.zeit.de\/tontraeger\/?p=16471"},"modified":"2013-08-20T12:36:09","modified_gmt":"2013-08-20T10:36:09","slug":"almut-klotz-tot","status":"publish","type":"post","link":"https:\/\/blog.zeit.de\/tontraeger\/2013\/08\/20\/almut-klotz-tot_16471","title":{"rendered":"Die Beschissenheit der Dinge"},"content":{"rendered":"<p><strong>Die Songwriterin Almut Klotz ist im Alter von 50 Jahren an Krebs gestorben. Sie war eine gro\u00dfe Stimme der Westberliner Popkultur und hinterl\u00e4sst uns ein tr\u00f6stendes, neues Album.<\/strong><\/p>\n<p><figure id=\"attachment_16474\" aria-describedby=\"caption-attachment-16474\" style=\"width: 580px\" class=\"wp-caption alignleft\"><img loading=\"lazy\" decoding=\"async\" class=\"size-full wp-image-16474\" alt=\"\u00a9 Robin Hinsch\" src=\"https:\/\/blog.zeit.de\/tontraeger\/files\/2013\/08\/almutklotz.jpg\" width=\"580\" height=\"326\" srcset=\"https:\/\/blog.zeit.de\/tontraeger\/files\/2013\/08\/almutklotz.jpg 580w, https:\/\/blog.zeit.de\/tontraeger\/files\/2013\/08\/almutklotz-300x168.jpg 300w\" sizes=\"auto, (max-width: 580px) 100vw, 580px\" \/><figcaption id=\"caption-attachment-16474\" class=\"wp-caption-text\">\u00a9 Robin Hinsch<\/figcaption><\/figure><\/p>\n<p>Eigentlich sollte dieser Text eine \u00fcberschw\u00e4ngliche Rezension werden. Jubelnd \u00fcber das grandiose neue Album von Almut Klotz &amp; Reverend Dabeler. Dar\u00fcber, dass <em>Lass die Lady rein<\/em> ein melancholisches, manchmal fast witziges Album im Genre <em>Kaputtes Liebeslied<\/em> geworden ist.<!--more--> Alle St\u00fccke mit dem Wissen gesungen, dass die Beschissenheit der Dinge ohne den anderen noch viel schwerer zu ertragen w\u00e4re, wie es in <em>Welt retten<\/em> hei\u00dft. Und man zur Not immer noch auf den Tischen tanzen kann, bis der Saal zerf\u00e4llt.<\/p>\n<p>Und jetzt ist Almut Klotz tot. In der vergangenen Woche an Krebs verstorben. Sie wird die Ver\u00f6ffentlichung ihrer Platte nicht mehr erleben und auch nicht mehr mit Reverend Dabeler auf die schon gebuchte Tour gehen.<\/p>\n<p>Was bleibt, sind ihre Lieder. Nun durchsucht man sie nach Zeichen, S\u00e4tzen und Wegen, die durch die Trauer helfen k\u00f6nnten. Und findet Trost in der Wehmut und Angst, die das neue Album pr\u00e4gen \u2013 stets liebevoll lakonisch vorgetragen.<\/p>\n\n<div class=\"embed-wrapper embed-wrapper--blocked js-embed-consent\" data-method=\"iframe\">\n<script class=\"raw__source\" type=\"text\/template\"><iframe loading=\"lazy\" frameborder=\"no\" height=\"166\" scrolling=\"no\" src=\"https:\/\/w.soundcloud.com\/player\/?url=http%3A%2F%2Fapi.soundcloud.com%2Ftracks%2F106137337\" width=\"100%\"><\/iframe><\/script>\n<div class=\"embed-wrapper__inner\">\n<div class=\"embed-wrapper__text\">\n<h3>Empfohlener redaktioneller Inhalt<\/h3>\n<p data-replace=\"no\">An dieser Stelle finden Sie externen Inhalt, der den Artikel erg\u00e4nzt. Sie k\u00f6nnen sich externe Inhalte mit einem Klick anzeigen lassen und wieder ausblenden.<noscript>Bitte aktivieren Sie JavaScript damit Sie diesen Inhalt anzeigen k\u00f6nnen.<\/noscript><\/p>\n<\/div>\n<div class=\"embed-consent\">\n<label class=\"embed-consent__toggle\">\n<input class=\"js-embed-consent__toggle\" type=\"checkbox\" autocomplete=\"off\">\n<span><\/span>\nExterner Inhalt\n<\/label>\n<a href=\"https:\/\/www.zeit.de\/hilfe\/datenschutz\" target=\"_blank\" class=\"embed-consent__datalink-when-active\">Datenschutzerkl\u00e4rung<\/a>\n<\/div>\n<div class=\"embed-wrapper__footer\">\n<p data-replace=\"no\">\nIch bin damit einverstanden, dass mir externe Inhalte angezeigt werden. Damit k\u00f6nnen personenbezogene Daten an Drittplattformen \u00fcbermittelt werden. <a href=\"https:\/\/www.zeit.de\/hilfe\/datenschutz\" target=\"_blank\">Mehr dazu in unserer Datenschutzerkl\u00e4rung.<\/a>\n<\/p>\n<\/div>\n<\/div>\n<\/div>\n<p>Am Anfang gleich ein Hilferuf. &#8222;Mylord, ich war immer offen, doch jetzt bin ich total besoffen (\u2026) Jetzt hat es mich aus der Kurve rausgehauen, k\u00f6nntest du mal bitte nach mir schauen?&#8220; Obwohl sowohl Klotz und Dabeler beide die 50 erreicht haben, scheint es so, als w\u00e4ren die Probleme noch dieselben wie in der Pubert\u00e4t. Blo\u00df l\u00e4ngst nicht mehr so dramatisch. Die beste Freundin ruft nur noch gelegentlich an, um festzustellen: &#8222;Naja, bei mir ist eigentlich auch nichts passiert.&#8220; Der Sommer l\u00e4sst uns zwar unbeschwert taumeln, aber wird uns doch bald allein lassen. Und die Liebesbeziehung l\u00e4uft dann doch wieder auf die Weisheit hinaus: &#8222;Im Grunde deines Wesens bist du ein schmutziger Charakter, im Grunde meines Wesens fand ich&#8217;s sehr, sehr sch\u00f6n.&#8220;<\/p>\n\n<div class=\"embed-wrapper embed-wrapper--blocked js-embed-consent\" data-method=\"iframe\">\n<script class=\"raw__source\" type=\"text\/template\"><iframe loading=\"lazy\" frameborder=\"no\" height=\"166\" scrolling=\"no\" src=\"https:\/\/w.soundcloud.com\/player\/?url=http%3A%2F%2Fapi.soundcloud.com%2Ftracks%2F98545307\" width=\"100%\"><\/iframe><\/script>\n<div class=\"embed-wrapper__inner\">\n<div class=\"embed-wrapper__text\">\n<h3>Empfohlener redaktioneller Inhalt<\/h3>\n<p data-replace=\"no\">An dieser Stelle finden Sie externen Inhalt, der den Artikel erg\u00e4nzt. Sie k\u00f6nnen sich externe Inhalte mit einem Klick anzeigen lassen und wieder ausblenden.<noscript>Bitte aktivieren Sie JavaScript damit Sie diesen Inhalt anzeigen k\u00f6nnen.<\/noscript><\/p>\n<\/div>\n<div class=\"embed-consent\">\n<label class=\"embed-consent__toggle\">\n<input class=\"js-embed-consent__toggle\" type=\"checkbox\" autocomplete=\"off\">\n<span><\/span>\nExterner Inhalt\n<\/label>\n<a href=\"https:\/\/www.zeit.de\/hilfe\/datenschutz\" target=\"_blank\" class=\"embed-consent__datalink-when-active\">Datenschutzerkl\u00e4rung<\/a>\n<\/div>\n<div class=\"embed-wrapper__footer\">\n<p data-replace=\"no\">\nIch bin damit einverstanden, dass mir externe Inhalte angezeigt werden. Damit k\u00f6nnen personenbezogene Daten an Drittplattformen \u00fcbermittelt werden. <a href=\"https:\/\/www.zeit.de\/hilfe\/datenschutz\" target=\"_blank\">Mehr dazu in unserer Datenschutzerkl\u00e4rung.<\/a>\n<\/p>\n<\/div>\n<\/div>\n<\/div>\n<p>Der optimistische, oft fr\u00f6hliche Umgang mit den H\u00e4sslichkeiten des Alltags zog sich immer durch Klotz&#8216; Leben. Als sie in den Achtzigern nach Westberlin kam, gr\u00fcndete sie mit <a href=\"http:\/\/www.zeit.de\/kultur\/literatur\/2012-03\/christiane-roesinger\" target=\"_blank\">Christiane R\u00f6singer<\/a> die Lassie Singers. Endlich eine deutsche M\u00e4dchenband, die Sauflieder genauso wie die Jungs sang, P\u00e4rchen den Kampf ansagte und zugab, ein Faible f\u00fcr Idioten zu haben.<\/p>\n<p>Klotz dampfte weiter in allen Gassen, war an den Bandgr\u00fcndungen von Parole Trixi und Maxi unter Menschen beteiligt, betrieb mit R\u00f6singer zusammen das Label Flittchen Records und die Flittchenbar. In dem von ihr ins Leben gerufenen <a href=\"http:\/\/www.zeit.de\/2002\/42\/Mit_der_Kirche_ums_Dorf\" target=\"_blank\">Popchor Berlin<\/a> sangen mehr oder weniger begabte Menschen Lieder von <a href=\"http:\/\/www.zeit.de\/2013\/20\/Platte-Daft-Punk\" target=\"_blank\">Daft Punk<\/a> bis <a href=\"http:\/\/www.zeit.de\/2011\/03\/D-Gang-Of-Four\" target=\"_blank\">Gang Of Four<\/a>.<\/p>\n<p>Mit ihrem Partner und sp\u00e4teren Ehemann Christian &#8222;Reverend&#8220; Dabeler schrieb Almut Klotz Prosa, gemeinsam brachten sie vor sechs Jahren ihr Deb\u00fctalbum <em>Menschen an sich<\/em> heraus. Vor Kurzem erst haben sich die beiden in ihrer eigenen <a href=\"http:\/\/www.hanseplatte.de\/die-villa\/klotz-dabeler\" target=\"_blank\">virtuellen Villa in der Hanseplatte<\/a> eingerichtet, vor den Augen aller Besucher ihre Lieblingsb\u00fccher, Filme und Platten zwischen Einrichtungsgegenst\u00e4nden drapiert.<\/p>\n<p><em>Lass die Lady rein<\/em> \u2013 was sich nunmehr wie <em>Knocking on Heaven&#8217;s Door<\/em> liest, wie die Labelfreunde von Staatsakt passend feststellen \u2013 spielt weiter, klingt mal nach Nashville, mal nach Soul, mal nach wimmernder Orgel und immer nach gro\u00dfer Songwriterkunst.<\/p>\n<p>Und schon erklingt der letzte Song dieses letzten Albums: &#8222;Ich will noch sagen, wie unser Leben besser sein kann, ohne dass alle sterben m\u00fcssen&#8220;, singt, nein, sinniert Reverend Dabeler in <em>Rache und Gerechtigkeit<\/em>. Er erz\u00e4hlt von Lotto-Lothar und von den Zeiten, in denen wir noch Angst vor den Dinos hatten. &#8222;Ich singe, damit nichts Schlimmes passiert&#8220;, hei\u00dft es zum Schluss. Jetzt ist das Schlimmste passiert. Wir k\u00f6nnen uns gl\u00fccklich sch\u00e4tzen, dass Almut Klotz gesungen hat und dadurch auch in diesen Tagen die Beschissenheit der Dinge ertr\u00e4glicher wird.<\/p>\n<p><em>&#8222;Lass die Lady rein&#8220; von Almut Klotz &amp; Reverend Dabeler erscheint am 23. August bei Staatsakt.<\/em><\/p>\n\n<div class=\"embed-wrapper embed-wrapper--blocked js-embed-consent\" data-method=\"iframe\">\n<script class=\"raw__source\" type=\"text\/template\"><iframe loading=\"lazy\" frameborder=\"0\" height=\"330\" src=\"\/\/www.youtube.com\/embed\/V6Ckso6QnY0\" width=\"580\"><\/iframe><\/script>\n<div class=\"embed-wrapper__inner\">\n<div class=\"embed-wrapper__text\">\n<h3>Empfohlener redaktioneller Inhalt<\/h3>\n<p data-replace=\"no\">An dieser Stelle finden Sie externen Inhalt, der den Artikel erg\u00e4nzt. Sie k\u00f6nnen sich externe Inhalte mit einem Klick anzeigen lassen und wieder ausblenden.<noscript>Bitte aktivieren Sie JavaScript damit Sie diesen Inhalt anzeigen k\u00f6nnen.<\/noscript><\/p>\n<\/div>\n<div class=\"embed-consent\">\n<label class=\"embed-consent__toggle\">\n<input class=\"js-embed-consent__toggle\" type=\"checkbox\" autocomplete=\"off\">\n<span><\/span>\nExterner Inhalt\n<\/label>\n<a href=\"https:\/\/www.zeit.de\/hilfe\/datenschutz\" target=\"_blank\" class=\"embed-consent__datalink-when-active\">Datenschutzerkl\u00e4rung<\/a>\n<\/div>\n<div class=\"embed-wrapper__footer\">\n<p data-replace=\"no\">\nIch bin damit einverstanden, dass mir externe Inhalte angezeigt werden. Damit k\u00f6nnen personenbezogene Daten an Drittplattformen \u00fcbermittelt werden. <a href=\"https:\/\/www.zeit.de\/hilfe\/datenschutz\" target=\"_blank\">Mehr dazu in unserer Datenschutzerkl\u00e4rung.<\/a>\n<\/p>\n<\/div>\n<\/div>\n<\/div>\n","protected":false},"excerpt":{"rendered":"<p>Die Songwriterin Almut Klotz ist im Alter von 50 Jahren an Krebs gestorben. Sie war eine gro\u00dfe Stimme der Westberliner Popkultur und hinterl\u00e4sst uns ein tr\u00f6stendes, neues Album. Eigentlich sollte dieser Text eine \u00fcberschw\u00e4ngliche Rezension werden. Jubelnd \u00fcber das grandiose neue Album von Almut Klotz &amp; Reverend Dabeler. Dar\u00fcber, dass Lass die Lady rein ein [&hellip;]<\/p>\n","protected":false},"author":409,"featured_media":0,"comment_status":"open","ping_status":"closed","sticky":false,"template":"","format":"standard","meta":{"_jetpack_memberships_contains_paid_content":false,"footnotes":""},"categories":[869],"tags":[],"class_list":["post-16471","post","type-post","status-publish","format-standard","hentry","category-pop"],"yoast_head":"<!-- This site is optimized with the Yoast SEO plugin v21.0 - https:\/\/yoast.com\/wordpress\/plugins\/seo\/ -->\n<title>Die Beschissenheit der Dinge - Musikblog<\/title>\n<meta name=\"robots\" content=\"index, follow, max-snippet:-1, max-image-preview:large, max-video-preview:-1\" \/>\n<link rel=\"canonical\" href=\"https:\/\/blog.zeit.de\/tontraeger\/2013\/08\/20\/almut-klotz-tot_16471\" \/>\n<meta property=\"og:locale\" content=\"de_DE\" \/>\n<meta property=\"og:type\" content=\"article\" \/>\n<meta property=\"og:title\" content=\"Die Beschissenheit der Dinge - Musikblog\" \/>\n<meta property=\"og:description\" content=\"Die Songwriterin Almut Klotz ist im Alter von 50 Jahren an Krebs gestorben. Sie war eine gro\u00dfe Stimme der Westberliner Popkultur und hinterl\u00e4sst uns ein tr\u00f6stendes, neues Album. Eigentlich sollte dieser Text eine \u00fcberschw\u00e4ngliche Rezension werden. Jubelnd \u00fcber das grandiose neue Album von Almut Klotz &amp; Reverend Dabeler. Dar\u00fcber, dass Lass die Lady rein ein [&hellip;]\" \/>\n<meta property=\"og:url\" content=\"https:\/\/blog.zeit.de\/tontraeger\/2013\/08\/20\/almut-klotz-tot_16471\" \/>\n<meta property=\"og:site_name\" content=\"Tontr\u00e4ger\" \/>\n<meta property=\"article:published_time\" content=\"2013-08-20T07:53:26+00:00\" \/>\n<meta property=\"article:modified_time\" content=\"2013-08-20T10:36:09+00:00\" \/>\n<meta property=\"og:image\" content=\"https:\/\/blog.zeit.de\/tontraeger\/files\/2013\/08\/almutklotz.jpg\" \/>\n<meta name=\"author\" content=\"Juliane Streich\" \/>\n<meta name=\"twitter:card\" content=\"summary_large_image\" \/>\n<meta name=\"twitter:creator\" content=\"@zeitonline\" \/>\n<meta name=\"twitter:site\" content=\"@zeitonline\" \/>\n<meta name=\"twitter:label1\" content=\"Geschrieben von\" \/>\n\t<meta name=\"twitter:data1\" content=\"Juliane Streich\" \/>\n\t<meta name=\"twitter:label2\" content=\"Gesch\u00e4tzte Lesezeit\" \/>\n\t<meta name=\"twitter:data2\" content=\"3\u00a0Minuten\" \/>\n<script type=\"application\/ld+json\" class=\"yoast-schema-graph\">{\"@context\":\"https:\/\/schema.org\",\"@graph\":[{\"@type\":\"WebPage\",\"@id\":\"https:\/\/blog.zeit.de\/tontraeger\/2013\/08\/20\/almut-klotz-tot_16471\",\"url\":\"https:\/\/blog.zeit.de\/tontraeger\/2013\/08\/20\/almut-klotz-tot_16471\",\"name\":\"Die Beschissenheit der Dinge - Musikblog\",\"isPartOf\":{\"@id\":\"https:\/\/blog.zeit.de\/tontraeger\/#website\"},\"datePublished\":\"2013-08-20T07:53:26+00:00\",\"dateModified\":\"2013-08-20T10:36:09+00:00\",\"author\":{\"@id\":\"https:\/\/blog.zeit.de\/tontraeger\/#\/schema\/person\/b93f35a3b2b64fd8795834c4dd8b73c4\"},\"breadcrumb\":{\"@id\":\"https:\/\/blog.zeit.de\/tontraeger\/2013\/08\/20\/almut-klotz-tot_16471#breadcrumb\"},\"inLanguage\":\"de\",\"potentialAction\":[{\"@type\":\"ReadAction\",\"target\":[\"https:\/\/blog.zeit.de\/tontraeger\/2013\/08\/20\/almut-klotz-tot_16471\"]}]},{\"@type\":\"BreadcrumbList\",\"@id\":\"https:\/\/blog.zeit.de\/tontraeger\/2013\/08\/20\/almut-klotz-tot_16471#breadcrumb\",\"itemListElement\":[{\"@type\":\"ListItem\",\"position\":1,\"name\":\"Startseite\",\"item\":\"https:\/\/blog.zeit.de\/tontraeger\"},{\"@type\":\"ListItem\",\"position\":2,\"name\":\"Die Beschissenheit der Dinge\"}]},{\"@type\":\"WebSite\",\"@id\":\"https:\/\/blog.zeit.de\/tontraeger\/#website\",\"url\":\"https:\/\/blog.zeit.de\/tontraeger\/\",\"name\":\"Tontr\u00e4ger\",\"description\":\"Zwischen Disko und Diskurs\",\"potentialAction\":[{\"@type\":\"SearchAction\",\"target\":{\"@type\":\"EntryPoint\",\"urlTemplate\":\"https:\/\/blog.zeit.de\/tontraeger\/?s={search_term_string}\"},\"query-input\":\"required name=search_term_string\"}],\"inLanguage\":\"de\"},{\"@type\":\"Person\",\"@id\":\"https:\/\/blog.zeit.de\/tontraeger\/#\/schema\/person\/b93f35a3b2b64fd8795834c4dd8b73c4\",\"name\":\"Juliane Streich\",\"image\":{\"@type\":\"ImageObject\",\"inLanguage\":\"de\",\"@id\":\"https:\/\/blog.zeit.de\/tontraeger\/#\/schema\/person\/image\/\",\"url\":\"https:\/\/secure.gravatar.com\/avatar\/c4cd8714c16279e4c666559f12ced28e3efffc9868d889dcc90789119a780134?s=96&d=mm&r=g\",\"contentUrl\":\"https:\/\/secure.gravatar.com\/avatar\/c4cd8714c16279e4c666559f12ced28e3efffc9868d889dcc90789119a780134?s=96&d=mm&r=g\",\"caption\":\"Juliane Streich\"},\"url\":\"https:\/\/blog.zeit.de\/tontraeger\/author\/jstreich\"}]}<\/script>\n<!-- \/ Yoast SEO plugin. -->","yoast_head_json":{"title":"Die Beschissenheit der Dinge - Musikblog","robots":{"index":"index","follow":"follow","max-snippet":"max-snippet:-1","max-image-preview":"max-image-preview:large","max-video-preview":"max-video-preview:-1"},"canonical":"https:\/\/blog.zeit.de\/tontraeger\/2013\/08\/20\/almut-klotz-tot_16471","og_locale":"de_DE","og_type":"article","og_title":"Die Beschissenheit der Dinge - Musikblog","og_description":"Die Songwriterin Almut Klotz ist im Alter von 50 Jahren an Krebs gestorben. Sie war eine gro\u00dfe Stimme der Westberliner Popkultur und hinterl\u00e4sst uns ein tr\u00f6stendes, neues Album. Eigentlich sollte dieser Text eine \u00fcberschw\u00e4ngliche Rezension werden. Jubelnd \u00fcber das grandiose neue Album von Almut Klotz &amp; Reverend Dabeler. Dar\u00fcber, dass Lass die Lady rein ein [&hellip;]","og_url":"https:\/\/blog.zeit.de\/tontraeger\/2013\/08\/20\/almut-klotz-tot_16471","og_site_name":"Tontr\u00e4ger","article_published_time":"2013-08-20T07:53:26+00:00","article_modified_time":"2013-08-20T10:36:09+00:00","og_image":[{"url":"https:\/\/blog.zeit.de\/tontraeger\/files\/2013\/08\/almutklotz.jpg"}],"author":"Juliane Streich","twitter_card":"summary_large_image","twitter_creator":"@zeitonline","twitter_site":"@zeitonline","twitter_misc":{"Geschrieben von":"Juliane Streich","Gesch\u00e4tzte Lesezeit":"3\u00a0Minuten"},"schema":{"@context":"https:\/\/schema.org","@graph":[{"@type":"WebPage","@id":"https:\/\/blog.zeit.de\/tontraeger\/2013\/08\/20\/almut-klotz-tot_16471","url":"https:\/\/blog.zeit.de\/tontraeger\/2013\/08\/20\/almut-klotz-tot_16471","name":"Die Beschissenheit der Dinge - Musikblog","isPartOf":{"@id":"https:\/\/blog.zeit.de\/tontraeger\/#website"},"datePublished":"2013-08-20T07:53:26+00:00","dateModified":"2013-08-20T10:36:09+00:00","author":{"@id":"https:\/\/blog.zeit.de\/tontraeger\/#\/schema\/person\/b93f35a3b2b64fd8795834c4dd8b73c4"},"breadcrumb":{"@id":"https:\/\/blog.zeit.de\/tontraeger\/2013\/08\/20\/almut-klotz-tot_16471#breadcrumb"},"inLanguage":"de","potentialAction":[{"@type":"ReadAction","target":["https:\/\/blog.zeit.de\/tontraeger\/2013\/08\/20\/almut-klotz-tot_16471"]}]},{"@type":"BreadcrumbList","@id":"https:\/\/blog.zeit.de\/tontraeger\/2013\/08\/20\/almut-klotz-tot_16471#breadcrumb","itemListElement":[{"@type":"ListItem","position":1,"name":"Startseite","item":"https:\/\/blog.zeit.de\/tontraeger"},{"@type":"ListItem","position":2,"name":"Die Beschissenheit der Dinge"}]},{"@type":"WebSite","@id":"https:\/\/blog.zeit.de\/tontraeger\/#website","url":"https:\/\/blog.zeit.de\/tontraeger\/","name":"Tontr\u00e4ger","description":"Zwischen Disko und Diskurs","potentialAction":[{"@type":"SearchAction","target":{"@type":"EntryPoint","urlTemplate":"https:\/\/blog.zeit.de\/tontraeger\/?s={search_term_string}"},"query-input":"required name=search_term_string"}],"inLanguage":"de"},{"@type":"Person","@id":"https:\/\/blog.zeit.de\/tontraeger\/#\/schema\/person\/b93f35a3b2b64fd8795834c4dd8b73c4","name":"Juliane Streich","image":{"@type":"ImageObject","inLanguage":"de","@id":"https:\/\/blog.zeit.de\/tontraeger\/#\/schema\/person\/image\/","url":"https:\/\/secure.gravatar.com\/avatar\/c4cd8714c16279e4c666559f12ced28e3efffc9868d889dcc90789119a780134?s=96&d=mm&r=g","contentUrl":"https:\/\/secure.gravatar.com\/avatar\/c4cd8714c16279e4c666559f12ced28e3efffc9868d889dcc90789119a780134?s=96&d=mm&r=g","caption":"Juliane Streich"},"url":"https:\/\/blog.zeit.de\/tontraeger\/author\/jstreich"}]}},"jetpack_featured_media_url":"","jetpack_sharing_enabled":true,"_links":{"self":[{"href":"https:\/\/blog.zeit.de\/tontraeger\/wp-json\/wp\/v2\/posts\/16471","targetHints":{"allow":["GET"]}}],"collection":[{"href":"https:\/\/blog.zeit.de\/tontraeger\/wp-json\/wp\/v2\/posts"}],"about":[{"href":"https:\/\/blog.zeit.de\/tontraeger\/wp-json\/wp\/v2\/types\/post"}],"author":[{"embeddable":true,"href":"https:\/\/blog.zeit.de\/tontraeger\/wp-json\/wp\/v2\/users\/409"}],"replies":[{"embeddable":true,"href":"https:\/\/blog.zeit.de\/tontraeger\/wp-json\/wp\/v2\/comments?post=16471"}],"version-history":[{"count":16,"href":"https:\/\/blog.zeit.de\/tontraeger\/wp-json\/wp\/v2\/posts\/16471\/revisions"}],"predecessor-version":[{"id":16489,"href":"https:\/\/blog.zeit.de\/tontraeger\/wp-json\/wp\/v2\/posts\/16471\/revisions\/16489"}],"wp:attachment":[{"href":"https:\/\/blog.zeit.de\/tontraeger\/wp-json\/wp\/v2\/media?parent=16471"}],"wp:term":[{"taxonomy":"category","embeddable":true,"href":"https:\/\/blog.zeit.de\/tontraeger\/wp-json\/wp\/v2\/categories?post=16471"},{"taxonomy":"post_tag","embeddable":true,"href":"https:\/\/blog.zeit.de\/tontraeger\/wp-json\/wp\/v2\/tags?post=16471"}],"curies":[{"name":"wp","href":"https:\/\/api.w.org\/{rel}","templated":true}]}}