{"id":17049,"date":"2013-11-08T10:11:15","date_gmt":"2013-11-08T09:11:15","guid":{"rendered":"http:\/\/blog.zeit.de\/tontraeger\/?p=17049"},"modified":"2013-11-11T11:02:25","modified_gmt":"2013-11-11T10:02:25","slug":"eminem-marshall-mathers","status":"publish","type":"post","link":"https:\/\/blog.zeit.de\/tontraeger\/2013\/11\/08\/eminem-marshall-mathers_17049","title":{"rendered":"Reime aus der Giftgrube"},"content":{"rendered":"<p><strong>Frustrierend, kompliziert, bisweilen faszinierend: Selten erscheinen K\u00fcnstler und Werk so deckungsgleich wie Eminem und sein neues Album &#8222;The Marshall Mathers LP 2&#8220;.<\/strong><\/p>\n<p><figure id=\"attachment_17052\" aria-describedby=\"caption-attachment-17052\" style=\"width: 580px\" class=\"wp-caption alignleft\"><img loading=\"lazy\" decoding=\"async\" class=\"size-full wp-image-17052\" alt=\"\u00a9 Universal Music\" src=\"https:\/\/blog.zeit.de\/tontraeger\/files\/2013\/11\/deminem.jpg\" width=\"580\" height=\"326\" srcset=\"https:\/\/blog.zeit.de\/tontraeger\/files\/2013\/11\/deminem.jpg 580w, https:\/\/blog.zeit.de\/tontraeger\/files\/2013\/11\/deminem-300x168.jpg 300w\" sizes=\"auto, (max-width: 580px) 100vw, 580px\" \/><figcaption id=\"caption-attachment-17052\" class=\"wp-caption-text\">\u00a9 Universal Music<\/figcaption><\/figure><\/p>\n<p>Seit ihrer Ver\u00f6ffentlichung vor 13 Jahren f\u00fchrt <em>The Marshall Mathers LP<\/em> ein profitables Eigenleben. 21 Millionen Mal hat sich das dritte Eminem-Album bisher verkauft.<!--more--> V\u00f6llig zu recht gilt es als Heiliger Gral des Horrorcore, einem Hip-Hop-Subgenre, dessen Protagonisten in der Regel gar nichts mehr heilig ist. Die fr\u00fchen Gewalt- und Vergewaltigungsfantasien der Odd-Future-Rapper <a href=\"https:\/\/blog.zeit.de\/tontraeger\/2013\/04\/05\/tyler-the-creator-wolf_15508\" target=\"_blank\">Tyler, The Creator<\/a> und <a href=\"http:\/\/www.zeit.de\/kultur\/musik\/2013-10\/hip-hop-drake-earl-sweatshirt-danny-brown\" target=\"_blank\">Earl Sweatshirt<\/a> lassen auf ein engagiertes <em>Marshall Mathers<\/em>-Studium schlie\u00dfen. Au\u00dferdem hat uns <em>Stan<\/em>, der beste Track der Platte, mit einem prominenten Gesangssample die Weltkarriere von <a href=\"http:\/\/www.zeit.de\/2013\/12\/Dido-Girl-Who-Got-Away-Rezension\" target=\"_blank\">Dido<\/a> eingebrockt.<\/p>\n\n<div class=\"embed-wrapper embed-wrapper--blocked js-embed-consent\" data-method=\"iframe\">\n<script class=\"raw__source\" type=\"text\/template\"><iframe loading=\"lazy\" frameborder=\"no\" height=\"166\" scrolling=\"no\" src=\"https:\/\/w.soundcloud.com\/player\/?url=https%3A\/\/api.soundcloud.com\/tracks\/107432965\" width=\"100%\"><\/iframe><\/script>\n<div class=\"embed-wrapper__inner\">\n<div class=\"embed-wrapper__text\">\n<h3>Empfohlener redaktioneller Inhalt<\/h3>\n<p data-replace=\"no\">An dieser Stelle finden Sie externen Inhalt, der den Artikel erg\u00e4nzt. Sie k\u00f6nnen sich externe Inhalte mit einem Klick anzeigen lassen und wieder ausblenden.<noscript>Bitte aktivieren Sie JavaScript damit Sie diesen Inhalt anzeigen k\u00f6nnen.<\/noscript><\/p>\n<\/div>\n<div class=\"embed-consent\">\n<label class=\"embed-consent__toggle\">\n<input class=\"js-embed-consent__toggle\" type=\"checkbox\" autocomplete=\"off\">\n<span><\/span>\nExterner Inhalt\n<\/label>\n<a href=\"https:\/\/www.zeit.de\/hilfe\/datenschutz\" target=\"_blank\" class=\"embed-consent__datalink-when-active\">Datenschutzerkl\u00e4rung<\/a>\n<\/div>\n<div class=\"embed-wrapper__footer\">\n<p data-replace=\"no\">\nIch bin damit einverstanden, dass mir externe Inhalte angezeigt werden. Damit k\u00f6nnen personenbezogene Daten an Drittplattformen \u00fcbermittelt werden. <a href=\"https:\/\/www.zeit.de\/hilfe\/datenschutz\" target=\"_blank\">Mehr dazu in unserer Datenschutzerkl\u00e4rung.<\/a>\n<\/p>\n<\/div>\n<\/div>\n<\/div>\n<p><em>The Marshall Mathers LP 2<\/em> beginnt mit einem Sequel zu <em>Stan<\/em>, das damals die Geschichte eines obsessiven <a href=\"http:\/\/www.zeit.de\/2004\/48\/Eminem\" target=\"_blank\">Eminem<\/a>-Fans erz\u00e4hlte, den erst die Familie und dann der Verstand verlie\u00df. Der in brillanter Detailf\u00fclle ausgebreitete Song gipfelte in einem Blutbad \u2013 die Grundierung des gesamten Albums.<\/p>\n<p>Stans Nachfolger hei\u00dft nun <em>Bad Guy<\/em> und spannt einen \u00e4hnlich ambitionierten Bogen: Mehr als sieben Minuten konstruiert Eminem die Rachepl\u00e4ne eines Bruders von Stan, der den Musiker f\u00fcr den tragischen Verlauf seiner Familiengeschichte verantwortlich macht. Blut wird diesmal nur metaphorisch vergossen. Der Titelheld schwingt sich zum Hauptdarsteller in Eminems Albtr\u00e4umen auf.<\/p>\n<p>Schon <em>Bad Guy<\/em> enth\u00e4lt alles, was <em>The Marshall Mathers LP 2<\/em> zu einer ebenso faszinierenden wie frustrierenden Platte macht. Das St\u00fcck ist eines von mehreren \u00fcberlangen Rap-Schlachtschiffen, mit denen Eminem diesmal seine St\u00e4rke demonstriert: technisch atemberaubend gerappt, erstickend aggressiv vorgetragen. <em>Bad Guy<\/em> aber ist eben auch ein Konstrukt, keine Erz\u00e4hlung, die sich auf nat\u00fcrliche Weise entfaltet.<\/p>\n<p>Durch eine unn\u00f6tige Verkomplizierung seiner Geschichten und die st\u00e4ndige \u00dcberfrachtung des Versma\u00dfes t\u00e4uscht Eminem Tiefen vor, die es auf <em>The Marshall Mathers LP 2<\/em> gar nicht zu erforschen gibt. Stattdessen enth\u00fcllt sich mit fortlaufender Zeit ein Album, das niemand so sehr gebraucht hat wie sein Sch\u00f6pfer selbst.<\/p>\n<p>Schon die Vorab-Singles <em>Rap God<\/em> und <em>Berzerk<\/em> wollten ein Revier markieren. Eminem hat mit diesen St\u00fccken vor allem sich selbst etwas zu sagen, best\u00e4rkt sich, bevor er wieder bis zum Ellbogen in die Grube des H\u00e4sslichen langt. Es schallert wahllos frauenfeindlich und homophobe Beschimpfungen, aktuelle und ehemalige Prominente werden mit bew\u00e4hrter Garstigkeit vorgef\u00fchrt. Manchmal scheint es, als g\u00e4be es nur zwei Sorten von Menschen: Eminem und die Neidhammel.<\/p>\n<p>Diese R\u00fcckkehr zur Angriffslust ist durchaus problematisch: Das erste Marshall Mathers-Album stammte von einem neureichen Endzwanziger, der aus seiner \u00dcberforderung in nahezu allen Lebenslagen eine grandios hasserf\u00fcllte Kunstfigur sch\u00f6pfte. Sie hauste in den Grenzgebieten von Wahrheit, Fiktion und \u00dcbertreibung. Jetzt aber soll man das Gift einem sesshaften, entgifteten Mann mittleren Alters abkaufen, der vollkommen ausgedeutet erscheint? Zuletzt hatte Eminem auf dem sterbenslangweiligen <em>Recovery<\/em> die L\u00e4uterung als Leitmotiv entdeckt. Nun wirkt er schlichtweg zu alt f\u00fcr den Schei\u00df.<\/p>\n\n<div class=\"embed-wrapper embed-wrapper--blocked js-embed-consent\" data-method=\"iframe\">\n<script class=\"raw__source\" type=\"text\/template\"><iframe loading=\"lazy\" frameborder=\"no\" height=\"450\" scrolling=\"no\" src=\"https:\/\/w.soundcloud.com\/player\/?url=https%3A\/\/api.soundcloud.com\/playlists\/13413478\" width=\"100%\"><\/iframe><\/script>\n<div class=\"embed-wrapper__inner\">\n<div class=\"embed-wrapper__text\">\n<h3>Empfohlener redaktioneller Inhalt<\/h3>\n<p data-replace=\"no\">An dieser Stelle finden Sie externen Inhalt, der den Artikel erg\u00e4nzt. Sie k\u00f6nnen sich externe Inhalte mit einem Klick anzeigen lassen und wieder ausblenden.<noscript>Bitte aktivieren Sie JavaScript damit Sie diesen Inhalt anzeigen k\u00f6nnen.<\/noscript><\/p>\n<\/div>\n<div class=\"embed-consent\">\n<label class=\"embed-consent__toggle\">\n<input class=\"js-embed-consent__toggle\" type=\"checkbox\" autocomplete=\"off\">\n<span><\/span>\nExterner Inhalt\n<\/label>\n<a href=\"https:\/\/www.zeit.de\/hilfe\/datenschutz\" target=\"_blank\" class=\"embed-consent__datalink-when-active\">Datenschutzerkl\u00e4rung<\/a>\n<\/div>\n<div class=\"embed-wrapper__footer\">\n<p data-replace=\"no\">\nIch bin damit einverstanden, dass mir externe Inhalte angezeigt werden. Damit k\u00f6nnen personenbezogene Daten an Drittplattformen \u00fcbermittelt werden. <a href=\"https:\/\/www.zeit.de\/hilfe\/datenschutz\" target=\"_blank\">Mehr dazu in unserer Datenschutzerkl\u00e4rung.<\/a>\n<\/p>\n<\/div>\n<\/div>\n<\/div>\n<p>Vor \u00e4hnlichen Schwierigkeiten standen die <a href=\"http:\/\/www.zeit.de\/kultur\/2011-04\/beastie-boys-album\" target=\"_blank\">Beastie Boys<\/a> schon vor einem Vierteljahrhundert. Mit den aufm\u00fcpfigen Texten ihrer Anfangstage r\u00e4umten sie einem Skandalrapper wie Eminem \u00fcberhaupt erst die Stra\u00dfe frei. Vor allem das von Rick Rubin produzierte <em>Berzerk<\/em> wird auf <em>The Marshall Mathers LP 2<\/em> mit blechernen E-Gitarren als Hommage an den Rap-Rock der Wegbereiter inszeniert \u2013 und verdeutlicht dabei ein weiteres Problem der Platte.<\/p>\n<p>W\u00e4hrend sich die Beastie Boys einen musikalischen Entdeckergeist antrainierten, der ihnen schlie\u00dflich die Flucht aus der Rabaukenfalle erm\u00f6glichte, scheint Eminem auf <em>The Marshall Mathers LP 2<\/em> weniger denn je an Musik interessiert zu sein. Schon die besseren Beats des Albums sind in erster Linie zweckm\u00e4\u00dfig. Sie funktionieren, weil sie Eminems Wortgewalt nicht im Weg stehen. Schlimm aber wird es, wenn im Country-Twang von <em>So Far&#8230;<\/em> <a href=\"http:\/\/www.zeit.de\/2012\/19\/Kid-Rock\" target=\"_blank\">Kid Rocks<\/a> speckiges Spiegelbild zu erkennen ist \u2013 und Eminem einen Zukunftshorror vor Augen f\u00fchrt, der gar nicht mehr so irreal ist.<\/p>\n<p><em>&#8222;The Marshall Mathers LP 2&#8220; von Eminem ist erschienen bei Universal Music.<\/em><\/p>\n","protected":false},"excerpt":{"rendered":"<p>Frustrierend, kompliziert, bisweilen faszinierend: Selten erscheinen K\u00fcnstler und Werk so deckungsgleich wie Eminem und sein neues Album &#8222;The Marshall Mathers LP 2&#8220;. Seit ihrer Ver\u00f6ffentlichung vor 13 Jahren f\u00fchrt The Marshall Mathers LP ein profitables Eigenleben. 21 Millionen Mal hat sich das dritte Eminem-Album bisher verkauft.<\/p>\n","protected":false},"author":419,"featured_media":0,"comment_status":"open","ping_status":"closed","sticky":false,"template":"","format":"standard","meta":{"_jetpack_memberships_contains_paid_content":false,"footnotes":""},"categories":[863],"tags":[],"class_list":["post-17049","post","type-post","status-publish","format-standard","hentry","category-hiphop"],"yoast_head":"<!-- This site is optimized with the Yoast SEO plugin v21.0 - https:\/\/yoast.com\/wordpress\/plugins\/seo\/ -->\n<title>Reime aus der Giftgrube - Musikblog<\/title>\n<meta name=\"robots\" content=\"index, follow, max-snippet:-1, max-image-preview:large, max-video-preview:-1\" \/>\n<link rel=\"canonical\" href=\"https:\/\/blog.zeit.de\/tontraeger\/2013\/11\/08\/eminem-marshall-mathers_17049\" \/>\n<meta property=\"og:locale\" content=\"de_DE\" \/>\n<meta property=\"og:type\" content=\"article\" \/>\n<meta property=\"og:title\" content=\"Reime aus der Giftgrube - Musikblog\" \/>\n<meta property=\"og:description\" content=\"Frustrierend, kompliziert, bisweilen faszinierend: Selten erscheinen K\u00fcnstler und Werk so deckungsgleich wie Eminem und sein neues Album &#8222;The Marshall Mathers LP 2&#8220;. Seit ihrer Ver\u00f6ffentlichung vor 13 Jahren f\u00fchrt The Marshall Mathers LP ein profitables Eigenleben. 21 Millionen Mal hat sich das dritte Eminem-Album bisher verkauft.\" \/>\n<meta property=\"og:url\" content=\"https:\/\/blog.zeit.de\/tontraeger\/2013\/11\/08\/eminem-marshall-mathers_17049\" \/>\n<meta property=\"og:site_name\" content=\"Tontr\u00e4ger\" \/>\n<meta property=\"article:published_time\" content=\"2013-11-08T09:11:15+00:00\" \/>\n<meta property=\"article:modified_time\" content=\"2013-11-11T10:02:25+00:00\" \/>\n<meta property=\"og:image\" content=\"https:\/\/blog.zeit.de\/tontraeger\/files\/2013\/11\/deminem.jpg\" \/>\n<meta name=\"author\" content=\"Daniel Gerhardt\" \/>\n<meta name=\"twitter:card\" content=\"summary_large_image\" \/>\n<meta name=\"twitter:creator\" content=\"@zeitonline\" \/>\n<meta name=\"twitter:site\" content=\"@zeitonline\" \/>\n<meta name=\"twitter:label1\" content=\"Geschrieben von\" \/>\n\t<meta name=\"twitter:data1\" content=\"Daniel Gerhardt\" \/>\n\t<meta name=\"twitter:label2\" content=\"Gesch\u00e4tzte Lesezeit\" \/>\n\t<meta name=\"twitter:data2\" content=\"3\u00a0Minuten\" \/>\n<script type=\"application\/ld+json\" class=\"yoast-schema-graph\">{\"@context\":\"https:\/\/schema.org\",\"@graph\":[{\"@type\":\"WebPage\",\"@id\":\"https:\/\/blog.zeit.de\/tontraeger\/2013\/11\/08\/eminem-marshall-mathers_17049\",\"url\":\"https:\/\/blog.zeit.de\/tontraeger\/2013\/11\/08\/eminem-marshall-mathers_17049\",\"name\":\"Reime aus der Giftgrube - Musikblog\",\"isPartOf\":{\"@id\":\"https:\/\/blog.zeit.de\/tontraeger\/#website\"},\"datePublished\":\"2013-11-08T09:11:15+00:00\",\"dateModified\":\"2013-11-11T10:02:25+00:00\",\"author\":{\"@id\":\"https:\/\/blog.zeit.de\/tontraeger\/#\/schema\/person\/f781146f286a73156345f3c8ae190d67\"},\"breadcrumb\":{\"@id\":\"https:\/\/blog.zeit.de\/tontraeger\/2013\/11\/08\/eminem-marshall-mathers_17049#breadcrumb\"},\"inLanguage\":\"de\",\"potentialAction\":[{\"@type\":\"ReadAction\",\"target\":[\"https:\/\/blog.zeit.de\/tontraeger\/2013\/11\/08\/eminem-marshall-mathers_17049\"]}]},{\"@type\":\"BreadcrumbList\",\"@id\":\"https:\/\/blog.zeit.de\/tontraeger\/2013\/11\/08\/eminem-marshall-mathers_17049#breadcrumb\",\"itemListElement\":[{\"@type\":\"ListItem\",\"position\":1,\"name\":\"Startseite\",\"item\":\"https:\/\/blog.zeit.de\/tontraeger\"},{\"@type\":\"ListItem\",\"position\":2,\"name\":\"Reime aus der Giftgrube\"}]},{\"@type\":\"WebSite\",\"@id\":\"https:\/\/blog.zeit.de\/tontraeger\/#website\",\"url\":\"https:\/\/blog.zeit.de\/tontraeger\/\",\"name\":\"Tontr\u00e4ger\",\"description\":\"Zwischen Disko und Diskurs\",\"potentialAction\":[{\"@type\":\"SearchAction\",\"target\":{\"@type\":\"EntryPoint\",\"urlTemplate\":\"https:\/\/blog.zeit.de\/tontraeger\/?s={search_term_string}\"},\"query-input\":\"required name=search_term_string\"}],\"inLanguage\":\"de\"},{\"@type\":\"Person\",\"@id\":\"https:\/\/blog.zeit.de\/tontraeger\/#\/schema\/person\/f781146f286a73156345f3c8ae190d67\",\"name\":\"Daniel Gerhardt\",\"image\":{\"@type\":\"ImageObject\",\"inLanguage\":\"de\",\"@id\":\"https:\/\/blog.zeit.de\/tontraeger\/#\/schema\/person\/image\/\",\"url\":\"https:\/\/secure.gravatar.com\/avatar\/c4c3b354fcc4843132ea97a090e9df9cc090b6af13265fad10303f8cbd5ad9eb?s=96&d=mm&r=g\",\"contentUrl\":\"https:\/\/secure.gravatar.com\/avatar\/c4c3b354fcc4843132ea97a090e9df9cc090b6af13265fad10303f8cbd5ad9eb?s=96&d=mm&r=g\",\"caption\":\"Daniel Gerhardt\"},\"url\":\"https:\/\/blog.zeit.de\/tontraeger\/author\/dgerhardt\"}]}<\/script>\n<!-- \/ Yoast SEO plugin. -->","yoast_head_json":{"title":"Reime aus der Giftgrube - Musikblog","robots":{"index":"index","follow":"follow","max-snippet":"max-snippet:-1","max-image-preview":"max-image-preview:large","max-video-preview":"max-video-preview:-1"},"canonical":"https:\/\/blog.zeit.de\/tontraeger\/2013\/11\/08\/eminem-marshall-mathers_17049","og_locale":"de_DE","og_type":"article","og_title":"Reime aus der Giftgrube - Musikblog","og_description":"Frustrierend, kompliziert, bisweilen faszinierend: Selten erscheinen K\u00fcnstler und Werk so deckungsgleich wie Eminem und sein neues Album &#8222;The Marshall Mathers LP 2&#8220;. Seit ihrer Ver\u00f6ffentlichung vor 13 Jahren f\u00fchrt The Marshall Mathers LP ein profitables Eigenleben. 21 Millionen Mal hat sich das dritte Eminem-Album bisher verkauft.","og_url":"https:\/\/blog.zeit.de\/tontraeger\/2013\/11\/08\/eminem-marshall-mathers_17049","og_site_name":"Tontr\u00e4ger","article_published_time":"2013-11-08T09:11:15+00:00","article_modified_time":"2013-11-11T10:02:25+00:00","og_image":[{"url":"https:\/\/blog.zeit.de\/tontraeger\/files\/2013\/11\/deminem.jpg"}],"author":"Daniel Gerhardt","twitter_card":"summary_large_image","twitter_creator":"@zeitonline","twitter_site":"@zeitonline","twitter_misc":{"Geschrieben von":"Daniel Gerhardt","Gesch\u00e4tzte Lesezeit":"3\u00a0Minuten"},"schema":{"@context":"https:\/\/schema.org","@graph":[{"@type":"WebPage","@id":"https:\/\/blog.zeit.de\/tontraeger\/2013\/11\/08\/eminem-marshall-mathers_17049","url":"https:\/\/blog.zeit.de\/tontraeger\/2013\/11\/08\/eminem-marshall-mathers_17049","name":"Reime aus der Giftgrube - Musikblog","isPartOf":{"@id":"https:\/\/blog.zeit.de\/tontraeger\/#website"},"datePublished":"2013-11-08T09:11:15+00:00","dateModified":"2013-11-11T10:02:25+00:00","author":{"@id":"https:\/\/blog.zeit.de\/tontraeger\/#\/schema\/person\/f781146f286a73156345f3c8ae190d67"},"breadcrumb":{"@id":"https:\/\/blog.zeit.de\/tontraeger\/2013\/11\/08\/eminem-marshall-mathers_17049#breadcrumb"},"inLanguage":"de","potentialAction":[{"@type":"ReadAction","target":["https:\/\/blog.zeit.de\/tontraeger\/2013\/11\/08\/eminem-marshall-mathers_17049"]}]},{"@type":"BreadcrumbList","@id":"https:\/\/blog.zeit.de\/tontraeger\/2013\/11\/08\/eminem-marshall-mathers_17049#breadcrumb","itemListElement":[{"@type":"ListItem","position":1,"name":"Startseite","item":"https:\/\/blog.zeit.de\/tontraeger"},{"@type":"ListItem","position":2,"name":"Reime aus der Giftgrube"}]},{"@type":"WebSite","@id":"https:\/\/blog.zeit.de\/tontraeger\/#website","url":"https:\/\/blog.zeit.de\/tontraeger\/","name":"Tontr\u00e4ger","description":"Zwischen Disko und Diskurs","potentialAction":[{"@type":"SearchAction","target":{"@type":"EntryPoint","urlTemplate":"https:\/\/blog.zeit.de\/tontraeger\/?s={search_term_string}"},"query-input":"required name=search_term_string"}],"inLanguage":"de"},{"@type":"Person","@id":"https:\/\/blog.zeit.de\/tontraeger\/#\/schema\/person\/f781146f286a73156345f3c8ae190d67","name":"Daniel Gerhardt","image":{"@type":"ImageObject","inLanguage":"de","@id":"https:\/\/blog.zeit.de\/tontraeger\/#\/schema\/person\/image\/","url":"https:\/\/secure.gravatar.com\/avatar\/c4c3b354fcc4843132ea97a090e9df9cc090b6af13265fad10303f8cbd5ad9eb?s=96&d=mm&r=g","contentUrl":"https:\/\/secure.gravatar.com\/avatar\/c4c3b354fcc4843132ea97a090e9df9cc090b6af13265fad10303f8cbd5ad9eb?s=96&d=mm&r=g","caption":"Daniel Gerhardt"},"url":"https:\/\/blog.zeit.de\/tontraeger\/author\/dgerhardt"}]}},"jetpack_featured_media_url":"","jetpack_sharing_enabled":true,"_links":{"self":[{"href":"https:\/\/blog.zeit.de\/tontraeger\/wp-json\/wp\/v2\/posts\/17049","targetHints":{"allow":["GET"]}}],"collection":[{"href":"https:\/\/blog.zeit.de\/tontraeger\/wp-json\/wp\/v2\/posts"}],"about":[{"href":"https:\/\/blog.zeit.de\/tontraeger\/wp-json\/wp\/v2\/types\/post"}],"author":[{"embeddable":true,"href":"https:\/\/blog.zeit.de\/tontraeger\/wp-json\/wp\/v2\/users\/419"}],"replies":[{"embeddable":true,"href":"https:\/\/blog.zeit.de\/tontraeger\/wp-json\/wp\/v2\/comments?post=17049"}],"version-history":[{"count":13,"href":"https:\/\/blog.zeit.de\/tontraeger\/wp-json\/wp\/v2\/posts\/17049\/revisions"}],"predecessor-version":[{"id":17074,"href":"https:\/\/blog.zeit.de\/tontraeger\/wp-json\/wp\/v2\/posts\/17049\/revisions\/17074"}],"wp:attachment":[{"href":"https:\/\/blog.zeit.de\/tontraeger\/wp-json\/wp\/v2\/media?parent=17049"}],"wp:term":[{"taxonomy":"category","embeddable":true,"href":"https:\/\/blog.zeit.de\/tontraeger\/wp-json\/wp\/v2\/categories?post=17049"},{"taxonomy":"post_tag","embeddable":true,"href":"https:\/\/blog.zeit.de\/tontraeger\/wp-json\/wp\/v2\/tags?post=17049"}],"curies":[{"name":"wp","href":"https:\/\/api.w.org\/{rel}","templated":true}]}}