{"id":18048,"date":"2014-05-12T11:29:31","date_gmt":"2014-05-12T09:29:31","guid":{"rendered":"http:\/\/blog.zeit.de\/tontraeger\/?p=18048"},"modified":"2014-12-23T14:56:13","modified_gmt":"2014-12-23T13:56:13","slug":"klaus-johann-grobe","status":"publish","type":"post","link":"https:\/\/blog.zeit.de\/tontraeger\/2014\/05\/12\/klaus-johann-grobe_18048","title":{"rendered":"Tanz&#8216; mit Deinem Blues"},"content":{"rendered":"<p><strong>Das Schweizer Synthiepopduo Klaus Johann Grobe f\u00e4hrt der zeitgen\u00f6ssischen Spa\u00dfdiktatur elegant in die Parade. Sein Deb\u00fctalbum findet die gute Laune in der schlechten.<\/strong><\/p>\n<p><figure id=\"attachment_18052\" aria-describedby=\"caption-attachment-18052\" style=\"width: 580px\" class=\"wp-caption alignleft\"><a href=\"https:\/\/blog.zeit.de\/tontraeger\/files\/2014\/05\/kjg569.jpg\"><img loading=\"lazy\" decoding=\"async\" class=\"size-full wp-image-18052\" alt=\"\u00a9 Off The Record\" src=\"https:\/\/blog.zeit.de\/tontraeger\/files\/2014\/05\/kjg569.jpg\" width=\"580\" height=\"326\" srcset=\"https:\/\/blog.zeit.de\/tontraeger\/files\/2014\/05\/kjg569.jpg 580w, https:\/\/blog.zeit.de\/tontraeger\/files\/2014\/05\/kjg569-300x168.jpg 300w\" sizes=\"auto, (max-width: 580px) 100vw, 580px\" \/><\/a><figcaption id=\"caption-attachment-18052\" class=\"wp-caption-text\">\u00a9 Off The Record<\/figcaption><\/figure><\/p>\n<p>Moll, das unbekannte Wesen. Es l\u00e4sst gute Laune nur unterschwellig erkennen. Man muss also genau hinh\u00f6ren, um sie zu erkennen. Auch bei Klaus Johann Grobe.<!--more--> Gerade dort. Aber dann!<\/p>\n<p>Die poppsychedelischen Keyboardfl\u00e4chen des Schweizer Duos aus dem Schmelztiegel Z\u00fcrich m\u00f6gen n\u00e4mlich bei der ersten Begegnung noch klingen, als w\u00fcrde Tom Liwa mit den Fuzztones auf Nick Caves Beerdigung spielen. Je mehr man sich allerdings reinh\u00f6rt in dieses absonderliche Deb\u00fctalbum namens <em>Im Sinne Der Zeit<\/em>, desto deutlicher sch\u00e4lt sich der Titel heraus als Anleitung zum Gl\u00fccklichsein in einer \u00c4ra, die den Tr\u00fcbsinn zur Volkskrankheit erkl\u00e4rt und Frohsinn zum Allheilmittel. Diesem Aberwitz zeitgen\u00f6ssischer Spa\u00dfdiktatur f\u00e4hrt man am elegantesten dialektisch in die Parade.<\/p>\n\n<div class=\"embed-wrapper embed-wrapper--blocked js-embed-consent\" data-method=\"iframe\">\n<script class=\"raw__source\" type=\"text\/template\"><iframe loading=\"lazy\" frameborder=\"0\" height=\"330\" src=\"\/\/www.youtube.com\/embed\/wJoh236m5RU\" width=\"580\"><\/iframe><\/script>\n<div class=\"embed-wrapper__inner\">\n<div class=\"embed-wrapper__text\">\n<h3>Empfohlener redaktioneller Inhalt<\/h3>\n<p data-replace=\"no\">An dieser Stelle finden Sie externen Inhalt, der den Artikel erg\u00e4nzt. Sie k\u00f6nnen sich externe Inhalte mit einem Klick anzeigen lassen und wieder ausblenden.<noscript>Bitte aktivieren Sie JavaScript damit Sie diesen Inhalt anzeigen k\u00f6nnen.<\/noscript><\/p>\n<\/div>\n<div class=\"embed-consent\">\n<label class=\"embed-consent__toggle\">\n<input class=\"js-embed-consent__toggle\" type=\"checkbox\" autocomplete=\"off\">\n<span><\/span>\nExterner Inhalt\n<\/label>\n<a href=\"https:\/\/www.zeit.de\/hilfe\/datenschutz\" target=\"_blank\" class=\"embed-consent__datalink-when-active\">Datenschutzerkl\u00e4rung<\/a>\n<\/div>\n<div class=\"embed-wrapper__footer\">\n<p data-replace=\"no\">\nIch bin damit einverstanden, dass mir externe Inhalte angezeigt werden. Damit k\u00f6nnen personenbezogene Daten an Drittplattformen \u00fcbermittelt werden. <a href=\"https:\/\/www.zeit.de\/hilfe\/datenschutz\" target=\"_blank\">Mehr dazu in unserer Datenschutzerkl\u00e4rung.<\/a>\n<\/p>\n<\/div>\n<\/div>\n<\/div>\n<p>Mit einem treibenden Bass vom Rechner zum Beispiel, der das Auftaktst\u00fcck <em>Between the buttons<\/em> nahezu funky einleitet, bis Sevi Landholt seine verst\u00f6rende Synthesizerorgel unter Daniel Bachmanns schwitziges Schlagzeug tr\u00f6pfelt und dazu n\u00f6lt, als beschwere er sich \u00fcber irgendetwas aus Prinzip. Weil sich beide, aber auch die folgenden acht grandios windschiefen Lieder in der Kunst \u00fcben, diesen Duktus in der konsonantensatten Meckersprache Deutsch nie larmoyant klingen zu lassen, wird daraus eine Perle verschrobener Popmusik. Sie erleuchtet bekiffte Regennachmittage ebenso wie den weinseligen Tanzboden und die Zeit, um sich vom jeweils anderen zu erholen.<\/p>\n<p>Das ruft zwar zuweilen tr\u00fcbe Erinnerungen an alte Krautrockbands wach, die sich bei aller ironischen Brechung allzu oft in emotionaler \u00dcberfrachtung verloren haben. Anders als die Schlaghosenzausel der damaligen Krisenjahre machen sich hier zwei b\u00e4rtige Hipster aber doch etwas l\u00e4ssiger \u00fcber den heiligen Ernst ihres eigenen Schwermuts lustig, wie es scheint. Mal unterstellt, wir haben dieses Duo mit dem Sparkassenfilialleiter im Namen also nicht ganz missverstanden, schafft es <em>Im Sinne Der Zeit<\/em> somit, die Melodramatik des Mollklangs discotauglich zu machen.<\/p>\n\n<div class=\"embed-wrapper embed-wrapper--blocked js-embed-consent\" data-method=\"iframe\">\n<script class=\"raw__source\" type=\"text\/template\"><iframe loading=\"lazy\" frameborder=\"no\" height=\"250\" scrolling=\"no\" src=\"https:\/\/w.soundcloud.com\/player\/?url=https%3A\/\/api.soundcloud.com\/playlists\/18951154&amp;auto_play=false&amp;hide_related=false&amp;visual=true\" width=\"100%\"><\/iframe><\/script>\n<div class=\"embed-wrapper__inner\">\n<div class=\"embed-wrapper__text\">\n<h3>Empfohlener redaktioneller Inhalt<\/h3>\n<p data-replace=\"no\">An dieser Stelle finden Sie externen Inhalt, der den Artikel erg\u00e4nzt. Sie k\u00f6nnen sich externe Inhalte mit einem Klick anzeigen lassen und wieder ausblenden.<noscript>Bitte aktivieren Sie JavaScript damit Sie diesen Inhalt anzeigen k\u00f6nnen.<\/noscript><\/p>\n<\/div>\n<div class=\"embed-consent\">\n<label class=\"embed-consent__toggle\">\n<input class=\"js-embed-consent__toggle\" type=\"checkbox\" autocomplete=\"off\">\n<span><\/span>\nExterner Inhalt\n<\/label>\n<a href=\"https:\/\/www.zeit.de\/hilfe\/datenschutz\" target=\"_blank\" class=\"embed-consent__datalink-when-active\">Datenschutzerkl\u00e4rung<\/a>\n<\/div>\n<div class=\"embed-wrapper__footer\">\n<p data-replace=\"no\">\nIch bin damit einverstanden, dass mir externe Inhalte angezeigt werden. Damit k\u00f6nnen personenbezogene Daten an Drittplattformen \u00fcbermittelt werden. <a href=\"https:\/\/www.zeit.de\/hilfe\/datenschutz\" target=\"_blank\">Mehr dazu in unserer Datenschutzerkl\u00e4rung.<\/a>\n<\/p>\n<\/div>\n<\/div>\n<\/div>\n<p>Das Motto lautet: Akzeptier&#8216; Deinen Blues, tanz&#8216; ihn raus, aber halt&#8216; Dir die anderen mit einem aseptischem Gummiball auf Distanz, wie die <a href=\"http:\/\/klausjohanngrobe.files.wordpress.com\/2014\/03\/sinnederzeit.jpg?w=500&amp;h=500\" target=\"_blank\">matte Farbfotografie des Covers<\/a> vorschl\u00e4gt. Oder auch: Lass dich gehen, aber mach dich dabei nicht gemein mit der Flatratefun-Gesellschaft. Nicht zu vergessen: Bewahr Dir Deinen Zynismus, bis die Gelegenheit zum Schwenk in den Fatalismus opportuner ist. Und ganz wichtig: H\u00f6r&#8216; diese Platte rauf und runter. Schlechte Laune war nie erfrischender.<\/p>\n<p><em>&#8222;Im Sinne der Zeit&#8220; von <a href=\"http:\/\/klausjohanngrobe.ch\/\" target=\"_blank\">Klaus Johann Grobe<\/a> ist erschienen bei Trouble In Mind.<\/em><\/p>\n","protected":false},"excerpt":{"rendered":"<p>Das Schweizer Synthiepopduo Klaus Johann Grobe f\u00e4hrt der zeitgen\u00f6ssischen Spa\u00dfdiktatur elegant in die Parade. Sein Deb\u00fctalbum findet die gute Laune in der schlechten. Moll, das unbekannte Wesen. Es l\u00e4sst gute Laune nur unterschwellig erkennen. Man muss also genau hinh\u00f6ren, um sie zu erkennen. Auch bei Klaus Johann Grobe.<\/p>\n","protected":false},"author":118,"featured_media":0,"comment_status":"closed","ping_status":"closed","sticky":false,"template":"","format":"standard","meta":{"_jetpack_memberships_contains_paid_content":false,"footnotes":""},"categories":[869],"tags":[],"class_list":["post-18048","post","type-post","status-publish","format-standard","hentry","category-pop"],"yoast_head":"<!-- This site is optimized with the Yoast SEO plugin v21.0 - https:\/\/yoast.com\/wordpress\/plugins\/seo\/ -->\n<title>Tanz&#039; mit Deinem Blues - Musikblog<\/title>\n<meta name=\"robots\" content=\"index, follow, max-snippet:-1, max-image-preview:large, max-video-preview:-1\" \/>\n<link rel=\"canonical\" href=\"https:\/\/blog.zeit.de\/tontraeger\/2014\/05\/12\/klaus-johann-grobe_18048\" \/>\n<meta property=\"og:locale\" content=\"de_DE\" \/>\n<meta property=\"og:type\" content=\"article\" \/>\n<meta property=\"og:title\" content=\"Tanz&#039; mit Deinem Blues - Musikblog\" \/>\n<meta property=\"og:description\" content=\"Das Schweizer Synthiepopduo Klaus Johann Grobe f\u00e4hrt der zeitgen\u00f6ssischen Spa\u00dfdiktatur elegant in die Parade. Sein Deb\u00fctalbum findet die gute Laune in der schlechten. Moll, das unbekannte Wesen. Es l\u00e4sst gute Laune nur unterschwellig erkennen. Man muss also genau hinh\u00f6ren, um sie zu erkennen. Auch bei Klaus Johann Grobe.\" \/>\n<meta property=\"og:url\" content=\"https:\/\/blog.zeit.de\/tontraeger\/2014\/05\/12\/klaus-johann-grobe_18048\" \/>\n<meta property=\"og:site_name\" content=\"Tontr\u00e4ger\" \/>\n<meta property=\"article:published_time\" content=\"2014-05-12T09:29:31+00:00\" \/>\n<meta property=\"article:modified_time\" content=\"2014-12-23T13:56:13+00:00\" \/>\n<meta property=\"og:image\" content=\"https:\/\/blog.zeit.de\/tontraeger\/files\/2014\/05\/kjg569.jpg\" \/>\n<meta name=\"author\" content=\"Jan Freitag\" \/>\n<meta name=\"twitter:card\" content=\"summary_large_image\" \/>\n<meta name=\"twitter:creator\" content=\"@zeitonline\" \/>\n<meta name=\"twitter:site\" content=\"@zeitonline\" \/>\n<meta name=\"twitter:label1\" content=\"Geschrieben von\" \/>\n\t<meta name=\"twitter:data1\" content=\"Jan Freitag\" \/>\n\t<meta name=\"twitter:label2\" content=\"Gesch\u00e4tzte Lesezeit\" \/>\n\t<meta name=\"twitter:data2\" content=\"2\u00a0Minuten\" \/>\n<script type=\"application\/ld+json\" class=\"yoast-schema-graph\">{\"@context\":\"https:\/\/schema.org\",\"@graph\":[{\"@type\":\"WebPage\",\"@id\":\"https:\/\/blog.zeit.de\/tontraeger\/2014\/05\/12\/klaus-johann-grobe_18048\",\"url\":\"https:\/\/blog.zeit.de\/tontraeger\/2014\/05\/12\/klaus-johann-grobe_18048\",\"name\":\"Tanz' mit Deinem Blues - Musikblog\",\"isPartOf\":{\"@id\":\"https:\/\/blog.zeit.de\/tontraeger\/#website\"},\"datePublished\":\"2014-05-12T09:29:31+00:00\",\"dateModified\":\"2014-12-23T13:56:13+00:00\",\"author\":{\"@id\":\"https:\/\/blog.zeit.de\/tontraeger\/#\/schema\/person\/c8ae38c87080d26cfcf3b6d9126637c1\"},\"breadcrumb\":{\"@id\":\"https:\/\/blog.zeit.de\/tontraeger\/2014\/05\/12\/klaus-johann-grobe_18048#breadcrumb\"},\"inLanguage\":\"de\",\"potentialAction\":[{\"@type\":\"ReadAction\",\"target\":[\"https:\/\/blog.zeit.de\/tontraeger\/2014\/05\/12\/klaus-johann-grobe_18048\"]}]},{\"@type\":\"BreadcrumbList\",\"@id\":\"https:\/\/blog.zeit.de\/tontraeger\/2014\/05\/12\/klaus-johann-grobe_18048#breadcrumb\",\"itemListElement\":[{\"@type\":\"ListItem\",\"position\":1,\"name\":\"Startseite\",\"item\":\"https:\/\/blog.zeit.de\/tontraeger\"},{\"@type\":\"ListItem\",\"position\":2,\"name\":\"Tanz&#8216; mit Deinem Blues\"}]},{\"@type\":\"WebSite\",\"@id\":\"https:\/\/blog.zeit.de\/tontraeger\/#website\",\"url\":\"https:\/\/blog.zeit.de\/tontraeger\/\",\"name\":\"Tontr\u00e4ger\",\"description\":\"Zwischen Disko und Diskurs\",\"potentialAction\":[{\"@type\":\"SearchAction\",\"target\":{\"@type\":\"EntryPoint\",\"urlTemplate\":\"https:\/\/blog.zeit.de\/tontraeger\/?s={search_term_string}\"},\"query-input\":\"required name=search_term_string\"}],\"inLanguage\":\"de\"},{\"@type\":\"Person\",\"@id\":\"https:\/\/blog.zeit.de\/tontraeger\/#\/schema\/person\/c8ae38c87080d26cfcf3b6d9126637c1\",\"name\":\"Jan Freitag\",\"image\":{\"@type\":\"ImageObject\",\"inLanguage\":\"de\",\"@id\":\"https:\/\/blog.zeit.de\/tontraeger\/#\/schema\/person\/image\/\",\"url\":\"https:\/\/secure.gravatar.com\/avatar\/40eb562c55a5ee8def5c5e7a682c0582f7a017504454f7c2e24a052e01de36a2?s=96&d=mm&r=g\",\"contentUrl\":\"https:\/\/secure.gravatar.com\/avatar\/40eb562c55a5ee8def5c5e7a682c0582f7a017504454f7c2e24a052e01de36a2?s=96&d=mm&r=g\",\"caption\":\"Jan Freitag\"},\"url\":\"https:\/\/blog.zeit.de\/tontraeger\/author\/jan-freitag\"}]}<\/script>\n<!-- \/ Yoast SEO plugin. -->","yoast_head_json":{"title":"Tanz' mit Deinem Blues - Musikblog","robots":{"index":"index","follow":"follow","max-snippet":"max-snippet:-1","max-image-preview":"max-image-preview:large","max-video-preview":"max-video-preview:-1"},"canonical":"https:\/\/blog.zeit.de\/tontraeger\/2014\/05\/12\/klaus-johann-grobe_18048","og_locale":"de_DE","og_type":"article","og_title":"Tanz' mit Deinem Blues - Musikblog","og_description":"Das Schweizer Synthiepopduo Klaus Johann Grobe f\u00e4hrt der zeitgen\u00f6ssischen Spa\u00dfdiktatur elegant in die Parade. Sein Deb\u00fctalbum findet die gute Laune in der schlechten. Moll, das unbekannte Wesen. Es l\u00e4sst gute Laune nur unterschwellig erkennen. Man muss also genau hinh\u00f6ren, um sie zu erkennen. Auch bei Klaus Johann Grobe.","og_url":"https:\/\/blog.zeit.de\/tontraeger\/2014\/05\/12\/klaus-johann-grobe_18048","og_site_name":"Tontr\u00e4ger","article_published_time":"2014-05-12T09:29:31+00:00","article_modified_time":"2014-12-23T13:56:13+00:00","og_image":[{"url":"https:\/\/blog.zeit.de\/tontraeger\/files\/2014\/05\/kjg569.jpg"}],"author":"Jan Freitag","twitter_card":"summary_large_image","twitter_creator":"@zeitonline","twitter_site":"@zeitonline","twitter_misc":{"Geschrieben von":"Jan Freitag","Gesch\u00e4tzte Lesezeit":"2\u00a0Minuten"},"schema":{"@context":"https:\/\/schema.org","@graph":[{"@type":"WebPage","@id":"https:\/\/blog.zeit.de\/tontraeger\/2014\/05\/12\/klaus-johann-grobe_18048","url":"https:\/\/blog.zeit.de\/tontraeger\/2014\/05\/12\/klaus-johann-grobe_18048","name":"Tanz' mit Deinem Blues - Musikblog","isPartOf":{"@id":"https:\/\/blog.zeit.de\/tontraeger\/#website"},"datePublished":"2014-05-12T09:29:31+00:00","dateModified":"2014-12-23T13:56:13+00:00","author":{"@id":"https:\/\/blog.zeit.de\/tontraeger\/#\/schema\/person\/c8ae38c87080d26cfcf3b6d9126637c1"},"breadcrumb":{"@id":"https:\/\/blog.zeit.de\/tontraeger\/2014\/05\/12\/klaus-johann-grobe_18048#breadcrumb"},"inLanguage":"de","potentialAction":[{"@type":"ReadAction","target":["https:\/\/blog.zeit.de\/tontraeger\/2014\/05\/12\/klaus-johann-grobe_18048"]}]},{"@type":"BreadcrumbList","@id":"https:\/\/blog.zeit.de\/tontraeger\/2014\/05\/12\/klaus-johann-grobe_18048#breadcrumb","itemListElement":[{"@type":"ListItem","position":1,"name":"Startseite","item":"https:\/\/blog.zeit.de\/tontraeger"},{"@type":"ListItem","position":2,"name":"Tanz&#8216; mit Deinem Blues"}]},{"@type":"WebSite","@id":"https:\/\/blog.zeit.de\/tontraeger\/#website","url":"https:\/\/blog.zeit.de\/tontraeger\/","name":"Tontr\u00e4ger","description":"Zwischen Disko und Diskurs","potentialAction":[{"@type":"SearchAction","target":{"@type":"EntryPoint","urlTemplate":"https:\/\/blog.zeit.de\/tontraeger\/?s={search_term_string}"},"query-input":"required name=search_term_string"}],"inLanguage":"de"},{"@type":"Person","@id":"https:\/\/blog.zeit.de\/tontraeger\/#\/schema\/person\/c8ae38c87080d26cfcf3b6d9126637c1","name":"Jan Freitag","image":{"@type":"ImageObject","inLanguage":"de","@id":"https:\/\/blog.zeit.de\/tontraeger\/#\/schema\/person\/image\/","url":"https:\/\/secure.gravatar.com\/avatar\/40eb562c55a5ee8def5c5e7a682c0582f7a017504454f7c2e24a052e01de36a2?s=96&d=mm&r=g","contentUrl":"https:\/\/secure.gravatar.com\/avatar\/40eb562c55a5ee8def5c5e7a682c0582f7a017504454f7c2e24a052e01de36a2?s=96&d=mm&r=g","caption":"Jan Freitag"},"url":"https:\/\/blog.zeit.de\/tontraeger\/author\/jan-freitag"}]}},"jetpack_featured_media_url":"","jetpack_sharing_enabled":true,"_links":{"self":[{"href":"https:\/\/blog.zeit.de\/tontraeger\/wp-json\/wp\/v2\/posts\/18048","targetHints":{"allow":["GET"]}}],"collection":[{"href":"https:\/\/blog.zeit.de\/tontraeger\/wp-json\/wp\/v2\/posts"}],"about":[{"href":"https:\/\/blog.zeit.de\/tontraeger\/wp-json\/wp\/v2\/types\/post"}],"author":[{"embeddable":true,"href":"https:\/\/blog.zeit.de\/tontraeger\/wp-json\/wp\/v2\/users\/118"}],"replies":[{"embeddable":true,"href":"https:\/\/blog.zeit.de\/tontraeger\/wp-json\/wp\/v2\/comments?post=18048"}],"version-history":[{"count":10,"href":"https:\/\/blog.zeit.de\/tontraeger\/wp-json\/wp\/v2\/posts\/18048\/revisions"}],"predecessor-version":[{"id":18059,"href":"https:\/\/blog.zeit.de\/tontraeger\/wp-json\/wp\/v2\/posts\/18048\/revisions\/18059"}],"wp:attachment":[{"href":"https:\/\/blog.zeit.de\/tontraeger\/wp-json\/wp\/v2\/media?parent=18048"}],"wp:term":[{"taxonomy":"category","embeddable":true,"href":"https:\/\/blog.zeit.de\/tontraeger\/wp-json\/wp\/v2\/categories?post=18048"},{"taxonomy":"post_tag","embeddable":true,"href":"https:\/\/blog.zeit.de\/tontraeger\/wp-json\/wp\/v2\/tags?post=18048"}],"curies":[{"name":"wp","href":"https:\/\/api.w.org\/{rel}","templated":true}]}}