{"id":18503,"date":"2014-08-18T11:46:25","date_gmt":"2014-08-18T09:46:25","guid":{"rendered":"http:\/\/blog.zeit.de\/tontraeger\/?p=18503"},"modified":"2014-12-23T14:51:34","modified_gmt":"2014-12-23T13:51:34","slug":"moire-shelter","status":"publish","type":"post","link":"https:\/\/blog.zeit.de\/tontraeger\/2014\/08\/18\/moire-shelter_18503","title":{"rendered":"Stil im Dunkeln"},"content":{"rendered":"<p><strong>Wer ist dieser Moir\u00e9? Der Londoner Musikproduzent h\u00e4lt sich selbst bedeckt und l\u00e4sst auch seinen House lieber aus dem Untergrund strahlen. Sein ber\u00fcckendes Deb\u00fctalbum &#8222;Shelter&#8220; t\u00e4nzelt zwischen Club und Lounge.<\/strong><\/p>\n<p><figure id=\"attachment_18536\" aria-describedby=\"caption-attachment-18536\" style=\"width: 580px\" class=\"wp-caption alignleft\"><a href=\"https:\/\/blog.zeit.de\/tontraeger\/files\/2014\/08\/moire839.jpg\"><img loading=\"lazy\" decoding=\"async\" class=\"size-full wp-image-18536\" src=\"https:\/\/blog.zeit.de\/tontraeger\/files\/2014\/08\/moire839.jpg\" alt=\"\u00a9 Katja Ruge\" width=\"580\" height=\"326\" srcset=\"https:\/\/blog.zeit.de\/tontraeger\/files\/2014\/08\/moire839.jpg 580w, https:\/\/blog.zeit.de\/tontraeger\/files\/2014\/08\/moire839-300x168.jpg 300w\" sizes=\"auto, (max-width: 580px) 100vw, 580px\" \/><\/a><figcaption id=\"caption-attachment-18536\" class=\"wp-caption-text\">\u00a9 Katja Ruge<\/figcaption><\/figure><\/p>\n<p>Es ist nie das Schlechteste, ein klitzekleines Geheimnis um sich und seine Ziele zu haben. In der Liebe ist das kaum anders als im Krieg, im Alltag genauso wie auf dem weiten Feld der Kunst.<!--more--><\/p>\n<p>Der Londoner Musikproduzent Moir\u00e9 zum Beispiel zelebriert das R\u00e4tselhafte um seine Person. Bisweilen sind seine flinken Finger an den Reglern auf der B\u00fchne zu bestaunen. Bis auf ein paar Kollaborationen und EPs war allerdings noch nichts Gro\u00dfes, Eigenst\u00e4ndiges auf Tontr\u00e4gern zu h\u00f6ren.<\/p>\n<p>Das \u00e4ndert sich nun zwar mit seinem ber\u00fcckenden Deb\u00fctalbum <em>Shelter<\/em>. Doch der versierte Live-DJ h\u00e4lt offenbar weiterhin wenig von Publicity und Bekanntheit. Diese Zur\u00fcckhaltung scheint auch auf seinen Sound abzustrahlen. Den ausschlie\u00dflich im Bereich des Minimal House zu verorten, ginge schlie\u00dflich trotz des gem\u00e4chlichen Tempos an der Sache vorbei. Von Progressive bis French verstecken sich darin allerlei weitere Komponenten des Genres. Im verst\u00f6rend beatlosen <em>Elite\/Hands On<\/em> etwa experimentiert Moir\u00e9 gelegentlich mit verquirlten Klangkollagen jenseits fester Songstrukturen, findet aber gleich im Anschluss (<em>Infinity Shadow<\/em>) zu fast discotauglicher Dynamik mit stilisierten Vocals zur\u00fcck.<\/p>\n\n<div class=\"embed-wrapper embed-wrapper--blocked js-embed-consent\" data-method=\"iframe\">\n<script class=\"raw__source\" type=\"text\/template\"><iframe loading=\"lazy\" frameborder=\"0\" height=\"330\" src=\"\/\/www.youtube.com\/embed\/Ti3Dl5zyFH8\" width=\"580\"><\/iframe><\/script>\n<div class=\"embed-wrapper__inner\">\n<div class=\"embed-wrapper__text\">\n<h3>Empfohlener redaktioneller Inhalt<\/h3>\n<p data-replace=\"no\">An dieser Stelle finden Sie externen Inhalt, der den Artikel erg\u00e4nzt. Sie k\u00f6nnen sich externe Inhalte mit einem Klick anzeigen lassen und wieder ausblenden.<noscript>Bitte aktivieren Sie JavaScript damit Sie diesen Inhalt anzeigen k\u00f6nnen.<\/noscript><\/p>\n<\/div>\n<div class=\"embed-consent\">\n<label class=\"embed-consent__toggle\">\n<input class=\"js-embed-consent__toggle\" type=\"checkbox\" autocomplete=\"off\">\n<span><\/span>\nExterner Inhalt\n<\/label>\n<a href=\"https:\/\/www.zeit.de\/hilfe\/datenschutz\" target=\"_blank\" class=\"embed-consent__datalink-when-active\">Datenschutzerkl\u00e4rung<\/a>\n<\/div>\n<div class=\"embed-wrapper__footer\">\n<p data-replace=\"no\">\nIch bin damit einverstanden, dass mir externe Inhalte angezeigt werden. Damit k\u00f6nnen personenbezogene Daten an Drittplattformen \u00fcbermittelt werden. <a href=\"https:\/\/www.zeit.de\/hilfe\/datenschutz\" target=\"_blank\">Mehr dazu in unserer Datenschutzerkl\u00e4rung.<\/a>\n<\/p>\n<\/div>\n<\/div>\n<\/div>\n<p>Moir\u00e9 bleibt konsequent in der Unergr\u00fcndlichkeit seiner Person und bel\u00e4sst auch sein Erstlingswerk stilistisch eher im Dunkeln. Da rauschen die B\u00e4sse manchmal hinein, als w\u00fcrde gleich ein fettes Techbrett gebohrt. Dann aber rascheln nur noch weiche Synthiefl\u00e4chen unter der unverw\u00fcstlichen Hi-Hat. Eine Dreiviertelstunde wirkt es so, als schliche Moir\u00e9 nicht nur um seine wahre Identit\u00e4t herum, sondern auch um jede Festlegung auf irgendetwas Greifbares an seiner sch\u00fcchternen Version der EDM. Nie ist zu ahnen, was er vorhat. Will er die Massen zum Tanzen bringen oder zum Lauschen? Unterhalten oder sedieren? Will er, wie im Klatsch-House von <em>Stars<\/em>, in den \u00fcberfrachteten Pop abbiegen oder, wie im anschlie\u00dfenden <em>Rings feat. Charlie Tappin<\/em>, Richtung Ambient-Reduktion? Bezweckt er \u00fcberhaupt etwas mit <em>Shelter<\/em> oder dekliniert da nur ein Mischpultvirtuose seine Liebe zum Verketten dessen, was er in der Welt der Ger\u00e4usche so Bizarres findet?<\/p>\n\n<div class=\"embed-wrapper embed-wrapper--blocked js-embed-consent\" data-method=\"iframe\">\n<script class=\"raw__source\" type=\"text\/template\"><iframe loading=\"lazy\" frameborder=\"no\" height=\"150\" scrolling=\"no\" src=\"https:\/\/w.soundcloud.com\/player\/?url=https%3A\/\/api.soundcloud.com\/tracks\/151570170&amp;auto_play=false&amp;hide_related=false&amp;show_comments=true&amp;show_user=true&amp;show_reposts=false&amp;visual=true\" width=\"100%\"><\/iframe><\/script>\n<div class=\"embed-wrapper__inner\">\n<div class=\"embed-wrapper__text\">\n<h3>Empfohlener redaktioneller Inhalt<\/h3>\n<p data-replace=\"no\">An dieser Stelle finden Sie externen Inhalt, der den Artikel erg\u00e4nzt. Sie k\u00f6nnen sich externe Inhalte mit einem Klick anzeigen lassen und wieder ausblenden.<noscript>Bitte aktivieren Sie JavaScript damit Sie diesen Inhalt anzeigen k\u00f6nnen.<\/noscript><\/p>\n<\/div>\n<div class=\"embed-consent\">\n<label class=\"embed-consent__toggle\">\n<input class=\"js-embed-consent__toggle\" type=\"checkbox\" autocomplete=\"off\">\n<span><\/span>\nExterner Inhalt\n<\/label>\n<a href=\"https:\/\/www.zeit.de\/hilfe\/datenschutz\" target=\"_blank\" class=\"embed-consent__datalink-when-active\">Datenschutzerkl\u00e4rung<\/a>\n<\/div>\n<div class=\"embed-wrapper__footer\">\n<p data-replace=\"no\">\nIch bin damit einverstanden, dass mir externe Inhalte angezeigt werden. Damit k\u00f6nnen personenbezogene Daten an Drittplattformen \u00fcbermittelt werden. <a href=\"https:\/\/www.zeit.de\/hilfe\/datenschutz\" target=\"_blank\">Mehr dazu in unserer Datenschutzerkl\u00e4rung.<\/a>\n<\/p>\n<\/div>\n<\/div>\n<\/div>\n<p>Vermutlich von allem ein bisschen, jedenfalls von nichts zu viel. Deshalb kann man sich in einem Moment wunderbar im vielf\u00e4ltigen Kosmos der acht Tracks verlieren, um im n\u00e4chsten so eine merkw\u00fcrdige Zappeligkeit in den Beinen zu versp\u00fcren. So bringt uns Moir\u00e9s erstes Album eine Art Festivalmusik f\u00fcr die Stunden nach der Kernpartyphase vorm Sonnenaufgang. Es lockt Kraftreserven aus den m\u00fcden Knochen, leert sie aber nicht vollends. Chill-out-Sound in der Morgenbrise. Die ambrosischen Stunden. Eine geheimnisvolle Zeit, erf\u00fcllt mit Musik eines geheimnisvollen K\u00fcnstlers.<\/p>\n<p><em>&#8222;Shelter&#8220; von Moir\u00e9 ist erschienen bei Werkdiscs\/Ninja Tune.<\/em><\/p>\n","protected":false},"excerpt":{"rendered":"<p>Wer ist dieser Moir\u00e9? Der Londoner Musikproduzent h\u00e4lt sich selbst bedeckt und l\u00e4sst auch seinen House lieber aus dem Untergrund strahlen. Sein ber\u00fcckendes Deb\u00fctalbum &#8222;Shelter&#8220; t\u00e4nzelt zwischen Club und Lounge. Es ist nie das Schlechteste, ein klitzekleines Geheimnis um sich und seine Ziele zu haben. In der Liebe ist das kaum anders als im Krieg, [&hellip;]<\/p>\n","protected":false},"author":118,"featured_media":0,"comment_status":"closed","ping_status":"closed","sticky":false,"template":"","format":"standard","meta":{"_jetpack_memberships_contains_paid_content":false,"footnotes":""},"categories":[860,864],"tags":[],"class_list":["post-18503","post","type-post","status-publish","format-standard","hentry","category-elektronika","category-house"],"yoast_head":"<!-- This site is optimized with the Yoast SEO plugin v21.0 - https:\/\/yoast.com\/wordpress\/plugins\/seo\/ -->\n<title>Stil im Dunkeln - Musikblog<\/title>\n<meta name=\"robots\" content=\"index, follow, max-snippet:-1, max-image-preview:large, max-video-preview:-1\" \/>\n<link rel=\"canonical\" href=\"https:\/\/blog.zeit.de\/tontraeger\/2014\/08\/18\/moire-shelter_18503\" \/>\n<meta property=\"og:locale\" content=\"de_DE\" \/>\n<meta property=\"og:type\" content=\"article\" \/>\n<meta property=\"og:title\" content=\"Stil im Dunkeln - Musikblog\" \/>\n<meta property=\"og:description\" content=\"Wer ist dieser Moir\u00e9? Der Londoner Musikproduzent h\u00e4lt sich selbst bedeckt und l\u00e4sst auch seinen House lieber aus dem Untergrund strahlen. Sein ber\u00fcckendes Deb\u00fctalbum &#8222;Shelter&#8220; t\u00e4nzelt zwischen Club und Lounge. Es ist nie das Schlechteste, ein klitzekleines Geheimnis um sich und seine Ziele zu haben. In der Liebe ist das kaum anders als im Krieg, [&hellip;]\" \/>\n<meta property=\"og:url\" content=\"https:\/\/blog.zeit.de\/tontraeger\/2014\/08\/18\/moire-shelter_18503\" \/>\n<meta property=\"og:site_name\" content=\"Tontr\u00e4ger\" \/>\n<meta property=\"article:published_time\" content=\"2014-08-18T09:46:25+00:00\" \/>\n<meta property=\"article:modified_time\" content=\"2014-12-23T13:51:34+00:00\" \/>\n<meta property=\"og:image\" content=\"https:\/\/blog.zeit.de\/tontraeger\/files\/2014\/08\/moire839.jpg\" \/>\n<meta name=\"author\" content=\"Jan Freitag\" \/>\n<meta name=\"twitter:card\" content=\"summary_large_image\" \/>\n<meta name=\"twitter:creator\" content=\"@zeitonline\" \/>\n<meta name=\"twitter:site\" content=\"@zeitonline\" \/>\n<meta name=\"twitter:label1\" content=\"Geschrieben von\" \/>\n\t<meta name=\"twitter:data1\" content=\"Jan Freitag\" \/>\n\t<meta name=\"twitter:label2\" content=\"Gesch\u00e4tzte Lesezeit\" \/>\n\t<meta name=\"twitter:data2\" content=\"2\u00a0Minuten\" \/>\n<script type=\"application\/ld+json\" class=\"yoast-schema-graph\">{\"@context\":\"https:\/\/schema.org\",\"@graph\":[{\"@type\":\"WebPage\",\"@id\":\"https:\/\/blog.zeit.de\/tontraeger\/2014\/08\/18\/moire-shelter_18503\",\"url\":\"https:\/\/blog.zeit.de\/tontraeger\/2014\/08\/18\/moire-shelter_18503\",\"name\":\"Stil im Dunkeln - Musikblog\",\"isPartOf\":{\"@id\":\"https:\/\/blog.zeit.de\/tontraeger\/#website\"},\"datePublished\":\"2014-08-18T09:46:25+00:00\",\"dateModified\":\"2014-12-23T13:51:34+00:00\",\"author\":{\"@id\":\"https:\/\/blog.zeit.de\/tontraeger\/#\/schema\/person\/c8ae38c87080d26cfcf3b6d9126637c1\"},\"breadcrumb\":{\"@id\":\"https:\/\/blog.zeit.de\/tontraeger\/2014\/08\/18\/moire-shelter_18503#breadcrumb\"},\"inLanguage\":\"de\",\"potentialAction\":[{\"@type\":\"ReadAction\",\"target\":[\"https:\/\/blog.zeit.de\/tontraeger\/2014\/08\/18\/moire-shelter_18503\"]}]},{\"@type\":\"BreadcrumbList\",\"@id\":\"https:\/\/blog.zeit.de\/tontraeger\/2014\/08\/18\/moire-shelter_18503#breadcrumb\",\"itemListElement\":[{\"@type\":\"ListItem\",\"position\":1,\"name\":\"Startseite\",\"item\":\"https:\/\/blog.zeit.de\/tontraeger\"},{\"@type\":\"ListItem\",\"position\":2,\"name\":\"Stil im Dunkeln\"}]},{\"@type\":\"WebSite\",\"@id\":\"https:\/\/blog.zeit.de\/tontraeger\/#website\",\"url\":\"https:\/\/blog.zeit.de\/tontraeger\/\",\"name\":\"Tontr\u00e4ger\",\"description\":\"Zwischen Disko und Diskurs\",\"potentialAction\":[{\"@type\":\"SearchAction\",\"target\":{\"@type\":\"EntryPoint\",\"urlTemplate\":\"https:\/\/blog.zeit.de\/tontraeger\/?s={search_term_string}\"},\"query-input\":\"required name=search_term_string\"}],\"inLanguage\":\"de\"},{\"@type\":\"Person\",\"@id\":\"https:\/\/blog.zeit.de\/tontraeger\/#\/schema\/person\/c8ae38c87080d26cfcf3b6d9126637c1\",\"name\":\"Jan Freitag\",\"image\":{\"@type\":\"ImageObject\",\"inLanguage\":\"de\",\"@id\":\"https:\/\/blog.zeit.de\/tontraeger\/#\/schema\/person\/image\/\",\"url\":\"https:\/\/secure.gravatar.com\/avatar\/40eb562c55a5ee8def5c5e7a682c0582f7a017504454f7c2e24a052e01de36a2?s=96&d=mm&r=g\",\"contentUrl\":\"https:\/\/secure.gravatar.com\/avatar\/40eb562c55a5ee8def5c5e7a682c0582f7a017504454f7c2e24a052e01de36a2?s=96&d=mm&r=g\",\"caption\":\"Jan Freitag\"},\"url\":\"https:\/\/blog.zeit.de\/tontraeger\/author\/jan-freitag\"}]}<\/script>\n<!-- \/ Yoast SEO plugin. -->","yoast_head_json":{"title":"Stil im Dunkeln - Musikblog","robots":{"index":"index","follow":"follow","max-snippet":"max-snippet:-1","max-image-preview":"max-image-preview:large","max-video-preview":"max-video-preview:-1"},"canonical":"https:\/\/blog.zeit.de\/tontraeger\/2014\/08\/18\/moire-shelter_18503","og_locale":"de_DE","og_type":"article","og_title":"Stil im Dunkeln - Musikblog","og_description":"Wer ist dieser Moir\u00e9? Der Londoner Musikproduzent h\u00e4lt sich selbst bedeckt und l\u00e4sst auch seinen House lieber aus dem Untergrund strahlen. Sein ber\u00fcckendes Deb\u00fctalbum &#8222;Shelter&#8220; t\u00e4nzelt zwischen Club und Lounge. Es ist nie das Schlechteste, ein klitzekleines Geheimnis um sich und seine Ziele zu haben. In der Liebe ist das kaum anders als im Krieg, [&hellip;]","og_url":"https:\/\/blog.zeit.de\/tontraeger\/2014\/08\/18\/moire-shelter_18503","og_site_name":"Tontr\u00e4ger","article_published_time":"2014-08-18T09:46:25+00:00","article_modified_time":"2014-12-23T13:51:34+00:00","og_image":[{"url":"https:\/\/blog.zeit.de\/tontraeger\/files\/2014\/08\/moire839.jpg"}],"author":"Jan Freitag","twitter_card":"summary_large_image","twitter_creator":"@zeitonline","twitter_site":"@zeitonline","twitter_misc":{"Geschrieben von":"Jan Freitag","Gesch\u00e4tzte Lesezeit":"2\u00a0Minuten"},"schema":{"@context":"https:\/\/schema.org","@graph":[{"@type":"WebPage","@id":"https:\/\/blog.zeit.de\/tontraeger\/2014\/08\/18\/moire-shelter_18503","url":"https:\/\/blog.zeit.de\/tontraeger\/2014\/08\/18\/moire-shelter_18503","name":"Stil im Dunkeln - Musikblog","isPartOf":{"@id":"https:\/\/blog.zeit.de\/tontraeger\/#website"},"datePublished":"2014-08-18T09:46:25+00:00","dateModified":"2014-12-23T13:51:34+00:00","author":{"@id":"https:\/\/blog.zeit.de\/tontraeger\/#\/schema\/person\/c8ae38c87080d26cfcf3b6d9126637c1"},"breadcrumb":{"@id":"https:\/\/blog.zeit.de\/tontraeger\/2014\/08\/18\/moire-shelter_18503#breadcrumb"},"inLanguage":"de","potentialAction":[{"@type":"ReadAction","target":["https:\/\/blog.zeit.de\/tontraeger\/2014\/08\/18\/moire-shelter_18503"]}]},{"@type":"BreadcrumbList","@id":"https:\/\/blog.zeit.de\/tontraeger\/2014\/08\/18\/moire-shelter_18503#breadcrumb","itemListElement":[{"@type":"ListItem","position":1,"name":"Startseite","item":"https:\/\/blog.zeit.de\/tontraeger"},{"@type":"ListItem","position":2,"name":"Stil im Dunkeln"}]},{"@type":"WebSite","@id":"https:\/\/blog.zeit.de\/tontraeger\/#website","url":"https:\/\/blog.zeit.de\/tontraeger\/","name":"Tontr\u00e4ger","description":"Zwischen Disko und Diskurs","potentialAction":[{"@type":"SearchAction","target":{"@type":"EntryPoint","urlTemplate":"https:\/\/blog.zeit.de\/tontraeger\/?s={search_term_string}"},"query-input":"required name=search_term_string"}],"inLanguage":"de"},{"@type":"Person","@id":"https:\/\/blog.zeit.de\/tontraeger\/#\/schema\/person\/c8ae38c87080d26cfcf3b6d9126637c1","name":"Jan Freitag","image":{"@type":"ImageObject","inLanguage":"de","@id":"https:\/\/blog.zeit.de\/tontraeger\/#\/schema\/person\/image\/","url":"https:\/\/secure.gravatar.com\/avatar\/40eb562c55a5ee8def5c5e7a682c0582f7a017504454f7c2e24a052e01de36a2?s=96&d=mm&r=g","contentUrl":"https:\/\/secure.gravatar.com\/avatar\/40eb562c55a5ee8def5c5e7a682c0582f7a017504454f7c2e24a052e01de36a2?s=96&d=mm&r=g","caption":"Jan Freitag"},"url":"https:\/\/blog.zeit.de\/tontraeger\/author\/jan-freitag"}]}},"jetpack_featured_media_url":"","jetpack_sharing_enabled":true,"_links":{"self":[{"href":"https:\/\/blog.zeit.de\/tontraeger\/wp-json\/wp\/v2\/posts\/18503","targetHints":{"allow":["GET"]}}],"collection":[{"href":"https:\/\/blog.zeit.de\/tontraeger\/wp-json\/wp\/v2\/posts"}],"about":[{"href":"https:\/\/blog.zeit.de\/tontraeger\/wp-json\/wp\/v2\/types\/post"}],"author":[{"embeddable":true,"href":"https:\/\/blog.zeit.de\/tontraeger\/wp-json\/wp\/v2\/users\/118"}],"replies":[{"embeddable":true,"href":"https:\/\/blog.zeit.de\/tontraeger\/wp-json\/wp\/v2\/comments?post=18503"}],"version-history":[{"count":11,"href":"https:\/\/blog.zeit.de\/tontraeger\/wp-json\/wp\/v2\/posts\/18503\/revisions"}],"predecessor-version":[{"id":18544,"href":"https:\/\/blog.zeit.de\/tontraeger\/wp-json\/wp\/v2\/posts\/18503\/revisions\/18544"}],"wp:attachment":[{"href":"https:\/\/blog.zeit.de\/tontraeger\/wp-json\/wp\/v2\/media?parent=18503"}],"wp:term":[{"taxonomy":"category","embeddable":true,"href":"https:\/\/blog.zeit.de\/tontraeger\/wp-json\/wp\/v2\/categories?post=18503"},{"taxonomy":"post_tag","embeddable":true,"href":"https:\/\/blog.zeit.de\/tontraeger\/wp-json\/wp\/v2\/tags?post=18503"}],"curies":[{"name":"wp","href":"https:\/\/api.w.org\/{rel}","templated":true}]}}