{"id":18663,"date":"2014-09-15T17:59:32","date_gmt":"2014-09-15T15:59:32","guid":{"rendered":"http:\/\/blog.zeit.de\/tontraeger\/?p=18663"},"modified":"2014-12-23T14:51:30","modified_gmt":"2014-12-23T13:51:30","slug":"mutter-text-und-musik","status":"publish","type":"post","link":"https:\/\/blog.zeit.de\/tontraeger\/2014\/09\/15\/mutter-text-und-musik_18663","title":{"rendered":"Mutter zuh\u00f6ren!"},"content":{"rendered":"<p><strong>&#8222;Wer hat schon Lust zu denken, wie sie denken, die uns hassen?&#8220; Auch das zw\u00f6lfte Album der Berliner Band Mutter stellt die richtigen Fragen zum Menschsein, zwischen punkrockkurz und pophymnenbreit.<\/strong><\/p>\n<p><figure id=\"attachment_18666\" aria-describedby=\"caption-attachment-18666\" style=\"width: 580px\" class=\"wp-caption alignleft\"><a href=\"https:\/\/blog.zeit.de\/tontraeger\/files\/2014\/09\/mutter789.jpg\"><img loading=\"lazy\" decoding=\"async\" class=\"size-full wp-image-18666\" src=\"https:\/\/blog.zeit.de\/tontraeger\/files\/2014\/09\/mutter789.jpg\" alt=\"\u00a9 Clouds Hill\" width=\"580\" height=\"326\" srcset=\"https:\/\/blog.zeit.de\/tontraeger\/files\/2014\/09\/mutter789.jpg 580w, https:\/\/blog.zeit.de\/tontraeger\/files\/2014\/09\/mutter789-300x168.jpg 300w\" sizes=\"auto, (max-width: 580px) 100vw, 580px\" \/><\/a><figcaption id=\"caption-attachment-18666\" class=\"wp-caption-text\">\u00a9 Clouds Hill<\/figcaption><\/figure><\/p>\n<p>Wahrhaft ma\u00dfgeblich zu sein, \u00fcber den Augenblick des H\u00f6rens hinaus bedeutsam, nicht gerade kommerziell, aber atmosph\u00e4risch erfolgreich \u2013 das gilt in den H\u00f6henlagen der Popkultur als h\u00f6chste Auszeichnung.<!--more--><\/p>\n<p>Erst soziokulturelle Relevanz adelt profane Bands zu wirklich erhabenen. Zu dumm, dass sie manchmal kaum jemand kennt. Wie Mutter. Die Band. Das muss man schon hinzuf\u00fcgen.<\/p>\n<p>Allein den Namen des Berliner Quartetts zu googeln bedarf spezifischer Begleitbegriffe. Auf Wikipedia erscheint er nicht mal im automatischen Trefferangebot. Es ist also nicht so einfach, von dieser ma\u00dfgeblichen, \u00fcber den Augenblick des H\u00f6rens hinaus bedeutsamen, nicht gerade kommerziell, aber atmosph\u00e4risch erfolgreichen Band Notiz zu nehmen.<\/p>\n\n<div class=\"embed-wrapper embed-wrapper--blocked js-embed-consent\" data-method=\"iframe\">\n<script class=\"raw__source\" type=\"text\/template\"><iframe loading=\"lazy\" frameborder=\"0\" height=\"330\" src=\"\/\/www.youtube.com\/embed\/QKY6dS_hwjk\" width=\"580\"><\/iframe><\/script>\n<div class=\"embed-wrapper__inner\">\n<div class=\"embed-wrapper__text\">\n<h3>Empfohlener redaktioneller Inhalt<\/h3>\n<p data-replace=\"no\">An dieser Stelle finden Sie externen Inhalt, der den Artikel erg\u00e4nzt. Sie k\u00f6nnen sich externe Inhalte mit einem Klick anzeigen lassen und wieder ausblenden.<noscript>Bitte aktivieren Sie JavaScript damit Sie diesen Inhalt anzeigen k\u00f6nnen.<\/noscript><\/p>\n<\/div>\n<div class=\"embed-consent\">\n<label class=\"embed-consent__toggle\">\n<input class=\"js-embed-consent__toggle\" type=\"checkbox\" autocomplete=\"off\">\n<span><\/span>\nExterner Inhalt\n<\/label>\n<a href=\"https:\/\/www.zeit.de\/hilfe\/datenschutz\" target=\"_blank\" class=\"embed-consent__datalink-when-active\">Datenschutzerkl\u00e4rung<\/a>\n<\/div>\n<div class=\"embed-wrapper__footer\">\n<p data-replace=\"no\">\nIch bin damit einverstanden, dass mir externe Inhalte angezeigt werden. Damit k\u00f6nnen personenbezogene Daten an Drittplattformen \u00fcbermittelt werden. <a href=\"https:\/\/www.zeit.de\/hilfe\/datenschutz\" target=\"_blank\">Mehr dazu in unserer Datenschutzerkl\u00e4rung.<\/a>\n<\/p>\n<\/div>\n<\/div>\n<\/div>\n<p>Dabei hat sie, was arg akademisch &#8222;Diskurspop&#8220; genannt wird, kaum weniger gepr\u00e4gt als, sagen wir, <a href=\"http:\/\/www.zeit.de\/kultur\/musik\/2014-09\/blumfeld-comeback-tour\" target=\"_blank\">Blumfeld<\/a>. Dessen Bauchhirnseele Jochen Distelmeyer sagt daher in einem Dokumentarfilm \u00fcber Mutter vor Ehrfurcht ungewohnt ungeschliffen, &#8222;sp\u00e4ter werden die Leute merken, hier, das hat kein Schwein wahrgenommen, das ist aber das Geilste gewesen&#8220;. Womit er v\u00f6llig recht hat. 1986, als die Band aus einer Gruppe namens Campingsex hervorging, ebenso wie heute, da sie ihr zw\u00f6lftes Album ver\u00f6ffentlicht.<\/p>\n<p>Es hei\u00dft <em>Text und Musik<\/em>, was in seiner Schlichtheit mehr ist als Reduktion aufs Wesentliche. Neunmal punkrockkurze, mal pophymnenbreite St\u00fccke lang betreiben zwei Drittel der Urbesetzung um den S\u00e4nger Max M\u00fcller die kreative Inklusion von Wort und Klang. Loteten fr\u00fchere Platten gern die Grenzbereiche gegenseitiger Zutr\u00e4glichkeit aus, was sich besonders in brachial dadaistischen Live-Auftritten zeigte, so zanken sich Gitarren und Gesang nun nicht mehr um die Deutungshoheit. Dadurch ist <em>Text und Musik<\/em> jedoch keinesfalls milder geworden, sozusagen altersweise. Das Album liest sich eher wie der lebenskluge Versuch, den Erz\u00e4hlungen vom richtigen Leben im Falschen auch musikalisch st\u00e4rker zu vertrauen.<\/p>\n<p>Daf\u00fcr muss es gar nicht harmonisch zugehen. Zu Beginn tr\u00f6pfeln zwar die Flowerpornos in <em>Fr\u00fcher oder sp\u00e4ter<\/em>, was M\u00fcller mit gewohnt s\u00fc\u00dflicher Stimme unterlegt, als st\u00fcnde Tom Liwa Pate. Es gibt fl\u00f6tensamplebegleitete Instrumentalgespinste wie das anschmiegsame <em>Qui<\/em> oder <em>Am Abend<\/em> im Anschluss, wo der Gesang des 50-J\u00e4hrigen wie der des gleichaltrigen Andreas Dorau klingt. Zwischen den Durtonleitern im Viervierteltakt aber \u00e4u\u00dfert er sein Unbehagen \u00fcbers urbane Menschsein mit passgenauen Zeilen wie &#8222;Wer hat schon Lust zu denken \/ wie sie denken \/ die uns hassen&#8220; und l\u00e4sst darunter die Dissonanzen flattern, bis es im Finale doch wieder an Atari Teenage Riot erinnert.<\/p>\n<p>Wie beim hochgelobten Vorg\u00e4nger <em>Mein kleiner Krieg<\/em> fehlt darin allerdings das strikte Bem\u00fchen um Besonderheit, das den deutschsprachigen Pop kennzeichnete, als ihn Mutter dem Underground zuf\u00fchrte. Die Ma\u00dfgeblichkeit kommt einfach instinktiver daher, aus sich selbst heraus. Ohne Ziel. Ohne Gestus. Das macht <em>Text und Musik<\/em> zur ungeheuer selbstgewissen Platte. Keine, die die Musik ihrer Zeit pr\u00e4gen wird wie vor fast 30 Jahren. Aber ungebrochen erfolgreich. Atmosph\u00e4risch. Nicht kommerziell.<\/p>\n<p><em>&#8222;Text und Musik&#8220; von Mutter ist erschienen bei Clouds Hill.<\/em><\/p>\n","protected":false},"excerpt":{"rendered":"<p>&#8222;Wer hat schon Lust zu denken, wie sie denken, die uns hassen?&#8220; Auch das zw\u00f6lfte Album der Berliner Band Mutter stellt die richtigen Fragen zum Menschsein, zwischen punkrockkurz und pophymnenbreit. Wahrhaft ma\u00dfgeblich zu sein, \u00fcber den Augenblick des H\u00f6rens hinaus bedeutsam, nicht gerade kommerziell, aber atmosph\u00e4risch erfolgreich \u2013 das gilt in den H\u00f6henlagen der Popkultur [&hellip;]<\/p>\n","protected":false},"author":118,"featured_media":0,"comment_status":"closed","ping_status":"closed","sticky":false,"template":"","format":"standard","meta":{"_jetpack_memberships_contains_paid_content":false,"footnotes":""},"categories":[869,872],"tags":[],"class_list":["post-18663","post","type-post","status-publish","format-standard","hentry","category-pop","category-rock"],"yoast_head":"<!-- This site is optimized with the Yoast SEO plugin v21.0 - https:\/\/yoast.com\/wordpress\/plugins\/seo\/ -->\n<title>Mutter zuh\u00f6ren! - Musikblog<\/title>\n<meta name=\"description\" content=\"&quot;Wer hat schon Lust zu denken, wie sie denken, die uns hassen?&quot; Auch das 12. Album der Band Mutter stellt richtige Fragen zum Menschsein.\" \/>\n<meta name=\"robots\" content=\"index, follow, max-snippet:-1, max-image-preview:large, max-video-preview:-1\" \/>\n<link rel=\"canonical\" href=\"https:\/\/blog.zeit.de\/tontraeger\/2014\/09\/15\/mutter-text-und-musik_18663\" \/>\n<meta property=\"og:locale\" content=\"de_DE\" \/>\n<meta property=\"og:type\" content=\"article\" \/>\n<meta property=\"og:title\" content=\"Mutter zuh\u00f6ren! - Musikblog\" \/>\n<meta property=\"og:description\" content=\"&quot;Wer hat schon Lust zu denken, wie sie denken, die uns hassen?&quot; Auch das 12. Album der Band Mutter stellt richtige Fragen zum Menschsein.\" \/>\n<meta property=\"og:url\" content=\"https:\/\/blog.zeit.de\/tontraeger\/2014\/09\/15\/mutter-text-und-musik_18663\" \/>\n<meta property=\"og:site_name\" content=\"Tontr\u00e4ger\" \/>\n<meta property=\"article:published_time\" content=\"2014-09-15T15:59:32+00:00\" \/>\n<meta property=\"article:modified_time\" content=\"2014-12-23T13:51:30+00:00\" \/>\n<meta property=\"og:image\" content=\"https:\/\/blog.zeit.de\/tontraeger\/files\/2014\/09\/mutter789.jpg\" \/>\n<meta name=\"author\" content=\"Jan Freitag\" \/>\n<meta name=\"twitter:card\" content=\"summary_large_image\" \/>\n<meta name=\"twitter:creator\" content=\"@zeitonline\" \/>\n<meta name=\"twitter:site\" content=\"@zeitonline\" \/>\n<meta name=\"twitter:label1\" content=\"Geschrieben von\" \/>\n\t<meta name=\"twitter:data1\" content=\"Jan Freitag\" \/>\n\t<meta name=\"twitter:label2\" content=\"Gesch\u00e4tzte Lesezeit\" \/>\n\t<meta name=\"twitter:data2\" content=\"3\u00a0Minuten\" \/>\n<script type=\"application\/ld+json\" class=\"yoast-schema-graph\">{\"@context\":\"https:\/\/schema.org\",\"@graph\":[{\"@type\":\"WebPage\",\"@id\":\"https:\/\/blog.zeit.de\/tontraeger\/2014\/09\/15\/mutter-text-und-musik_18663\",\"url\":\"https:\/\/blog.zeit.de\/tontraeger\/2014\/09\/15\/mutter-text-und-musik_18663\",\"name\":\"Mutter zuh\u00f6ren! - Musikblog\",\"isPartOf\":{\"@id\":\"https:\/\/blog.zeit.de\/tontraeger\/#website\"},\"datePublished\":\"2014-09-15T15:59:32+00:00\",\"dateModified\":\"2014-12-23T13:51:30+00:00\",\"author\":{\"@id\":\"https:\/\/blog.zeit.de\/tontraeger\/#\/schema\/person\/c8ae38c87080d26cfcf3b6d9126637c1\"},\"description\":\"\\\"Wer hat schon Lust zu denken, wie sie denken, die uns hassen?\\\" Auch das 12. Album der Band Mutter stellt richtige Fragen zum Menschsein.\",\"breadcrumb\":{\"@id\":\"https:\/\/blog.zeit.de\/tontraeger\/2014\/09\/15\/mutter-text-und-musik_18663#breadcrumb\"},\"inLanguage\":\"de\",\"potentialAction\":[{\"@type\":\"ReadAction\",\"target\":[\"https:\/\/blog.zeit.de\/tontraeger\/2014\/09\/15\/mutter-text-und-musik_18663\"]}]},{\"@type\":\"BreadcrumbList\",\"@id\":\"https:\/\/blog.zeit.de\/tontraeger\/2014\/09\/15\/mutter-text-und-musik_18663#breadcrumb\",\"itemListElement\":[{\"@type\":\"ListItem\",\"position\":1,\"name\":\"Startseite\",\"item\":\"https:\/\/blog.zeit.de\/tontraeger\"},{\"@type\":\"ListItem\",\"position\":2,\"name\":\"Mutter zuh\u00f6ren!\"}]},{\"@type\":\"WebSite\",\"@id\":\"https:\/\/blog.zeit.de\/tontraeger\/#website\",\"url\":\"https:\/\/blog.zeit.de\/tontraeger\/\",\"name\":\"Tontr\u00e4ger\",\"description\":\"Zwischen Disko und Diskurs\",\"potentialAction\":[{\"@type\":\"SearchAction\",\"target\":{\"@type\":\"EntryPoint\",\"urlTemplate\":\"https:\/\/blog.zeit.de\/tontraeger\/?s={search_term_string}\"},\"query-input\":\"required name=search_term_string\"}],\"inLanguage\":\"de\"},{\"@type\":\"Person\",\"@id\":\"https:\/\/blog.zeit.de\/tontraeger\/#\/schema\/person\/c8ae38c87080d26cfcf3b6d9126637c1\",\"name\":\"Jan Freitag\",\"image\":{\"@type\":\"ImageObject\",\"inLanguage\":\"de\",\"@id\":\"https:\/\/blog.zeit.de\/tontraeger\/#\/schema\/person\/image\/\",\"url\":\"https:\/\/secure.gravatar.com\/avatar\/40eb562c55a5ee8def5c5e7a682c0582f7a017504454f7c2e24a052e01de36a2?s=96&d=mm&r=g\",\"contentUrl\":\"https:\/\/secure.gravatar.com\/avatar\/40eb562c55a5ee8def5c5e7a682c0582f7a017504454f7c2e24a052e01de36a2?s=96&d=mm&r=g\",\"caption\":\"Jan Freitag\"},\"url\":\"https:\/\/blog.zeit.de\/tontraeger\/author\/jan-freitag\"}]}<\/script>\n<!-- \/ Yoast SEO plugin. -->","yoast_head_json":{"title":"Mutter zuh\u00f6ren! - Musikblog","description":"\"Wer hat schon Lust zu denken, wie sie denken, die uns hassen?\" Auch das 12. Album der Band Mutter stellt richtige Fragen zum Menschsein.","robots":{"index":"index","follow":"follow","max-snippet":"max-snippet:-1","max-image-preview":"max-image-preview:large","max-video-preview":"max-video-preview:-1"},"canonical":"https:\/\/blog.zeit.de\/tontraeger\/2014\/09\/15\/mutter-text-und-musik_18663","og_locale":"de_DE","og_type":"article","og_title":"Mutter zuh\u00f6ren! - Musikblog","og_description":"\"Wer hat schon Lust zu denken, wie sie denken, die uns hassen?\" Auch das 12. Album der Band Mutter stellt richtige Fragen zum Menschsein.","og_url":"https:\/\/blog.zeit.de\/tontraeger\/2014\/09\/15\/mutter-text-und-musik_18663","og_site_name":"Tontr\u00e4ger","article_published_time":"2014-09-15T15:59:32+00:00","article_modified_time":"2014-12-23T13:51:30+00:00","og_image":[{"url":"https:\/\/blog.zeit.de\/tontraeger\/files\/2014\/09\/mutter789.jpg"}],"author":"Jan Freitag","twitter_card":"summary_large_image","twitter_creator":"@zeitonline","twitter_site":"@zeitonline","twitter_misc":{"Geschrieben von":"Jan Freitag","Gesch\u00e4tzte Lesezeit":"3\u00a0Minuten"},"schema":{"@context":"https:\/\/schema.org","@graph":[{"@type":"WebPage","@id":"https:\/\/blog.zeit.de\/tontraeger\/2014\/09\/15\/mutter-text-und-musik_18663","url":"https:\/\/blog.zeit.de\/tontraeger\/2014\/09\/15\/mutter-text-und-musik_18663","name":"Mutter zuh\u00f6ren! - Musikblog","isPartOf":{"@id":"https:\/\/blog.zeit.de\/tontraeger\/#website"},"datePublished":"2014-09-15T15:59:32+00:00","dateModified":"2014-12-23T13:51:30+00:00","author":{"@id":"https:\/\/blog.zeit.de\/tontraeger\/#\/schema\/person\/c8ae38c87080d26cfcf3b6d9126637c1"},"description":"\"Wer hat schon Lust zu denken, wie sie denken, die uns hassen?\" Auch das 12. Album der Band Mutter stellt richtige Fragen zum Menschsein.","breadcrumb":{"@id":"https:\/\/blog.zeit.de\/tontraeger\/2014\/09\/15\/mutter-text-und-musik_18663#breadcrumb"},"inLanguage":"de","potentialAction":[{"@type":"ReadAction","target":["https:\/\/blog.zeit.de\/tontraeger\/2014\/09\/15\/mutter-text-und-musik_18663"]}]},{"@type":"BreadcrumbList","@id":"https:\/\/blog.zeit.de\/tontraeger\/2014\/09\/15\/mutter-text-und-musik_18663#breadcrumb","itemListElement":[{"@type":"ListItem","position":1,"name":"Startseite","item":"https:\/\/blog.zeit.de\/tontraeger"},{"@type":"ListItem","position":2,"name":"Mutter zuh\u00f6ren!"}]},{"@type":"WebSite","@id":"https:\/\/blog.zeit.de\/tontraeger\/#website","url":"https:\/\/blog.zeit.de\/tontraeger\/","name":"Tontr\u00e4ger","description":"Zwischen Disko und Diskurs","potentialAction":[{"@type":"SearchAction","target":{"@type":"EntryPoint","urlTemplate":"https:\/\/blog.zeit.de\/tontraeger\/?s={search_term_string}"},"query-input":"required name=search_term_string"}],"inLanguage":"de"},{"@type":"Person","@id":"https:\/\/blog.zeit.de\/tontraeger\/#\/schema\/person\/c8ae38c87080d26cfcf3b6d9126637c1","name":"Jan Freitag","image":{"@type":"ImageObject","inLanguage":"de","@id":"https:\/\/blog.zeit.de\/tontraeger\/#\/schema\/person\/image\/","url":"https:\/\/secure.gravatar.com\/avatar\/40eb562c55a5ee8def5c5e7a682c0582f7a017504454f7c2e24a052e01de36a2?s=96&d=mm&r=g","contentUrl":"https:\/\/secure.gravatar.com\/avatar\/40eb562c55a5ee8def5c5e7a682c0582f7a017504454f7c2e24a052e01de36a2?s=96&d=mm&r=g","caption":"Jan Freitag"},"url":"https:\/\/blog.zeit.de\/tontraeger\/author\/jan-freitag"}]}},"jetpack_featured_media_url":"","jetpack_sharing_enabled":true,"_links":{"self":[{"href":"https:\/\/blog.zeit.de\/tontraeger\/wp-json\/wp\/v2\/posts\/18663","targetHints":{"allow":["GET"]}}],"collection":[{"href":"https:\/\/blog.zeit.de\/tontraeger\/wp-json\/wp\/v2\/posts"}],"about":[{"href":"https:\/\/blog.zeit.de\/tontraeger\/wp-json\/wp\/v2\/types\/post"}],"author":[{"embeddable":true,"href":"https:\/\/blog.zeit.de\/tontraeger\/wp-json\/wp\/v2\/users\/118"}],"replies":[{"embeddable":true,"href":"https:\/\/blog.zeit.de\/tontraeger\/wp-json\/wp\/v2\/comments?post=18663"}],"version-history":[{"count":9,"href":"https:\/\/blog.zeit.de\/tontraeger\/wp-json\/wp\/v2\/posts\/18663\/revisions"}],"predecessor-version":[{"id":18674,"href":"https:\/\/blog.zeit.de\/tontraeger\/wp-json\/wp\/v2\/posts\/18663\/revisions\/18674"}],"wp:attachment":[{"href":"https:\/\/blog.zeit.de\/tontraeger\/wp-json\/wp\/v2\/media?parent=18663"}],"wp:term":[{"taxonomy":"category","embeddable":true,"href":"https:\/\/blog.zeit.de\/tontraeger\/wp-json\/wp\/v2\/categories?post=18663"},{"taxonomy":"post_tag","embeddable":true,"href":"https:\/\/blog.zeit.de\/tontraeger\/wp-json\/wp\/v2\/tags?post=18663"}],"curies":[{"name":"wp","href":"https:\/\/api.w.org\/{rel}","templated":true}]}}