{"id":18999,"date":"2014-12-03T09:49:18","date_gmt":"2014-12-03T08:49:18","guid":{"rendered":"http:\/\/blog.zeit.de\/tontraeger\/?p=18999"},"modified":"2014-12-23T14:57:27","modified_gmt":"2014-12-23T13:57:27","slug":"wildbirds-peacedrums-rhythm","status":"publish","type":"post","link":"https:\/\/blog.zeit.de\/tontraeger\/2014\/12\/03\/wildbirds-peacedrums-rhythm_18999","title":{"rendered":"Zur\u00fcck zum Innenohr"},"content":{"rendered":"<p><strong>Ein schwedisches Ehepaar auf der Suche nach der Urkraft der Musik: &#8222;Rhythm&#8220; von Wildbirds &amp; Peacedrums hat alle Widerhaken, die dem heutigen Allerweltspop fehlen.<\/strong><\/p>\n<p><figure id=\"attachment_19003\" aria-describedby=\"caption-attachment-19003\" style=\"width: 580px\" class=\"wp-caption alignleft\"><a href=\"https:\/\/blog.zeit.de\/tontraeger\/files\/2014\/12\/wildbirds83492.jpg\"><img loading=\"lazy\" decoding=\"async\" class=\"size-full wp-image-19003\" src=\"https:\/\/blog.zeit.de\/tontraeger\/files\/2014\/12\/wildbirds83492.jpg\" alt=\"\u00a9 Klara Kaellstromen\/Tobias Faeldt\" width=\"580\" height=\"326\" srcset=\"https:\/\/blog.zeit.de\/tontraeger\/files\/2014\/12\/wildbirds83492.jpg 580w, https:\/\/blog.zeit.de\/tontraeger\/files\/2014\/12\/wildbirds83492-300x168.jpg 300w\" sizes=\"auto, (max-width: 580px) 100vw, 580px\" \/><\/a><figcaption id=\"caption-attachment-19003\" class=\"wp-caption-text\">\u00a9 Klara Kaellstromen\/Tobias Faeldt<\/figcaption><\/figure><\/p>\n<p>\u00dcbers pal\u00e4oanthropologische Gebaren ist wenig mehr bekannt, als dass wir gegessen, geschlafen, gev\u00f6gelt, gesammelt, gejagt und irgendwann Werkzeug benutzt haben. Selbst, ob die ersten Hominiden musizieren konnten, bleibt blo\u00dfe Spekulation. Doch wenn sie es taten, so viel erscheint sicher, dann mit Stimme und St\u00f6ckern, Steinen, allem was rummst.<\/p>\n<p>Wildbirds &amp; Peacedrums sind so gesehen <a href=\"http:\/\/de.wikipedia.org\/wiki\/Atavismus\" target=\"_blank\">Atavismen<\/a> der weiten Welt des Klangs.<!--more--> Das Ehepaar aus dem schwedischen G\u00f6teborg ben\u00f6tigt f\u00fcr seinen ekstatisch reduzierten Sound nicht mehr als Mariam Wallentins Gesang und Andreas Werliins Schlagzeug. Ab und zu mal ein verstohlenes Bassfragment \u2013 schon beginnt die R\u00fcckkehr zu den Wurzeln der Musik. Sie klingt auch auf ihrem vierten Album mit dem passenden Titel <em>Rhythm<\/em> nach allem, was dem zeitgen\u00f6ssischen Pop an Widerhaken, Abzweigen, Zwischent\u00f6nen fehlt.<\/p>\n\n<div class=\"embed-wrapper embed-wrapper--blocked js-embed-consent\" data-method=\"iframe\">\n<script class=\"raw__source\" type=\"text\/template\"><iframe loading=\"lazy\" frameborder=\"0\" height=\"330\" src=\"\/\/player.vimeo.com\/video\/108002717\" width=\"580\"><\/iframe><\/script>\n<div class=\"embed-wrapper__inner\">\n<div class=\"embed-wrapper__text\">\n<h3>Empfohlener redaktioneller Inhalt<\/h3>\n<p data-replace=\"no\">An dieser Stelle finden Sie externen Inhalt, der den Artikel erg\u00e4nzt. Sie k\u00f6nnen sich externe Inhalte mit einem Klick anzeigen lassen und wieder ausblenden.<noscript>Bitte aktivieren Sie JavaScript damit Sie diesen Inhalt anzeigen k\u00f6nnen.<\/noscript><\/p>\n<\/div>\n<div class=\"embed-consent\">\n<label class=\"embed-consent__toggle\">\n<input class=\"js-embed-consent__toggle\" type=\"checkbox\" autocomplete=\"off\">\n<span><\/span>\nExterner Inhalt\n<\/label>\n<a href=\"https:\/\/www.zeit.de\/hilfe\/datenschutz\" target=\"_blank\" class=\"embed-consent__datalink-when-active\">Datenschutzerkl\u00e4rung<\/a>\n<\/div>\n<div class=\"embed-wrapper__footer\">\n<p data-replace=\"no\">\nIch bin damit einverstanden, dass mir externe Inhalte angezeigt werden. Damit k\u00f6nnen personenbezogene Daten an Drittplattformen \u00fcbermittelt werden. <a href=\"https:\/\/www.zeit.de\/hilfe\/datenschutz\" target=\"_blank\">Mehr dazu in unserer Datenschutzerkl\u00e4rung.<\/a>\n<\/p>\n<\/div>\n<\/div>\n<\/div>\n<p><em>Rhythm<\/em> ist verschroben und wahnsinnig, r\u00e4tselhaft und eigent\u00fcmlich, manchmal d\u00e4monisch, fast hysterisch, jedenfalls hei\u00dfbl\u00fctig, unvergleichlich, selbstgewiss und somit exakt die Antithese zum Wesen des Pop, das sich aus allem zusammensetzt, was schon mal zu h\u00f6ren war.<\/p>\n<p><em>Rhythm<\/em> war noch in kaum einem Ohr, nicht in dieser Form. Sicher, Wallentins theatralisch dargebotene Texte \u00fcber alles Erdenkliche rings um Liebe, Lust und Leidenschaft orientieren sich trotz gelegentlicher Ausfl\u00fcge in vertrackte Tremoli am klassischen Notenvokabular. Auch Werliins Peacedrums drehen nicht st\u00e4ndig durch wie das Tier bei den Muppets, sondern variieren die Takte bei aller Raserei mit pr\u00e4ziser Strukturbereitschaft. Doch die extreme Reduktion der neun neuen St\u00fccke aufs Rhythmische, das Fehlen einer harmonischen Melodie, der Dschungelgestus im Gro\u00dfstadtstudio \u2013 all dies f\u00fchrt das Publikum zur\u00fcck auf eine Innerlichkeit, die der zeitgen\u00f6ssischen Popmusik l\u00e4ngst ausgetrieben wurde.<\/p>\n\n<div class=\"embed-wrapper embed-wrapper--blocked js-embed-consent\" data-method=\"iframe\">\n<script class=\"raw__source\" type=\"text\/template\"><iframe loading=\"lazy\" frameborder=\"no\" height=\"150\" scrolling=\"no\" src=\"https:\/\/w.soundcloud.com\/player\/?url=https%3A\/\/api.soundcloud.com\/tracks\/172536490&amp;auto_play=false&amp;hide_related=false&amp;show_comments=true&amp;show_user=true&amp;show_reposts=false&amp;visual=true\" width=\"100%\"><\/iframe><\/script>\n<div class=\"embed-wrapper__inner\">\n<div class=\"embed-wrapper__text\">\n<h3>Empfohlener redaktioneller Inhalt<\/h3>\n<p data-replace=\"no\">An dieser Stelle finden Sie externen Inhalt, der den Artikel erg\u00e4nzt. Sie k\u00f6nnen sich externe Inhalte mit einem Klick anzeigen lassen und wieder ausblenden.<noscript>Bitte aktivieren Sie JavaScript damit Sie diesen Inhalt anzeigen k\u00f6nnen.<\/noscript><\/p>\n<\/div>\n<div class=\"embed-consent\">\n<label class=\"embed-consent__toggle\">\n<input class=\"js-embed-consent__toggle\" type=\"checkbox\" autocomplete=\"off\">\n<span><\/span>\nExterner Inhalt\n<\/label>\n<a href=\"https:\/\/www.zeit.de\/hilfe\/datenschutz\" target=\"_blank\" class=\"embed-consent__datalink-when-active\">Datenschutzerkl\u00e4rung<\/a>\n<\/div>\n<div class=\"embed-wrapper__footer\">\n<p data-replace=\"no\">\nIch bin damit einverstanden, dass mir externe Inhalte angezeigt werden. Damit k\u00f6nnen personenbezogene Daten an Drittplattformen \u00fcbermittelt werden. <a href=\"https:\/\/www.zeit.de\/hilfe\/datenschutz\" target=\"_blank\">Mehr dazu in unserer Datenschutzerkl\u00e4rung.<\/a>\n<\/p>\n<\/div>\n<\/div>\n<\/div>\n<p><em>Rhythm<\/em> ist ein Sound zum Eintauchen, Absinken, Verharren, Bewegen, Auftauchen, Staunen. Man kann den vergleichsweise gef\u00e4lligen Fusionjazz <em>Ghosts &amp; Pains<\/em> zum Auftakt ebenso wenig nebenbei laufen lassen wie das hypnotische <em>Mind Blues<\/em> weiter hinten. Die Platte fordert Raum und Zeit, Konzentration, ja Andacht, jedenfalls Aufmerksamkeit. Bei Konzerten ist das im Saal greifbar. Doch auch daheim kann man der Vereinnahmung schwer entgehen. Wer es dennoch versucht, z\u00e4hlt entweder bald zu jenen, die den Kopf sch\u00fctteln und auf Dudelfunk schalten. Oder zu denen, die f\u00f6rmlich durchdrungen werden von <em>Wildbird &amp; Peacedrums<\/em>. Sie verwandeln sich dabei nicht zur\u00fcck in Urmenschen. Aber ein neuer Weg zu H\u00f6ren, der kann sich schon daraus entwickeln.<\/p>\n<p><em>&#8222;Rhythm&#8220; von Wildbirds &amp; Peacedrums ist erschienen bei The Leaf Label.<\/em><\/p>\n","protected":false},"excerpt":{"rendered":"<p>Ein schwedisches Ehepaar auf der Suche nach der Urkraft der Musik: &#8222;Rhythm&#8220; von Wildbirds &amp; Peacedrums hat alle Widerhaken, die dem heutigen Allerweltspop fehlen. \u00dcbers pal\u00e4oanthropologische Gebaren ist wenig mehr bekannt, als dass wir gegessen, geschlafen, gev\u00f6gelt, gesammelt, gejagt und irgendwann Werkzeug benutzt haben. Selbst, ob die ersten Hominiden musizieren konnten, bleibt blo\u00dfe Spekulation. Doch [&hellip;]<\/p>\n","protected":false},"author":118,"featured_media":0,"comment_status":"closed","ping_status":"closed","sticky":false,"template":"","format":"standard","meta":{"_jetpack_memberships_contains_paid_content":false,"footnotes":""},"categories":[861,869],"tags":[],"class_list":["post-18999","post","type-post","status-publish","format-standard","hentry","category-folk","category-pop"],"yoast_head":"<!-- This site is optimized with the Yoast SEO plugin v21.0 - https:\/\/yoast.com\/wordpress\/plugins\/seo\/ -->\n<title>Wildbirds &amp; Peacedrums: Zur\u00fcck zum Innenohr<\/title>\n<meta name=\"description\" content=\"&quot;Rhythm&quot; von Wildbirds &amp; Peacedrums hat alle Widerhaken, die dem heutigen Allerweltspop fehlen.\" \/>\n<meta name=\"robots\" content=\"index, follow, max-snippet:-1, max-image-preview:large, max-video-preview:-1\" \/>\n<link rel=\"canonical\" href=\"https:\/\/blog.zeit.de\/tontraeger\/2014\/12\/03\/wildbirds-peacedrums-rhythm_18999\" \/>\n<meta property=\"og:locale\" content=\"de_DE\" \/>\n<meta property=\"og:type\" content=\"article\" \/>\n<meta property=\"og:title\" content=\"Wildbirds &amp; Peacedrums: Zur\u00fcck zum Innenohr\" \/>\n<meta property=\"og:description\" content=\"&quot;Rhythm&quot; von Wildbirds &amp; Peacedrums hat alle Widerhaken, die dem heutigen Allerweltspop fehlen.\" \/>\n<meta property=\"og:url\" content=\"https:\/\/blog.zeit.de\/tontraeger\/2014\/12\/03\/wildbirds-peacedrums-rhythm_18999\" \/>\n<meta property=\"og:site_name\" content=\"Tontr\u00e4ger\" \/>\n<meta property=\"article:published_time\" content=\"2014-12-03T08:49:18+00:00\" \/>\n<meta property=\"article:modified_time\" content=\"2014-12-23T13:57:27+00:00\" \/>\n<meta property=\"og:image\" content=\"https:\/\/blog.zeit.de\/tontraeger\/files\/2014\/12\/wildbirds83492.jpg\" \/>\n<meta name=\"author\" content=\"Jan Freitag\" \/>\n<meta name=\"twitter:card\" content=\"summary_large_image\" \/>\n<meta name=\"twitter:creator\" content=\"@zeitonline\" \/>\n<meta name=\"twitter:site\" content=\"@zeitonline\" \/>\n<meta name=\"twitter:label1\" content=\"Geschrieben von\" \/>\n\t<meta name=\"twitter:data1\" content=\"Jan Freitag\" \/>\n\t<meta name=\"twitter:label2\" content=\"Gesch\u00e4tzte Lesezeit\" \/>\n\t<meta name=\"twitter:data2\" content=\"2\u00a0Minuten\" \/>\n<script type=\"application\/ld+json\" class=\"yoast-schema-graph\">{\"@context\":\"https:\/\/schema.org\",\"@graph\":[{\"@type\":\"WebPage\",\"@id\":\"https:\/\/blog.zeit.de\/tontraeger\/2014\/12\/03\/wildbirds-peacedrums-rhythm_18999\",\"url\":\"https:\/\/blog.zeit.de\/tontraeger\/2014\/12\/03\/wildbirds-peacedrums-rhythm_18999\",\"name\":\"Wildbirds & Peacedrums: Zur\u00fcck zum Innenohr\",\"isPartOf\":{\"@id\":\"https:\/\/blog.zeit.de\/tontraeger\/#website\"},\"datePublished\":\"2014-12-03T08:49:18+00:00\",\"dateModified\":\"2014-12-23T13:57:27+00:00\",\"author\":{\"@id\":\"https:\/\/blog.zeit.de\/tontraeger\/#\/schema\/person\/c8ae38c87080d26cfcf3b6d9126637c1\"},\"description\":\"\\\"Rhythm\\\" von Wildbirds & Peacedrums hat alle Widerhaken, die dem heutigen Allerweltspop fehlen.\",\"breadcrumb\":{\"@id\":\"https:\/\/blog.zeit.de\/tontraeger\/2014\/12\/03\/wildbirds-peacedrums-rhythm_18999#breadcrumb\"},\"inLanguage\":\"de\",\"potentialAction\":[{\"@type\":\"ReadAction\",\"target\":[\"https:\/\/blog.zeit.de\/tontraeger\/2014\/12\/03\/wildbirds-peacedrums-rhythm_18999\"]}]},{\"@type\":\"BreadcrumbList\",\"@id\":\"https:\/\/blog.zeit.de\/tontraeger\/2014\/12\/03\/wildbirds-peacedrums-rhythm_18999#breadcrumb\",\"itemListElement\":[{\"@type\":\"ListItem\",\"position\":1,\"name\":\"Startseite\",\"item\":\"https:\/\/blog.zeit.de\/tontraeger\"},{\"@type\":\"ListItem\",\"position\":2,\"name\":\"Zur\u00fcck zum Innenohr\"}]},{\"@type\":\"WebSite\",\"@id\":\"https:\/\/blog.zeit.de\/tontraeger\/#website\",\"url\":\"https:\/\/blog.zeit.de\/tontraeger\/\",\"name\":\"Tontr\u00e4ger\",\"description\":\"Zwischen Disko und Diskurs\",\"potentialAction\":[{\"@type\":\"SearchAction\",\"target\":{\"@type\":\"EntryPoint\",\"urlTemplate\":\"https:\/\/blog.zeit.de\/tontraeger\/?s={search_term_string}\"},\"query-input\":\"required name=search_term_string\"}],\"inLanguage\":\"de\"},{\"@type\":\"Person\",\"@id\":\"https:\/\/blog.zeit.de\/tontraeger\/#\/schema\/person\/c8ae38c87080d26cfcf3b6d9126637c1\",\"name\":\"Jan Freitag\",\"image\":{\"@type\":\"ImageObject\",\"inLanguage\":\"de\",\"@id\":\"https:\/\/blog.zeit.de\/tontraeger\/#\/schema\/person\/image\/\",\"url\":\"https:\/\/secure.gravatar.com\/avatar\/40eb562c55a5ee8def5c5e7a682c0582f7a017504454f7c2e24a052e01de36a2?s=96&d=mm&r=g\",\"contentUrl\":\"https:\/\/secure.gravatar.com\/avatar\/40eb562c55a5ee8def5c5e7a682c0582f7a017504454f7c2e24a052e01de36a2?s=96&d=mm&r=g\",\"caption\":\"Jan Freitag\"},\"url\":\"https:\/\/blog.zeit.de\/tontraeger\/author\/jan-freitag\"}]}<\/script>\n<!-- \/ Yoast SEO plugin. -->","yoast_head_json":{"title":"Wildbirds & Peacedrums: Zur\u00fcck zum Innenohr","description":"\"Rhythm\" von Wildbirds & Peacedrums hat alle Widerhaken, die dem heutigen Allerweltspop fehlen.","robots":{"index":"index","follow":"follow","max-snippet":"max-snippet:-1","max-image-preview":"max-image-preview:large","max-video-preview":"max-video-preview:-1"},"canonical":"https:\/\/blog.zeit.de\/tontraeger\/2014\/12\/03\/wildbirds-peacedrums-rhythm_18999","og_locale":"de_DE","og_type":"article","og_title":"Wildbirds & Peacedrums: Zur\u00fcck zum Innenohr","og_description":"\"Rhythm\" von Wildbirds & Peacedrums hat alle Widerhaken, die dem heutigen Allerweltspop fehlen.","og_url":"https:\/\/blog.zeit.de\/tontraeger\/2014\/12\/03\/wildbirds-peacedrums-rhythm_18999","og_site_name":"Tontr\u00e4ger","article_published_time":"2014-12-03T08:49:18+00:00","article_modified_time":"2014-12-23T13:57:27+00:00","og_image":[{"url":"https:\/\/blog.zeit.de\/tontraeger\/files\/2014\/12\/wildbirds83492.jpg"}],"author":"Jan Freitag","twitter_card":"summary_large_image","twitter_creator":"@zeitonline","twitter_site":"@zeitonline","twitter_misc":{"Geschrieben von":"Jan Freitag","Gesch\u00e4tzte Lesezeit":"2\u00a0Minuten"},"schema":{"@context":"https:\/\/schema.org","@graph":[{"@type":"WebPage","@id":"https:\/\/blog.zeit.de\/tontraeger\/2014\/12\/03\/wildbirds-peacedrums-rhythm_18999","url":"https:\/\/blog.zeit.de\/tontraeger\/2014\/12\/03\/wildbirds-peacedrums-rhythm_18999","name":"Wildbirds & Peacedrums: Zur\u00fcck zum Innenohr","isPartOf":{"@id":"https:\/\/blog.zeit.de\/tontraeger\/#website"},"datePublished":"2014-12-03T08:49:18+00:00","dateModified":"2014-12-23T13:57:27+00:00","author":{"@id":"https:\/\/blog.zeit.de\/tontraeger\/#\/schema\/person\/c8ae38c87080d26cfcf3b6d9126637c1"},"description":"\"Rhythm\" von Wildbirds & Peacedrums hat alle Widerhaken, die dem heutigen Allerweltspop fehlen.","breadcrumb":{"@id":"https:\/\/blog.zeit.de\/tontraeger\/2014\/12\/03\/wildbirds-peacedrums-rhythm_18999#breadcrumb"},"inLanguage":"de","potentialAction":[{"@type":"ReadAction","target":["https:\/\/blog.zeit.de\/tontraeger\/2014\/12\/03\/wildbirds-peacedrums-rhythm_18999"]}]},{"@type":"BreadcrumbList","@id":"https:\/\/blog.zeit.de\/tontraeger\/2014\/12\/03\/wildbirds-peacedrums-rhythm_18999#breadcrumb","itemListElement":[{"@type":"ListItem","position":1,"name":"Startseite","item":"https:\/\/blog.zeit.de\/tontraeger"},{"@type":"ListItem","position":2,"name":"Zur\u00fcck zum Innenohr"}]},{"@type":"WebSite","@id":"https:\/\/blog.zeit.de\/tontraeger\/#website","url":"https:\/\/blog.zeit.de\/tontraeger\/","name":"Tontr\u00e4ger","description":"Zwischen Disko und Diskurs","potentialAction":[{"@type":"SearchAction","target":{"@type":"EntryPoint","urlTemplate":"https:\/\/blog.zeit.de\/tontraeger\/?s={search_term_string}"},"query-input":"required name=search_term_string"}],"inLanguage":"de"},{"@type":"Person","@id":"https:\/\/blog.zeit.de\/tontraeger\/#\/schema\/person\/c8ae38c87080d26cfcf3b6d9126637c1","name":"Jan Freitag","image":{"@type":"ImageObject","inLanguage":"de","@id":"https:\/\/blog.zeit.de\/tontraeger\/#\/schema\/person\/image\/","url":"https:\/\/secure.gravatar.com\/avatar\/40eb562c55a5ee8def5c5e7a682c0582f7a017504454f7c2e24a052e01de36a2?s=96&d=mm&r=g","contentUrl":"https:\/\/secure.gravatar.com\/avatar\/40eb562c55a5ee8def5c5e7a682c0582f7a017504454f7c2e24a052e01de36a2?s=96&d=mm&r=g","caption":"Jan Freitag"},"url":"https:\/\/blog.zeit.de\/tontraeger\/author\/jan-freitag"}]}},"jetpack_featured_media_url":"","jetpack_sharing_enabled":true,"_links":{"self":[{"href":"https:\/\/blog.zeit.de\/tontraeger\/wp-json\/wp\/v2\/posts\/18999","targetHints":{"allow":["GET"]}}],"collection":[{"href":"https:\/\/blog.zeit.de\/tontraeger\/wp-json\/wp\/v2\/posts"}],"about":[{"href":"https:\/\/blog.zeit.de\/tontraeger\/wp-json\/wp\/v2\/types\/post"}],"author":[{"embeddable":true,"href":"https:\/\/blog.zeit.de\/tontraeger\/wp-json\/wp\/v2\/users\/118"}],"replies":[{"embeddable":true,"href":"https:\/\/blog.zeit.de\/tontraeger\/wp-json\/wp\/v2\/comments?post=18999"}],"version-history":[{"count":9,"href":"https:\/\/blog.zeit.de\/tontraeger\/wp-json\/wp\/v2\/posts\/18999\/revisions"}],"predecessor-version":[{"id":19009,"href":"https:\/\/blog.zeit.de\/tontraeger\/wp-json\/wp\/v2\/posts\/18999\/revisions\/19009"}],"wp:attachment":[{"href":"https:\/\/blog.zeit.de\/tontraeger\/wp-json\/wp\/v2\/media?parent=18999"}],"wp:term":[{"taxonomy":"category","embeddable":true,"href":"https:\/\/blog.zeit.de\/tontraeger\/wp-json\/wp\/v2\/categories?post=18999"},{"taxonomy":"post_tag","embeddable":true,"href":"https:\/\/blog.zeit.de\/tontraeger\/wp-json\/wp\/v2\/tags?post=18999"}],"curies":[{"name":"wp","href":"https:\/\/api.w.org\/{rel}","templated":true}]}}