{"id":19049,"date":"2014-12-12T08:00:26","date_gmt":"2014-12-12T07:00:26","guid":{"rendered":"http:\/\/blog.zeit.de\/tontraeger\/?p=19049"},"modified":"2014-12-23T14:57:25","modified_gmt":"2014-12-23T13:57:25","slug":"heino-schwarz-blueht-der-enzian","status":"publish","type":"post","link":"https:\/\/blog.zeit.de\/tontraeger\/2014\/12\/12\/heino-schwarz-blueht-der-enzian_19049","title":{"rendered":"Bocksgesang rechtsau\u00dfen"},"content":{"rendered":"<p><strong>Leni Riefenstahl und Ernst J\u00fcnger w\u00fcrden sich freuen: Auf seinem neuen Album \u00fcbergie\u00dft Heino seine Volksschlager mit einer Metall-Legierung und wanzt sich an den poprechten Mainstream heran.<\/strong><\/p>\n<p><figure id=\"attachment_19056\" aria-describedby=\"caption-attachment-19056\" style=\"width: 580px\" class=\"wp-caption alignleft\"><a href=\"https:\/\/blog.zeit.de\/tontraeger\/files\/2014\/12\/@@raw.jpg\"><img loading=\"lazy\" decoding=\"async\" class=\"size-full wp-image-19056\" src=\"https:\/\/blog.zeit.de\/tontraeger\/files\/2014\/12\/@@raw.jpg\" alt=\"\u00a9 Sony Music\" width=\"580\" height=\"326\" srcset=\"https:\/\/blog.zeit.de\/tontraeger\/files\/2014\/12\/@@raw.jpg 580w, https:\/\/blog.zeit.de\/tontraeger\/files\/2014\/12\/@@raw-300x168.jpg 300w\" sizes=\"auto, (max-width: 580px) 100vw, 580px\" \/><\/a><figcaption id=\"caption-attachment-19056\" class=\"wp-caption-text\">\u00a9 Sony Music<\/figcaption><\/figure><\/p>\n<p>Mit dem Populismus ist es so simpel wie vertrackt. Der Volksmund versteht darunter machtbewusste P\u00f6belei. Der Duden definiert ihn als opportunistisch. Beiden Auffassungen d\u00fcrfte entsprechen, dass der Populismus seinen Inhalt einem h\u00f6heren oder niederen Zweck unterordnet und zumindest unterschwellig br\u00fcllend daherkommt.<!--more--><\/p>\n<p>Darf man Heino demnach als Populisten bezeichnen? Damit machte man es sich etwas zu einfach mit dem Blut- und Bodenbarden, der sein feucht-v\u00f6lkisches Fernziel nun martialisch orchestriert.<\/p>\n<p>Mit Bikerjacke, Totenkopfring und siegfriedblondiertem Haar karnevalisiert sich die rheinische Frohnatur zum Rocker. Allerdings nicht nur, um abseitige K\u00e4uferschichten zu erreichen (welcher PR-Profi will das nicht?). Nein, mithilfe der Akzeptanz abseitiger Steigb\u00fcgelhalter, die ihm von Heavy-Fan bis zum Metal-Hammer huldigen, geriert sich Heinz Georg Kramm als toleranter Br\u00fcckenbauer und wanzt sich so vom alt- in den poprechten Mainstream.<\/p>\n<p>Das zugeh\u00f6rige Album hei\u00dft <em>Schwarz bl\u00fcht der Enzian<\/em>. Es vermengt <a href=\"http:\/\/www.zeit.de\/kultur\/musik\/2013-02\/heino-derrida-cover-album\" target=\"_blank\">Heinos dumpfen Volksschlager mit Neuer Deutscher H\u00e4rte<\/a> und sorgt so abermals f\u00fcr volle Hallen und Hitparadenspr\u00fcnge. Das klingt nach einem zweckgebundenen Inhaltswechsel bei geistiger Kontinuit\u00e4t \u2013 aber so leicht kommt er uns nicht davon. Der nicht. Heino einen &#8222;Nazi&#8220; zu schimpfen, verkneifen wir uns an dieser Stelle, denn das kostet, Jan Delay kann davon ein Schweinerockst\u00fcck singen, fix mal <a href=\"http:\/\/www.zeit.de\/kultur\/musik\/2014-05\/heino-jan-delay-nazivergleich-entschaedigung\" target=\"_blank\">20.000 Euro Verleumdungslinderung<\/a>. Und es w\u00e4re auch zu plump.<\/p>\n<p><iframe loading=\"lazy\" style=\"width: 580px; height: 330px; border: 0px none; padding: 0; margin: 0;\" frameborder=\"0\" height=\"330\" scrolling=\"no\" src=\"http:\/\/www.myvideo.de\/embed\/11575877\" width=\"580\"><\/iframe><\/p>\n<p>Heino ist da subtiler: ein U-Boot gegen die heimatlosen Triebe der Multikultigesellschaft, das knietief unterm guten Geschmack hindurch in die Terrine deutscher Befindlichkeiten taucht und mit brauner So\u00dfe nachw\u00fcrzt. Was Heinos saturierter Revanchismus dem rebellischen Realismus 1968ff entgegen schmetterte, findet in Zeiten von Sarrazin, Herdpr\u00e4mie und Pegida eher Verbreitung, wenn es sich mit Au\u00dfenseitern gemein macht. Denn <a href=\"http:\/\/www.zeit.de\/kultur\/2014-10\/xavier-naidoo-systemkritik-reichsbuerger#\" target=\"_blank\">Au\u00dfenseiter haben im M\u00e4rchen vom linken Meinungsf\u00fchrermainstream<\/a> einen ganz neuen Hall.<\/p>\n<p>Heino wei\u00df das, ihm f\u00e4llt da schon was ein. Eigene Schenkelklopfer wie <em>Rosamunde<\/em> und <em>Barbara<\/em> zum Beispiel oder adaptierte Psychopharmaka von <em>Hoch auf dem gelben Wagen<\/em> bis zum kokett missverst\u00e4ndlichen <em>Schwarzbraun ist die Haselnuss<\/em>. Durch r\u00fcde Gitarrenriffs werden die nicht blo\u00df f\u00fcr eine entpolitisierte Gegenwart unterwanderungstauglich gemacht, sondern f\u00f6rmlich umgepolt. Wahrscheinlich ohne es zu wollen haben <a href=\"http:\/\/www.zeit.de\/2013\/41\/till-lindemann-rammstein-gedichte\" target=\"_blank\">Rammstein<\/a> Heinos klingende Heimatt\u00fcmelei mit ihrem gemeinsamen Wacken-Auftritt geadelt und in neuen Kontexten gesellschaftsf\u00e4hig gemacht. W\u00e4hrend <em>Wir lagen vor Madagaskar<\/em> anfangs nur vage an Rammsteins <em>Du hast <\/em>erinnert, steigt <em>Einer von uns<\/em> gleich ungeniert mit einem <em>Engel<\/em>-Sample ein.<\/p>\n<p>Heino unterf\u00fcttert seinen abschwellenden Bocksgesang mit dem Riefenstahlgestus gotisch verbr\u00e4mten Brachialrocks der Siebzigerjahre \u2013 nostalgischer ist die konservative Revolution seit Ernst J\u00fcnger selten unters Volk gepr\u00fcgelt worden. Schlechter aber auch nicht.<\/p>\n<p><em>&#8222;Schwarz bl\u00fcht der Enzian&#8220; von Heino ist erschienen bei Sony Music.<\/em><\/p>\n","protected":false},"excerpt":{"rendered":"<p>Leni Riefenstahl und Ernst J\u00fcnger w\u00fcrden sich freuen: Auf seinem neuen Album \u00fcbergie\u00dft Heino seine Volksschlager mit einer Metall-Legierung und wanzt sich an den poprechten Mainstream heran. Mit dem Populismus ist es so simpel wie vertrackt. Der Volksmund versteht darunter machtbewusste P\u00f6belei. Der Duden definiert ihn als opportunistisch. Beiden Auffassungen d\u00fcrfte entsprechen, dass der Populismus [&hellip;]<\/p>\n","protected":false},"author":118,"featured_media":0,"comment_status":"closed","ping_status":"closed","sticky":false,"template":"","format":"standard","meta":{"_jetpack_memberships_contains_paid_content":false,"footnotes":""},"categories":[872],"tags":[],"class_list":["post-19049","post","type-post","status-publish","format-standard","hentry","category-rock"],"yoast_head":"<!-- This site is optimized with the Yoast SEO plugin v21.0 - https:\/\/yoast.com\/wordpress\/plugins\/seo\/ -->\n<title>Bocksgesang rechtsau\u00dfen - Musikblog<\/title>\n<meta name=\"robots\" content=\"index, follow, max-snippet:-1, max-image-preview:large, max-video-preview:-1\" \/>\n<link rel=\"canonical\" href=\"https:\/\/blog.zeit.de\/tontraeger\/2014\/12\/12\/heino-schwarz-blueht-der-enzian_19049\" \/>\n<meta property=\"og:locale\" content=\"de_DE\" \/>\n<meta property=\"og:type\" content=\"article\" \/>\n<meta property=\"og:title\" content=\"Bocksgesang rechtsau\u00dfen - Musikblog\" \/>\n<meta property=\"og:description\" content=\"Leni Riefenstahl und Ernst J\u00fcnger w\u00fcrden sich freuen: Auf seinem neuen Album \u00fcbergie\u00dft Heino seine Volksschlager mit einer Metall-Legierung und wanzt sich an den poprechten Mainstream heran. Mit dem Populismus ist es so simpel wie vertrackt. Der Volksmund versteht darunter machtbewusste P\u00f6belei. Der Duden definiert ihn als opportunistisch. Beiden Auffassungen d\u00fcrfte entsprechen, dass der Populismus [&hellip;]\" \/>\n<meta property=\"og:url\" content=\"https:\/\/blog.zeit.de\/tontraeger\/2014\/12\/12\/heino-schwarz-blueht-der-enzian_19049\" \/>\n<meta property=\"og:site_name\" content=\"Tontr\u00e4ger\" \/>\n<meta property=\"article:published_time\" content=\"2014-12-12T07:00:26+00:00\" \/>\n<meta property=\"article:modified_time\" content=\"2014-12-23T13:57:25+00:00\" \/>\n<meta property=\"og:image\" content=\"https:\/\/blog.zeit.de\/tontraeger\/files\/2014\/12\/@@raw.jpg\" \/>\n<meta name=\"author\" content=\"Jan Freitag\" \/>\n<meta name=\"twitter:card\" content=\"summary_large_image\" \/>\n<meta name=\"twitter:creator\" content=\"@zeitonline\" \/>\n<meta name=\"twitter:site\" content=\"@zeitonline\" \/>\n<meta name=\"twitter:label1\" content=\"Geschrieben von\" \/>\n\t<meta name=\"twitter:data1\" content=\"Jan Freitag\" \/>\n\t<meta name=\"twitter:label2\" content=\"Gesch\u00e4tzte Lesezeit\" \/>\n\t<meta name=\"twitter:data2\" content=\"2\u00a0Minuten\" \/>\n<script type=\"application\/ld+json\" class=\"yoast-schema-graph\">{\"@context\":\"https:\/\/schema.org\",\"@graph\":[{\"@type\":\"WebPage\",\"@id\":\"https:\/\/blog.zeit.de\/tontraeger\/2014\/12\/12\/heino-schwarz-blueht-der-enzian_19049\",\"url\":\"https:\/\/blog.zeit.de\/tontraeger\/2014\/12\/12\/heino-schwarz-blueht-der-enzian_19049\",\"name\":\"Bocksgesang rechtsau\u00dfen - Musikblog\",\"isPartOf\":{\"@id\":\"https:\/\/blog.zeit.de\/tontraeger\/#website\"},\"datePublished\":\"2014-12-12T07:00:26+00:00\",\"dateModified\":\"2014-12-23T13:57:25+00:00\",\"author\":{\"@id\":\"https:\/\/blog.zeit.de\/tontraeger\/#\/schema\/person\/c8ae38c87080d26cfcf3b6d9126637c1\"},\"breadcrumb\":{\"@id\":\"https:\/\/blog.zeit.de\/tontraeger\/2014\/12\/12\/heino-schwarz-blueht-der-enzian_19049#breadcrumb\"},\"inLanguage\":\"de\",\"potentialAction\":[{\"@type\":\"ReadAction\",\"target\":[\"https:\/\/blog.zeit.de\/tontraeger\/2014\/12\/12\/heino-schwarz-blueht-der-enzian_19049\"]}]},{\"@type\":\"BreadcrumbList\",\"@id\":\"https:\/\/blog.zeit.de\/tontraeger\/2014\/12\/12\/heino-schwarz-blueht-der-enzian_19049#breadcrumb\",\"itemListElement\":[{\"@type\":\"ListItem\",\"position\":1,\"name\":\"Startseite\",\"item\":\"https:\/\/blog.zeit.de\/tontraeger\"},{\"@type\":\"ListItem\",\"position\":2,\"name\":\"Bocksgesang rechtsau\u00dfen\"}]},{\"@type\":\"WebSite\",\"@id\":\"https:\/\/blog.zeit.de\/tontraeger\/#website\",\"url\":\"https:\/\/blog.zeit.de\/tontraeger\/\",\"name\":\"Tontr\u00e4ger\",\"description\":\"Zwischen Disko und Diskurs\",\"potentialAction\":[{\"@type\":\"SearchAction\",\"target\":{\"@type\":\"EntryPoint\",\"urlTemplate\":\"https:\/\/blog.zeit.de\/tontraeger\/?s={search_term_string}\"},\"query-input\":\"required name=search_term_string\"}],\"inLanguage\":\"de\"},{\"@type\":\"Person\",\"@id\":\"https:\/\/blog.zeit.de\/tontraeger\/#\/schema\/person\/c8ae38c87080d26cfcf3b6d9126637c1\",\"name\":\"Jan Freitag\",\"image\":{\"@type\":\"ImageObject\",\"inLanguage\":\"de\",\"@id\":\"https:\/\/blog.zeit.de\/tontraeger\/#\/schema\/person\/image\/\",\"url\":\"https:\/\/secure.gravatar.com\/avatar\/40eb562c55a5ee8def5c5e7a682c0582f7a017504454f7c2e24a052e01de36a2?s=96&d=mm&r=g\",\"contentUrl\":\"https:\/\/secure.gravatar.com\/avatar\/40eb562c55a5ee8def5c5e7a682c0582f7a017504454f7c2e24a052e01de36a2?s=96&d=mm&r=g\",\"caption\":\"Jan Freitag\"},\"url\":\"https:\/\/blog.zeit.de\/tontraeger\/author\/jan-freitag\"}]}<\/script>\n<!-- \/ Yoast SEO plugin. -->","yoast_head_json":{"title":"Bocksgesang rechtsau\u00dfen - Musikblog","robots":{"index":"index","follow":"follow","max-snippet":"max-snippet:-1","max-image-preview":"max-image-preview:large","max-video-preview":"max-video-preview:-1"},"canonical":"https:\/\/blog.zeit.de\/tontraeger\/2014\/12\/12\/heino-schwarz-blueht-der-enzian_19049","og_locale":"de_DE","og_type":"article","og_title":"Bocksgesang rechtsau\u00dfen - Musikblog","og_description":"Leni Riefenstahl und Ernst J\u00fcnger w\u00fcrden sich freuen: Auf seinem neuen Album \u00fcbergie\u00dft Heino seine Volksschlager mit einer Metall-Legierung und wanzt sich an den poprechten Mainstream heran. Mit dem Populismus ist es so simpel wie vertrackt. Der Volksmund versteht darunter machtbewusste P\u00f6belei. Der Duden definiert ihn als opportunistisch. Beiden Auffassungen d\u00fcrfte entsprechen, dass der Populismus [&hellip;]","og_url":"https:\/\/blog.zeit.de\/tontraeger\/2014\/12\/12\/heino-schwarz-blueht-der-enzian_19049","og_site_name":"Tontr\u00e4ger","article_published_time":"2014-12-12T07:00:26+00:00","article_modified_time":"2014-12-23T13:57:25+00:00","og_image":[{"url":"https:\/\/blog.zeit.de\/tontraeger\/files\/2014\/12\/@@raw.jpg"}],"author":"Jan Freitag","twitter_card":"summary_large_image","twitter_creator":"@zeitonline","twitter_site":"@zeitonline","twitter_misc":{"Geschrieben von":"Jan Freitag","Gesch\u00e4tzte Lesezeit":"2\u00a0Minuten"},"schema":{"@context":"https:\/\/schema.org","@graph":[{"@type":"WebPage","@id":"https:\/\/blog.zeit.de\/tontraeger\/2014\/12\/12\/heino-schwarz-blueht-der-enzian_19049","url":"https:\/\/blog.zeit.de\/tontraeger\/2014\/12\/12\/heino-schwarz-blueht-der-enzian_19049","name":"Bocksgesang rechtsau\u00dfen - Musikblog","isPartOf":{"@id":"https:\/\/blog.zeit.de\/tontraeger\/#website"},"datePublished":"2014-12-12T07:00:26+00:00","dateModified":"2014-12-23T13:57:25+00:00","author":{"@id":"https:\/\/blog.zeit.de\/tontraeger\/#\/schema\/person\/c8ae38c87080d26cfcf3b6d9126637c1"},"breadcrumb":{"@id":"https:\/\/blog.zeit.de\/tontraeger\/2014\/12\/12\/heino-schwarz-blueht-der-enzian_19049#breadcrumb"},"inLanguage":"de","potentialAction":[{"@type":"ReadAction","target":["https:\/\/blog.zeit.de\/tontraeger\/2014\/12\/12\/heino-schwarz-blueht-der-enzian_19049"]}]},{"@type":"BreadcrumbList","@id":"https:\/\/blog.zeit.de\/tontraeger\/2014\/12\/12\/heino-schwarz-blueht-der-enzian_19049#breadcrumb","itemListElement":[{"@type":"ListItem","position":1,"name":"Startseite","item":"https:\/\/blog.zeit.de\/tontraeger"},{"@type":"ListItem","position":2,"name":"Bocksgesang rechtsau\u00dfen"}]},{"@type":"WebSite","@id":"https:\/\/blog.zeit.de\/tontraeger\/#website","url":"https:\/\/blog.zeit.de\/tontraeger\/","name":"Tontr\u00e4ger","description":"Zwischen Disko und Diskurs","potentialAction":[{"@type":"SearchAction","target":{"@type":"EntryPoint","urlTemplate":"https:\/\/blog.zeit.de\/tontraeger\/?s={search_term_string}"},"query-input":"required name=search_term_string"}],"inLanguage":"de"},{"@type":"Person","@id":"https:\/\/blog.zeit.de\/tontraeger\/#\/schema\/person\/c8ae38c87080d26cfcf3b6d9126637c1","name":"Jan Freitag","image":{"@type":"ImageObject","inLanguage":"de","@id":"https:\/\/blog.zeit.de\/tontraeger\/#\/schema\/person\/image\/","url":"https:\/\/secure.gravatar.com\/avatar\/40eb562c55a5ee8def5c5e7a682c0582f7a017504454f7c2e24a052e01de36a2?s=96&d=mm&r=g","contentUrl":"https:\/\/secure.gravatar.com\/avatar\/40eb562c55a5ee8def5c5e7a682c0582f7a017504454f7c2e24a052e01de36a2?s=96&d=mm&r=g","caption":"Jan Freitag"},"url":"https:\/\/blog.zeit.de\/tontraeger\/author\/jan-freitag"}]}},"jetpack_featured_media_url":"","jetpack_sharing_enabled":true,"_links":{"self":[{"href":"https:\/\/blog.zeit.de\/tontraeger\/wp-json\/wp\/v2\/posts\/19049","targetHints":{"allow":["GET"]}}],"collection":[{"href":"https:\/\/blog.zeit.de\/tontraeger\/wp-json\/wp\/v2\/posts"}],"about":[{"href":"https:\/\/blog.zeit.de\/tontraeger\/wp-json\/wp\/v2\/types\/post"}],"author":[{"embeddable":true,"href":"https:\/\/blog.zeit.de\/tontraeger\/wp-json\/wp\/v2\/users\/118"}],"replies":[{"embeddable":true,"href":"https:\/\/blog.zeit.de\/tontraeger\/wp-json\/wp\/v2\/comments?post=19049"}],"version-history":[{"count":13,"href":"https:\/\/blog.zeit.de\/tontraeger\/wp-json\/wp\/v2\/posts\/19049\/revisions"}],"predecessor-version":[{"id":19076,"href":"https:\/\/blog.zeit.de\/tontraeger\/wp-json\/wp\/v2\/posts\/19049\/revisions\/19076"}],"wp:attachment":[{"href":"https:\/\/blog.zeit.de\/tontraeger\/wp-json\/wp\/v2\/media?parent=19049"}],"wp:term":[{"taxonomy":"category","embeddable":true,"href":"https:\/\/blog.zeit.de\/tontraeger\/wp-json\/wp\/v2\/categories?post=19049"},{"taxonomy":"post_tag","embeddable":true,"href":"https:\/\/blog.zeit.de\/tontraeger\/wp-json\/wp\/v2\/tags?post=19049"}],"curies":[{"name":"wp","href":"https:\/\/api.w.org\/{rel}","templated":true}]}}