{"id":327,"date":"2007-02-28T00:39:51","date_gmt":"2007-02-27T22:39:51","guid":{"rendered":"http:\/\/blog.zeit.de\/tontraeger\/2007\/02\/28\/bjork-und-dracula_327"},"modified":"2007-02-28T00:39:51","modified_gmt":"2007-02-27T22:39:51","slug":"bjork-und-dracula","status":"publish","type":"post","link":"https:\/\/blog.zeit.de\/tontraeger\/2007\/02\/28\/bjork-und-dracula_327","title":{"rendered":"Bj\u00f6rk und Dracula"},"content":{"rendered":"<p><strong>Der Pianist Michael Wollny liebt Schauergeschichten. Seine erste Solo-CD &#8222;Hexentanz&#8220; klingt d\u00fcstern, spannend, entr\u00fcckt, ganz wie die Romane von Sir Arthur Conan Doyle<br \/>\n<\/strong><\/p>\n<p><\/p>\n<div>\n<div style=\"float: left; margin-right: 6px\"><a class=\"textlink\" href=\"javascript:openme('http:\/\/apollo.zeit.de\/redirects\/cc.php?to=http:\/\/medien.zeit.de\/medialinks\/wollny-initiation.mov',400,200,'middle','wollny-initiation');\"><img decoding=\"async\" alt=\"Michael Wollny - Hexentanz\" style=\"border: 1px solid black\" src=\"https:\/\/blog.zeit.de\/tontraeger\/files\/2007\/02\/wollny-hexentanz210.jpg\" \/><\/a><\/div>\n<p>Wenn man ihn in seiner Dachwohnung im Kreuzberger Chamisso-Kiez besucht, kommt man dem Titel seiner neuen CD <em>Hexentanz<\/em> schnell auf die Schliche. Auf dem Fl\u00fcgel liegt ein Adorno-Buch, an der Wand h\u00e4ngt ein Plakat f\u00fcr den Film <em>A Clockwork Orange<\/em>. Die B\u00fccherwand verr\u00e4t, wie sehr Michael Wollny f\u00fcr Sir Arthur Conan Doyle und <em>Dracula<\/em> schw\u00e4rmt. Horrorm\u00e4rchen, Schauerfilme\u2026 Diese Leidenschaft begleitet den 28-j\u00e4hrigen Pianisten schon seit der Jugendzeit.<\/p>\n<p>Sein <em>Hexentanz <\/em>bleibt musikalisch nah am Thema, er spielt mit den g\u00e4ngigen Genre-Klischees, f\u00e4llt aber nicht auf sie hinein. Verminderte Akkorde schaffen eine d\u00fcstere Grundstimmung, Pausen markieren Spannungsb\u00f6gen, elektronische Effekte suggerieren gediegene Entr\u00fccktheit, rhythmische Attacken unterlaufen von tief unten das Gepl\u00e4nkel an der Oberfl\u00e4che.<\/p>\n<p>Die Klavierimprovisationen sind von dem Pianisten Joachim K\u00fchn beeinflusst. Seine Methode des <a target=\"_blank\" href=\"http:\/\/www.jazzthetik.de\/article\/1020204002.html\"><em>Diminished Augmented System<\/em><\/a> wandte Wollny beim Titelst\u00fcck an. K\u00fchn geht in seinem Spiel von Kl\u00e4ngen aus, nicht von Akkorden.<\/p>\n<p>Im Jahr 2005 hatte Wollny das au\u00dfergew\u00f6hnliche Trio-Album <em>call it [em]<\/em> mit Eva Kruse und Eric Schaefer herausgebracht. <em>Certain Beauty<\/em>, seine Duo-CD mit dem Saxofonisten Heinz Sauer, wurde in Frankreich als eine der besten CDs des vergangenen Jahres gefeiert. Nach den beiden intensivsten Jahren seiner Karriere zog er sich f\u00fcr ein paar Wochen in den hohen Norden zur\u00fcck, um die Musik f\u00fcr <em>Hexentanz<\/em> zu komponieren.<\/p>\n<p>Auf dem Album hat er auch drei St\u00fccke von Bj\u00f6rk neu interpretiert. Er bekennt, ein Anh\u00e4nger der isl\u00e4ndischen S\u00e4ngerin zu sein, besonders ihre letzte CD <em>Med\u00falla<\/em> habe ihn sehr inspiriert. Ihn reizen St\u00fccke wie ihr <em>Anchor Song<\/em> und <em>J\u00f3ga<\/em>, die Klassiker des Jazz spielt er kaum. Die Musik soll etwas mit seinem Leben zu tun haben und nicht schon von den Kollegen abgegrast worden sein. Wenn Wollny sich mit seinem Trio trifft, bringt er Musik mit, die er gerade h\u00f6rt. In j\u00fcngster Zeit waren das vor allem alte Sachen von Pulp und neue von <a target=\"_blank\" href=\"http:\/\/www.zeit.de\/online\/2007\/05\/bildergalerie-jarvis\">Jarvis Cocker<\/a>.<\/p>\n<p><em>\u201ePiano Works VII: Hexentanz\u201c von <a target=\"_blank\" href=\"http:\/\/www.actmusic.com\/artist_detail.php?manufacturers_id=29\">Michael Wollny<\/a> ist als CD erschienen bei <a target=\"_blank\" href=\"http:\/\/www.actmusic.com\/\">ACT<\/a><br \/>\n<\/em><\/p>\n<p><a target=\"_blank\" \/><a target=\"_blank\" \/><\/p>\n<p><a target=\"_blank\" \/><a target=\"_blank\" \/><a target=\"_blank\" \/><a target=\"_blank\" \/><a target=\"_blank\"><em>H\u00f6ren Sie hier <img decoding=\"async\" border=\"0\" src=\"http:\/\/zeus.zeit.de\/bilder\/elemente\/tonicon_sw1_16x16.gif\" \/> <\/em><\/a><em><a class=\"textlink\" href=\"javascript:openme('http:\/\/apollo.zeit.de\/redirects\/cc.php?to=http:\/\/medien.zeit.de\/medialinks\/wollny-initiation.mov',400,200,'middle','wollny-initiation');\">\u201eInitiation\u201c<\/a><\/em><a target=\"_blank\" \/><\/p>\n<p><a target=\"_blank\" \/><a target=\"_blank\" \/><a target=\"_blank\" \/><a target=\"_blank\" \/><a target=\"_blank\" \/><a target=\"_blank\" \/><a target=\"_blank\" \/><a target=\"_blank\" \/><a target=\"_blank\" \/><a target=\"_blank\">&#8230;<\/a><\/p>\n<p><strong>Weitere Beitr\u00e4ge aus der Kategorie JAZZ<\/strong><br \/>\n<a href=\"https:\/\/blog.zeit.de\/tontraeger\/2007\/02\/16\/ziemlich-kuhl_304\">Gil Evans: \u201eThe Complete Pacific Jazz Sessions\u201c<\/a> (Blue Note 2006)<br \/>\n<a href=\"https:\/\/blog.zeit.de\/tontraeger\/2007\/01\/26\/keine-zeit-zu-verschwenden_288\">Sonny Rollins: \u201eSonny, Please\u201c<\/a> (Doxy 2007)<br \/>\n<a href=\"https:\/\/blog.zeit.de\/tontraeger\/2007\/01\/15\/unterwegs-mit-moni_280\">Schlippenbach Trio: \u201eWinterreise\u201c<\/a> (Psi Records 2006)<br \/>\n<a href=\"https:\/\/blog.zeit.de\/tontraeger\/2007\/01\/08\/feuer-unter-kalten-fusen_275\">Grant Green: \u201eLive At Club Mozambique\u201c<\/a> (Blue Note 2006)<br \/>\n<a href=\"https:\/\/blog.zeit.de\/tontraeger\/2006\/10\/27\/karaoke-ohne-fisch_210\">OOIOO: \u201eTaiga\u201c<\/a> (Thrill Jockey 2006)<\/p>\n<p>Alle Musikangebote von ZEIT online finden Sie unter <a target=\"_blank\" href=\"http:\/\/www.zeit.de\/musik\">www.zeit.de\/musik<\/a><\/div>\n","protected":false},"excerpt":{"rendered":"<p>Der Pianist Michael Wollny liebt Schauergeschichten. Seine erste Solo-CD &#8222;Hexentanz&#8220; klingt d\u00fcstern, spannend, entr\u00fcckt, ganz wie die Romane von Sir Arthur Conan Doyle Wenn man ihn in seiner Dachwohnung im Kreuzberger Chamisso-Kiez besucht, kommt man dem Titel seiner neuen CD Hexentanz schnell auf die Schliche. Auf dem Fl\u00fcgel liegt ein Adorno-Buch, an der Wand h\u00e4ngt [&hellip;]<\/p>\n","protected":false},"author":108,"featured_media":0,"comment_status":"open","ping_status":"open","sticky":false,"template":"","format":"standard","meta":{"_jetpack_memberships_contains_paid_content":false,"footnotes":""},"categories":[865],"tags":[],"class_list":["post-327","post","type-post","status-publish","format-standard","hentry","category-jazz"],"yoast_head":"<!-- This site is optimized with the Yoast SEO plugin v21.0 - https:\/\/yoast.com\/wordpress\/plugins\/seo\/ -->\n<title>Bj\u00f6rk und Dracula - Musikblog<\/title>\n<meta name=\"robots\" content=\"index, follow, max-snippet:-1, max-image-preview:large, max-video-preview:-1\" \/>\n<link rel=\"canonical\" href=\"https:\/\/blog.zeit.de\/tontraeger\/2007\/02\/28\/bjork-und-dracula_327\" \/>\n<meta property=\"og:locale\" content=\"de_DE\" \/>\n<meta property=\"og:type\" content=\"article\" \/>\n<meta property=\"og:title\" content=\"Bj\u00f6rk und Dracula - Musikblog\" \/>\n<meta property=\"og:description\" content=\"Der Pianist Michael Wollny liebt Schauergeschichten. Seine erste Solo-CD &#8222;Hexentanz&#8220; klingt d\u00fcstern, spannend, entr\u00fcckt, ganz wie die Romane von Sir Arthur Conan Doyle Wenn man ihn in seiner Dachwohnung im Kreuzberger Chamisso-Kiez besucht, kommt man dem Titel seiner neuen CD Hexentanz schnell auf die Schliche. Auf dem Fl\u00fcgel liegt ein Adorno-Buch, an der Wand h\u00e4ngt [&hellip;]\" \/>\n<meta property=\"og:url\" content=\"https:\/\/blog.zeit.de\/tontraeger\/2007\/02\/28\/bjork-und-dracula_327\" \/>\n<meta property=\"og:site_name\" content=\"Tontr\u00e4ger\" \/>\n<meta property=\"article:published_time\" content=\"2007-02-27T22:39:51+00:00\" \/>\n<meta property=\"og:image\" content=\"https:\/\/blog.zeit.de\/tontraeger\/files\/2007\/02\/wollny-hexentanz210.jpg\" \/>\n<meta name=\"author\" content=\"Christian Br\u00f6cking\" \/>\n<meta name=\"twitter:card\" content=\"summary_large_image\" \/>\n<meta name=\"twitter:creator\" content=\"@zeitonline\" \/>\n<meta name=\"twitter:site\" content=\"@zeitonline\" \/>\n<meta name=\"twitter:label1\" content=\"Geschrieben von\" \/>\n\t<meta name=\"twitter:data1\" content=\"Christian Br\u00f6cking\" \/>\n\t<meta name=\"twitter:label2\" content=\"Gesch\u00e4tzte Lesezeit\" \/>\n\t<meta name=\"twitter:data2\" content=\"2\u00a0Minuten\" \/>\n<script type=\"application\/ld+json\" class=\"yoast-schema-graph\">{\"@context\":\"https:\/\/schema.org\",\"@graph\":[{\"@type\":\"WebPage\",\"@id\":\"https:\/\/blog.zeit.de\/tontraeger\/2007\/02\/28\/bjork-und-dracula_327\",\"url\":\"https:\/\/blog.zeit.de\/tontraeger\/2007\/02\/28\/bjork-und-dracula_327\",\"name\":\"Bj\u00f6rk und Dracula - Musikblog\",\"isPartOf\":{\"@id\":\"https:\/\/blog.zeit.de\/tontraeger\/#website\"},\"datePublished\":\"2007-02-27T22:39:51+00:00\",\"dateModified\":\"2007-02-27T22:39:51+00:00\",\"author\":{\"@id\":\"https:\/\/blog.zeit.de\/tontraeger\/#\/schema\/person\/4b8ce94766e9eb95c9f613cca41ae0e3\"},\"breadcrumb\":{\"@id\":\"https:\/\/blog.zeit.de\/tontraeger\/2007\/02\/28\/bjork-und-dracula_327#breadcrumb\"},\"inLanguage\":\"de\",\"potentialAction\":[{\"@type\":\"ReadAction\",\"target\":[\"https:\/\/blog.zeit.de\/tontraeger\/2007\/02\/28\/bjork-und-dracula_327\"]}]},{\"@type\":\"BreadcrumbList\",\"@id\":\"https:\/\/blog.zeit.de\/tontraeger\/2007\/02\/28\/bjork-und-dracula_327#breadcrumb\",\"itemListElement\":[{\"@type\":\"ListItem\",\"position\":1,\"name\":\"Startseite\",\"item\":\"https:\/\/blog.zeit.de\/tontraeger\"},{\"@type\":\"ListItem\",\"position\":2,\"name\":\"Bj\u00f6rk und Dracula\"}]},{\"@type\":\"WebSite\",\"@id\":\"https:\/\/blog.zeit.de\/tontraeger\/#website\",\"url\":\"https:\/\/blog.zeit.de\/tontraeger\/\",\"name\":\"Tontr\u00e4ger\",\"description\":\"Zwischen Disko und Diskurs\",\"potentialAction\":[{\"@type\":\"SearchAction\",\"target\":{\"@type\":\"EntryPoint\",\"urlTemplate\":\"https:\/\/blog.zeit.de\/tontraeger\/?s={search_term_string}\"},\"query-input\":\"required name=search_term_string\"}],\"inLanguage\":\"de\"},{\"@type\":\"Person\",\"@id\":\"https:\/\/blog.zeit.de\/tontraeger\/#\/schema\/person\/4b8ce94766e9eb95c9f613cca41ae0e3\",\"name\":\"Christian Br\u00f6cking\",\"image\":{\"@type\":\"ImageObject\",\"inLanguage\":\"de\",\"@id\":\"https:\/\/blog.zeit.de\/tontraeger\/#\/schema\/person\/image\/\",\"url\":\"https:\/\/secure.gravatar.com\/avatar\/?s=96&d=mm&r=g\",\"contentUrl\":\"https:\/\/secure.gravatar.com\/avatar\/?s=96&d=mm&r=g\",\"caption\":\"Christian Br\u00f6cking\"},\"url\":\"https:\/\/blog.zeit.de\/tontraeger\/author\/christian-broecking\"}]}<\/script>\n<!-- \/ Yoast SEO plugin. -->","yoast_head_json":{"title":"Bj\u00f6rk und Dracula - Musikblog","robots":{"index":"index","follow":"follow","max-snippet":"max-snippet:-1","max-image-preview":"max-image-preview:large","max-video-preview":"max-video-preview:-1"},"canonical":"https:\/\/blog.zeit.de\/tontraeger\/2007\/02\/28\/bjork-und-dracula_327","og_locale":"de_DE","og_type":"article","og_title":"Bj\u00f6rk und Dracula - Musikblog","og_description":"Der Pianist Michael Wollny liebt Schauergeschichten. Seine erste Solo-CD &#8222;Hexentanz&#8220; klingt d\u00fcstern, spannend, entr\u00fcckt, ganz wie die Romane von Sir Arthur Conan Doyle Wenn man ihn in seiner Dachwohnung im Kreuzberger Chamisso-Kiez besucht, kommt man dem Titel seiner neuen CD Hexentanz schnell auf die Schliche. Auf dem Fl\u00fcgel liegt ein Adorno-Buch, an der Wand h\u00e4ngt [&hellip;]","og_url":"https:\/\/blog.zeit.de\/tontraeger\/2007\/02\/28\/bjork-und-dracula_327","og_site_name":"Tontr\u00e4ger","article_published_time":"2007-02-27T22:39:51+00:00","og_image":[{"url":"https:\/\/blog.zeit.de\/tontraeger\/files\/2007\/02\/wollny-hexentanz210.jpg"}],"author":"Christian Br\u00f6cking","twitter_card":"summary_large_image","twitter_creator":"@zeitonline","twitter_site":"@zeitonline","twitter_misc":{"Geschrieben von":"Christian Br\u00f6cking","Gesch\u00e4tzte Lesezeit":"2\u00a0Minuten"},"schema":{"@context":"https:\/\/schema.org","@graph":[{"@type":"WebPage","@id":"https:\/\/blog.zeit.de\/tontraeger\/2007\/02\/28\/bjork-und-dracula_327","url":"https:\/\/blog.zeit.de\/tontraeger\/2007\/02\/28\/bjork-und-dracula_327","name":"Bj\u00f6rk und Dracula - Musikblog","isPartOf":{"@id":"https:\/\/blog.zeit.de\/tontraeger\/#website"},"datePublished":"2007-02-27T22:39:51+00:00","dateModified":"2007-02-27T22:39:51+00:00","author":{"@id":"https:\/\/blog.zeit.de\/tontraeger\/#\/schema\/person\/4b8ce94766e9eb95c9f613cca41ae0e3"},"breadcrumb":{"@id":"https:\/\/blog.zeit.de\/tontraeger\/2007\/02\/28\/bjork-und-dracula_327#breadcrumb"},"inLanguage":"de","potentialAction":[{"@type":"ReadAction","target":["https:\/\/blog.zeit.de\/tontraeger\/2007\/02\/28\/bjork-und-dracula_327"]}]},{"@type":"BreadcrumbList","@id":"https:\/\/blog.zeit.de\/tontraeger\/2007\/02\/28\/bjork-und-dracula_327#breadcrumb","itemListElement":[{"@type":"ListItem","position":1,"name":"Startseite","item":"https:\/\/blog.zeit.de\/tontraeger"},{"@type":"ListItem","position":2,"name":"Bj\u00f6rk und Dracula"}]},{"@type":"WebSite","@id":"https:\/\/blog.zeit.de\/tontraeger\/#website","url":"https:\/\/blog.zeit.de\/tontraeger\/","name":"Tontr\u00e4ger","description":"Zwischen Disko und Diskurs","potentialAction":[{"@type":"SearchAction","target":{"@type":"EntryPoint","urlTemplate":"https:\/\/blog.zeit.de\/tontraeger\/?s={search_term_string}"},"query-input":"required name=search_term_string"}],"inLanguage":"de"},{"@type":"Person","@id":"https:\/\/blog.zeit.de\/tontraeger\/#\/schema\/person\/4b8ce94766e9eb95c9f613cca41ae0e3","name":"Christian Br\u00f6cking","image":{"@type":"ImageObject","inLanguage":"de","@id":"https:\/\/blog.zeit.de\/tontraeger\/#\/schema\/person\/image\/","url":"https:\/\/secure.gravatar.com\/avatar\/?s=96&d=mm&r=g","contentUrl":"https:\/\/secure.gravatar.com\/avatar\/?s=96&d=mm&r=g","caption":"Christian Br\u00f6cking"},"url":"https:\/\/blog.zeit.de\/tontraeger\/author\/christian-broecking"}]}},"jetpack_featured_media_url":"","jetpack_sharing_enabled":true,"_links":{"self":[{"href":"https:\/\/blog.zeit.de\/tontraeger\/wp-json\/wp\/v2\/posts\/327","targetHints":{"allow":["GET"]}}],"collection":[{"href":"https:\/\/blog.zeit.de\/tontraeger\/wp-json\/wp\/v2\/posts"}],"about":[{"href":"https:\/\/blog.zeit.de\/tontraeger\/wp-json\/wp\/v2\/types\/post"}],"author":[{"embeddable":true,"href":"https:\/\/blog.zeit.de\/tontraeger\/wp-json\/wp\/v2\/users\/108"}],"replies":[{"embeddable":true,"href":"https:\/\/blog.zeit.de\/tontraeger\/wp-json\/wp\/v2\/comments?post=327"}],"version-history":[{"count":0,"href":"https:\/\/blog.zeit.de\/tontraeger\/wp-json\/wp\/v2\/posts\/327\/revisions"}],"wp:attachment":[{"href":"https:\/\/blog.zeit.de\/tontraeger\/wp-json\/wp\/v2\/media?parent=327"}],"wp:term":[{"taxonomy":"category","embeddable":true,"href":"https:\/\/blog.zeit.de\/tontraeger\/wp-json\/wp\/v2\/categories?post=327"},{"taxonomy":"post_tag","embeddable":true,"href":"https:\/\/blog.zeit.de\/tontraeger\/wp-json\/wp\/v2\/tags?post=327"}],"curies":[{"name":"wp","href":"https:\/\/api.w.org\/{rel}","templated":true}]}}