{"id":3708,"date":"2009-10-07T16:36:09","date_gmt":"2009-10-07T14:36:09","guid":{"rendered":"http:\/\/blog.zeit.de\/tontraeger\/?p=3708"},"modified":"2009-10-09T09:38:53","modified_gmt":"2009-10-09T07:38:53","slug":"tai-chi-der-seele","status":"publish","type":"post","link":"https:\/\/blog.zeit.de\/tontraeger\/2009\/10\/07\/tai-chi-der-seele_3708","title":{"rendered":"Tai-Chi der Seele"},"content":{"rendered":"<p><strong><em>Moon Safari<\/em> war 1998 ihr gro\u00dfer Wurf. Danach kam wenig Aufregendes vom franz\u00f6sischen Duo Air. Nun erinnert ihr neues Album <em>Love 2<\/em> wieder an die guten alten Zeiten<\/strong><!--more--><\/p>\n<p><figure id=\"attachment_3725\" aria-describedby=\"caption-attachment-3725\" style=\"width: 210px\" class=\"wp-caption alignleft\"><img loading=\"lazy\" decoding=\"async\" src=\"https:\/\/blog.zeit.de\/tontraeger\/files\/2009\/10\/AIR-LOVE-2210.jpg\" alt=\"Unser Audioplayer wird derzeit \u00fcberarbeitet\" title=\"AIR - LOVE 2210\" width=\"210\" height=\"210\" class=\"size-full wp-image-3725\" srcset=\"https:\/\/blog.zeit.de\/tontraeger\/files\/2009\/10\/AIR-LOVE-2210.jpg 210w, https:\/\/blog.zeit.de\/tontraeger\/files\/2009\/10\/AIR-LOVE-2210-150x150.jpg 150w\" sizes=\"auto, (max-width: 210px) 100vw, 210px\" \/><figcaption id=\"caption-attachment-3725\" class=\"wp-caption-text\">Unser Audioplayer wird derzeit \u00fcberarbeitet<\/figcaption><\/figure><\/p>\n<p>Kaum zu glauben, dass es erst elf Jahre alt ist: <em>Moon Safari,<\/em> das Schl\u00fcsselalbum des gut gelaunten Synthie-Pops. Eine gef\u00fchlte Ewigkeit h\u00e4lt seine Wirkung auf die elektronische Gegenwart bereits an. Ebenso lang rackert sich das franz\u00f6sische Duo Air an einem Nachfolger ab. <\/p>\n<p>Mit wem haben Jean-Beno\u00eet Dunckel und Nicolas Godin nicht alles gearbeitet auf den sechs <a href=\"https:\/\/blog.zeit.de\/tontraeger\/2007\/03\/23\/luftlos_344\">Folgealben<\/a>: Fran\u00e7oise Hardy, Thomas Mars von Phoenix, selbst Beck. Doch nie kam er zur\u00fcck, dieser traumwandlerische Ursound, das unbeschwert M\u00e4andernde scheinbar zielloser Raumkl\u00e4nge. Bis jetzt. <em>Love 2<\/em> holt jene vertrackte Leichtigkeit zur\u00fcck in den French House, die ihm tanzw\u00fctige Epigonen von Justice bis Mylo ausgetrieben hatten.<\/p>\n<p>Vor ihnen bildeten Air eine Art Ruhepol des technoiden Mainstreams auf dem Weg ins neue Millennium. Nun tragen sie ein bisschen davon in dessen zweites Jahrzehnt. Zw\u00f6lf St\u00fccke voller Atari-Samples, Streicherteppiche und Rockelemente, jedes f\u00fcr sich eine kompositorische Wundert\u00fcte, die eigentlich zu kompliziert w\u00e4re zum fl\u00fcchtigen H\u00f6ren \u2013 und die uns zum fl\u00fcchtigen H\u00f6ren Verdammte doch sanft in den Sessel zieht, so gef\u00e4llig klingen all die Pianokaskaden, Gesangsrinnsale, Blockfl\u00f6tentropfen zu Moog und Vocoder\u2026 <\/p>\n<p><figure id=\"attachment_3726\" aria-describedby=\"caption-attachment-3726\" style=\"width: 540px\" class=\"wp-caption aligncenter\"><img loading=\"lazy\" decoding=\"async\" src=\"https:\/\/blog.zeit.de\/tontraeger\/files\/2009\/10\/air540blog.jpg\" alt=\"Nicolas Godin und Jean-Beno\u00eet Dunckel im Studio (\u00a9 EMI)\" title=\"air540blog\" width=\"540\" height=\"304\" class=\"size-full wp-image-3726\" srcset=\"https:\/\/blog.zeit.de\/tontraeger\/files\/2009\/10\/air540blog.jpg 540w, https:\/\/blog.zeit.de\/tontraeger\/files\/2009\/10\/air540blog-300x168.jpg 300w\" sizes=\"auto, (max-width: 540px) 100vw, 540px\" \/><figcaption id=\"caption-attachment-3726\" class=\"wp-caption-text\">Nicolas Godin und Jean-Beno\u00eet Dunckel im Studio (\u00a9 EMI)<\/figcaption><\/figure><\/p>\n<p>Wie zu den Glanzzeiten von Air enthebt <em>Love 2<\/em> den Text von jeder Verpflichtung zum Sinn und den Sound von aller Schwere. <em>You Can Tell It To Everybody<\/em> hei\u00dft das vorletzte St\u00fcck, und Dunckel singt davon, was da alles jedem erz\u00e4hlt werden soll, ohne je konkret zu werden: &#8222;<em>There is something going on between us<\/em>&#8222;.<\/p>\n<p>Tats\u00e4chlich, es geht was vor zwischen Air und ihrem Publikum, doch was da so fesselt, bleibt seltsam unerkl\u00e4rlich. Man sp\u00fcrt nur, dass die Knoten sanft genug gekn\u00fcpft sind, um ein Gef\u00fchl von Zwang gar nicht erst aufkommen zu lassen. Air wirken wie eine Physiotherapie, die den K\u00f6rper Wirbel f\u00fcr Wirbel lockert, oder aber wie ein Kampfsport, bei dem die K\u00e4mpfenden den Kampf vergessen haben \u2013 insgesamt mehr schwingendes Tai-Chi als das hektische Jiu-Jitsu elektronisch Artverwandter. <\/p>\n<p>Weil der Planet bald untergeht, &#8222;sollten wir uns m\u00f6glichst viel am\u00fcsieren&#8220;, erkl\u00e4rt Nicolas Godin das St\u00fcck <em>Do The Joy<\/em> und nennt die anregende Mixtur aus Hardrock, House und Captain Future-Sounds &#8222;unseren \u00d6ko-Song&#8220;. Nein, von Tiefgang kann man wirklich nicht sprechen. So angenehm aber war hei\u00dfe Luft selten.<\/p>\n<p>Love 2 <em>von <a href=\"http:\/\/en.aircheology.com\/\">Air<\/a> ist erschienen bei EMI.<\/em><code><\/code><\/p>\n<p><em>Diese Rezension unseres Autors ist erschienen im Musik-Spezial der ZEIT Nr. 42\/2009.<\/em><\/p>\n","protected":false},"excerpt":{"rendered":"<p>Moon Safari war 1998 ihr gro\u00dfer Wurf. Danach kam wenig Aufregendes vom franz\u00f6sischen Duo Air. Nun erinnert ihr neues Album Love 2 wieder an die guten alten Zeiten<\/p>\n","protected":false},"author":118,"featured_media":0,"comment_status":"open","ping_status":"closed","sticky":false,"template":"","format":"standard","meta":{"_jetpack_memberships_contains_paid_content":false,"footnotes":""},"categories":[869],"tags":[],"class_list":["post-3708","post","type-post","status-publish","format-standard","hentry","category-pop"],"yoast_head":"<!-- This site is optimized with the Yoast SEO plugin v21.0 - https:\/\/yoast.com\/wordpress\/plugins\/seo\/ -->\n<title>Tai-Chi der Seele - Musikblog<\/title>\n<meta name=\"robots\" content=\"index, follow, max-snippet:-1, max-image-preview:large, max-video-preview:-1\" \/>\n<link rel=\"canonical\" href=\"https:\/\/blog.zeit.de\/tontraeger\/2009\/10\/07\/tai-chi-der-seele_3708\" \/>\n<meta property=\"og:locale\" content=\"de_DE\" \/>\n<meta property=\"og:type\" content=\"article\" \/>\n<meta property=\"og:title\" content=\"Tai-Chi der Seele - Musikblog\" \/>\n<meta property=\"og:description\" content=\"Moon Safari war 1998 ihr gro\u00dfer Wurf. Danach kam wenig Aufregendes vom franz\u00f6sischen Duo Air. Nun erinnert ihr neues Album Love 2 wieder an die guten alten Zeiten\" \/>\n<meta property=\"og:url\" content=\"https:\/\/blog.zeit.de\/tontraeger\/2009\/10\/07\/tai-chi-der-seele_3708\" \/>\n<meta property=\"og:site_name\" content=\"Tontr\u00e4ger\" \/>\n<meta property=\"article:published_time\" content=\"2009-10-07T14:36:09+00:00\" \/>\n<meta property=\"article:modified_time\" content=\"2009-10-09T07:38:53+00:00\" \/>\n<meta property=\"og:image\" content=\"https:\/\/blog.zeit.de\/tontraeger\/files\/2009\/10\/AIR-LOVE-2210.jpg\" \/>\n<meta name=\"author\" content=\"Jan Freitag\" \/>\n<meta name=\"twitter:card\" content=\"summary_large_image\" \/>\n<meta name=\"twitter:creator\" content=\"@zeitonline\" \/>\n<meta name=\"twitter:site\" content=\"@zeitonline\" \/>\n<meta name=\"twitter:label1\" content=\"Geschrieben von\" \/>\n\t<meta name=\"twitter:data1\" content=\"Jan Freitag\" \/>\n\t<meta name=\"twitter:label2\" content=\"Gesch\u00e4tzte Lesezeit\" \/>\n\t<meta name=\"twitter:data2\" content=\"2\u00a0Minuten\" \/>\n<script type=\"application\/ld+json\" class=\"yoast-schema-graph\">{\"@context\":\"https:\/\/schema.org\",\"@graph\":[{\"@type\":\"WebPage\",\"@id\":\"https:\/\/blog.zeit.de\/tontraeger\/2009\/10\/07\/tai-chi-der-seele_3708\",\"url\":\"https:\/\/blog.zeit.de\/tontraeger\/2009\/10\/07\/tai-chi-der-seele_3708\",\"name\":\"Tai-Chi der Seele - Musikblog\",\"isPartOf\":{\"@id\":\"https:\/\/blog.zeit.de\/tontraeger\/#website\"},\"datePublished\":\"2009-10-07T14:36:09+00:00\",\"dateModified\":\"2009-10-09T07:38:53+00:00\",\"author\":{\"@id\":\"https:\/\/blog.zeit.de\/tontraeger\/#\/schema\/person\/c8ae38c87080d26cfcf3b6d9126637c1\"},\"breadcrumb\":{\"@id\":\"https:\/\/blog.zeit.de\/tontraeger\/2009\/10\/07\/tai-chi-der-seele_3708#breadcrumb\"},\"inLanguage\":\"de\",\"potentialAction\":[{\"@type\":\"ReadAction\",\"target\":[\"https:\/\/blog.zeit.de\/tontraeger\/2009\/10\/07\/tai-chi-der-seele_3708\"]}]},{\"@type\":\"BreadcrumbList\",\"@id\":\"https:\/\/blog.zeit.de\/tontraeger\/2009\/10\/07\/tai-chi-der-seele_3708#breadcrumb\",\"itemListElement\":[{\"@type\":\"ListItem\",\"position\":1,\"name\":\"Startseite\",\"item\":\"https:\/\/blog.zeit.de\/tontraeger\"},{\"@type\":\"ListItem\",\"position\":2,\"name\":\"Tai-Chi der Seele\"}]},{\"@type\":\"WebSite\",\"@id\":\"https:\/\/blog.zeit.de\/tontraeger\/#website\",\"url\":\"https:\/\/blog.zeit.de\/tontraeger\/\",\"name\":\"Tontr\u00e4ger\",\"description\":\"Zwischen Disko und Diskurs\",\"potentialAction\":[{\"@type\":\"SearchAction\",\"target\":{\"@type\":\"EntryPoint\",\"urlTemplate\":\"https:\/\/blog.zeit.de\/tontraeger\/?s={search_term_string}\"},\"query-input\":\"required name=search_term_string\"}],\"inLanguage\":\"de\"},{\"@type\":\"Person\",\"@id\":\"https:\/\/blog.zeit.de\/tontraeger\/#\/schema\/person\/c8ae38c87080d26cfcf3b6d9126637c1\",\"name\":\"Jan Freitag\",\"image\":{\"@type\":\"ImageObject\",\"inLanguage\":\"de\",\"@id\":\"https:\/\/blog.zeit.de\/tontraeger\/#\/schema\/person\/image\/\",\"url\":\"https:\/\/secure.gravatar.com\/avatar\/40eb562c55a5ee8def5c5e7a682c0582f7a017504454f7c2e24a052e01de36a2?s=96&d=mm&r=g\",\"contentUrl\":\"https:\/\/secure.gravatar.com\/avatar\/40eb562c55a5ee8def5c5e7a682c0582f7a017504454f7c2e24a052e01de36a2?s=96&d=mm&r=g\",\"caption\":\"Jan Freitag\"},\"url\":\"https:\/\/blog.zeit.de\/tontraeger\/author\/jan-freitag\"}]}<\/script>\n<!-- \/ Yoast SEO plugin. -->","yoast_head_json":{"title":"Tai-Chi der Seele - Musikblog","robots":{"index":"index","follow":"follow","max-snippet":"max-snippet:-1","max-image-preview":"max-image-preview:large","max-video-preview":"max-video-preview:-1"},"canonical":"https:\/\/blog.zeit.de\/tontraeger\/2009\/10\/07\/tai-chi-der-seele_3708","og_locale":"de_DE","og_type":"article","og_title":"Tai-Chi der Seele - Musikblog","og_description":"Moon Safari war 1998 ihr gro\u00dfer Wurf. Danach kam wenig Aufregendes vom franz\u00f6sischen Duo Air. Nun erinnert ihr neues Album Love 2 wieder an die guten alten Zeiten","og_url":"https:\/\/blog.zeit.de\/tontraeger\/2009\/10\/07\/tai-chi-der-seele_3708","og_site_name":"Tontr\u00e4ger","article_published_time":"2009-10-07T14:36:09+00:00","article_modified_time":"2009-10-09T07:38:53+00:00","og_image":[{"url":"https:\/\/blog.zeit.de\/tontraeger\/files\/2009\/10\/AIR-LOVE-2210.jpg"}],"author":"Jan Freitag","twitter_card":"summary_large_image","twitter_creator":"@zeitonline","twitter_site":"@zeitonline","twitter_misc":{"Geschrieben von":"Jan Freitag","Gesch\u00e4tzte Lesezeit":"2\u00a0Minuten"},"schema":{"@context":"https:\/\/schema.org","@graph":[{"@type":"WebPage","@id":"https:\/\/blog.zeit.de\/tontraeger\/2009\/10\/07\/tai-chi-der-seele_3708","url":"https:\/\/blog.zeit.de\/tontraeger\/2009\/10\/07\/tai-chi-der-seele_3708","name":"Tai-Chi der Seele - Musikblog","isPartOf":{"@id":"https:\/\/blog.zeit.de\/tontraeger\/#website"},"datePublished":"2009-10-07T14:36:09+00:00","dateModified":"2009-10-09T07:38:53+00:00","author":{"@id":"https:\/\/blog.zeit.de\/tontraeger\/#\/schema\/person\/c8ae38c87080d26cfcf3b6d9126637c1"},"breadcrumb":{"@id":"https:\/\/blog.zeit.de\/tontraeger\/2009\/10\/07\/tai-chi-der-seele_3708#breadcrumb"},"inLanguage":"de","potentialAction":[{"@type":"ReadAction","target":["https:\/\/blog.zeit.de\/tontraeger\/2009\/10\/07\/tai-chi-der-seele_3708"]}]},{"@type":"BreadcrumbList","@id":"https:\/\/blog.zeit.de\/tontraeger\/2009\/10\/07\/tai-chi-der-seele_3708#breadcrumb","itemListElement":[{"@type":"ListItem","position":1,"name":"Startseite","item":"https:\/\/blog.zeit.de\/tontraeger"},{"@type":"ListItem","position":2,"name":"Tai-Chi der Seele"}]},{"@type":"WebSite","@id":"https:\/\/blog.zeit.de\/tontraeger\/#website","url":"https:\/\/blog.zeit.de\/tontraeger\/","name":"Tontr\u00e4ger","description":"Zwischen Disko und Diskurs","potentialAction":[{"@type":"SearchAction","target":{"@type":"EntryPoint","urlTemplate":"https:\/\/blog.zeit.de\/tontraeger\/?s={search_term_string}"},"query-input":"required name=search_term_string"}],"inLanguage":"de"},{"@type":"Person","@id":"https:\/\/blog.zeit.de\/tontraeger\/#\/schema\/person\/c8ae38c87080d26cfcf3b6d9126637c1","name":"Jan Freitag","image":{"@type":"ImageObject","inLanguage":"de","@id":"https:\/\/blog.zeit.de\/tontraeger\/#\/schema\/person\/image\/","url":"https:\/\/secure.gravatar.com\/avatar\/40eb562c55a5ee8def5c5e7a682c0582f7a017504454f7c2e24a052e01de36a2?s=96&d=mm&r=g","contentUrl":"https:\/\/secure.gravatar.com\/avatar\/40eb562c55a5ee8def5c5e7a682c0582f7a017504454f7c2e24a052e01de36a2?s=96&d=mm&r=g","caption":"Jan Freitag"},"url":"https:\/\/blog.zeit.de\/tontraeger\/author\/jan-freitag"}]}},"jetpack_featured_media_url":"","jetpack_sharing_enabled":true,"_links":{"self":[{"href":"https:\/\/blog.zeit.de\/tontraeger\/wp-json\/wp\/v2\/posts\/3708","targetHints":{"allow":["GET"]}}],"collection":[{"href":"https:\/\/blog.zeit.de\/tontraeger\/wp-json\/wp\/v2\/posts"}],"about":[{"href":"https:\/\/blog.zeit.de\/tontraeger\/wp-json\/wp\/v2\/types\/post"}],"author":[{"embeddable":true,"href":"https:\/\/blog.zeit.de\/tontraeger\/wp-json\/wp\/v2\/users\/118"}],"replies":[{"embeddable":true,"href":"https:\/\/blog.zeit.de\/tontraeger\/wp-json\/wp\/v2\/comments?post=3708"}],"version-history":[{"count":0,"href":"https:\/\/blog.zeit.de\/tontraeger\/wp-json\/wp\/v2\/posts\/3708\/revisions"}],"wp:attachment":[{"href":"https:\/\/blog.zeit.de\/tontraeger\/wp-json\/wp\/v2\/media?parent=3708"}],"wp:term":[{"taxonomy":"category","embeddable":true,"href":"https:\/\/blog.zeit.de\/tontraeger\/wp-json\/wp\/v2\/categories?post=3708"},{"taxonomy":"post_tag","embeddable":true,"href":"https:\/\/blog.zeit.de\/tontraeger\/wp-json\/wp\/v2\/tags?post=3708"}],"curies":[{"name":"wp","href":"https:\/\/api.w.org\/{rel}","templated":true}]}}